{"id":2096438,"date":"2026-08-16T19:07:26","date_gmt":"2026-08-16T16:07:26","guid":{"rendered":"https:\/\/analyse.optim.biz\/?p=2096438"},"modified":"2026-08-16T19:07:26","modified_gmt":"2026-08-16T16:07:26","slug":"video-doi-membri-ai-aceleiasi-familii-retinuti-intr-un-dosar-de-trafic-de-droguri-perchezitii-la-zorleni-si-horga","status":"publish","type":"post","link":"https:\/\/analyse.optim.biz\/?p=2096438","title":{"rendered":"(VIDEO) Doi membri ai aceleia\u0219i familii, re\u021binu\u021bi \u00eentr-un dosar de trafic de droguri. Perchezi\u021bii la Zorleni \u0219i Horga"},"content":{"rendered":"<p>[analyse_image type=&#8221;featured&#8221; src=&#8221;https:\/\/www.ziarulobiectiv.ro\/wp-content\/uploads\/2023\/08\/traficant-droguri-arest-mascati_result.jpg&#8221;]<\/p>\n<div class=\"td-post-content td-pb-padding-side\">\n<div class=\"td-post-featured-image\"><a href=\"https:\/\/www.ziarulobiectiv.ro\/wp-content\/uploads\/2023\/08\/traficant-droguri-arest-mascati_result.jpg\" data-caption><img loading=\"lazy\" decoding=\"async\" width=\"640\" height=\"480\" class=\"entry-thumb td-modal-image\" src=\"https:\/\/sp-ao.shortpixel.ai\/client\/to_webp,q_glossy,ret_img,w_640,h_480\/https:\/\/www.ziarulobiectiv.ro\/wp-content\/uploads\/2023\/08\/traficant-droguri-arest-mascati_result-640x480.jpg\" alt title=\"traficant-droguri-arest-mascati_result\"><\/a><\/div>\n<p class=\"isSelectedEnd\">Dou\u0103 persoane, membre ale aceleia\u0219i familii, au fost re\u021binute \u00eentr-un dosar de trafic de droguri de risc \u0219i mare risc, dup\u0103 o anchet\u0103 derulat\u0103 de poli\u021bi\u0219tii de combatere a criminalit\u0103\u021bii organizate din Ia\u0219i \u0219i Vaslui, \u00eempreun\u0103 cu procurorii DIICOT \u2013 Serviciul Teritorial Ia\u0219i. \u00cen cadrul anchetei au fost efectuate \u0219ase perchezi\u021bii \u00een localit\u0103\u021bile Zorleni \u0219i Horga, fiind ridicate bani \u0219i alte mijloace de prob\u0103.<\/p>\n<div><a href=\"https:\/\/news.google.com\/publications\/CAAqLQgKIidDQklTRndnTWFoTUtFWHBwWVhKMWJHOWlhV1ZqZEdsMkxuSnZLQUFQAQ?hl=ro&amp;gl=RO&amp;ceid=RO%3Aro\" target=\"_blank\" rel=\"noopener noreferrer\"><br \/>\n        \u2b50 Urm\u0103re\u0219te Ziarul Obiectiv pe Google News<br \/>\n    <\/a><\/div>\n<p class=\"isSelectedEnd\">Potrivit anchetatorilor, \u00een perioada martie \u2013 august 2026, una dintre persoanele cercetate, \u00een v\u00e2rst\u0103 de 34 de ani, ar fi procurat canabis \u0219i cocain\u0103, pe care le-ar fi comercializat prin intermediul celeilalte persoane, de 32 de ani. Sumele \u00eencasate pentru o tranzac\u021bie ar fi fost cuprinse \u00eentre 300 \u0219i 3.000 de lei.<\/p>\n<div class=\"youtube-embed\" data-video_id>\n<div class=\"lyte-wrapper\" title=\"Doi membri ai aceleia\u0219i familii, re\u021binu\u021bi \u00eentr un dosar de trafic de droguri Perchezi\u021bii la Zorleni\">\n<div class=\"lyMe qsa_&amp;enablejsapi=1&amp;origin=https:\/\/www.ziarulobiectiv.ro\" id=\"WYL_Tyw_Ui-oIfw\">\n<div><\/div>\n<div id=\"lyte_Tyw_Ui-oIfw\" data-src=\"https:\/\/i.ytimg.com\/vi\/Tyw_Ui-oIfw\/hqdefault.jpg\" class=\"pL\">\n<div class=\"tC\">\n<div class=\"tT\">Doi membri ai aceleia\u0219i familii, re\u021binu\u021bi \u00eentr un dosar de trafic de droguri Perchezi\u021bii la Zorleni<\/div>\n<\/div>\n<\/div>\n<p><a href=\"https:\/\/youtu.be\/Tyw_Ui-oIfw\" rel=\"nofollow\"><img loading=\"lazy\" decoding=\"async\" src=\"https:\/\/i.ytimg.com\/vi\/Tyw_Ui-oIfw\/0.jpg\" alt=\"Doi membri ai aceleia\u0219i familii, re\u021binu\u021bi \u00eentr un dosar de trafic de droguri Perchezi\u021bii la Zorleni\" width=\"640\" height=\"340\"><br \/>Uita-te la acest video de pe YouTube<\/a><\/div>\n<\/div>\n<\/div>\n<p class=\"isSelectedEnd\">\u00cen aceea\u0219i perioad\u0103, cele dou\u0103 persoane ar fi oferit \u0219i gratuit canabis, sub forma unor \u021bigarete confec\u021bionate artizanal.<\/p>\n<p class=\"isSelectedEnd\">Pe parcursul urm\u0103ririi penale, poli\u021bi\u0219tii \u0219i procurorii au indisponibilizat aproximativ 370 de grame de canabis, precum \u0219i o cantitate de cocain\u0103.<\/p>\n<p class=\"isSelectedEnd\">La 13 august, procurorii DIICOT \u2013 Serviciul Teritorial Ia\u0219i au dispus re\u021binerea celor dou\u0103 persoane. Ulterior, judec\u0103torul de drepturi \u0219i libert\u0103\u021bi din cadrul Tribunalului Ia\u0219i a fost sesizat cu propunerea de arestare preventiv\u0103 a acestora pentru 30 de zile.<\/p>\n<p>Ac\u021biunea a fost desf\u0103\u0219urat\u0103 de poli\u021bi\u0219tii Brig\u0103zii de Combatere a Criminalit\u0103\u021bii Organizate Ia\u0219i \u0219i ai Serviciului de Combatere a Criminalit\u0103\u021bii Organizate Vaslui, \u00eempreun\u0103 cu procurorii DIICOT Ia\u0219i, cu sprijinul poli\u021bi\u0219tilor Inspectoratului de Poli\u021bie Jude\u021bean Vaslui \u0219i al jandarmilor Inspectoratului de Jandarmi Jude\u021bean Vaslui.<\/p>\n<\/div>\n<p>[analyse_source url=&#8221;https:\/\/www.ziarulobiectiv.ro\/video-doi-membri-ai-aceleiasi-familii-retinuti-intr-un-dosar-de-trafic-de-droguri-perchezitii-la-zorleni-si-horga\/#new_tab&#8221;]<\/p>\n","protected":false},"excerpt":{"rendered":"<p>[analyse_image type=&#8221;featured&#8221; src=&#8221;https:\/\/www.ziarulobiectiv.ro\/wp-content\/uploads\/2023\/08\/traficant-droguri-arest-mascati_result.jpg&#8221;] Dou\u0103 persoane, membre ale aceleia\u0219i familii, au fost re\u021binute \u00eentr-un dosar de trafic de droguri de risc \u0219i mare risc, dup\u0103 o anchet\u0103 derulat\u0103 de poli\u021bi\u0219tii de combatere a criminalit\u0103\u021bii organizate din Ia\u0219i \u0219i Vaslui, \u00eempreun\u0103 cu procurorii DIICOT \u2013 Serviciul Teritorial Ia\u0219i. \u00cen cadrul anchetei au fost efectuate \u0219ase perchezi\u021bii \u00een [&hellip;]<\/p>\n","protected":false},"author":1,"featured_media":0,"comment_status":"open","ping_status":"","sticky":false,"template":"","format":"standard","meta":{"footnotes":""},"categories":[89],"tags":[226,217],"class_list":["post-2096438","post","type-post","status-publish","format-standard","hentry","category-romania","tag-crawlmanager","tag-vaslui-robo-stiri-ro"],"_links":{"self":[{"href":"https:\/\/analyse.optim.biz\/index.php?rest_route=\/wp\/v2\/posts\/2096438","targetHints":{"allow":["GET"]}}],"collection":[{"href":"https:\/\/analyse.optim.biz\/index.php?rest_route=\/wp\/v2\/posts"}],"about":[{"href":"https:\/\/analyse.optim.biz\/index.php?rest_route=\/wp\/v2\/types\/post"}],"author":[{"embeddable":true,"href":"https:\/\/analyse.optim.biz\/index.php?rest_route=\/wp\/v2\/users\/1"}],"replies":[{"embeddable":true,"href":"https:\/\/analyse.optim.biz\/index.php?rest_route=%2Fwp%2Fv2%2Fcomments&post=2096438"}],"version-history":[{"count":0,"href":"https:\/\/analyse.optim.biz\/index.php?rest_route=\/wp\/v2\/posts\/2096438\/revisions"}],"wp:attachment":[{"href":"https:\/\/analyse.optim.biz\/index.php?rest_route=%2Fwp%2Fv2%2Fmedia&parent=2096438"}],"wp:term":[{"taxonomy":"category","embeddable":true,"href":"https:\/\/analyse.optim.biz\/index.php?rest_route=%2Fwp%2Fv2%2Fcategories&post=2096438"},{"taxonomy":"post_tag","embeddable":true,"href":"https:\/\/analyse.optim.biz\/index.php?rest_route=%2Fwp%2Fv2%2Ftags&post=2096438"}],"curies":[{"name":"wp","href":"https:\/\/api.w.org\/{rel}","templated":true}]}}