{"id":2096430,"date":"2026-08-09T11:50:04","date_gmt":"2026-08-09T08:50:04","guid":{"rendered":"https:\/\/analyse.optim.biz\/?p=2096430"},"modified":"2026-08-09T11:50:04","modified_gmt":"2026-08-09T08:50:04","slug":"curtea-de-arbitraj-pentru-sport-cas-a-pronuntat-hotararea-in-cauza-wada-v-anad-matei-cosmin-gabriel","status":"publish","type":"post","link":"https:\/\/analyse.optim.biz\/?p=2096430","title":{"rendered":"Curtea de Arbitraj pentru Sport (CAS) a pronun\u021bat hot\u0103r\u00e2rea \u00een cauza WADA v. ANAD &amp; Matei Cosmin Gabriel"},"content":{"rendered":"<p>[analyse_image type=&#8221;featured&#8221; src=&#8221;https:\/\/infotulcea.ro\/wp-content\/uploads\/2026\/08\/arbitri.pnghttps:\/\/infotulcea.ro\/wp-content\/uploads\/2026\/08\/arbitri.png&#8221;]<\/p>\n<div id=\"content\" class=\"site-content container\">\n<div id=\"main-content-row\" class=\"tie-row main-content-row\">\n<div class=\"main-content tie-col-md-8 tie-col-xs-12\" role=\"main\">\n<article id=\"the-post\" class=\"container-wrapper post-content tie-standard\">\n<header class=\"entry-header-outer\">\n<nav id=\"breadcrumb\"><a href=\"https:\/\/infotulcea.ro\/\"> Home<\/a><em class=\"delimiter\">\/<\/em><a href=\"https:\/\/infotulcea.ro\/categorie\/fotbal\/\">Fotbal<\/a><em class=\"delimiter\">\/<\/em><span class=\"current\">Curtea de Arbitraj pentru Sport (CAS) a pronun\u021bat hot\u0103r\u00e2rea \u00een cauza WADA v. ANAD &amp; Matei Cosmin Gabriel<\/span><\/nav>\n<div class=\"entry-header\"><span class=\"post-cat-wrap\"><a class=\"post-cat tie-cat-50\" href=\"https:\/\/infotulcea.ro\/categorie\/fotbal\/\">Fotbal<\/a><\/span><\/p>\n<h1 class=\"post-title entry-title\">\n\t\t\tCurtea de Arbitraj pentru Sport (CAS) a pronun\u021bat hot\u0103r\u00e2rea \u00een cauza WADA v. ANAD &amp; Matei Cosmin Gabriel\t\t<\/h1>\n<div class=\"single-post-meta post-meta clearfix\"><span class=\"author-meta single-author no-avatars\"><span class=\"meta-item meta-author-wrapper meta-author-9\"><span class=\"meta-author\"><a href=\"https:\/\/infotulcea.ro\/author\/redactia-2\/\" class=\"author-name tie-icon\" title=\"Redactia\">Redactia<\/a><\/span><\/span><\/span><span class=\"date meta-item tie-icon\">9 august 2026<\/span><\/p>\n<div class=\"tie-alignright\"><span class=\"meta-comment tie-icon meta-item fa-before\">0<\/span><span class=\"meta-views meta-item \"> 227 <\/span><span class=\"meta-reading-time meta-item\"> 1 minute read<\/span><\/div>\n<\/div>\n<\/div>\n<\/header>\n<div class=\"entry-content entry clearfix\">\n<p><strong>Agen\u021bia Na\u021bional\u0103 Anti-Doping (ANAD) informeaz\u0103 c\u0103, la data de 7 august 2026,<\/strong><br \/><strong>Curtea de Arbitraj pentru Sport (CAS) a pronun\u021bat hot\u0103r\u00e2rea \u00een cauza CAS<\/strong><br \/><strong>2025\/A\/11542 \u2013 World Anti-Doping Agency (WADA) v. Romanian National Anti-Doping<\/strong><br \/><strong>Agency &amp; Matei Cosmin Gabriel, solu\u021bion\u00e2nd apelul formulat de Agen\u021bia Mondial\u0103<\/strong><br \/><strong>Anti-Doping (WADA) \u00eempotriva deciziei Comisiei de apel de pe l\u00e2ng\u0103 Secretariatul<\/strong><br \/><strong>General al Guvernului.<\/strong><\/p>\n<p>Prin hot\u0103r\u00e2rea pronun\u021bat\u0103, CAS a admis \u00een parte apelul formulat de WADA, a anulat<img loading=\"lazy\" decoding=\"async\" class=\"wp-image-40330 alignright lazyload\" src=\"https:\/\/infotulcea.ro\/wp-content\/uploads\/2026\/08\/arbitri-500x333.png\" alt width=\"455\" height=\"303\"><\/p>\n<p><img loading=\"lazy\" decoding=\"async\" class=\" wp-image-40330 alignright\" src=\"https:\/\/infotulcea.ro\/wp-content\/uploads\/2026\/08\/arbitri-500x333.png\" alt width=\"455\" height=\"303\"><br \/>\ndecizia Comisiei de apel \u0219i a sanc\u021bionat sportivul Matei Cosmin Gabriel cu o perioad\u0103<br \/>\nde suspendare de 9 luni \u00eencep\u00e2nd cu data hot\u0103r\u00e2rii. Totodat\u0103, instan\u021ba arbitral\u0103 a<br \/>\ndispus descalificarea rezultatelor individuale ob\u021binute de sportiv \u00een competi\u021bia din 4<br \/>\nfebruarie 2024, cu toate consecin\u021bele prev\u0103zute de reglement\u0103rile anti-doping.<\/p>\n<p>ANAD va asigura punerea \u00een executare a hot\u0103r\u00e2rii CAS, \u00een conformitate cu prevederile<br \/>\nCodului Mondial Anti-Doping \u0219i ale Legii nr. 310\/2021 privind prevenirea \u0219i<br \/>\ncombaterea dopajului \u00een sport.<\/p>\n<p>Hot\u0103r\u00e2rea integral\u0103 a Cur\u021bii de Arbitraj pentru Sport, precum \u0219i informa\u021bii<br \/>\nsuplimentare privind solu\u021bia pronun\u021bat\u0103, vor fi f\u0103cute publice dup\u0103 expirarea<br \/>\ntermenului prev\u0103zut de articolul R59 din Codul de arbitraj \u00een materie de sport, \u00een<br \/>\ncare p\u0103r\u021bile pot solicita, \u00een mod motivat, redactarea unor informa\u021bii confiden\u021biale<br \/>\ndin cuprinsul hot\u0103r\u00e2rii.<\/p>\n<\/div>\n<div id=\"post-extra-info\">\n<div class=\"theiaStickySidebar\">\n<div class=\"single-post-meta post-meta clearfix\"><span class=\"author-meta single-author no-avatars\"><span class=\"meta-item meta-author-wrapper meta-author-9\"><span class=\"meta-author\"><a href=\"https:\/\/infotulcea.ro\/author\/redactia-2\/\" class=\"author-name tie-icon\" title=\"Redactia\">Redactia<\/a><\/span><\/span><\/span><span class=\"date meta-item tie-icon\">9 august 2026<\/span><\/p>\n<div class=\"tie-alignright\"><span class=\"meta-comment tie-icon meta-item fa-before\">0<\/span><span class=\"meta-views meta-item \"> 227 <\/span><span class=\"meta-reading-time meta-item\"> 1 minute read<\/span><\/div>\n<\/div>\n<\/div>\n<\/div>\n<div id=\"share-buttons-bottom\" class=\"share-buttons share-buttons-bottom\">\n<div class=\"share-links  icons-only\">\n<div class=\"share-title\"><span> Share<\/span><\/div>\n<p><a href=\"https:\/\/www.facebook.com\/sharer.php?u=https:\/\/infotulcea.ro\/curtea-de-arbitraj-pentru-sport-cas-a-pronuntat-hotararea-in-cauza-wada-v-anad-matei-cosmin-gabriel\/\" rel=\"external noopener nofollow\" title=\"Facebook\" target=\"_blank\" class=\"facebook-share-btn \" data-raw=\"https:\/\/www.facebook.com\/sharer.php?u={post_link}\"><span class=\"screen-reader-text\">Facebook<\/span><\/a><a href=\"https:\/\/twitter.com\/intent\/tweet?text=Curtea%20de%20Arbitraj%20pentru%20Sport%20%28CAS%29%20a%20pronun%C8%9Bat%20hot%C4%83r%C3%A2rea%20%C3%AEn%20cauza%20WADA%20v.%20ANAD%20%26%20Matei%20Cosmin%20Gabriel&amp;url=https:\/\/infotulcea.ro\/curtea-de-arbitraj-pentru-sport-cas-a-pronuntat-hotararea-in-cauza-wada-v-anad-matei-cosmin-gabriel\/\" rel=\"external noopener nofollow\" title=\"X\" target=\"_blank\" class=\"twitter-share-btn \" data-raw=\"https:\/\/twitter.com\/intent\/tweet?text={post_title}&amp;url={post_link}\"><span class=\"screen-reader-text\">X<\/span><\/a><a href=\"https:\/\/api.whatsapp.com\/send?text=Curtea%20de%20Arbitraj%20pentru%20Sport%20%28CAS%29%20a%20pronun%C8%9Bat%20hot%C4%83r%C3%A2rea%20%C3%AEn%20cauza%20WADA%20v.%20ANAD%20%26%20Matei%20Cosmin%20Gabriel%20https:\/\/infotulcea.ro\/curtea-de-arbitraj-pentru-sport-cas-a-pronuntat-hotararea-in-cauza-wada-v-anad-matei-cosmin-gabriel\/\" rel=\"external noopener nofollow\" title=\"WhatsApp\" target=\"_blank\" class=\"whatsapp-share-btn \" data-raw=\"https:\/\/api.whatsapp.com\/send?text={post_title}%20{post_link}\"><span class=\"screen-reader-text\">WhatsApp<\/span><\/a><a href=\"https:\/\/telegram.me\/share\/url?url=https:\/\/infotulcea.ro\/curtea-de-arbitraj-pentru-sport-cas-a-pronuntat-hotararea-in-cauza-wada-v-anad-matei-cosmin-gabriel\/&amp;text=Curtea%20de%20Arbitraj%20pentru%20Sport%20%28CAS%29%20a%20pronun%C8%9Bat%20hot%C4%83r%C3%A2rea%20%C3%AEn%20cauza%20WADA%20v.%20ANAD%20%26%20Matei%20Cosmin%20Gabriel\" rel=\"external noopener nofollow\" title=\"Telegram\" target=\"_blank\" class=\"telegram-share-btn \" data-raw=\"https:\/\/telegram.me\/share\/url?url={post_link}&amp;text={post_title}\"><span class=\"screen-reader-text\">Telegram<\/span><\/a><a href=\"mailto:?subject=Curtea%20de%20Arbitraj%20pentru%20Sport%20%28CAS%29%20a%20pronun%C8%9Bat%20hot%C4%83r%C3%A2rea%20%C3%AEn%20cauza%20WADA%20v.%20ANAD%20%26%20Matei%20Cosmin%20Gabriel&amp;body=https:\/\/infotulcea.ro\/curtea-de-arbitraj-pentru-sport-cas-a-pronuntat-hotararea-in-cauza-wada-v-anad-matei-cosmin-gabriel\/\" rel=\"external noopener nofollow\" title=\"Share via Email\" target=\"_blank\" class=\"email-share-btn \" data-raw=\"mailto:?subject={post_title}&amp;body={post_link}\"><span class=\"screen-reader-text\">Share via Email<\/span><\/a><a href=\"https:\/\/infotulcea.ro\/curtea-de-arbitraj-pentru-sport-cas-a-pronuntat-hotararea-in-cauza-wada-v-anad-matei-cosmin-gabriel\/\" rel=\"external noopener nofollow\" title=\"Print\" target=\"_blank\" class=\"print-share-btn \" data-raw=\"#\"><span class=\"screen-reader-text\">Print<\/span><\/a><\/div>\n<\/div>\n<\/article>\n<div class=\"post-components\">\n<div id=\"related-posts\" class=\"container-wrapper has-extra-post\">\n<div class=\"mag-box-title the-global-title\">\n<h3>Related Articles<\/h3>\n<\/div>\n<div class=\"related-posts-list\">\n<div class=\"related-item tie-standard\"><a aria-label=\"Finala Cupei Rom\u00e2niei se joac\u0103 tot la Tulcea \u0219i tot \u00eentre Baia \u0219i Sarichioi!\" href=\"https:\/\/infotulcea.ro\/finala-cupei-romaniei-se-joaca-tot-la-tulcea-si-tot-intre-baia-si-sarichioi\/\" class=\"post-thumb\"><source sizes=\"(max-width: 390px) 100vw, 390px\" type=\"image\/webp\" data-srcset=\"https:\/\/infotulcea.ro\/wp-content\/uploads\/2023\/06\/baia-sarichioi-390x220.jpg.webp 390w, https:\/\/infotulcea.ro\/wp-content\/uploads\/2023\/06\/baia-sarichioi-300x169.jpg.webp 300w, https:\/\/infotulcea.ro\/wp-content\/uploads\/2023\/06\/baia-sarichioi-1024x576.jpg.webp 1024w, https:\/\/infotulcea.ro\/wp-content\/uploads\/2023\/06\/baia-sarichioi-768x432.jpg.webp 768w, https:\/\/infotulcea.ro\/wp-content\/uploads\/2023\/06\/baia-sarichioi.jpg.webp 1080w\" \/><img loading=\"lazy\" decoding=\"async\" width=\"390\" height=\"220\" src=\"https:\/\/infotulcea.ro\/wp-content\/uploads\/2023\/06\/baia-sarichioi-390x220.jpg\" class=\"attachment-jannah-image-large size-jannah-image-large wp-post-image\" alt><\/a><\/p>\n<h3 class=\"post-title\"><a href=\"https:\/\/infotulcea.ro\/finala-cupei-romaniei-se-joaca-tot-la-tulcea-si-tot-intre-baia-si-sarichioi\/\">Finala Cupei Rom\u00e2niei se joac\u0103 tot la Tulcea \u0219i tot \u00eentre Baia \u0219i Sarichioi!<\/a><\/h3>\n<div class=\"post-meta clearfix\"><span class=\"date meta-item tie-icon\">26 iunie 2023<\/span><\/div>\n<\/div>\n<div class=\"related-item tie-standard\"><a aria-label=\"Conducerea FRF la inaugurarea festiv\u0103 a Stadionului din Baia!\" href=\"https:\/\/infotulcea.ro\/conducerea-frf-la-inaugurarea-festiva-a-stadionului-din-baia\/\" class=\"post-thumb\"><source type=\"image\/webp\" data-srcset=\"https:\/\/infotulcea.ro\/wp-content\/uploads\/2023\/10\/IMG_20231021_150243-390x220.jpg.webp\" \/><img loading=\"lazy\" decoding=\"async\" width=\"390\" height=\"220\" src=\"https:\/\/infotulcea.ro\/wp-content\/uploads\/2023\/10\/IMG_20231021_150243-390x220.jpg\" class=\"attachment-jannah-image-large size-jannah-image-large wp-post-image\" alt><\/a><\/p>\n<h3 class=\"post-title\"><a href=\"https:\/\/infotulcea.ro\/conducerea-frf-la-inaugurarea-festiva-a-stadionului-din-baia\/\">Conducerea FRF la inaugurarea festiv\u0103 a Stadionului din Baia!<\/a><\/h3>\n<div class=\"post-meta clearfix\"><span class=\"date meta-item tie-icon\">21 octombrie 2023<\/span><\/div>\n<\/div>\n<div class=\"related-item tie-standard\"><a aria-label=\"Stadionul Delta va purta de azi \u0219i numele fostului fotbalist Gheorghe Iamandi\" href=\"https:\/\/infotulcea.ro\/stadionul-delta-va-purta-de-azi-si-numele-fostului-fotbalist-gheorghe-iamandi\/\" class=\"post-thumb\"><source type=\"image\/webp\" data-srcset=\"https:\/\/infotulcea.ro\/wp-content\/uploads\/2024\/02\/stadionul-delta-iamandi-390x220.jpg.webp\" \/><img loading=\"lazy\" decoding=\"async\" width=\"390\" height=\"220\" src=\"https:\/\/infotulcea.ro\/wp-content\/uploads\/2024\/02\/stadionul-delta-iamandi-390x220.jpg\" class=\"attachment-jannah-image-large size-jannah-image-large wp-post-image\" alt><\/a><\/p>\n<h3 class=\"post-title\"><a href=\"https:\/\/infotulcea.ro\/stadionul-delta-va-purta-de-azi-si-numele-fostului-fotbalist-gheorghe-iamandi\/\">Stadionul Delta va purta de azi \u0219i numele fostului fotbalist Gheorghe Iamandi<\/a><\/h3>\n<div class=\"post-meta clearfix\"><span class=\"date meta-item tie-icon\">28 februarie 2024<\/span><\/div>\n<\/div>\n<div class=\"related-item tie-standard\"><a aria-label=\"Livetext:  FC Delta Tulcea d\u0103 examen la \u0218coala de Fotbal O\u021belul Gala\u021bi\" href=\"https:\/\/infotulcea.ro\/livetext-fc-delta-tulcea-da-examen-la-scoala-de-fotbal-otelul-galati\/\" class=\"post-thumb\"><source type=\"image\/webp\" data-srcset=\"https:\/\/infotulcea.ro\/wp-content\/uploads\/2023\/10\/IMG-20231007-WA0025-390x220.jpg.webp\" \/><img loading=\"lazy\" decoding=\"async\" width=\"390\" height=\"220\" src=\"https:\/\/infotulcea.ro\/wp-content\/uploads\/2023\/10\/IMG-20231007-WA0025-390x220.jpg\" class=\"attachment-jannah-image-large size-jannah-image-large wp-post-image\" alt><\/a><\/p>\n<h3 class=\"post-title\"><a href=\"https:\/\/infotulcea.ro\/livetext-fc-delta-tulcea-da-examen-la-scoala-de-fotbal-otelul-galati\/\">Livetext:  FC Delta Tulcea d\u0103 examen la \u0218coala de Fotbal O\u021belul Gala\u021bi<\/a><\/h3>\n<div class=\"post-meta clearfix\"><span class=\"date meta-item tie-icon\">7 octombrie 2023<\/span><\/div>\n<\/div>\n<\/div>\n<\/div>\n<div id=\"comments\" class=\"comments-area\">\n<div id=\"add-comment-block\" class=\"container-wrapper\">\n<div id=\"respond\" class=\"comment-respond\">\n<h3 id=\"reply-title\" class=\"comment-reply-title the-global-title\">Las\u0103 un r\u0103spuns <small><a rel=\"nofollow\" id=\"cancel-comment-reply-link\" href=\"https:\/\/infotulcea.ro\/curtea-de-arbitraj-pentru-sport-cas-a-pronuntat-hotararea-in-cauza-wada-v-anad-matei-cosmin-gabriel\/#respond\">Anuleaz\u0103 r\u0103spunsul<\/a><\/small><\/h3>\n<p class=\"comment-notes\"><span id=\"email-notes\">Adresa ta de email nu va fi publicat\u0103.<\/span><span class=\"required-field-message\">C\u00e2mpurile obligatorii sunt marcate cu <span class=\"required\">*<\/span><\/span><\/p>\n<\/div>\n<\/div>\n<\/div>\n<\/div>\n<\/div>\n<div id=\"check-also-box\" class=\"container-wrapper check-also-right\">\n<div class=\"widget-title the-global-title\">\n<div class=\"the-subtitle\">Check Also<\/div>\n<p><a href=\"https:\/\/infotulcea.ro\/curtea-de-arbitraj-pentru-sport-cas-a-pronuntat-hotararea-in-cauza-wada-v-anad-matei-cosmin-gabriel\/\" id=\"check-also-close\" class=\"remove\"><span class=\"screen-reader-text\">Close<\/span><\/a><\/div>\n<div class=\"widget posts-list-big-first has-first-big-post\">\n<ul class=\"posts-list-items\">\n<li class=\"widget-single-post-item widget-post-list tie-standard\">\n<div class=\"post-widget-thumbnail\"><a aria-label=\"Livetext Campionatul na\u021bional de fotbal juniori:  FC Bac\u0103u \u2013 FC Delta Tulcea\" href=\"https:\/\/infotulcea.ro\/livetext-campionatul-national-de-fotbal-juniori-fc-bacau-fc-delta-tulcea\/\" class=\"post-thumb\"><span class=\"post-cat-wrap\"><span class=\"post-cat tie-cat-50\">Fotbal<\/span><\/span><source type=\"image\/webp\" data-srcset=\"https:\/\/infotulcea.ro\/wp-content\/uploads\/2023\/10\/IMG-20231022-WA0030-390x220.jpg.webp\" \/><img loading=\"lazy\" decoding=\"async\" width=\"390\" height=\"220\" src=\"https:\/\/infotulcea.ro\/wp-content\/uploads\/2023\/10\/IMG-20231022-WA0030-390x220.jpg\" class=\"attachment-jannah-image-large size-jannah-image-large wp-post-image\" alt><\/a><\/div>\n<div class=\"post-widget-body \"><a class=\"post-title the-subtitle\" href=\"https:\/\/infotulcea.ro\/livetext-campionatul-national-de-fotbal-juniori-fc-bacau-fc-delta-tulcea\/\">Livetext Campionatul na\u021bional de fotbal juniori:  FC Bac\u0103u \u2013 FC Delta Tulcea<\/a><\/p>\n<div class=\"post-meta\"><span class=\"date meta-item tie-icon\">22 octombrie 2023<\/span><\/div>\n<\/div>\n<\/li>\n<\/ul>\n<\/div>\n<\/div>\n<aside class=\"sidebar tie-col-md-4 tie-col-xs-12 normal-side is-sticky\" aria-label=\"Primary Sidebar\">\n<div class=\"theiaStickySidebar\">\n<div id=\"media_image-19\" class=\"container-wrapper widget widget_media_image\"><a href=\"https:\/\/infotulcea.ro\/delta-dunarii-mai-accesibila-navrom-delta-creste-numarul-curselor-regulate-de-la-1-mai-2025\/\"><source sizes=\"(max-width: 500px) 100vw, 500px\" type=\"image\/webp\" data-srcset=\"https:\/\/infotulcea.ro\/wp-content\/uploads\/2025\/04\/navrom-delta-500x271.jpg.webp 500w, https:\/\/infotulcea.ro\/wp-content\/uploads\/2025\/04\/navrom-delta-1024x555.jpg.webp 1024w, https:\/\/infotulcea.ro\/wp-content\/uploads\/2025\/04\/navrom-delta-768x416.jpg.webp 768w, https:\/\/infotulcea.ro\/wp-content\/uploads\/2025\/04\/navrom-delta.jpg.webp 1080w\" \/><img loading=\"lazy\" decoding=\"async\" width=\"500\" height=\"271\" src=\"https:\/\/infotulcea.ro\/wp-content\/uploads\/2025\/04\/navrom-delta-500x271.jpg\" class=\"image wp-image-34487  attachment-medium size-medium\" alt><\/a><\/div>\n<div id=\"media_image-17\" class=\"container-wrapper widget widget_media_image\"><a href=\"https:\/\/www.facebook.com\/share\/p\/1DGAD1tLWN\/?mibextid=wwXIfr\" target=\"_blank\"><source sizes=\"(max-width: 500px) 100vw, 500px\" type=\"image\/webp\" data-srcset=\"https:\/\/infotulcea.ro\/wp-content\/uploads\/2026\/01\/IMG_1563-500x500.jpeg.webp 500w, https:\/\/infotulcea.ro\/wp-content\/uploads\/2026\/01\/IMG_1563-1024x1024.jpeg.webp 1024w, https:\/\/infotulcea.ro\/wp-content\/uploads\/2026\/01\/IMG_1563-250x250.jpeg.webp 250w, https:\/\/infotulcea.ro\/wp-content\/uploads\/2026\/01\/IMG_1563-768x768.jpeg.webp 768w, https:\/\/infotulcea.ro\/wp-content\/uploads\/2026\/01\/IMG_1563.jpeg.webp 1080w\" \/><img loading=\"lazy\" decoding=\"async\" width=\"500\" height=\"500\" src=\"https:\/\/infotulcea.ro\/wp-content\/uploads\/2026\/01\/IMG_1563-500x500.jpeg\" class=\"image wp-image-37932  attachment-medium size-medium\" alt title=\"Centrale pe lemne\"><\/a><\/div>\n<div id=\"media_image-18\" class=\"container-wrapper widget widget_media_image\"><a href=\"https:\/\/www.licitatia.ro\/site\/index-guest\"><img loading=\"lazy\" decoding=\"async\" width=\"500\" height=\"262\" src=\"https:\/\/infotulcea.ro\/wp-content\/uploads\/2025\/09\/licitatia-500x262.png\" class=\"image wp-image-36670  attachment-medium size-medium lazyload\" alt><img loading=\"lazy\" decoding=\"async\" width=\"500\" height=\"262\" src=\"https:\/\/infotulcea.ro\/wp-content\/uploads\/2025\/09\/licitatia-500x262.png\" class=\"image wp-image-36670  attachment-medium size-medium\" alt><\/a><\/div>\n<div id=\"media_image-27\" class=\"container-wrapper widget widget_media_image\"><a href=\"https:\/\/www.centrale-lemne-liepsnele.ro\/\"><img loading=\"lazy\" decoding=\"async\" width=\"500\" height=\"500\" src=\"https:\/\/infotulcea.ro\/wp-content\/uploads\/2025\/09\/Centrale-pe-Lemne-Liepsnele-500x500.png\" class=\"image wp-image-36541  attachment-medium size-medium lazyload\" alt=\"Centrala pe lemne\"><img loading=\"lazy\" decoding=\"async\" width=\"500\" height=\"500\" src=\"https:\/\/infotulcea.ro\/wp-content\/uploads\/2025\/09\/Centrale-pe-Lemne-Liepsnele-500x500.png\" class=\"image wp-image-36541  attachment-medium size-medium\" alt=\"Centrala pe lemne\"><\/a><\/div>\n<div id=\"media_image-28\" class=\"container-wrapper widget widget_media_image\"><a href=\"https:\/\/infotulcea.ro\/angajeaza-te-ro-platforma-ta-online-de-angajari-si-forta-de-munca\/\"><source sizes=\"(max-width: 500px) 100vw, 500px\" type=\"image\/webp\" data-srcset=\"https:\/\/infotulcea.ro\/wp-content\/uploads\/2025\/04\/banner-angajazate-1-500x305.jpg.webp 500w, https:\/\/infotulcea.ro\/wp-content\/uploads\/2025\/04\/banner-angajazate-1-1024x625.jpg.webp 1024w, https:\/\/infotulcea.ro\/wp-content\/uploads\/2025\/04\/banner-angajazate-1-768x469.jpg.webp 768w, https:\/\/infotulcea.ro\/wp-content\/uploads\/2025\/04\/banner-angajazate-1.jpg.webp 1080w\" \/><img loading=\"lazy\" decoding=\"async\" width=\"500\" height=\"305\" src=\"https:\/\/infotulcea.ro\/wp-content\/uploads\/2025\/04\/banner-angajazate-1-500x305.jpg\" class=\"image wp-image-34317  attachment-medium size-medium\" alt><\/a><\/div>\n<\/div>\n<\/aside>\n<\/div>\n<\/div>\n<div class=\"entry-content entry clearfix\">\n<p><strong>Agen\u021bia Na\u021bional\u0103 Anti-Doping (ANAD) informeaz\u0103 c\u0103, la data de 7 august 2026,<\/strong><br \/><strong>Curtea de Arbitraj pentru Sport (CAS) a pronun\u021bat hot\u0103r\u00e2rea \u00een cauza CAS<\/strong><br \/><strong>2025\/A\/11542 \u2013 World Anti-Doping Agency (WADA) v. Romanian National Anti-Doping<\/strong><br \/><strong>Agency &amp; Matei Cosmin Gabriel, solu\u021bion\u00e2nd apelul formulat de Agen\u021bia Mondial\u0103<\/strong><br \/><strong>Anti-Doping (WADA) \u00eempotriva deciziei Comisiei de apel de pe l\u00e2ng\u0103 Secretariatul<\/strong><br \/><strong>General al Guvernului.<\/strong><\/p>\n<p>Prin hot\u0103r\u00e2rea pronun\u021bat\u0103, CAS a admis \u00een parte apelul formulat de WADA, a anulat<img loading=\"lazy\" decoding=\"async\" class=\"wp-image-40330 alignright lazyload\" src=\"https:\/\/infotulcea.ro\/wp-content\/uploads\/2026\/08\/arbitri-500x333.png\" alt width=\"455\" height=\"303\"><\/p>\n<p><img loading=\"lazy\" decoding=\"async\" class=\" wp-image-40330 alignright\" src=\"https:\/\/infotulcea.ro\/wp-content\/uploads\/2026\/08\/arbitri-500x333.png\" alt width=\"455\" height=\"303\"><br \/>\ndecizia Comisiei de apel \u0219i a sanc\u021bionat sportivul Matei Cosmin Gabriel cu o perioad\u0103<br \/>\nde suspendare de 9 luni \u00eencep\u00e2nd cu data hot\u0103r\u00e2rii. Totodat\u0103, instan\u021ba arbitral\u0103 a<br \/>\ndispus descalificarea rezultatelor individuale ob\u021binute de sportiv \u00een competi\u021bia din 4<br \/>\nfebruarie 2024, cu toate consecin\u021bele prev\u0103zute de reglement\u0103rile anti-doping.<\/p>\n<p>ANAD va asigura punerea \u00een executare a hot\u0103r\u00e2rii CAS, \u00een conformitate cu prevederile<br \/>\nCodului Mondial Anti-Doping \u0219i ale Legii nr. 310\/2021 privind prevenirea \u0219i<br \/>\ncombaterea dopajului \u00een sport.<\/p>\n<p>Hot\u0103r\u00e2rea integral\u0103 a Cur\u021bii de Arbitraj pentru Sport, precum \u0219i informa\u021bii<br \/>\nsuplimentare privind solu\u021bia pronun\u021bat\u0103, vor fi f\u0103cute publice dup\u0103 expirarea<br \/>\ntermenului prev\u0103zut de articolul R59 din Codul de arbitraj \u00een materie de sport, \u00een<br \/>\ncare p\u0103r\u021bile pot solicita, \u00een mod motivat, redactarea unor informa\u021bii confiden\u021biale<br \/>\ndin cuprinsul hot\u0103r\u00e2rii.<\/p>\n<\/div>\n<div class=\"articleBody\" data-key=\"articleBody\">Agen\u021bia Na\u021bional\u0103 Anti-Doping (ANAD) informeaz\u0103 c\u0103, la data de 7 august 2026,<br \/>\nCurtea de Arbitraj pentru Sport (CAS) a pronun\u021bat hot\u0103r\u00e2rea \u00een cauza CAS<br \/>\n2025\/A\/11542 \u2013 World Anti-Doping Agency (WADA) v. Romanian National Anti-Doping<br \/>\nAgency &amp; Matei Cosmin Gabriel, solu\u021bion\u00e2nd apelul formulat de Agen\u021bia Mondial\u0103<br \/>\nAnti-Doping (WADA) \u00eempotriva deciziei Comisiei de apel de pe l\u00e2ng\u0103 Secretariatul<br \/>\nGeneral al Guvernului.<\/p>\n<p>Prin hot\u0103r\u00e2rea pronun\u021bat\u0103, CAS a admis \u00een parte apelul formulat de WADA, a anulat<br \/>\ndecizia Comisiei de apel \u0219i a sanc\u021bionat sportivul Matei Cosmin Gabriel cu o perioad\u0103<br \/>\nde suspendare de 9 luni \u00eencep\u00e2nd cu data hot\u0103r\u00e2rii. Totodat\u0103, instan\u021ba arbitral\u0103 a<br \/>\ndispus descalificarea rezultatelor individuale ob\u021binute de sportiv \u00een competi\u021bia din 4<br \/>\nfebruarie 2024, cu toate consecin\u021bele prev\u0103zute de reglement\u0103rile anti-doping.<\/p>\n<p>ANAD va asigura punerea \u00een executare a hot\u0103r\u00e2rii CAS, \u00een conformitate cu prevederile<br \/>\nCodului Mondial Anti-Doping \u0219i ale Legii nr. 310\/2021 privind prevenirea \u0219i<br \/>\ncombaterea dopajului \u00een sport.<\/p>\n<p>Hot\u0103r\u00e2rea integral\u0103 a Cur\u021bii de Arbitraj pentru Sport, precum \u0219i informa\u021bii<br \/>\nsuplimentare privind solu\u021bia pronun\u021bat\u0103, vor fi f\u0103cute publice dup\u0103 expirarea<br \/>\ntermenului prev\u0103zut de articolul R59 din Codul de arbitraj \u00een materie de sport, \u00een<br \/>\ncare p\u0103r\u021bile pot solicita, \u00een mod motivat, redactarea unor informa\u021bii confiden\u021biale<br \/>\ndin cuprinsul hot\u0103r\u00e2rii.<\/p><\/div>\n<p>[analyse_source url=&#8221;https:\/\/infotulcea.ro\/curtea-de-arbitraj-pentru-sport-cas-a-pronuntat-hotararea-in-cauza-wada-v-anad-matei-cosmin-gabriel\/&#8221;]<\/p>\n","protected":false},"excerpt":{"rendered":"<p>[analyse_image type=&#8221;featured&#8221; src=&#8221;https:\/\/infotulcea.ro\/wp-content\/uploads\/2026\/08\/arbitri.pnghttps:\/\/infotulcea.ro\/wp-content\/uploads\/2026\/08\/arbitri.png&#8221;] Home\/Fotbal\/Curtea de Arbitraj pentru Sport (CAS) a pronun\u021bat hot\u0103r\u00e2rea \u00een cauza WADA v. ANAD &amp; Matei Cosmin Gabriel Fotbal Curtea de Arbitraj pentru Sport (CAS) a pronun\u021bat hot\u0103r\u00e2rea \u00een cauza WADA v. ANAD &amp; Matei Cosmin Gabriel Redactia9 august 2026 0 227 1 minute read Agen\u021bia Na\u021bional\u0103 Anti-Doping (ANAD) informeaz\u0103 c\u0103, la [&hellip;]<\/p>\n","protected":false},"author":1,"featured_media":0,"comment_status":"open","ping_status":"","sticky":false,"template":"","format":"standard","meta":{"footnotes":""},"categories":[89],"tags":[226,221],"class_list":["post-2096430","post","type-post","status-publish","format-standard","hentry","category-romania","tag-crawlmanager","tag-infotulcea-ro"],"_links":{"self":[{"href":"https:\/\/analyse.optim.biz\/index.php?rest_route=\/wp\/v2\/posts\/2096430","targetHints":{"allow":["GET"]}}],"collection":[{"href":"https:\/\/analyse.optim.biz\/index.php?rest_route=\/wp\/v2\/posts"}],"about":[{"href":"https:\/\/analyse.optim.biz\/index.php?rest_route=\/wp\/v2\/types\/post"}],"author":[{"embeddable":true,"href":"https:\/\/analyse.optim.biz\/index.php?rest_route=\/wp\/v2\/users\/1"}],"replies":[{"embeddable":true,"href":"https:\/\/analyse.optim.biz\/index.php?rest_route=%2Fwp%2Fv2%2Fcomments&post=2096430"}],"version-history":[{"count":0,"href":"https:\/\/analyse.optim.biz\/index.php?rest_route=\/wp\/v2\/posts\/2096430\/revisions"}],"wp:attachment":[{"href":"https:\/\/analyse.optim.biz\/index.php?rest_route=%2Fwp%2Fv2%2Fmedia&parent=2096430"}],"wp:term":[{"taxonomy":"category","embeddable":true,"href":"https:\/\/analyse.optim.biz\/index.php?rest_route=%2Fwp%2Fv2%2Fcategories&post=2096430"},{"taxonomy":"post_tag","embeddable":true,"href":"https:\/\/analyse.optim.biz\/index.php?rest_route=%2Fwp%2Fv2%2Ftags&post=2096430"}],"curies":[{"name":"wp","href":"https:\/\/api.w.org\/{rel}","templated":true}]}}