{"id":2096425,"date":"2026-08-16T08:35:43","date_gmt":"2026-08-16T05:35:43","guid":{"rendered":"https:\/\/analyse.optim.biz\/?p=2096425"},"modified":"2026-08-16T08:35:43","modified_gmt":"2026-08-16T05:35:43","slug":"vremea-se-schimba-radical-marti-ploi-vijelii-si-temperaturi-cu-pana-la-10-grade-mai-mici","status":"publish","type":"post","link":"https:\/\/analyse.optim.biz\/?p=2096425","title":{"rendered":"Vremea se schimb\u0103 radical mar\u021bi. Ploi, vijelii \u0219i temperaturi cu p\u00e2n\u0103 la 10 grade mai mici"},"content":{"rendered":"<p>[analyse_image type=&#8221;featured&#8221; src=&#8221;https:\/\/www.tion.ro\/wp-content\/uploads\/2023\/10\/+otf\/1200&#215;630\/uJYqF7W4qv__J__KeRtvzoNU5PVF9WRVJZX1NFQ__00__72fL3113ZvmOY3SK29e7nFyuo1eg7vuu466__EPZFFE__7tyxfiaaGtmy+50oX1R16cHFZ0pM7xtPy9QEcgk=\/6926432ploaie.jpg&#8221;]<\/p>\n<article id=\"post-2334498\" class>\n<div class=\"entry-content clearfix\">\n<div class=\"enewsArticleContent\">\n<p>Informarea meteo este valabil\u0103 din 17 august, ora 21:00, p\u00e2n\u0103 \u00een 18 august, ora 21:00. Primele manifest\u0103ri ale instabilit\u0103\u021bii atmosferice sunt a\u0219teptate \u00een vestul \u021b\u0103rii, urm\u00e2nd ca mar\u021bi vremea s\u0103 se strice \u00een cea mai mare parte a Rom\u00e2niei.<\/p>\n<p>\u00cen noaptea de luni spre mar\u021bi, v\u00e2ntul va prinde putere \u00een <strong>regiunile vestice<\/strong>. Rafalele vor ajunge la 40-50 km\/h, iar local pot dep\u0103\u0219i 50-60 km\/h.<\/p>\n<p>Mar\u021bi, intensific\u0103rile v\u00e2ntului se vor extinde \u00een cea mai mare parte a \u021b\u0103rii. Meteorologii avertizeaz\u0103 c\u0103 vor exista \u0219i perioade cu instabilitate atmosferic\u0103 accentuat\u0103.<\/p>\n<p>\u00cen Banat, Cri\u0219ana, Maramure\u0219 \u0219i vestul Transilvaniei sunt prognozate averse toren\u021biale \u00een noaptea de luni spre mar\u021bi. Cantit\u0103\u021bile de ap\u0103 vor ajunge la 15-20 de litri pe metru p\u0103trat \u0219i, izolat, pot dep\u0103\u0219i 20-25 de litri pe metru p\u0103trat.<\/p>\n<p>Instabilitatea atmosferic\u0103 va continua mar\u021bi, c\u00e2nd aversele toren\u021biale sunt a\u0219teptate \u00een cea mai mare parte a Transilvaniei, \u00een Moldova, precum \u0219i \u00een zonele montane \u0219i submontane. Pe arii restr\u00e2nse, fenomenele se pot manifesta \u0219i \u00een celelalte regiuni.<\/p>\n<p>Pe l\u00e2ng\u0103 ploile abundente, meteorologii anun\u021b\u0103 vijelii, cu rafale de peste 50 km\/h, precum \u0219i grindin\u0103 de mici dimensiuni, cu diametrul de 1-2 centimetri.<\/p>\n<p>Schimbarea vremii va fi resim\u021bit\u0103 puternic \u0219i din punct de vedere termic. Mar\u021bi, temperaturile maxime vor sc\u0103dea cu mai mult de 8-10 grade \u00een nordul, centrul, <strong>vestul<\/strong> \u0219i sud-vestul \u021b\u0103rii.<\/p>\n<p>Maximele se vor situa \u00eentre 19 \u0219i 28 de grade, cele mai sc\u0103zute valori fiind prognozate \u00een nordul Moldovei.<\/p>\n<p>Potrivit meteorologilor, r\u0103cirea va \u00eencepe de luni seara \u0219i va deveni evident\u0103 pe parcursul zilei de mar\u021bi, c\u00e2nd ploile \u0219i v\u00e2ntul vor afecta cea mai mare parte a \u021b\u0103rii.<\/p>\n<div class=\"fbShareLikeTwitterAndEmailContainer\">\n<div class=\"wrapper\">\n<div class=\"email\">\n<div id=\"mailto-pop\" class=\"pop-form pop-form-mailto\">\n<div class=\"pop-form-header\">\n<h4>Trimite articolul<\/h4>\n<p><a class=\"pop-form-close\">X<\/a><\/div>\n<\/div>\n<\/div>\n<\/div>\n<\/div>\n<div class=\"tagsContainer\">\n<div class=\"tagsLabel\">Taguri:<\/div>\n<div class=\"tags\">\n<div class=\"tag\"><a href=\"https:\/\/www.tion.ro\/cimke\/vreme\" rel=\"tag\"><span class=\"link\">vreme<\/span><\/a><\/div>\n<\/div>\n<\/div>\n<div class=\"comments\">\n<div class=\"top\">\n<div class=\"commentsNumber\"><span class=\"number\">0<\/span><span class=\"text\">Comentarii<\/span><\/div>\n<\/div>\n<div class=\"center\">\n<div id=\"respond\" class=\"comment-respond\">\n<h3 id=\"reply-title\" class=\"comment-reply-title\"><small><a rel=\"nofollow\" id=\"cancel-comment-reply-link\" href=\"https:\/\/www.tion.ro\/romania\/vremea-se-schimba-radical-marti-ploi-vijelii-si-temperaturi-cu-pana-la-10-grade-mai-mici-2334498\/#respond\">Cancel reply<\/a><\/small><\/h3>\n<p class=\"comment-notes\"><span id=\"email-notes\">Your email address will not be published.<\/span><span class=\"required-field-message\">Required fields are marked <span class=\"required\">*<\/span><\/span><\/p>\n<p class=\"commentFormComment\"><span id=\"commentFormCount\"><br \/>\n                            inca<br \/>\n                            <span id=\"countCommentText\">1000<\/span><br \/>\n                            caractere ramase<br \/>\n                        <\/span><\/p>\n<\/div>\n<\/div>\n<div class=\"bottom\">\n<p class=\"forumDisclaimerHuRo\">\n            Citi\u021bi principiile noastre de moderare <a href=\"https:\/\/www.tion.ro\/reguli-postare-comentarii\/\" target=\"_blank\">aici<\/a>!\n        <\/p>\n<\/div>\n<\/div>\n<\/div>\n<\/div>\n<\/article>\n<div class=\"entry-content clearfix\">\n<div class=\"enewsArticleContent\">\n<p>Informarea meteo este valabil\u0103 din 17 august, ora 21:00, p\u00e2n\u0103 \u00een 18 august, ora 21:00. Primele manifest\u0103ri ale instabilit\u0103\u021bii atmosferice sunt a\u0219teptate \u00een vestul \u021b\u0103rii, urm\u00e2nd ca mar\u021bi vremea s\u0103 se strice \u00een cea mai mare parte a Rom\u00e2niei.<\/p>\n<p>\u00cen noaptea de luni spre mar\u021bi, v\u00e2ntul va prinde putere \u00een <strong>regiunile vestice<\/strong>. Rafalele vor ajunge la 40-50 km\/h, iar local pot dep\u0103\u0219i 50-60 km\/h.<\/p>\n<p>Mar\u021bi, intensific\u0103rile v\u00e2ntului se vor extinde \u00een cea mai mare parte a \u021b\u0103rii. Meteorologii avertizeaz\u0103 c\u0103 vor exista \u0219i perioade cu instabilitate atmosferic\u0103 accentuat\u0103.<\/p>\n<p>\u00cen Banat, Cri\u0219ana, Maramure\u0219 \u0219i vestul Transilvaniei sunt prognozate averse toren\u021biale \u00een noaptea de luni spre mar\u021bi. Cantit\u0103\u021bile de ap\u0103 vor ajunge la 15-20 de litri pe metru p\u0103trat \u0219i, izolat, pot dep\u0103\u0219i 20-25 de litri pe metru p\u0103trat.<\/p>\n<p>Instabilitatea atmosferic\u0103 va continua mar\u021bi, c\u00e2nd aversele toren\u021biale sunt a\u0219teptate \u00een cea mai mare parte a Transilvaniei, \u00een Moldova, precum \u0219i \u00een zonele montane \u0219i submontane. Pe arii restr\u00e2nse, fenomenele se pot manifesta \u0219i \u00een celelalte regiuni.<\/p>\n<p>Pe l\u00e2ng\u0103 ploile abundente, meteorologii anun\u021b\u0103 vijelii, cu rafale de peste 50 km\/h, precum \u0219i grindin\u0103 de mici dimensiuni, cu diametrul de 1-2 centimetri.<\/p>\n<p>Schimbarea vremii va fi resim\u021bit\u0103 puternic \u0219i din punct de vedere termic. Mar\u021bi, temperaturile maxime vor sc\u0103dea cu mai mult de 8-10 grade \u00een nordul, centrul, <strong>vestul<\/strong> \u0219i sud-vestul \u021b\u0103rii.<\/p>\n<p>Maximele se vor situa \u00eentre 19 \u0219i 28 de grade, cele mai sc\u0103zute valori fiind prognozate \u00een nordul Moldovei.<\/p>\n<p>Potrivit meteorologilor, r\u0103cirea va \u00eencepe de luni seara \u0219i va deveni evident\u0103 pe parcursul zilei de mar\u021bi, c\u00e2nd ploile \u0219i v\u00e2ntul vor afecta cea mai mare parte a \u021b\u0103rii.<\/p>\n<div class=\"fbShareLikeTwitterAndEmailContainer\">\n<div class=\"wrapper\">\n<div class=\"email\">\n<div id=\"mailto-pop\" class=\"pop-form pop-form-mailto\">\n<div class=\"pop-form-header\">\n<h4>Trimite articolul<\/h4>\n<p><a class=\"pop-form-close\">X<\/a><\/div>\n<\/div>\n<\/div>\n<\/div>\n<\/div>\n<div class=\"tagsContainer\">\n<div class=\"tagsLabel\">Taguri:<\/div>\n<div class=\"tags\">\n<div class=\"tag\"><a href=\"https:\/\/www.tion.ro\/cimke\/vreme\" rel=\"tag\"><span class=\"link\">vreme<\/span><\/a><\/div>\n<\/div>\n<\/div>\n<div class=\"comments\">\n<div class=\"top\">\n<div class=\"commentsNumber\"><span class=\"number\">0<\/span><span class=\"text\">Comentarii<\/span><\/div>\n<\/div>\n<div class=\"center\">\n<div id=\"respond\" class=\"comment-respond\">\n<h3 id=\"reply-title\" class=\"comment-reply-title\"><small><a rel=\"nofollow\" id=\"cancel-comment-reply-link\" href=\"https:\/\/www.tion.ro\/romania\/vremea-se-schimba-radical-marti-ploi-vijelii-si-temperaturi-cu-pana-la-10-grade-mai-mici-2334498\/#respond\">Cancel reply<\/a><\/small><\/h3>\n<p class=\"comment-notes\"><span id=\"email-notes\">Your email address will not be published.<\/span><span class=\"required-field-message\">Required fields are marked <span class=\"required\">*<\/span><\/span><\/p>\n<p class=\"commentFormComment\"><span id=\"commentFormCount\"><br \/>\n                            inca<br \/>\n                            <span id=\"countCommentText\">1000<\/span><br \/>\n                            caractere ramase<br \/>\n                        <\/span><\/p>\n<\/div>\n<\/div>\n<div class=\"bottom\">\n<p class=\"forumDisclaimerHuRo\">\n            Citi\u021bi principiile noastre de moderare <a href=\"https:\/\/www.tion.ro\/reguli-postare-comentarii\/\" target=\"_blank\">aici<\/a>!\n        <\/p>\n<\/div>\n<\/div>\n<\/div>\n<\/div>\n<p>[analyse_source url=&#8221;https:\/\/www.tion.ro\/romania\/vremea-se-schimba-radical-marti-ploi-vijelii-si-temperaturi-cu-pana-la-10-grade-mai-mici-2334498\/&#8221;]<\/p>\n","protected":false},"excerpt":{"rendered":"<p>[analyse_image type=&#8221;featured&#8221; src=&#8221;https:\/\/www.tion.ro\/wp-content\/uploads\/2023\/10\/+otf\/1200&#215;630\/uJYqF7W4qv__J__KeRtvzoNU5PVF9WRVJZX1NFQ__00__72fL3113ZvmOY3SK29e7nFyuo1eg7vuu466__EPZFFE__7tyxfiaaGtmy+50oX1R16cHFZ0pM7xtPy9QEcgk=\/6926432ploaie.jpg&#8221;] Informarea meteo este valabil\u0103 din 17 august, ora 21:00, p\u00e2n\u0103 \u00een 18 august, ora 21:00. Primele manifest\u0103ri ale instabilit\u0103\u021bii atmosferice sunt a\u0219teptate \u00een vestul \u021b\u0103rii, urm\u00e2nd ca mar\u021bi vremea s\u0103 se strice \u00een cea mai mare parte a Rom\u00e2niei. \u00cen noaptea de luni spre mar\u021bi, v\u00e2ntul va prinde putere \u00een regiunile vestice. [&hellip;]<\/p>\n","protected":false},"author":1,"featured_media":0,"comment_status":"open","ping_status":"","sticky":false,"template":"","format":"standard","meta":{"footnotes":""},"categories":[89],"tags":[226,191],"class_list":["post-2096425","post","type-post","status-publish","format-standard","hentry","category-romania","tag-crawlmanager","tag-tion-ro"],"_links":{"self":[{"href":"https:\/\/analyse.optim.biz\/index.php?rest_route=\/wp\/v2\/posts\/2096425","targetHints":{"allow":["GET"]}}],"collection":[{"href":"https:\/\/analyse.optim.biz\/index.php?rest_route=\/wp\/v2\/posts"}],"about":[{"href":"https:\/\/analyse.optim.biz\/index.php?rest_route=\/wp\/v2\/types\/post"}],"author":[{"embeddable":true,"href":"https:\/\/analyse.optim.biz\/index.php?rest_route=\/wp\/v2\/users\/1"}],"replies":[{"embeddable":true,"href":"https:\/\/analyse.optim.biz\/index.php?rest_route=%2Fwp%2Fv2%2Fcomments&post=2096425"}],"version-history":[{"count":0,"href":"https:\/\/analyse.optim.biz\/index.php?rest_route=\/wp\/v2\/posts\/2096425\/revisions"}],"wp:attachment":[{"href":"https:\/\/analyse.optim.biz\/index.php?rest_route=%2Fwp%2Fv2%2Fmedia&parent=2096425"}],"wp:term":[{"taxonomy":"category","embeddable":true,"href":"https:\/\/analyse.optim.biz\/index.php?rest_route=%2Fwp%2Fv2%2Fcategories&post=2096425"},{"taxonomy":"post_tag","embeddable":true,"href":"https:\/\/analyse.optim.biz\/index.php?rest_route=%2Fwp%2Fv2%2Ftags&post=2096425"}],"curies":[{"name":"wp","href":"https:\/\/api.w.org\/{rel}","templated":true}]}}