{"id":2096423,"date":"2026-08-16T08:25:24","date_gmt":"2026-08-16T05:25:24","guid":{"rendered":"https:\/\/analyse.optim.biz\/?p=2096423"},"modified":"2026-08-16T08:25:24","modified_gmt":"2026-08-16T05:25:24","slug":"12-oameni-au-murit-dupa-ce-un-autocar-s-a-rasturnat-in-ungaria-pe-autostrada-m3","status":"publish","type":"post","link":"https:\/\/analyse.optim.biz\/?p=2096423","title":{"rendered":"12 oameni au murit dup\u0103 ce un autocar s-a r\u0103sturnat \u00een Ungaria, pe autostrada M3"},"content":{"rendered":"<p>[analyse_image type=&#8221;featured&#8221; src=&#8221;https:\/\/www.tion.ro\/wp-content\/uploads\/2026\/08\/+otf\/1200&#215;630\/tURIO8Og6SUxD4ypyN+4T05PVF9WRVJZX1NFQw1ISsFrnz__9Z6RUf6EiA+fSGpUP0k__WOiR+ANx0VpVVwo+dCchwznF0uydWH4pDGCwVEh47miQ8WiK73N9jobY=\/6868711Capturadeecran20260816112424.png&#8221;]<\/p>\n<article id=\"post-2334468\" class>\n<div class=\"entry-content clearfix\">\n<div class=\"enewsArticleContent\">\n<p>Accidentul a avut loc \u00een apropierea ora\u0219ului Mez\u0151keresztes, la kilometrul 139 al autostr\u0103zii M3. Autocarul se deplasa c\u0103tre Ny\u00edregyh\u00e1za c\u00e2nd a p\u0103r\u0103sit partea carosabil\u0103 \u0219i s-a r\u0103sturnat.<\/p>\n<p>La bord se aflau 57 de pasageri \u0219i doi \u0219oferi, potrivit agen\u021biei ungare de stat MTI. Na\u021bionalitatea victimelor nu a fost precizat\u0103.<\/p>\n<p>Poli\u021bia ungar\u0103 a transmis c\u0103, potrivit informa\u021biilor preliminare, \u0219oferul ar fi pierdut controlul dup\u0103 ce ar fi adormit la volan. Autocarul a ie\u0219it de pe por\u021biunea de drum drept, a ajuns \u00een \u0219an\u021b \u0219i s-a r\u0103sturnat. \u00cen urma impactului, 12 persoane au murit, iar alte 10 au fost r\u0103nite.<\/p>\n<p>\u0218oferul autocarului a fost re\u021binut de autorit\u0103\u021bile ungare, \u00een timp ce ancheta continu\u0103. Dup\u0103 accident, poli\u021bia a \u00eenchis sensul autostr\u0103zii M3 c\u0103tre Ny\u00edregyh\u00e1za, traficul fiind deviat prin Mez\u0151keresztes.<\/p>\n<div class=\"fbShareLikeTwitterAndEmailContainer\">\n<div class=\"wrapper\">\n<div class=\"email\">\n<div id=\"mailto-pop\" class=\"pop-form pop-form-mailto\">\n<div class=\"pop-form-header\">\n<h4>Trimite articolul<\/h4>\n<p><a class=\"pop-form-close\">X<\/a><\/div>\n<\/div>\n<\/div>\n<\/div>\n<\/div>\n<div class=\"tagsContainer\">\n<div class=\"tagsLabel\">Taguri:<\/div>\n<div class=\"tags\">\n<div class=\"tag\"><a href=\"https:\/\/www.tion.ro\/cimke\/accident\" rel=\"tag\"><span class=\"link\">accident<\/span><span class=\"separator\">,<\/span><\/a><\/div>\n<div class=\"tag\"><a href=\"https:\/\/www.tion.ro\/cimke\/ungaria\" rel=\"tag\"><span class=\"link\">ungaria<\/span><\/a><\/div>\n<\/div>\n<\/div>\n<div class=\"comments\">\n<div class=\"top\">\n<div class=\"commentsNumber\"><span class=\"number\">0<\/span><span class=\"text\">Comentarii<\/span><\/div>\n<\/div>\n<div class=\"center\">\n<div id=\"respond\" class=\"comment-respond\">\n<h3 id=\"reply-title\" class=\"comment-reply-title\"><small><a rel=\"nofollow\" id=\"cancel-comment-reply-link\" href=\"https:\/\/www.tion.ro\/mapamond\/12-oameni-au-murit-dupa-ce-un-autocar-s-a-rasturnat-in-ungaria-pe-autostrada-m3-2334468\/#respond\">Cancel reply<\/a><\/small><\/h3>\n<p class=\"comment-notes\"><span id=\"email-notes\">Your email address will not be published.<\/span><span class=\"required-field-message\">Required fields are marked <span class=\"required\">*<\/span><\/span><\/p>\n<p class=\"commentFormComment\"><span id=\"commentFormCount\"><br \/>\n                            inca<br \/>\n                            <span id=\"countCommentText\">1000<\/span><br \/>\n                            caractere ramase<br \/>\n                        <\/span><\/p>\n<\/div>\n<\/div>\n<div class=\"bottom\">\n<p class=\"forumDisclaimerHuRo\">\n            Citi\u021bi principiile noastre de moderare <a href=\"https:\/\/www.tion.ro\/reguli-postare-comentarii\/\" target=\"_blank\">aici<\/a>!\n        <\/p>\n<\/div>\n<\/div>\n<\/div>\n<\/div>\n<\/article>\n<div class=\"entry-content clearfix\">\n<div class=\"enewsArticleContent\">\n<p>Accidentul a avut loc \u00een apropierea ora\u0219ului Mez\u0151keresztes, la kilometrul 139 al autostr\u0103zii M3. Autocarul se deplasa c\u0103tre Ny\u00edregyh\u00e1za c\u00e2nd a p\u0103r\u0103sit partea carosabil\u0103 \u0219i s-a r\u0103sturnat.<\/p>\n<p>La bord se aflau 57 de pasageri \u0219i doi \u0219oferi, potrivit agen\u021biei ungare de stat MTI. Na\u021bionalitatea victimelor nu a fost precizat\u0103.<\/p>\n<p>Poli\u021bia ungar\u0103 a transmis c\u0103, potrivit informa\u021biilor preliminare, \u0219oferul ar fi pierdut controlul dup\u0103 ce ar fi adormit la volan. Autocarul a ie\u0219it de pe por\u021biunea de drum drept, a ajuns \u00een \u0219an\u021b \u0219i s-a r\u0103sturnat. \u00cen urma impactului, 12 persoane au murit, iar alte 10 au fost r\u0103nite.<\/p>\n<p>\u0218oferul autocarului a fost re\u021binut de autorit\u0103\u021bile ungare, \u00een timp ce ancheta continu\u0103. Dup\u0103 accident, poli\u021bia a \u00eenchis sensul autostr\u0103zii M3 c\u0103tre Ny\u00edregyh\u00e1za, traficul fiind deviat prin Mez\u0151keresztes.<\/p>\n<div class=\"fbShareLikeTwitterAndEmailContainer\">\n<div class=\"wrapper\">\n<div class=\"email\">\n<div id=\"mailto-pop\" class=\"pop-form pop-form-mailto\">\n<div class=\"pop-form-header\">\n<h4>Trimite articolul<\/h4>\n<p><a class=\"pop-form-close\">X<\/a><\/div>\n<\/div>\n<\/div>\n<\/div>\n<\/div>\n<div class=\"tagsContainer\">\n<div class=\"tagsLabel\">Taguri:<\/div>\n<div class=\"tags\">\n<div class=\"tag\"><a href=\"https:\/\/www.tion.ro\/cimke\/accident\" rel=\"tag\"><span class=\"link\">accident<\/span><span class=\"separator\">,<\/span><\/a><\/div>\n<div class=\"tag\"><a href=\"https:\/\/www.tion.ro\/cimke\/ungaria\" rel=\"tag\"><span class=\"link\">ungaria<\/span><\/a><\/div>\n<\/div>\n<\/div>\n<div class=\"comments\">\n<div class=\"top\">\n<div class=\"commentsNumber\"><span class=\"number\">0<\/span><span class=\"text\">Comentarii<\/span><\/div>\n<\/div>\n<div class=\"center\">\n<div id=\"respond\" class=\"comment-respond\">\n<h3 id=\"reply-title\" class=\"comment-reply-title\"><small><a rel=\"nofollow\" id=\"cancel-comment-reply-link\" href=\"https:\/\/www.tion.ro\/mapamond\/12-oameni-au-murit-dupa-ce-un-autocar-s-a-rasturnat-in-ungaria-pe-autostrada-m3-2334468\/#respond\">Cancel reply<\/a><\/small><\/h3>\n<p class=\"comment-notes\"><span id=\"email-notes\">Your email address will not be published.<\/span><span class=\"required-field-message\">Required fields are marked <span class=\"required\">*<\/span><\/span><\/p>\n<p class=\"commentFormComment\"><span id=\"commentFormCount\"><br \/>\n                            inca<br \/>\n                            <span id=\"countCommentText\">1000<\/span><br \/>\n                            caractere ramase<br \/>\n                        <\/span><\/p>\n<\/div>\n<\/div>\n<div class=\"bottom\">\n<p class=\"forumDisclaimerHuRo\">\n            Citi\u021bi principiile noastre de moderare <a href=\"https:\/\/www.tion.ro\/reguli-postare-comentarii\/\" target=\"_blank\">aici<\/a>!\n        <\/p>\n<\/div>\n<\/div>\n<\/div>\n<\/div>\n<p>[analyse_source url=&#8221;https:\/\/www.tion.ro\/mapamond\/12-oameni-au-murit-dupa-ce-un-autocar-s-a-rasturnat-in-ungaria-pe-autostrada-m3-2334468\/&#8221;]<\/p>\n","protected":false},"excerpt":{"rendered":"<p>[analyse_image type=&#8221;featured&#8221; src=&#8221;https:\/\/www.tion.ro\/wp-content\/uploads\/2026\/08\/+otf\/1200&#215;630\/tURIO8Og6SUxD4ypyN+4T05PVF9WRVJZX1NFQw1ISsFrnz__9Z6RUf6EiA+fSGpUP0k__WOiR+ANx0VpVVwo+dCchwznF0uydWH4pDGCwVEh47miQ8WiK73N9jobY=\/6868711Capturadeecran20260816112424.png&#8221;] Accidentul a avut loc \u00een apropierea ora\u0219ului Mez\u0151keresztes, la kilometrul 139 al autostr\u0103zii M3. Autocarul se deplasa c\u0103tre Ny\u00edregyh\u00e1za c\u00e2nd a p\u0103r\u0103sit partea carosabil\u0103 \u0219i s-a r\u0103sturnat. La bord se aflau 57 de pasageri \u0219i doi \u0219oferi, potrivit agen\u021biei ungare de stat MTI. Na\u021bionalitatea victimelor nu a fost precizat\u0103. Poli\u021bia ungar\u0103 a [&hellip;]<\/p>\n","protected":false},"author":1,"featured_media":0,"comment_status":"open","ping_status":"","sticky":false,"template":"","format":"standard","meta":{"footnotes":""},"categories":[89],"tags":[226,191],"class_list":["post-2096423","post","type-post","status-publish","format-standard","hentry","category-romania","tag-crawlmanager","tag-tion-ro"],"_links":{"self":[{"href":"https:\/\/analyse.optim.biz\/index.php?rest_route=\/wp\/v2\/posts\/2096423","targetHints":{"allow":["GET"]}}],"collection":[{"href":"https:\/\/analyse.optim.biz\/index.php?rest_route=\/wp\/v2\/posts"}],"about":[{"href":"https:\/\/analyse.optim.biz\/index.php?rest_route=\/wp\/v2\/types\/post"}],"author":[{"embeddable":true,"href":"https:\/\/analyse.optim.biz\/index.php?rest_route=\/wp\/v2\/users\/1"}],"replies":[{"embeddable":true,"href":"https:\/\/analyse.optim.biz\/index.php?rest_route=%2Fwp%2Fv2%2Fcomments&post=2096423"}],"version-history":[{"count":0,"href":"https:\/\/analyse.optim.biz\/index.php?rest_route=\/wp\/v2\/posts\/2096423\/revisions"}],"wp:attachment":[{"href":"https:\/\/analyse.optim.biz\/index.php?rest_route=%2Fwp%2Fv2%2Fmedia&parent=2096423"}],"wp:term":[{"taxonomy":"category","embeddable":true,"href":"https:\/\/analyse.optim.biz\/index.php?rest_route=%2Fwp%2Fv2%2Fcategories&post=2096423"},{"taxonomy":"post_tag","embeddable":true,"href":"https:\/\/analyse.optim.biz\/index.php?rest_route=%2Fwp%2Fv2%2Ftags&post=2096423"}],"curies":[{"name":"wp","href":"https:\/\/api.w.org\/{rel}","templated":true}]}}