{"id":2096419,"date":"2026-08-16T10:50:46","date_gmt":"2026-08-16T07:50:46","guid":{"rendered":"https:\/\/analyse.optim.biz\/?p=2096419"},"modified":"2026-08-16T10:50:46","modified_gmt":"2026-08-16T07:50:46","slug":"cristian-mungiu-tot-mai-aproape-de-nominalizarea-la-oscar-2027-se-afla-printre-favoritii-la-regie-cu-fjord","status":"publish","type":"post","link":"https:\/\/analyse.optim.biz\/?p=2096419","title":{"rendered":"Cristian Mungiu, tot mai aproape de nominalizarea la Oscar 2027. Se afl\u0103 printre favori\u021bii la regie cu \u201eFjord\u201d"},"content":{"rendered":"<p>[analyse_image type=&#8221;featured&#8221; src=&#8221;https:\/\/www.tion.ro\/wp-content\/uploads\/2026\/06\/+otf\/1200&#215;630\/xTdLDx3T0JS3MJ34SIQDRk5PVF9WRVJZX1NFQ__K__0J2STZJYyJOVOGV2HB41O+tqxS2__PSqHoim9qN8Ihd5pqyXkklyCMHGHBYSLgK7aEtplIFv3UwzMezyEppI=\/281262714012323-scaled.jpg&#8221;]<\/p>\n<article id=\"post-2334531\" class>\n<div class=\"entry-content clearfix\">\n<div class=\"enewsArticleContent\">\n<h3><strong>Mungiu, printre favori\u021bii pentru regie<\/strong><\/h3>\n<p>\u00cen cea mai <a href=\"https:\/\/variety.com\/feature\/2027-oscars-best-director-predictions-1236834268\/\">recent\u0103 analiz\u0103<\/a>, actualizat\u0103 s\u0103pt\u0103m\u00e2na aceasta, Variety \u00eei plaseaz\u0103 pe Christopher Nolan, pentru \u201eOdiseea\u201d, \u0219i Denis Villeneuve, pentru \u201eDune: Part Three\u201d, \u00een pozi\u021biile de lideri \u00een cursa pentru regie.<\/p>\n<p>Cristian Mungiu apare \u00een grupul regizorilor afla\u021bi \u00een urma celor doi, al\u0103turi de Martin McDonagh, pentru \u201eWild Horse Nine\u201d, \u0219i Jesse Eisenberg, pentru \u201eThe Debut\u201d. Publica\u021bia noteaz\u0103 c\u0103 \u201eFjord\u201d beneficiaz\u0103 de prestigiul Palme d\u2019Or, o recunoa\u0219tere care poate conta \u00een cursa pentru aceast\u0103 categorie.<\/p>\n<h3><strong>\u201eFjord\u201d ar putea ajunge nominalizat la Oscar \u00een mai multe categorii<\/strong><\/h3>\n<p>Noua estimare vine dup\u0103 ce Variety a inclus anterior \u201eFjord\u201d \u00een previziunile pentru mai multe categorii importante. Filmul a fost luat \u00een calcul pentru \u201eCel mai bun film\u201d, \u201eCel mai bun regizor\u201d, \u201eCea mai bun\u0103 actri\u021b\u0103\u201d, pentru Renate Reinsve, \u0219i \u201eCel mai bun scenariu original\u201d, semnat de Cristian Mungiu.<\/p>\n<p><a href=\"https:\/\/www.tion.ro\/cinema\/sebastian-stan-printre-favoritii-la-oscar-2027-fjord-ar-putea-obtine-cinci-nominalizari-2306253\/\">Sebastian Stan<\/a> apare, la r\u00e2ndul s\u0103u, printre actorii considera\u021bi favori\u021bi pentru o nominalizare la categoria \u201eCel mai bun actor\u201d, pentru rolul din \u201eFjord\u201d.<\/p>\n<p>\u00cen total, \u00eentr-o analiz\u0103 anterioar\u0103, Variety estima c\u0103 produc\u021bia ar putea ob\u021bine cinci nominaliz\u0103ri la edi\u021bia din 2027 a premiilor Oscar.<\/p>\n<p>Filmul \u00eei are \u00een rolurile principale pe Sebastian Stan \u0219i actri\u021ba norvegian\u0103 Renate Reinsve \u0219i urm\u0103re\u0219te povestea unui cuplu rom\u00e2no-norvegian care ajunge \u00een conflict cu autorit\u0103\u021bile locale din Norvegia \u00een privin\u021ba modului \u00een care \u00ee\u0219i cresc copiii. Povestea este inspirat\u0103 din cazul real al familiei Bodnariu.<\/p>\n<h3><strong>\u201eFjord\u201d, eligibil pentru categoria filmului interna\u021bional<\/strong><\/h3>\n<p>Filmul lui Cristian Mungiu este eligibil pentru categoria \u201eCel mai bun lungmetraj interna\u021bional\u201d f\u0103r\u0103 s\u0103 depind\u0103 obligatoriu de desemnarea oficial\u0103 din partea Rom\u00e2niei sau a Norvegiei. \u201eFjord\u201d are dialoguri \u00een rom\u00e2n\u0103, norvegian\u0103, suedez\u0103 \u0219i englez\u0103, iar distribuitorul american Neon a confirmat c\u0103 produc\u021bia respect\u0103 regulile Academiei privind limbile utilizate.<\/p>\n<p>Eligibilitatea este legat\u0103 \u0219i de modificarea regulamentului Oscarurilor, care permite filmelor premiate la anumite festivaluri interna\u021bionale importante s\u0103 intre \u00een cursa pentru categoria interna\u021bional\u0103 f\u0103r\u0103 s\u0103 fie obligatoriu desemnate de o comisie na\u021bional\u0103. Cum \u201eFjord\u201d a c\u00e2\u0219tigat Palme d\u2019Or la Cannes, produc\u021bia \u00eendepline\u0219te aceast\u0103 condi\u021bie.<\/p>\n<p>Totu\u0219i, Rom\u00e2nia sau Norvegia pot desemna filmul drept propunerea lor oficial\u0103 pentru aceast\u0103 categorie.<\/p>\n<p>Nominaliz\u0103rile pentru cea de-a 99-a edi\u021bie a Premiilor Oscar vor fi anun\u021bate pe 21 ianuarie 2027. Gala este programat\u0103 pentru 14 martie 2027 \u0219i va fi prezentat\u0103 de Conan O\u2019Brien.<\/p>\n<p>\u201eFjord\u201d va ajunge \u00een cinematografele din Rom\u00e2nia pe 9 octombrie, dup\u0103 ce a avut deja \u00een iunie <a href=\"https:\/\/www.tion.ro\/cinema\/fjord-filmul-lui-cristian-mungiu-ajunge-pe-ecranele-din-romania-intr-o-proiectie-unica-in-90-de-cinematografe-din-tara-2287237\/\">o avanpremier\u0103 na\u021bional\u0103<\/a> sub forma unei proiec\u021bii unice.<\/p>\n<div class=\"fbShareLikeTwitterAndEmailContainer\">\n<div class=\"wrapper\">\n<div class=\"email\">\n<div id=\"mailto-pop\" class=\"pop-form pop-form-mailto\">\n<div class=\"pop-form-header\">\n<h4>Trimite articolul<\/h4>\n<p><a class=\"pop-form-close\">X<\/a><\/div>\n<\/div>\n<\/div>\n<\/div>\n<\/div>\n<div class=\"tagsContainer\">\n<div class=\"tagsLabel\">Taguri:<\/div>\n<div class=\"tags\">\n<div class=\"tag\"><a href=\"https:\/\/www.tion.ro\/cimke\/cristian-mungiu\" rel=\"tag\"><span class=\"link\">Cristian Mungiu<\/span><span class=\"separator\">,<\/span><\/a><\/div>\n<div class=\"tag\"><a href=\"https:\/\/www.tion.ro\/cimke\/fjord\" rel=\"tag\"><span class=\"link\">fjord<\/span><span class=\"separator\">,<\/span><\/a><\/div>\n<div class=\"tag\"><a href=\"https:\/\/www.tion.ro\/cimke\/oscar-2027\" rel=\"tag\"><span class=\"link\">Oscar 2027<\/span><\/a><\/div>\n<\/div>\n<\/div>\n<div class=\"comments\">\n<div class=\"top\">\n<div class=\"commentsNumber\"><span class=\"number\">0<\/span><span class=\"text\">Comentarii<\/span><\/div>\n<\/div>\n<div class=\"center\">\n<div id=\"respond\" class=\"comment-respond\">\n<h3 id=\"reply-title\" class=\"comment-reply-title\"><small><a rel=\"nofollow\" id=\"cancel-comment-reply-link\" href=\"https:\/\/www.tion.ro\/cinema\/cristian-mungiu-tot-mai-aproape-de-nominalizarea-la-oscar-2027-se-afla-printre-favoritii-la-regie-cu-fjord-2334531\/#respond\">Cancel reply<\/a><\/small><\/h3>\n<p class=\"comment-notes\"><span id=\"email-notes\">Your email address will not be published.<\/span><span class=\"required-field-message\">Required fields are marked <span class=\"required\">*<\/span><\/span><\/p>\n<p class=\"commentFormComment\"><span id=\"commentFormCount\"><br \/>\n                            inca<br \/>\n                            <span id=\"countCommentText\">1000<\/span><br \/>\n                            caractere ramase<br \/>\n                        <\/span><\/p>\n<\/div>\n<\/div>\n<div class=\"bottom\">\n<p class=\"forumDisclaimerHuRo\">\n            Citi\u021bi principiile noastre de moderare <a href=\"https:\/\/www.tion.ro\/reguli-postare-comentarii\/\" target=\"_blank\">aici<\/a>!\n        <\/p>\n<\/div>\n<\/div>\n<\/div>\n<\/div>\n<\/article>\n<div class=\"entry-content clearfix\">\n<div class=\"enewsArticleContent\">\n<h3><strong>Mungiu, printre favori\u021bii pentru regie<\/strong><\/h3>\n<p>\u00cen cea mai <a href=\"https:\/\/variety.com\/feature\/2027-oscars-best-director-predictions-1236834268\/\">recent\u0103 analiz\u0103<\/a>, actualizat\u0103 s\u0103pt\u0103m\u00e2na aceasta, Variety \u00eei plaseaz\u0103 pe Christopher Nolan, pentru \u201eOdiseea\u201d, \u0219i Denis Villeneuve, pentru \u201eDune: Part Three\u201d, \u00een pozi\u021biile de lideri \u00een cursa pentru regie.<\/p>\n<p>Cristian Mungiu apare \u00een grupul regizorilor afla\u021bi \u00een urma celor doi, al\u0103turi de Martin McDonagh, pentru \u201eWild Horse Nine\u201d, \u0219i Jesse Eisenberg, pentru \u201eThe Debut\u201d. Publica\u021bia noteaz\u0103 c\u0103 \u201eFjord\u201d beneficiaz\u0103 de prestigiul Palme d\u2019Or, o recunoa\u0219tere care poate conta \u00een cursa pentru aceast\u0103 categorie.<\/p>\n<h3><strong>\u201eFjord\u201d ar putea ajunge nominalizat la Oscar \u00een mai multe categorii<\/strong><\/h3>\n<p>Noua estimare vine dup\u0103 ce Variety a inclus anterior \u201eFjord\u201d \u00een previziunile pentru mai multe categorii importante. Filmul a fost luat \u00een calcul pentru \u201eCel mai bun film\u201d, \u201eCel mai bun regizor\u201d, \u201eCea mai bun\u0103 actri\u021b\u0103\u201d, pentru Renate Reinsve, \u0219i \u201eCel mai bun scenariu original\u201d, semnat de Cristian Mungiu.<\/p>\n<p><a href=\"https:\/\/www.tion.ro\/cinema\/sebastian-stan-printre-favoritii-la-oscar-2027-fjord-ar-putea-obtine-cinci-nominalizari-2306253\/\">Sebastian Stan<\/a> apare, la r\u00e2ndul s\u0103u, printre actorii considera\u021bi favori\u021bi pentru o nominalizare la categoria \u201eCel mai bun actor\u201d, pentru rolul din \u201eFjord\u201d.<\/p>\n<p>\u00cen total, \u00eentr-o analiz\u0103 anterioar\u0103, Variety estima c\u0103 produc\u021bia ar putea ob\u021bine cinci nominaliz\u0103ri la edi\u021bia din 2027 a premiilor Oscar.<\/p>\n<p>Filmul \u00eei are \u00een rolurile principale pe Sebastian Stan \u0219i actri\u021ba norvegian\u0103 Renate Reinsve \u0219i urm\u0103re\u0219te povestea unui cuplu rom\u00e2no-norvegian care ajunge \u00een conflict cu autorit\u0103\u021bile locale din Norvegia \u00een privin\u021ba modului \u00een care \u00ee\u0219i cresc copiii. Povestea este inspirat\u0103 din cazul real al familiei Bodnariu.<\/p>\n<h3><strong>\u201eFjord\u201d, eligibil pentru categoria filmului interna\u021bional<\/strong><\/h3>\n<p>Filmul lui Cristian Mungiu este eligibil pentru categoria \u201eCel mai bun lungmetraj interna\u021bional\u201d f\u0103r\u0103 s\u0103 depind\u0103 obligatoriu de desemnarea oficial\u0103 din partea Rom\u00e2niei sau a Norvegiei. \u201eFjord\u201d are dialoguri \u00een rom\u00e2n\u0103, norvegian\u0103, suedez\u0103 \u0219i englez\u0103, iar distribuitorul american Neon a confirmat c\u0103 produc\u021bia respect\u0103 regulile Academiei privind limbile utilizate.<\/p>\n<p>Eligibilitatea este legat\u0103 \u0219i de modificarea regulamentului Oscarurilor, care permite filmelor premiate la anumite festivaluri interna\u021bionale importante s\u0103 intre \u00een cursa pentru categoria interna\u021bional\u0103 f\u0103r\u0103 s\u0103 fie obligatoriu desemnate de o comisie na\u021bional\u0103. Cum \u201eFjord\u201d a c\u00e2\u0219tigat Palme d\u2019Or la Cannes, produc\u021bia \u00eendepline\u0219te aceast\u0103 condi\u021bie.<\/p>\n<p>Totu\u0219i, Rom\u00e2nia sau Norvegia pot desemna filmul drept propunerea lor oficial\u0103 pentru aceast\u0103 categorie.<\/p>\n<p>Nominaliz\u0103rile pentru cea de-a 99-a edi\u021bie a Premiilor Oscar vor fi anun\u021bate pe 21 ianuarie 2027. Gala este programat\u0103 pentru 14 martie 2027 \u0219i va fi prezentat\u0103 de Conan O\u2019Brien.<\/p>\n<p>\u201eFjord\u201d va ajunge \u00een cinematografele din Rom\u00e2nia pe 9 octombrie, dup\u0103 ce a avut deja \u00een iunie <a href=\"https:\/\/www.tion.ro\/cinema\/fjord-filmul-lui-cristian-mungiu-ajunge-pe-ecranele-din-romania-intr-o-proiectie-unica-in-90-de-cinematografe-din-tara-2287237\/\">o avanpremier\u0103 na\u021bional\u0103<\/a> sub forma unei proiec\u021bii unice.<\/p>\n<div class=\"fbShareLikeTwitterAndEmailContainer\">\n<div class=\"wrapper\">\n<div class=\"email\">\n<div id=\"mailto-pop\" class=\"pop-form pop-form-mailto\">\n<div class=\"pop-form-header\">\n<h4>Trimite articolul<\/h4>\n<p><a class=\"pop-form-close\">X<\/a><\/div>\n<\/div>\n<\/div>\n<\/div>\n<\/div>\n<div class=\"tagsContainer\">\n<div class=\"tagsLabel\">Taguri:<\/div>\n<div class=\"tags\">\n<div class=\"tag\"><a href=\"https:\/\/www.tion.ro\/cimke\/cristian-mungiu\" rel=\"tag\"><span class=\"link\">Cristian Mungiu<\/span><span class=\"separator\">,<\/span><\/a><\/div>\n<div class=\"tag\"><a href=\"https:\/\/www.tion.ro\/cimke\/fjord\" rel=\"tag\"><span class=\"link\">fjord<\/span><span class=\"separator\">,<\/span><\/a><\/div>\n<div class=\"tag\"><a href=\"https:\/\/www.tion.ro\/cimke\/oscar-2027\" rel=\"tag\"><span class=\"link\">Oscar 2027<\/span><\/a><\/div>\n<\/div>\n<\/div>\n<div class=\"comments\">\n<div class=\"top\">\n<div class=\"commentsNumber\"><span class=\"number\">0<\/span><span class=\"text\">Comentarii<\/span><\/div>\n<\/div>\n<div class=\"center\">\n<div id=\"respond\" class=\"comment-respond\">\n<h3 id=\"reply-title\" class=\"comment-reply-title\"><small><a rel=\"nofollow\" id=\"cancel-comment-reply-link\" href=\"https:\/\/www.tion.ro\/cinema\/cristian-mungiu-tot-mai-aproape-de-nominalizarea-la-oscar-2027-se-afla-printre-favoritii-la-regie-cu-fjord-2334531\/#respond\">Cancel reply<\/a><\/small><\/h3>\n<p class=\"comment-notes\"><span id=\"email-notes\">Your email address will not be published.<\/span><span class=\"required-field-message\">Required fields are marked <span class=\"required\">*<\/span><\/span><\/p>\n<p class=\"commentFormComment\"><span id=\"commentFormCount\"><br \/>\n                            inca<br \/>\n                            <span id=\"countCommentText\">1000<\/span><br \/>\n                            caractere ramase<br \/>\n                        <\/span><\/p>\n<\/div>\n<\/div>\n<div class=\"bottom\">\n<p class=\"forumDisclaimerHuRo\">\n            Citi\u021bi principiile noastre de moderare <a href=\"https:\/\/www.tion.ro\/reguli-postare-comentarii\/\" target=\"_blank\">aici<\/a>!\n        <\/p>\n<\/div>\n<\/div>\n<\/div>\n<\/div>\n<p>[analyse_source url=&#8221;https:\/\/www.tion.ro\/cinema\/cristian-mungiu-tot-mai-aproape-de-nominalizarea-la-oscar-2027-se-afla-printre-favoritii-la-regie-cu-fjord-2334531\/&#8221;]<\/p>\n","protected":false},"excerpt":{"rendered":"<p>[analyse_image type=&#8221;featured&#8221; src=&#8221;https:\/\/www.tion.ro\/wp-content\/uploads\/2026\/06\/+otf\/1200&#215;630\/xTdLDx3T0JS3MJ34SIQDRk5PVF9WRVJZX1NFQ__K__0J2STZJYyJOVOGV2HB41O+tqxS2__PSqHoim9qN8Ihd5pqyXkklyCMHGHBYSLgK7aEtplIFv3UwzMezyEppI=\/281262714012323-scaled.jpg&#8221;] Mungiu, printre favori\u021bii pentru regie \u00cen cea mai recent\u0103 analiz\u0103, actualizat\u0103 s\u0103pt\u0103m\u00e2na aceasta, Variety \u00eei plaseaz\u0103 pe Christopher Nolan, pentru \u201eOdiseea\u201d, \u0219i Denis Villeneuve, pentru \u201eDune: Part Three\u201d, \u00een pozi\u021biile de lideri \u00een cursa pentru regie. Cristian Mungiu apare \u00een grupul regizorilor afla\u021bi \u00een urma celor doi, al\u0103turi de Martin McDonagh, pentru [&hellip;]<\/p>\n","protected":false},"author":1,"featured_media":0,"comment_status":"open","ping_status":"","sticky":false,"template":"","format":"standard","meta":{"footnotes":""},"categories":[89],"tags":[226,191],"class_list":["post-2096419","post","type-post","status-publish","format-standard","hentry","category-romania","tag-crawlmanager","tag-tion-ro"],"_links":{"self":[{"href":"https:\/\/analyse.optim.biz\/index.php?rest_route=\/wp\/v2\/posts\/2096419","targetHints":{"allow":["GET"]}}],"collection":[{"href":"https:\/\/analyse.optim.biz\/index.php?rest_route=\/wp\/v2\/posts"}],"about":[{"href":"https:\/\/analyse.optim.biz\/index.php?rest_route=\/wp\/v2\/types\/post"}],"author":[{"embeddable":true,"href":"https:\/\/analyse.optim.biz\/index.php?rest_route=\/wp\/v2\/users\/1"}],"replies":[{"embeddable":true,"href":"https:\/\/analyse.optim.biz\/index.php?rest_route=%2Fwp%2Fv2%2Fcomments&post=2096419"}],"version-history":[{"count":0,"href":"https:\/\/analyse.optim.biz\/index.php?rest_route=\/wp\/v2\/posts\/2096419\/revisions"}],"wp:attachment":[{"href":"https:\/\/analyse.optim.biz\/index.php?rest_route=%2Fwp%2Fv2%2Fmedia&parent=2096419"}],"wp:term":[{"taxonomy":"category","embeddable":true,"href":"https:\/\/analyse.optim.biz\/index.php?rest_route=%2Fwp%2Fv2%2Fcategories&post=2096419"},{"taxonomy":"post_tag","embeddable":true,"href":"https:\/\/analyse.optim.biz\/index.php?rest_route=%2Fwp%2Fv2%2Ftags&post=2096419"}],"curies":[{"name":"wp","href":"https:\/\/api.w.org\/{rel}","templated":true}]}}