{"id":2096412,"date":"2026-08-16T18:44:40","date_gmt":"2026-08-16T15:44:40","guid":{"rendered":"https:\/\/analyse.optim.biz\/?p=2096412"},"modified":"2026-08-16T18:44:40","modified_gmt":"2026-08-16T15:44:40","slug":"video-polonia-a-inaugurat-cea-mai-inalta-statuie-a-sfintei-fecioare-maria-din-europa","status":"publish","type":"post","link":"https:\/\/analyse.optim.biz\/?p=2096412","title":{"rendered":"VIDEO | Polonia a inaugurat cea mai \u00eenalt\u0103 statuie a Sfintei Fecioare Maria din Europa"},"content":{"rendered":"<p>[analyse_image type=&#8221;featured&#8221; src=&#8221;https:\/\/r3media.ro\/wp-content\/uploads\/2026\/08\/statuia-fecioarei-maria-scaled-e1786905833157.jpghttps:\/\/r3media.ro\/wp-content\/uploads\/2026\/08\/statuia-fecioarei-maria-scaled-e1786905833157.jpg&#8221;]<\/p>\n<article id=\"template-id-109\" class=\"post-109 tdb_templates type-tdb_templates status-publish post\">\n<div id=\"tdi_2\" class=\"tdc-zone\">\n<div class=\"tdc_zone tdi_3  wpb_row td-pb-row\">\n<div id=\"tdi_4\" class=\"tdc-row\">\n<div class=\"vc_row tdi_5  wpb_row td-pb-row\">\n<div class=\"vc_column tdi_7  wpb_column vc_column_container tdc-column td-pb-span8\">\n<div class=\"wpb_wrapper\">\n<div class=\"td_block_wrap tdb_breadcrumbs tdi_8 td-pb-border-top td_block_template_1 tdb-breadcrumbs \" data-td-block-uid=\"tdi_8\">\n<div class=\"tdb-block-inner td-fix-index\"><span><a title=\"Vede\u021bi toate articolele \u00een FEATURED\" class=\"tdb-entry-crumb\" href=\"https:\/\/r3media.ro\/category\/featured\/\">FEATURED<\/a><\/span><span class=\"tdb-bred-no-url-last\">VIDEO | Polonia a inaugurat cea mai \u00eenalt\u0103 statuie a Sfintei Fecioare&#8230;<\/span><\/div>\n<\/div>\n<div class=\"td_block_wrap tdb_single_categories tdi_9 td-pb-border-top td_block_template_1 \" data-td-block-uid=\"tdi_9\">\n<div class=\"tdb-category td-fix-index\"><a class=\"tdb-entry-category\" href=\"https:\/\/r3media.ro\/category\/featured\/\">FEATURED<\/a><a class=\"tdb-entry-category\" href=\"https:\/\/r3media.ro\/category\/stiri\/\">\u0218TIRI<\/a><\/div>\n<\/div>\n<div class=\"td_block_wrap tdb_title tdi_10 tdb-single-title td-pb-border-top td_block_template_1\" data-td-block-uid=\"tdi_10\">\n<div class=\"tdb-block-inner td-fix-index\">\n<h1 class=\"tdb-title-text\">VIDEO | Polonia a inaugurat cea mai \u00eenalt\u0103 statuie a Sfintei Fecioare Maria din Europa<\/h1>\n<\/div>\n<\/div>\n<div class=\"vc_row_inner tdi_12  vc_row vc_inner wpb_row td-pb-row\">\n<div class=\"vc_column_inner tdi_14  wpb_column vc_column_container tdc-inner-column td-pb-span12\">\n<div class=\"vc_column-inner\">\n<div class=\"wpb_wrapper\">\n<div class=\"td_block_wrap tdb_single_author tdi_15 td-pb-border-top td_block_template_1 tdb-post-meta\" data-td-block-uid=\"tdi_15\">\n<div class=\"tdb-block-inner td-fix-index\">\n<div class=\"tdb-author-name-wrap\"><a class=\"tdb-author-name\" href=\"https:\/\/r3media.ro\/author\/oana\/\">Oana Ivan<\/a><\/div>\n<\/div>\n<\/div>\n<div class=\"td_block_wrap tdb_single_date tdi_16 td-pb-border-top td_block_template_1 tdb-post-meta\" data-td-block-uid=\"tdi_16\">\n<div class=\"tdb-block-inner td-fix-index\"><time class=\"entry-date updated td-module-date\" datetime=\"2026-08-16T21:44:40+03:00\">16\/08\/2026<\/time><\/div>\n<\/div>\n<\/div>\n<\/div>\n<\/div>\n<\/div>\n<div class=\"td_block_wrap tdb_single_featured_image tdi_17 tdb-content-horiz-left td-pb-border-top td_block_template_1\" data-td-block-uid=\"tdi_17\">\n<div class=\"tdb-block-inner td-fix-index\">\n<figure><figcaption class=\"tdb-caption-text\">Surs\u0103 &#8211; Unsplash<\/figcaption><\/figure>\n<\/div>\n<\/div>\n<div class=\"td_block_wrap tdb_single_content tdi_18 td-pb-border-top td_block_template_1 td-post-content tagdiv-type\" data-td-block-uid=\"tdi_18\">\n<div class=\"tdb-block-inner td-fix-index\">\n<p><strong>O statuie enorm\u0103 a Sfintei Fecioare Maria, despre care se crede c\u0103 este cea mai \u00eenalt\u0103 din Europa, a fost inaugurat\u0103 s\u00e2mb\u0103t\u0103 \u00eentr-un mic din Polonia. La eveniment a participat liderul anticomunist Lech Walesa, potrivit <a href=\"https:\/\/www.theguardian.com\/world\/2026\/aug\/16\/tallest-statue-virgin-mary-poland-europe\" target=\"_blank\" rel=\"noopener\">The Guardian<\/a>.<\/strong><\/p>\n<p>Sute de oameni au participat la sfin\u021birea monumentului. Acesta se \u00eenal\u021b\u0103 la 55,6 metri deasupra satului Konotopie din centrul \u021b\u0103rii.<\/p>\n<p>La eveniment a fost oficiat\u0103 \u0219i o slujb\u0103 de c\u0103tre preo\u021bi, iar ansamblul folcloric Mazowsze a c\u00e2ntat \u0219i a dansat pe muzic\u0103 tradi\u021bional\u0103 polonez\u0103.<\/p>\n<p>Statuia este mai \u00eenalt\u0103 dec\u00e2t statuia lui Hristos M\u00e2ntuitorul din Rio de Janeiro, Brazilia. \u00cen\u0103l\u021bimea monumentului polonez include un piedestal \u00een form\u0103 de coroan\u0103 de 15 metri.<\/p>\n<p>De asemenea, dep\u0103\u0219e\u0219te un alt monument religios de mari dimensiuni din Polonia, statuia lui Hristos Regele din ora\u0219ul Swiebodzin. Aceasta a fost inaugurat\u0103 \u00een 2010 \u0219i, \u00eempreun\u0103 cu movila pe care se afl\u0103, are 52,5 metri \u00een\u0103l\u021bime.<\/p>\n<h2><strong>Polonia a inaugurat cea mai \u00eenalt\u0103 statuie a Sfintei Fecioare Maria din Europa. Lech Walesa a participat la eveniment<\/strong><\/h2>\n<p>\u00a0<\/p>\n<p>Chiar dac\u0103 monumentul Sfintei Fecioare din Polonia e cel mai \u00eenalt din Europa, exist\u0103 o statuie mai \u00eenalt\u0103 \u00een Filipine, care m\u0103soar\u0103 98 de metri.<\/p>\n<p>Walesa, care a c\u00e2\u0219tigat Premiul Nobel pentru Pace pentru conducerea rezisten\u021bei anticomuniste poloneze ca lider al sindicatului Solidaritatea \u0219i care a fost ulterior pre\u0219edinte al Poloniei, a ocupat un loc \u00een primul r\u00e2nd \u00een timpul ceremoniei de inaugurare.<\/p>\n<p>\u201eAcesta este sf\u00e2r\u0219itul drumului meu. Am \u00eenceput cu Fecioara Maria \u0219i termin cu Fecioara Maria\u201d, a spus Walesa, \u00een v\u00e2rst\u0103 de 82 de ani. El a sugerat c\u0103 cauzele pe care le-a sus\u021binut de mult timp, inclusiv democra\u021bia \u0219i credin\u021ba catolic\u0103, sunt acum \u00eendeplinite.<\/p>\n<p>\u00cen perioada \u00een care a militat pentru Solidaritatea, Walesa a purtat o bro\u0219\u0103 cu Madona Neagr\u0103 \u0219i a atribuit adesea credin\u021bei sale \u00een Dumnezeu puterea de a lupta \u00eempotriva comunismului.<\/p>\n<p>Majoritatea polonezilor se identific\u0103 drept catolici. Biserica a jucat un rol puternic \u00een via\u021ba public\u0103 dup\u0103 c\u0103derea comunismului \u00een 1989. \u00cen plus, \u021bara este patria Sf\u00e2ntului Ioan Paul al II-lea, care a fost pap\u0103 din 1978 p\u00e2n\u0103 la moartea sa \u00een 2005. O statuie imens\u0103 a fostului suveran pontif a fost dezvelit\u0103 \u00een urm\u0103 cu mai bine de un deceniu \u00een Czestochowa.<\/p>\n<blockquote class=\"twitter-tweet\" data-width=\"550\" data-dnt=\"true\">\n<p lang=\"fr\" dir=\"ltr\">\u271d\ufe0f\ud83c\uddf5\ud83c\uddf1 Alors que le la plus grande mosqu\u00e9e d&#8217;Europe s&#8217;appr\u00eate \u00e0 voir le jour \u00e0 Strasbourg, la Pologne a inaugur\u00e9 la plus haute stature de la Vierge Marie.<\/p>\n<p>Elle a \u00e9t\u00e9 b\u00e9nie hier, le jour l\u2019Assomption dans le petit village de Konotopie, en Pologne centrale pr\u00e8s de Toru\u0144.<\/p>\n<p>Elle\u2026 <a href=\"https:\/\/t.co\/GtAA5lLiWJ\">pic.twitter.com\/GtAA5lLiWJ<\/a><\/p>\n<p>\u2014 EuroScope m\u00e9dia (@EuroScope_media) <a href=\"https:\/\/x.com\/EuroScope_media\/status\/2089005225398956238?ref_src=twsrc%5Etfw\">August 16, 2026<\/a><\/p>\n<\/blockquote>\n<div class=\"crp_related     crp-masonry\">\n<h2>\u00ceN CONTEXT<\/h2>\n<ul>\n<li><a href=\"https:\/\/r3media.ro\/fara-tine-in-google-r3media-dispare-iata-ce-poti-face-in-10-secunde\/\" class=\"crp_link post-119031\"><span class=\"crp_title\">F\u0103r\u0103 tine \u00een Google, R3media dispare. Iat\u0103 ce po\u021bi face \u00een 10 secunde<\/span><\/a><\/li>\n<li><a href=\"https:\/\/r3media.ro\/polonia-critici-dure-zelenski-grupari-masacru-lech-walesa\/\" class=\"crp_link post-117415\"><span class=\"crp_title\">Polonia \u00eel critic\u0103 dur pe Zelenski pentru onorarea unei grup\u0103ri acuzate c\u0103 a masacrat\u2026<\/span><\/a><\/li>\n<li><a href=\"https:\/\/r3media.ro\/polonia-nu-mai-cedeaza-ucrainei-ultimele-sale-avioane-mig-29\/\" class=\"crp_link post-119243\"><span class=\"crp_title\">Polonia nu mai cedeaz\u0103 Ucrainei ultimele sale avioane MiG-29<\/span><\/a><\/li>\n<li><a href=\"https:\/\/r3media.ro\/polonezii-plecati-germania-intoarcere-numar-impresionant-tara-lor-crestere-economica-taxe-mici-administratie-eficienta\/\" class=\"crp_link post-112444\"><span class=\"crp_title\">Polonezii pleca\u021bi \u00een Germania se \u00eentorc \u00een num\u0103r impresionant \u00een \u021bara lor, atra\u0219i de\u2026<\/span><\/a><\/li>\n<li><a href=\"https:\/\/r3media.ro\/video-donald-trump-karol-nawrocki-casa-alba-treaba-excelenta-presedinte-polonia\/\" class=\"crp_link post-112837\"><span class=\"crp_title\">VIDEO | Donald Trump: Karol Nawrocki face o treab\u0103 fantastic\u0103. M\u0103 bucur c\u0103 l-am sus\u021binut la\u2026<\/span><\/a><\/li>\n<li><a href=\"https:\/\/r3media.ro\/polonia-tara-cumpara-aur-rezerve-banca-angliei-independenta-germania-control-varsovia\/\" class=\"crp_link post-114972\"><span class=\"crp_title\">Polonia e \u021bara care cump\u0103r\u0103 cel mai mult aur \u0219i are o rezerv\u0103 mai mare dec\u00e2t cea de la Banca\u2026<\/span><\/a><\/li>\n<li><a href=\"https:\/\/r3media.ro\/tribunal-constitutional-polonia-opreste-recunoastere-tara-casatorii-persoane-acelasi-sex-incheiate-uniunea-europeana\/\" class=\"crp_link post-120635\"><span class=\"crp_title\">Tribunalul Constitu\u021bional din Polonia opre\u0219te recunoa\u0219terea pe teritoriul \u021b\u0103rii a\u2026<\/span><\/a><\/li>\n<li><a href=\"https:\/\/r3media.ro\/tensiuni-ucraina-polonia-distinctii-nawrocki-zelenski\/\" class=\"crp_link post-118706\"><span class=\"crp_title\">Tensiuni \u00eentre Ucraina \u0219i Polonia: Mai mul\u021bi oficiali ucraineni returneaz\u0103 Var\u0219oviei\u2026<\/span><\/a><\/li>\n<\/ul>\n<\/div>\n<\/div>\n<\/div>\n<div class=\"td_block_wrap tdb_single_tags tdi_19 td-pb-border-top td_block_template_1\" data-td-block-uid=\"tdi_19\">\n<div class=\"tdb-block-inner td-fix-index\">\n<ul class=\"tdb-tags\">\n<li><span>SUBIECTE FIERBIN\u021aI<\/span><\/li>\n<li><a href=\"https:\/\/r3media.ro\/tag\/fecioara-maria\/\">fecioara maria<\/a><\/li>\n<li><a href=\"https:\/\/r3media.ro\/tag\/polonia\/\">polonia<\/a><\/li>\n<\/ul>\n<\/div>\n<\/div>\n<div class=\"td_block_wrap td_block_9 tdi_20 td_with_ajax_pagination td-pb-border-top td_block_template_1 td-column-2 td_block_padding td_block_bot_line\" data-td-block-uid=\"tdi_20\">\n<div class=\"td-block-title-wrap\">\n<h4 class=\"block-title td-block-title\"><span class=\"td-pulldown-size\">CITE\u0218TE MAI MULT<\/span><\/h4>\n<\/div>\n<div id=\"tdi_20\" class=\"td_block_inner\">\n<div class=\"td-block-row\">\n<div class=\"td-block-span6\">\n<div class=\"td_module_8 td_module_wrap\">\n<div class=\"item-details\">\n<h3 class=\"entry-title td-module-title\"><a href=\"https:\/\/r3media.ro\/presedintele-serbiei-razboiul-din-ucraina\/\" rel=\"bookmark\" title=\"Pre\u0219edintele Serbiei nu crede c\u0103 r\u0103zboiul din Ucraina se termin\u0103 cur\u00e2nd: Cred c\u0103 ne afl\u0103m la \u00eenceputul unui r\u0103zboi mult, mult mai mare\">Pre\u0219edintele Serbiei nu crede c\u0103 r\u0103zboiul din Ucraina se termin\u0103 cur\u00e2nd: Cred c\u0103 ne&#8230;<\/a><\/h3>\n<div class=\"td-module-meta-info\"><a href=\"https:\/\/r3media.ro\/category\/actualitate\/\" class=\"td-post-category\">ACTUALITATE<\/a><span class=\"td-post-author-name\"><a href=\"https:\/\/r3media.ro\/author\/teodor_stan\/\">Teodor Stan<\/a><span>&#8211;<\/span><\/span><span class=\"td-post-date\"><time class=\"entry-date updated td-module-date\" datetime=\"2026-08-10T12:22:44+03:00\">10\/08\/2026<\/time><\/span><\/div>\n<\/div>\n<\/div>\n<\/div>\n<div class=\"td-block-span6\">\n<div class=\"td_module_8 td_module_wrap\">\n<div class=\"item-details\">\n<h3 class=\"entry-title td-module-title\"><a href=\"https:\/\/r3media.ro\/fara-apa-fara-curent-fara-viitor-cum-au-sacrificat-pro-europenii-romania-pe-altarul-ecologiei-ieftine\/\" rel=\"bookmark\" title=\"F\u0103r\u0103 ap\u0103, f\u0103r\u0103 curent, f\u0103r\u0103 viitor: cum au sacrificat pro-europenii Rom\u00e2nia pe altarul ecologiei ieftine\">F\u0103r\u0103 ap\u0103, f\u0103r\u0103 curent, f\u0103r\u0103 viitor: cum au sacrificat pro-europenii Rom\u00e2nia pe altarul ecologiei&#8230;<\/a><\/h3>\n<div class=\"td-module-meta-info\"><a href=\"https:\/\/r3media.ro\/category\/actualitate\/\" class=\"td-post-category\">ACTUALITATE<\/a><span class=\"td-post-author-name\"><a href=\"https:\/\/r3media.ro\/author\/paul_lazar\/\">Paul-Daniel Laz\u0103r<\/a><span>&#8211;<\/span><\/span><span class=\"td-post-date\"><time class=\"entry-date updated td-module-date\" datetime=\"2026-08-08T22:30:54+03:00\">08\/08\/2026<\/time><\/span><\/div>\n<\/div>\n<\/div>\n<\/div>\n<\/div>\n<div class=\"td-block-row\">\n<div class=\"td-block-span6\">\n<div class=\"td_module_8 td_module_wrap\">\n<div class=\"item-details\">\n<h3 class=\"entry-title td-module-title\"><a href=\"https:\/\/r3media.ro\/show-iluzie-si-realitate-de-la-the-truman-show-la-son-of-a-rich\/\" rel=\"bookmark\" title=\"Show, iluzie \u0219i realitate: de la The Truman Show la Son of a Rich\">Show, iluzie \u0219i realitate: de la The Truman Show la Son of a Rich<\/a><\/h3>\n<div class=\"td-module-meta-info\"><a href=\"https:\/\/r3media.ro\/category\/actualitate\/\" class=\"td-post-category\">ACTUALITATE<\/a><span class=\"td-post-author-name\"><a href=\"https:\/\/r3media.ro\/author\/costi_balasoiu\/\">Constantin B\u0103l\u0103\u0219oiu<\/a><span>&#8211;<\/span><\/span><span class=\"td-post-date\"><time class=\"entry-date updated td-module-date\" datetime=\"2026-08-08T15:30:25+03:00\">08\/08\/2026<\/time><\/span><\/div>\n<\/div>\n<\/div>\n<\/div>\n<div class=\"td-block-span6\">\n<div class=\"td_module_8 td_module_wrap\">\n<div class=\"item-details\">\n<h3 class=\"entry-title td-module-title\"><a href=\"https:\/\/r3media.ro\/fani-stapanul-inelelor-surpriza-sezonul-3-sauron\/\" rel=\"bookmark\" title=\"Fanii \u201eSt\u0103p\u00e2nul Inelelor\u201c ar putea avea o surpriz\u0103 \u00een sezonul 3 din serialul \u201eInelele Puterii\u201c. Sauron se va confrunta cu o creatur\u0103 de temut\">Fanii \u201eSt\u0103p\u00e2nul Inelelor\u201c ar putea avea o surpriz\u0103 \u00een sezonul 3 din serialul \u201eInelele&#8230;<\/a><\/h3>\n<div class=\"td-module-meta-info\"><a href=\"https:\/\/r3media.ro\/category\/actualitate\/\" class=\"td-post-category\">ACTUALITATE<\/a><span class=\"td-post-author-name\"><a href=\"https:\/\/r3media.ro\/author\/oana\/\">Oana Ivan<\/a><span>&#8211;<\/span><\/span><span class=\"td-post-date\"><time class=\"entry-date updated td-module-date\" datetime=\"2026-08-08T00:19:31+03:00\">08\/08\/2026<\/time><\/span><\/div>\n<\/div>\n<\/div>\n<\/div>\n<\/div>\n<div class=\"td-block-row\">\n<div class=\"td-block-span6\">\n<div class=\"td_module_8 td_module_wrap\">\n<div class=\"item-details\">\n<h3 class=\"entry-title td-module-title\"><a href=\"https:\/\/r3media.ro\/david-popovici-fair-play-sportivi-rusi-competitii\/\" rel=\"bookmark\" title=\"David Popovici, fair-play la revenirea sportivilor ru\u0219i \u00een competi\u021bii: Le urez succes, sper s\u0103 fiu mai bun dec\u00e2t ei\">David Popovici, fair-play la revenirea sportivilor ru\u0219i \u00een competi\u021bii: Le urez succes, sper s\u0103&#8230;<\/a><\/h3>\n<div class=\"td-module-meta-info\"><a href=\"https:\/\/r3media.ro\/category\/actualitate\/\" class=\"td-post-category\">ACTUALITATE<\/a><span class=\"td-post-author-name\"><a href=\"https:\/\/r3media.ro\/author\/redactia\/\">Redac\u021bia<\/a><span>&#8211;<\/span><\/span><span class=\"td-post-date\"><time class=\"entry-date updated td-module-date\" datetime=\"2026-08-07T15:07:51+03:00\">07\/08\/2026<\/time><\/span><\/div>\n<\/div>\n<\/div>\n<\/div>\n<div class=\"td-block-span6\">\n<div class=\"td_module_8 td_module_wrap\">\n<div class=\"item-details\">\n<h3 class=\"entry-title td-module-title\"><a href=\"https:\/\/r3media.ro\/kia-recheama-service-prima-generatie-masini-electrice-e-niro-risc-incendiu\/\" rel=\"bookmark\" title=\"Kia recheam\u0103 \u00een service prima genera\u021bie de ma\u0219ini electrice e-Niro din cauza riscului de incendiu\">Kia recheam\u0103 \u00een service prima genera\u021bie de ma\u0219ini electrice e-Niro din cauza riscului de&#8230;<\/a><\/h3>\n<div class=\"td-module-meta-info\"><a href=\"https:\/\/r3media.ro\/category\/actualitate\/\" class=\"td-post-category\">ACTUALITATE<\/a><span class=\"td-post-author-name\"><a href=\"https:\/\/r3media.ro\/author\/oana\/\">Oana Ivan<\/a><span>&#8211;<\/span><\/span><span class=\"td-post-date\"><time class=\"entry-date updated td-module-date\" datetime=\"2026-08-06T17:07:42+03:00\">06\/08\/2026<\/time><\/span><\/div>\n<\/div>\n<\/div>\n<\/div>\n<\/div>\n<div class=\"td-block-row\">\n<div class=\"td-block-span6\">\n<div class=\"td_module_8 td_module_wrap\">\n<div class=\"item-details\">\n<h3 class=\"entry-title td-module-title\"><a href=\"https:\/\/r3media.ro\/drona-gasita-mare-mamaia-zona-loft-video\/\" rel=\"bookmark\" title=\"VIDEO | O dron\u0103 a fost g\u0103sit\u0103 \u00een mare, \u00een Mamaia, \u00een zona Loft\">VIDEO | O dron\u0103 a fost g\u0103sit\u0103 \u00een mare, \u00een Mamaia, \u00een zona Loft<\/a><\/h3>\n<div class=\"td-module-meta-info\"><a href=\"https:\/\/r3media.ro\/category\/actualitate\/\" class=\"td-post-category\">ACTUALITATE<\/a><span class=\"td-post-author-name\"><a href=\"https:\/\/r3media.ro\/author\/oana\/\">Oana Ivan<\/a><span>&#8211;<\/span><\/span><span class=\"td-post-date\"><time class=\"entry-date updated td-module-date\" datetime=\"2026-08-05T21:48:11+03:00\">05\/08\/2026<\/time><\/span><\/div>\n<\/div>\n<\/div>\n<\/div>\n<div class=\"td-block-span6\">\n<div class=\"td_module_8 td_module_wrap\">\n<div class=\"item-details\">\n<h3 class=\"entry-title td-module-title\"><a href=\"https:\/\/r3media.ro\/cand-incepe-scoala-in-2026-structura-an-nou-scolar\/\" rel=\"bookmark\" title=\"C\u00e2nd \u00eencepe \u0219coala \u00een 2026: Structura noului an \u0219colar, vacan\u021bele \u0219i zilele libere\">C\u00e2nd \u00eencepe \u0219coala \u00een 2026: Structura noului an \u0219colar, vacan\u021bele \u0219i zilele libere<\/a><\/h3>\n<div class=\"td-module-meta-info\"><a href=\"https:\/\/r3media.ro\/category\/actualitate\/\" class=\"td-post-category\">ACTUALITATE<\/a><span class=\"td-post-author-name\"><a href=\"https:\/\/r3media.ro\/author\/oana\/\">Oana Ivan<\/a><span>&#8211;<\/span><\/span><span class=\"td-post-date\"><time class=\"entry-date updated td-module-date\" datetime=\"2026-08-03T22:23:20+03:00\">03\/08\/2026<\/time><\/span><\/div>\n<\/div>\n<\/div>\n<\/div>\n<\/div>\n<div class=\"td-block-row\">\n<div class=\"td-block-span6\">\n<div class=\"td_module_8 td_module_wrap\">\n<div class=\"item-details\">\n<h3 class=\"entry-title td-module-title\"><a href=\"https:\/\/r3media.ro\/tara-europa-norvegia-masini-electrice-inmatriculate-cota-ridicata\/\" rel=\"bookmark\" title=\"\u021aara din Europa unde aproape toate ma\u0219inile \u00eenmatriculate sune electrice. Cota a ajuns la 97,6% \u00een iulie\">\u021aara din Europa unde aproape toate ma\u0219inile \u00eenmatriculate sune electrice. Cota a ajuns la&#8230;<\/a><\/h3>\n<div class=\"td-module-meta-info\"><a href=\"https:\/\/r3media.ro\/category\/actualitate\/\" class=\"td-post-category\">ACTUALITATE<\/a><span class=\"td-post-author-name\"><a href=\"https:\/\/r3media.ro\/author\/oana\/\">Oana Ivan<\/a><span>&#8211;<\/span><\/span><span class=\"td-post-date\"><time class=\"entry-date updated td-module-date\" datetime=\"2026-08-03T17:01:21+03:00\">03\/08\/2026<\/time><\/span><\/div>\n<\/div>\n<\/div>\n<\/div>\n<div class=\"td-block-span6\">\n<div class=\"td_module_8 td_module_wrap\">\n<div class=\"item-details\">\n<h3 class=\"entry-title td-module-title\"><a href=\"https:\/\/r3media.ro\/puterea-mitologica-instalata-a-romaniei\/\" rel=\"bookmark\" title=\"Puterea mitologic\u0103 instalat\u0103 a Rom\u00e2niei\">Puterea mitologic\u0103 instalat\u0103 a Rom\u00e2niei<\/a><\/h3>\n<div class=\"td-module-meta-info\"><a href=\"https:\/\/r3media.ro\/category\/opinii\/\" class=\"td-post-category\">OPINII<\/a><span class=\"td-post-author-name\"><a href=\"https:\/\/r3media.ro\/author\/tru\/\">TRU (Traian Ungureanu)<\/a><span>&#8211;<\/span><\/span><span class=\"td-post-date\"><time class=\"entry-date updated td-module-date\" datetime=\"2026-08-02T22:08:04+03:00\">02\/08\/2026<\/time><\/span><\/div>\n<\/div>\n<\/div>\n<\/div>\n<\/div>\n<div class=\"td-block-row\">\n<div class=\"td-block-span6\">\n<div class=\"td_module_8 td_module_wrap\">\n<div class=\"item-details\">\n<h3 class=\"entry-title td-module-title\"><a href=\"https:\/\/r3media.ro\/hyundai-recheama-service-masini-electrice-inster-risc-incendiu\/\" rel=\"bookmark\" title=\"Hyundai recheam\u0103 \u00een service zeci de mii de ma\u0219ini electrice din cauza riscului de incendiu\">Hyundai recheam\u0103 \u00een service zeci de mii de ma\u0219ini electrice din cauza riscului de&#8230;<\/a><\/h3>\n<div class=\"td-module-meta-info\"><a href=\"https:\/\/r3media.ro\/category\/actualitate\/\" class=\"td-post-category\">ACTUALITATE<\/a><span class=\"td-post-author-name\"><a href=\"https:\/\/r3media.ro\/author\/oana\/\">Oana Ivan<\/a><span>&#8211;<\/span><\/span><span class=\"td-post-date\"><time class=\"entry-date updated td-module-date\" datetime=\"2026-08-02T08:34:05+03:00\">02\/08\/2026<\/time><\/span><\/div>\n<\/div>\n<\/div>\n<\/div>\n<div class=\"td-block-span6\">\n<div class=\"td_module_8 td_module_wrap\">\n<div class=\"item-details\">\n<h3 class=\"entry-title td-module-title\"><a href=\"https:\/\/r3media.ro\/dragostea-care-transcende-epoci-descult-in-parc-1967\/\" rel=\"bookmark\" title=\"Dragostea care transcende epoci \u2014 Descul\u021b \u00een parc (1967)\">Dragostea care transcende epoci \u2014 Descul\u021b \u00een parc (1967)<\/a><\/h3>\n<div class=\"td-module-meta-info\"><a href=\"https:\/\/r3media.ro\/category\/opinii\/\" class=\"td-post-category\">OPINII<\/a><span class=\"td-post-author-name\"><a href=\"https:\/\/r3media.ro\/author\/costi_balasoiu\/\">Constantin B\u0103l\u0103\u0219oiu<\/a><span>&#8211;<\/span><\/span><span class=\"td-post-date\"><time class=\"entry-date updated td-module-date\" datetime=\"2026-08-01T13:45:14+03:00\">01\/08\/2026<\/time><\/span><\/div>\n<\/div>\n<\/div>\n<\/div>\n<\/div>\n<\/div>\n<div class=\"td-load-more-wrap td-load-more-infinite-wrap\" id=\"infinite-lm-tdi_20\"><a href=\"https:\/\/r3media.ro\/polonia-iaugurare-statuie-sfanta-fecioara-maria-video\/\" class=\"td_ajax_load_more td_ajax_load_more_js\" aria-label=\"\u00cenc\u0103rca\u021bi mai multe\" id=\"next-page-tdi_20\" data-td_block_id=\"tdi_20\">\u00cenc\u0103rca\u021bi mai multe<\/a><\/div>\n<\/div>\n<div class=\"td_block_wrap tdb_single_comments tdi_21 tdb-comm-layout2 td-pb-border-top td_block_template_1\" data-td-block-uid=\"tdi_21\">\n<div class=\"tdb-block-inner td-fix-index\">\n<div class=\"comments\" id=\"comments\">\n<div id=\"respond\" class=\"comment-respond\">\n<h3 id=\"reply-title\" class=\"comment-reply-title\">AI CEVA DE SPUS? <small><a rel=\"nofollow\" id=\"cancel-comment-reply-link\" href=\"https:\/\/r3media.ro\/polonia-iaugurare-statuie-sfanta-fecioara-maria-video\/#respond\">Renun\u021ba\u021bi la r\u0103spuns<\/a><\/small><\/h3>\n<div class=\"comment-form-input-wrap td-form-comment\">\n<div class=\"td-warning-comment\">V\u0103 rug\u0103m s\u0103 introduce\u021bi comentariul dvs.!<\/div>\n<\/div>\n<div class=\"comment-form-input-wrap td-form-author\">\n<div class=\"td-warning-author\">Introduce\u021bi aici numele dvs.<\/div>\n<\/div>\n<div class=\"comment-form-input-wrap td-form-email\">\n<div class=\"td-warning-email-error\">A\u021bi introdus o adres\u0103 de e-mail incorect\u0103!<\/div>\n<div class=\"td-warning-email\">V\u0103 rug\u0103m s\u0103 introduce\u021bi adresa dvs. de e-mail aici<\/div>\n<\/div>\n<\/div>\n<\/div>\n<\/div>\n<\/div>\n<\/div>\n<\/div>\n<div class=\"vc_column tdi_23  wpb_column vc_column_container tdc-column td-pb-span4 td-is-sticky\">\n<div class=\"wpb_wrapper\" data-sticky-enabled-on=\"W3RydWUsdHJ1ZSx0cnVlLHRydWVd\" data-sticky-offset=\"20\" data-sticky-is-width-auto=\"W2ZhbHNlLGZhbHNlLGZhbHNlLGZhbHNlXQ==\">\n<div class=\"wpb_wrapper td_block_wrap vc_widget_sidebar tdi_25 \">\n<div class=\"td_block_wrap td_block_7 td_block_widget tdi_26 td-pb-border-top td_block_template_1 td-column-1 td_block_padding\" data-td-block-uid=\"tdi_26\">\n<div class=\"td-block-title-wrap\">\n<h4 class=\"block-title td-block-title\"><span class=\"td-pulldown-size\">Articole RELA\u021aIONATE<\/span><\/h4>\n<\/div>\n<div id=\"tdi_26\" class=\"td_block_inner\">\n<div class=\"td-block-span12\">\n<div class=\"td_module_6 td_module_wrap td-animation-stack\">\n<div class=\"td-module-thumb\"><a href=\"https:\/\/r3media.ro\/masina-electrica-barbat-foc-incarcare-rechemare-service-nissan-leaf\/\" rel=\"bookmark\" class=\"td-image-wrap \" title=\"Ma\u0219ina electric\u0103 a unui b\u0103rbat a luat foc \u00een timp ce se afla la \u00eenc\u0103rcat. Vehiculul fusese anterior rechemat \u00een service tocmai pentru a se preveni astfel de incendii\"><img loading=\"lazy\" decoding=\"async\" class=\"entry-thumb\" src=\"https:\/\/r3media.ro\/wp-content\/uploads\/2024\/06\/baterie-masina-electrica-foc-100x70.png\" alt title=\"Ma\u0219ina electric\u0103 a unui b\u0103rbat a luat foc \u00een timp ce se afla la \u00eenc\u0103rcat. Vehiculul fusese anterior rechemat \u00een service tocmai pentru a se preveni astfel de incendii\" width=\"100\" height=\"70\"><\/a><\/div>\n<div class=\"item-details\">\n<h3 class=\"entry-title td-module-title\"><a href=\"https:\/\/r3media.ro\/masina-electrica-barbat-foc-incarcare-rechemare-service-nissan-leaf\/\" rel=\"bookmark\" title=\"Ma\u0219ina electric\u0103 a unui b\u0103rbat a luat foc \u00een timp ce se afla la \u00eenc\u0103rcat. Vehiculul fusese anterior rechemat \u00een service tocmai pentru a se preveni astfel de incendii\">Ma\u0219ina electric\u0103 a unui b\u0103rbat a luat foc \u00een timp ce&#8230;<\/a><\/h3>\n<div class=\"td-module-meta-info\"><span class=\"td-post-date\"><time class=\"entry-date updated td-module-date\" datetime=\"2026-08-16T11:29:15+03:00\">16\/08\/2026<\/time><\/span><\/div>\n<\/div>\n<\/div>\n<\/div>\n<div class=\"td-block-span12\">\n<div class=\"td_module_6 td_module_wrap td-animation-stack\">\n<div class=\"td-module-thumb\"><a href=\"https:\/\/r3media.ro\/the-economist-unirea-republicii-moldova-cu-romania\/\" rel=\"bookmark\" class=\"td-image-wrap \" title=\"The Economist: S-ar putea uni Republica Moldova cu Rom\u00e2nia?\"><img loading=\"lazy\" decoding=\"async\" class=\"entry-thumb\" src=\"https:\/\/r3media.ro\/wp-content\/uploads\/2021\/11\/basarabia-e-romania-100x70.jpg\" alt title=\"The Economist: S-ar putea uni Republica Moldova cu Rom\u00e2nia?\" width=\"100\" height=\"70\"><\/a><\/div>\n<div class=\"item-details\">\n<h3 class=\"entry-title td-module-title\"><a href=\"https:\/\/r3media.ro\/the-economist-unirea-republicii-moldova-cu-romania\/\" rel=\"bookmark\" title=\"The Economist: S-ar putea uni Republica Moldova cu Rom\u00e2nia?\">The Economist: S-ar putea uni Republica Moldova cu Rom\u00e2nia?<\/a><\/h3>\n<div class=\"td-module-meta-info\"><span class=\"td-post-date\"><time class=\"entry-date updated td-module-date\" datetime=\"2026-08-15T22:37:53+03:00\">15\/08\/2026<\/time><\/span><\/div>\n<\/div>\n<\/div>\n<\/div>\n<div class=\"td-block-span12\">\n<div class=\"td_module_6 td_module_wrap td-animation-stack\">\n<div class=\"td-module-thumb\"><a href=\"https:\/\/r3media.ro\/calendarul-zilei-16-august-sf-martiri-brancoveni-ziua-nationala-de-constientizare-a-violentelor-impotriva-crestinilor\/\" rel=\"bookmark\" class=\"td-image-wrap \" title=\"Calendarul zilei 16 august: Sf.Martiri Br\u00e2ncoveni. Ziua na\u021bional\u0103 de con\u0219tientizare a violen\u021belor \u00eempotriva cre\u0219tinilor\"><img loading=\"lazy\" decoding=\"async\" class=\"entry-thumb\" src=\"https:\/\/r3media.ro\/wp-content\/uploads\/2021\/08\/sfintii-martiri-brancoveni-100x70.jpg\" alt title=\"Calendarul zilei 16 august: Sf.Martiri Br\u00e2ncoveni. Ziua na\u021bional\u0103 de con\u0219tientizare a violen\u021belor \u00eempotriva cre\u0219tinilor\" width=\"100\" height=\"70\"><\/a><\/div>\n<div class=\"item-details\">\n<h3 class=\"entry-title td-module-title\"><a href=\"https:\/\/r3media.ro\/calendarul-zilei-16-august-sf-martiri-brancoveni-ziua-nationala-de-constientizare-a-violentelor-impotriva-crestinilor\/\" rel=\"bookmark\" title=\"Calendarul zilei 16 august: Sf.Martiri Br\u00e2ncoveni. Ziua na\u021bional\u0103 de con\u0219tientizare a violen\u021belor \u00eempotriva cre\u0219tinilor\">Calendarul zilei 16 august: Sf.Martiri Br\u00e2ncoveni. Ziua na\u021bional\u0103 de con\u0219tientizare a&#8230;<\/a><\/h3>\n<div class=\"td-module-meta-info\"><span class=\"td-post-date\"><time class=\"entry-date updated td-module-date\" datetime=\"2026-08-15T22:00:36+03:00\">15\/08\/2026<\/time><\/span><\/div>\n<\/div>\n<\/div>\n<\/div>\n<div class=\"td-block-span12\">\n<div class=\"td_module_6 td_module_wrap td-animation-stack\">\n<div class=\"td-module-thumb\"><a href=\"https:\/\/r3media.ro\/noi-reguli-paris-utilizatori-trotinete-electrice-accidente-grave\/\" rel=\"bookmark\" class=\"td-image-wrap \" title=\"Noi reguli \u00een Paris pentru utilizatorii de trotinete electrice, din cauza num\u0103rului mare de accidente grave\"><img loading=\"lazy\" decoding=\"async\" class=\"entry-thumb\" src=\"https:\/\/r3media.ro\/wp-content\/uploads\/2025\/09\/control-judiciar-trotinetist-100x70.png\" alt title=\"Noi reguli \u00een Paris pentru utilizatorii de trotinete electrice, din cauza num\u0103rului mare de accidente grave\" width=\"100\" height=\"70\"><\/a><\/div>\n<div class=\"item-details\">\n<h3 class=\"entry-title td-module-title\"><a href=\"https:\/\/r3media.ro\/noi-reguli-paris-utilizatori-trotinete-electrice-accidente-grave\/\" rel=\"bookmark\" title=\"Noi reguli \u00een Paris pentru utilizatorii de trotinete electrice, din cauza num\u0103rului mare de accidente grave\">Noi reguli \u00een Paris pentru utilizatorii de trotinete electrice, din cauza&#8230;<\/a><\/h3>\n<div class=\"td-module-meta-info\"><span class=\"td-post-date\"><time class=\"entry-date updated td-module-date\" datetime=\"2026-08-15T12:58:57+03:00\">15\/08\/2026<\/time><\/span><\/div>\n<\/div>\n<\/div>\n<\/div>\n<div class=\"td-block-span12\">\n<div class=\"td_module_6 td_module_wrap td-animation-stack\">\n<div class=\"td-module-thumb\"><a href=\"https:\/\/r3media.ro\/femeie-108-ani-franta-agresata-jefuita-autoritati-refuza-detalii-atacatori\/\" rel=\"bookmark\" class=\"td-image-wrap \" title=\"O femeie de 108 ani din Fran\u021ba a fost agresat\u0103 \u0219i jefuit\u0103. Autorit\u0103\u021bile refuz\u0103 s\u0103 dea detalii despre atacatori\"><img loading=\"lazy\" decoding=\"async\" class=\"entry-thumb\" src=\"https:\/\/r3media.ro\/wp-content\/uploads\/2026\/08\/femeie-batrana-100x70.jpg\" alt title=\"O femeie de 108 ani din Fran\u021ba a fost agresat\u0103 \u0219i jefuit\u0103. Autorit\u0103\u021bile refuz\u0103 s\u0103 dea detalii despre atacatori\" width=\"100\" height=\"70\"><\/a><\/div>\n<div class=\"item-details\">\n<h3 class=\"entry-title td-module-title\"><a href=\"https:\/\/r3media.ro\/femeie-108-ani-franta-agresata-jefuita-autoritati-refuza-detalii-atacatori\/\" rel=\"bookmark\" title=\"O femeie de 108 ani din Fran\u021ba a fost agresat\u0103 \u0219i jefuit\u0103. Autorit\u0103\u021bile refuz\u0103 s\u0103 dea detalii despre atacatori\">O femeie de 108 ani din Fran\u021ba a fost agresat\u0103 \u0219i&#8230;<\/a><\/h3>\n<div class=\"td-module-meta-info\"><span class=\"td-post-date\"><time class=\"entry-date updated td-module-date\" datetime=\"2026-08-15T12:33:30+03:00\">15\/08\/2026<\/time><\/span><\/div>\n<\/div>\n<\/div>\n<\/div>\n<div class=\"td-block-span12\">\n<div class=\"td_module_6 td_module_wrap td-animation-stack\">\n<div class=\"td-module-thumb\"><a href=\"https:\/\/r3media.ro\/video-david-popovici-aur-la-200-m-liber-la-europenele-de-la-paris-aici-e-romania\/\" rel=\"bookmark\" class=\"td-image-wrap \" title=\"VIDEO | David Popovici, aur la 200 m liber la Europenele de la Paris: Aici e Rom\u00e2nia!\"><img loading=\"lazy\" decoding=\"async\" class=\"entry-thumb\" src=\"https:\/\/r3media.ro\/wp-content\/uploads\/2026\/08\/david-popovici-100x70.jpeg\" alt title=\"VIDEO | David Popovici, aur la 200 m liber la Europenele de la Paris: Aici e Rom\u00e2nia!\" width=\"100\" height=\"70\"><\/a><\/div>\n<div class=\"item-details\">\n<h3 class=\"entry-title td-module-title\"><a href=\"https:\/\/r3media.ro\/video-david-popovici-aur-la-200-m-liber-la-europenele-de-la-paris-aici-e-romania\/\" rel=\"bookmark\" title=\"VIDEO | David Popovici, aur la 200 m liber la Europenele de la Paris: Aici e Rom\u00e2nia!\">VIDEO | David Popovici, aur la 200 m liber la Europenele&#8230;<\/a><\/h3>\n<div class=\"td-module-meta-info\"><span class=\"td-post-date\"><time class=\"entry-date updated td-module-date\" datetime=\"2026-08-15T11:27:28+03:00\">15\/08\/2026<\/time><\/span><\/div>\n<\/div>\n<\/div>\n<\/div>\n<div class=\"td-block-span12\">\n<div class=\"td_module_6 td_module_wrap td-animation-stack\">\n<div class=\"td-module-thumb\"><a href=\"https:\/\/r3media.ro\/15-august-adormirea-maicii-domnului-sf-maria-mare-ziua-marinei-romane\/\" rel=\"bookmark\" class=\"td-image-wrap \" title=\"Calendarul zilei 15 august: Adormirea Maicii Domnului (Sf. Maria Mare) \/ Ziua Marinei Rom\u00e2ne\"><img loading=\"lazy\" decoding=\"async\" class=\"entry-thumb\" src=\"https:\/\/r3media.ro\/wp-content\/uploads\/2021\/08\/adormirea-maicii-domnului-traditii-si-obiceiuri-de-sfanta-maria-mare-100x70.jpg\" alt title=\"Calendarul zilei 15 august: Adormirea Maicii Domnului (Sf. Maria Mare) \/ Ziua Marinei Rom\u00e2ne\" width=\"100\" height=\"70\"><\/a><\/div>\n<div class=\"item-details\">\n<h3 class=\"entry-title td-module-title\"><a href=\"https:\/\/r3media.ro\/15-august-adormirea-maicii-domnului-sf-maria-mare-ziua-marinei-romane\/\" rel=\"bookmark\" title=\"Calendarul zilei 15 august: Adormirea Maicii Domnului (Sf. Maria Mare) \/ Ziua Marinei Rom\u00e2ne\">Calendarul zilei 15 august: Adormirea Maicii Domnului (Sf. Maria Mare) \/&#8230;<\/a><\/h3>\n<div class=\"td-module-meta-info\"><span class=\"td-post-date\"><time class=\"entry-date updated td-module-date\" datetime=\"2026-08-14T23:00:03+03:00\">14\/08\/2026<\/time><\/span><\/div>\n<\/div>\n<\/div>\n<\/div>\n<\/div>\n<\/div>\n<aside class=\"td_block_template_1 widget widget_recent_comments\">\n<h4 class=\"block-title\"><span>INTR\u0102 \u00ceN DISCU\u021aIE!<\/span><\/h4>\n<ul id=\"recentcomments\">\n<li class=\"recentcomments\"><span class=\"comment-author-link\">Arsenie<\/span> la <a href=\"https:\/\/r3media.ro\/cornel-nistorescu-ambulanta-recea-cristur-stiri-false-interzicere\/#comment-40385\">Cornel Nistorescu, despre incidentul cu ambulan\u021ba de la Recea-Cristur: Statul rom\u00e2n a\u0219teapt\u0103 s\u0103 interzic\u0103 \u0219tirile false \u0219i, pe l\u00eeng\u0103, tot ce nu convine puterii<\/a><\/li>\n<li class=\"recentcomments\"><span class=\"comment-author-link\">Nicu<\/span> la <a href=\"https:\/\/r3media.ro\/gen-silviu-predoiu-guvern-roman-bruxelles\/#comment-40384\">Gen. Silviu Predoiu: Misiunea guvernului rom\u00e2n nu este s\u0103 ob\u021bin\u0103 note bune la Bruxelles. Nu este s\u0103 transforme fiecare decizie strategic\u0103 \u00eentr-o \u00eentrebare: \u201cAvem voie?\u201d<\/a><\/li>\n<li class=\"recentcomments\"><span class=\"comment-author-link\">Nicu<\/span> la <a href=\"https:\/\/r3media.ro\/sri-in-scoli-expert-scuza-monitorizare-radicalizare\/#comment-40383\">SRI \u00een \u0219coli. Expert: SRI \u0219i \u201eb\u0103e\u021bii\u201d vor folosi aceast\u0103 scuz\u0103 c\u0103 \u201emonitorizeaz\u0103 radicalizarea\u201d ca s\u0103 vin\u0103 dup\u0103 oricine bate la ochi<\/a><\/li>\n<li class=\"recentcomments\"><span class=\"comment-author-link\">Nicu<\/span> la <a href=\"https:\/\/r3media.ro\/radu-naum-david-popovici-dialog-rus\/#comment-40382\">Ziaristul Radu Naum consider\u0103 c\u0103 dialogul amical dintre David Popovici \u0219i adversarul s\u0103u rus ar fi fost \u201eopera\u021biune ruseasc\u0103\u201d de manipulare<\/a><\/li>\n<li class=\"recentcomments\"><span class=\"comment-author-link\">E.T.<\/span> la <a href=\"https:\/\/r3media.ro\/cornel-nistorescu-ambulanta-recea-cristur-stiri-false-interzicere\/#comment-40381\">Cornel Nistorescu, despre incidentul cu ambulan\u021ba de la Recea-Cristur: Statul rom\u00e2n a\u0219teapt\u0103 s\u0103 interzic\u0103 \u0219tirile false \u0219i, pe l\u00eeng\u0103, tot ce nu convine puterii<\/a><\/li>\n<li class=\"recentcomments\"><span class=\"comment-author-link\">E.T.<\/span> la <a href=\"https:\/\/r3media.ro\/sri-in-scoli-expert-scuza-monitorizare-radicalizare\/#comment-40380\">SRI \u00een \u0219coli. Expert: SRI \u0219i \u201eb\u0103e\u021bii\u201d vor folosi aceast\u0103 scuz\u0103 c\u0103 \u201emonitorizeaz\u0103 radicalizarea\u201d ca s\u0103 vin\u0103 dup\u0103 oricine bate la ochi<\/a><\/li>\n<li class=\"recentcomments\"><span class=\"comment-author-link\">E.T.<\/span> la <a href=\"https:\/\/r3media.ro\/video-david-popovici-paris-aur\/#comment-40379\">VIDEO | David Popovici, rege pentru a treia oar\u0103 la Paris: aur \u0219i record al competi\u021biei la 100 m liber<\/a><\/li>\n<\/ul>\n<\/aside>\n<aside class=\"td_block_template_1 widget widget_search\">\n<h4 class=\"block-title\"><span>CAUT\u0102 \u0218I VEI G\u0102SI<\/span><\/h4>\n<\/aside>\n<\/div>\n<\/div>\n<\/div>\n<\/div>\n<\/div>\n<\/div>\n<\/div>\n<p><span class=\"td-page-meta\"><\/span><span class=\"td-page-meta\"><span class=\"td-page-meta\"><\/span><\/span><span class=\"td-page-meta\"><\/span><\/article>\n<\/p>\n<div class=\"td_block_wrap tdb_single_content tdi_18 td-pb-border-top td_block_template_1 td-post-content tagdiv-type\" data-td-block-uid=\"tdi_18\">\n<div class=\"tdb-block-inner td-fix-index\">\n<p><strong>O statuie enorm\u0103 a Sfintei Fecioare Maria, despre care se crede c\u0103 este cea mai \u00eenalt\u0103 din Europa, a fost inaugurat\u0103 s\u00e2mb\u0103t\u0103 \u00eentr-un mic din Polonia. La eveniment a participat liderul anticomunist Lech Walesa, potrivit <a href=\"https:\/\/www.theguardian.com\/world\/2026\/aug\/16\/tallest-statue-virgin-mary-poland-europe\" target=\"_blank\" rel=\"noopener\">The Guardian<\/a>.<\/strong><\/p>\n<p>Sute de oameni au participat la sfin\u021birea monumentului. Acesta se \u00eenal\u021b\u0103 la 55,6 metri deasupra satului Konotopie din centrul \u021b\u0103rii.<\/p>\n<p>La eveniment a fost oficiat\u0103 \u0219i o slujb\u0103 de c\u0103tre preo\u021bi, iar ansamblul folcloric Mazowsze a c\u00e2ntat \u0219i a dansat pe muzic\u0103 tradi\u021bional\u0103 polonez\u0103.<\/p>\n<p>Statuia este mai \u00eenalt\u0103 dec\u00e2t statuia lui Hristos M\u00e2ntuitorul din Rio de Janeiro, Brazilia. \u00cen\u0103l\u021bimea monumentului polonez include un piedestal \u00een form\u0103 de coroan\u0103 de 15 metri.<\/p>\n<p>De asemenea, dep\u0103\u0219e\u0219te un alt monument religios de mari dimensiuni din Polonia, statuia lui Hristos Regele din ora\u0219ul Swiebodzin. Aceasta a fost inaugurat\u0103 \u00een 2010 \u0219i, \u00eempreun\u0103 cu movila pe care se afl\u0103, are 52,5 metri \u00een\u0103l\u021bime.<\/p>\n<h2><strong>Polonia a inaugurat cea mai \u00eenalt\u0103 statuie a Sfintei Fecioare Maria din Europa. Lech Walesa a participat la eveniment<\/strong><\/h2>\n<p>\u00a0<\/p>\n<p>Chiar dac\u0103 monumentul Sfintei Fecioare din Polonia e cel mai \u00eenalt din Europa, exist\u0103 o statuie mai \u00eenalt\u0103 \u00een Filipine, care m\u0103soar\u0103 98 de metri.<\/p>\n<p>Walesa, care a c\u00e2\u0219tigat Premiul Nobel pentru Pace pentru conducerea rezisten\u021bei anticomuniste poloneze ca lider al sindicatului Solidaritatea \u0219i care a fost ulterior pre\u0219edinte al Poloniei, a ocupat un loc \u00een primul r\u00e2nd \u00een timpul ceremoniei de inaugurare.<\/p>\n<p>\u201eAcesta este sf\u00e2r\u0219itul drumului meu. Am \u00eenceput cu Fecioara Maria \u0219i termin cu Fecioara Maria\u201d, a spus Walesa, \u00een v\u00e2rst\u0103 de 82 de ani. El a sugerat c\u0103 cauzele pe care le-a sus\u021binut de mult timp, inclusiv democra\u021bia \u0219i credin\u021ba catolic\u0103, sunt acum \u00eendeplinite.<\/p>\n<p>\u00cen perioada \u00een care a militat pentru Solidaritatea, Walesa a purtat o bro\u0219\u0103 cu Madona Neagr\u0103 \u0219i a atribuit adesea credin\u021bei sale \u00een Dumnezeu puterea de a lupta \u00eempotriva comunismului.<\/p>\n<p>Majoritatea polonezilor se identific\u0103 drept catolici. Biserica a jucat un rol puternic \u00een via\u021ba public\u0103 dup\u0103 c\u0103derea comunismului \u00een 1989. \u00cen plus, \u021bara este patria Sf\u00e2ntului Ioan Paul al II-lea, care a fost pap\u0103 din 1978 p\u00e2n\u0103 la moartea sa \u00een 2005. O statuie imens\u0103 a fostului suveran pontif a fost dezvelit\u0103 \u00een urm\u0103 cu mai bine de un deceniu \u00een Czestochowa.<\/p>\n<blockquote class=\"twitter-tweet\" data-width=\"550\" data-dnt=\"true\">\n<p lang=\"fr\" dir=\"ltr\">\u271d\ufe0f\ud83c\uddf5\ud83c\uddf1 Alors que le la plus grande mosqu\u00e9e d&#8217;Europe s&#8217;appr\u00eate \u00e0 voir le jour \u00e0 Strasbourg, la Pologne a inaugur\u00e9 la plus haute stature de la Vierge Marie.<\/p>\n<p>Elle a \u00e9t\u00e9 b\u00e9nie hier, le jour l\u2019Assomption dans le petit village de Konotopie, en Pologne centrale pr\u00e8s de Toru\u0144.<\/p>\n<p>Elle\u2026 <a href=\"https:\/\/t.co\/GtAA5lLiWJ\">pic.twitter.com\/GtAA5lLiWJ<\/a><\/p>\n<p>\u2014 EuroScope m\u00e9dia (@EuroScope_media) <a href=\"https:\/\/x.com\/EuroScope_media\/status\/2089005225398956238?ref_src=twsrc%5Etfw\">August 16, 2026<\/a><\/p>\n<\/blockquote>\n<div class=\"crp_related     crp-masonry\">\n<h2>\u00ceN CONTEXT<\/h2>\n<ul>\n<li><a href=\"https:\/\/r3media.ro\/fara-tine-in-google-r3media-dispare-iata-ce-poti-face-in-10-secunde\/\" class=\"crp_link post-119031\"><span class=\"crp_title\">F\u0103r\u0103 tine \u00een Google, R3media dispare. Iat\u0103 ce po\u021bi face \u00een 10 secunde<\/span><\/a><\/li>\n<li><a href=\"https:\/\/r3media.ro\/polonia-critici-dure-zelenski-grupari-masacru-lech-walesa\/\" class=\"crp_link post-117415\"><span class=\"crp_title\">Polonia \u00eel critic\u0103 dur pe Zelenski pentru onorarea unei grup\u0103ri acuzate c\u0103 a masacrat\u2026<\/span><\/a><\/li>\n<li><a href=\"https:\/\/r3media.ro\/polonia-nu-mai-cedeaza-ucrainei-ultimele-sale-avioane-mig-29\/\" class=\"crp_link post-119243\"><span class=\"crp_title\">Polonia nu mai cedeaz\u0103 Ucrainei ultimele sale avioane MiG-29<\/span><\/a><\/li>\n<li><a href=\"https:\/\/r3media.ro\/polonezii-plecati-germania-intoarcere-numar-impresionant-tara-lor-crestere-economica-taxe-mici-administratie-eficienta\/\" class=\"crp_link post-112444\"><span class=\"crp_title\">Polonezii pleca\u021bi \u00een Germania se \u00eentorc \u00een num\u0103r impresionant \u00een \u021bara lor, atra\u0219i de\u2026<\/span><\/a><\/li>\n<li><a href=\"https:\/\/r3media.ro\/video-donald-trump-karol-nawrocki-casa-alba-treaba-excelenta-presedinte-polonia\/\" class=\"crp_link post-112837\"><span class=\"crp_title\">VIDEO | Donald Trump: Karol Nawrocki face o treab\u0103 fantastic\u0103. M\u0103 bucur c\u0103 l-am sus\u021binut la\u2026<\/span><\/a><\/li>\n<li><a href=\"https:\/\/r3media.ro\/polonia-tara-cumpara-aur-rezerve-banca-angliei-independenta-germania-control-varsovia\/\" class=\"crp_link post-114972\"><span class=\"crp_title\">Polonia e \u021bara care cump\u0103r\u0103 cel mai mult aur \u0219i are o rezerv\u0103 mai mare dec\u00e2t cea de la Banca\u2026<\/span><\/a><\/li>\n<li><a href=\"https:\/\/r3media.ro\/tribunal-constitutional-polonia-opreste-recunoastere-tara-casatorii-persoane-acelasi-sex-incheiate-uniunea-europeana\/\" class=\"crp_link post-120635\"><span class=\"crp_title\">Tribunalul Constitu\u021bional din Polonia opre\u0219te recunoa\u0219terea pe teritoriul \u021b\u0103rii a\u2026<\/span><\/a><\/li>\n<li><a href=\"https:\/\/r3media.ro\/tensiuni-ucraina-polonia-distinctii-nawrocki-zelenski\/\" class=\"crp_link post-118706\"><span class=\"crp_title\">Tensiuni \u00eentre Ucraina \u0219i Polonia: Mai mul\u021bi oficiali ucraineni returneaz\u0103 Var\u0219oviei\u2026<\/span><\/a><\/li>\n<\/ul>\n<\/div>\n<\/div>\n<\/div>\n<p>[analyse_source url=&#8221;https:\/\/r3media.ro\/polonia-iaugurare-statuie-sfanta-fecioara-maria-video\/&#8221;]<\/p>\n","protected":false},"excerpt":{"rendered":"<p>[analyse_image type=&#8221;featured&#8221; src=&#8221;https:\/\/r3media.ro\/wp-content\/uploads\/2026\/08\/statuia-fecioarei-maria-scaled-e1786905833157.jpghttps:\/\/r3media.ro\/wp-content\/uploads\/2026\/08\/statuia-fecioarei-maria-scaled-e1786905833157.jpg&#8221;] FEATUREDVIDEO | Polonia a inaugurat cea mai \u00eenalt\u0103 statuie a Sfintei Fecioare&#8230; FEATURED\u0218TIRI VIDEO | Polonia a inaugurat cea mai \u00eenalt\u0103 statuie a Sfintei Fecioare Maria din Europa Oana Ivan 16\/08\/2026 Surs\u0103 &#8211; Unsplash O statuie enorm\u0103 a Sfintei Fecioare Maria, despre care se crede c\u0103 este cea mai \u00eenalt\u0103 din Europa, [&hellip;]<\/p>\n","protected":false},"author":1,"featured_media":0,"comment_status":"open","ping_status":"","sticky":false,"template":"","format":"standard","meta":{"footnotes":""},"categories":[89],"tags":[226,93],"class_list":["post-2096412","post","type-post","status-publish","format-standard","hentry","category-romania","tag-crawlmanager","tag-r3media-ro"],"_links":{"self":[{"href":"https:\/\/analyse.optim.biz\/index.php?rest_route=\/wp\/v2\/posts\/2096412","targetHints":{"allow":["GET"]}}],"collection":[{"href":"https:\/\/analyse.optim.biz\/index.php?rest_route=\/wp\/v2\/posts"}],"about":[{"href":"https:\/\/analyse.optim.biz\/index.php?rest_route=\/wp\/v2\/types\/post"}],"author":[{"embeddable":true,"href":"https:\/\/analyse.optim.biz\/index.php?rest_route=\/wp\/v2\/users\/1"}],"replies":[{"embeddable":true,"href":"https:\/\/analyse.optim.biz\/index.php?rest_route=%2Fwp%2Fv2%2Fcomments&post=2096412"}],"version-history":[{"count":0,"href":"https:\/\/analyse.optim.biz\/index.php?rest_route=\/wp\/v2\/posts\/2096412\/revisions"}],"wp:attachment":[{"href":"https:\/\/analyse.optim.biz\/index.php?rest_route=%2Fwp%2Fv2%2Fmedia&parent=2096412"}],"wp:term":[{"taxonomy":"category","embeddable":true,"href":"https:\/\/analyse.optim.biz\/index.php?rest_route=%2Fwp%2Fv2%2Fcategories&post=2096412"},{"taxonomy":"post_tag","embeddable":true,"href":"https:\/\/analyse.optim.biz\/index.php?rest_route=%2Fwp%2Fv2%2Ftags&post=2096412"}],"curies":[{"name":"wp","href":"https:\/\/api.w.org\/{rel}","templated":true}]}}