{"id":2096396,"date":"2026-08-12T19:46:41","date_gmt":"2026-08-12T16:46:41","guid":{"rendered":"https:\/\/analyse.optim.biz\/?p=2096396"},"modified":"2026-08-12T19:46:41","modified_gmt":"2026-08-12T16:46:41","slug":"seceta-ar-putea-rationaliza-apa-pe-valea-slanicului","status":"publish","type":"post","link":"https:\/\/analyse.optim.biz\/?p=2096396","title":{"rendered":"Seceta ar putea ra\u0163ionaliza apa pe Valea Sl\u0103nicului"},"content":{"rendered":"<p>[analyse_image type=&#8221;featured&#8221; src=&#8221;https:\/\/www.tvbuzau.ro\/wp-content\/uploads\/2026\/08\/sddefault-29.jpghttps:\/\/www.tvbuzau.ro\/wp-content\/uploads\/2026\/08\/sddefault-29.jpg&#8221;]<\/p>\n<div class=\"td-ss-main-content\">\n<article id=\"post-120014\" class=\"post-120014 post type-post status-publish format-video has-post-thumbnail hentry category-actualitate post_format-post-format-video\">\n<div class=\"td-post-header\">\n<ul class=\"td-category\">\n<li class=\"entry-category\"><a href=\"https:\/\/www.tvbuzau.ro\/category\/actualitate\/\">Actualitate<\/a><\/li>\n<\/ul>\n<header class=\"td-post-title\">\n<h1 class=\"entry-title\">Seceta ar putea ra\u0163ionaliza apa pe Valea Sl\u0103nicului<\/h1>\n<div class=\"td-module-meta-info\">\n<div class=\"td-post-author-name\">De c\u0103tre <a href=\"https:\/\/www.tvbuzau.ro\/author\/mihai-vasilescu\/\">TV Buz\u0103u<\/a> &#8211; <\/div>\n<p><span class=\"td-post-date\"><time class=\"entry-date updated td-module-date\" datetime=\"2026-08-12T19:46:41+00:00\">august 12, 2026<\/time><\/span><\/p>\n<div class=\"td-post-comments\"><a href=\"https:\/\/www.tvbuzau.ro\/seceta-ar-putea-rationaliza-apa-pe-valea-slanicului\/#respond\">0<\/a><\/div>\n<div class=\"td-post-views\"><span class=\"td-nr-views-120014\">20<\/span><\/div>\n<\/div>\n<\/header>\n<\/div>\n<div class=\"td-post-sharing td-post-sharing-top td-with-like\">\n<div class=\"td-default-sharing\"><a class=\"td-social-sharing-buttons td-social-facebook\" href=\"http:\/\/www.facebook.com\/sharer.php?u=https%3A%2F%2Fwww.tvbuzau.ro%2Fseceta-ar-putea-rationaliza-apa-pe-valea-slanicului%2F\"><\/p>\n<div class=\"td-social-but-text\">Distribui\u021bi pe Facebook<\/div>\n<p><\/a><a class=\"td-social-sharing-buttons td-social-twitter\" href=\"https:\/\/twitter.com\/intent\/tweet?text=Seceta+ar+putea+ra%C5%A3ionaliza+apa+pe+Valea+Sl%C4%83nicului&amp;url=https%3A%2F%2Fwww.tvbuzau.ro%2Fseceta-ar-putea-rationaliza-apa-pe-valea-slanicului%2F&amp;via=TV+Buz%C4%83u\"><\/p>\n<div class=\"td-social-but-text\">Distribui\u021bi pe Twitter<\/div>\n<p><\/a><\/div>\n<div class=\"td-classic-sharing\">\n<ul>\n<li class=\"td-classic-facebook\"><iframe frameborder src=\"https:\/\/www.facebook.com\/plugins\/like.php?href=https:\/\/www.tvbuzau.ro\/seceta-ar-putea-rationaliza-apa-pe-valea-slanicului\/&amp;layout=button_count&amp;show_faces=false&amp;width=105&amp;action=like&amp;colorscheme=light&amp;height=21\"><\/iframe><\/li>\n<li class=\"td-classic-twitter\"><a href=\"https:\/\/twitter.com\/share\" class=\"twitter-share-button\" data-url=\"https:\/\/www.tvbuzau.ro\/seceta-ar-putea-rationaliza-apa-pe-valea-slanicului\/\" data-text=\"Seceta ar putea ra\u0163ionaliza apa pe Valea Sl\u0103nicului\" data-via data-lang=\"en\">tweet<\/a><\/li>\n<\/ul>\n<\/div>\n<\/div>\n<div class=\"td-post-content\">\n<div class=\"td-featured-image-rec\">\n<div class=\"wpb_video_wrapper\">\n                    <iframe loading=\"lazy\" id=\"td_youtube_player\" width=\"600\" height=\"560\" src=\"https:\/\/www.youtube.com\/embed\/h_BAm-DM3hE?enablejsapi=1&amp;feature=oembed&amp;wmode=opaque&amp;vq=hd720\" frameborder allowfullscreen><\/iframe><\/p><\/div>\n<\/div>\n<p>Ap\u0103 cu program \u00eencep\u00e2nd de luni, 17 august<br \/>\n\u00cen contextul temperaturilor foarte ridicate \u0219i al consumului mare de ap\u0103 din aceast\u0103 perioad\u0103, Compania de Ap\u0103 Buz\u0103u a anun\u0163at c\u0103 se fac toate eforturile necesare pentru a men\u021bine \u00een aceast\u0103 s\u0103pt\u0103m\u00e2n\u0103 furnizarea apei f\u0103r\u0103 sincope pentru utilizatorii de pe Valea Sl\u0103nicului.<\/p>\n<p>\u201cDeoarece ne str\u0103duim s\u0103 nu instituim din aceast\u0103 s\u0103pt\u0103m\u00e2n\u0103 program de furnizare pentru localit\u0103\u021bile de pe Valea Sl\u0103nicului, vor exista perioade scurte de timp, 1-2 ore, \u00een care utlizatorii care locuiesc \u00een zone \u00eenalte sau \u00een zonele unde se afl\u0103 capetele de re\u021bea nu vor avea ap\u0103. \u00cen toate aceste situa\u021bii, utilizatorii vor fi anun\u021ba\u021bi din timp, prin sms, astfel \u00eenc\u00e2t s\u0103 \u00ee\u0219i asigure necesarul de ap\u0103 pentru intervalul respectiv. Sistarea furniz\u0103rii pentru perioade scurte de timp este necesar\u0103 pentru acumularea apei \u00een rezervoare \u0219i pentru evitarea implement\u0103rii programului de furnizare \u00een aceast\u0103 s\u0103pt\u0103m\u00e2n\u0103. Aceste opriri vor fi programate \u00een func\u021bie de consum \u0219i de necesitate, de aceea respectarea recomand\u0103rilor noastre pentru utilizarea responsabil\u0103 a apei este esen\u021bial\u0103\u201d, a anun\u0163at Compania de Ap\u0103 Buz\u0103u.<br \/>\nChiar dac\u0103, din punct de vedere tehnic, deschiderea \u0219i oprirea vanelor \u0219i pompelor \u00een mod repetat pun presiune pe re\u021bea \u0219i cauzeaz\u0103 sp\u0103rturi, Compania de Ap\u0103 Buz\u0103u implementeaz\u0103 toate solu\u021biile posibile pentru a diminua disconfortul utilizatorilor de pe Valea Sl\u0103nicului \u0219i \u00een contextul \u00een care \u00een acest weekend avem o important\u0103 s\u0103rb\u0103toare religioas\u0103.<\/p>\n<p>Relu\u0103m recomand\u0103rile pentru utilizatori: s\u0103 evite utilizarea apei pentru udarea gr\u0103dinilor, peluzelor \u0219i spa\u021biilor verzi, s\u0103 nu foloseasc\u0103 apa pentru umplerea piscinelor \u0219i a bazinelor, s\u0103 evite sp\u0103larea autovehiculelor, cur\u021bilor \u0219i aleilor cu ap\u0103 din re\u021beaua public\u0103, s\u0103 utilizeze apa cu modera\u021bie \u0219i s\u0103 evite risipa\u201d, atrage aten\u0163ia operatorul de ap\u0103 \u015fi canalizare.<br \/>\nContextul climatic din aceast\u0103 perioad\u0103 nu este deloc favorabil, iar R\u00e2ul Sl\u0103nic aproape a secat. \u00cen acela\u0219i timp, chiar dac\u0103 presiunea pus\u0103 pe Compania de Ap\u0103 cre\u0219te, capacitatea de furnizare este limitat\u0103.<\/p>\n<p>\u201cAstfel, programul va fi instituit pe Valea Sl\u0103nicului \u00eencep\u00e2nd de luni, 17 august, atunci c\u00e2nd se va opri furnizarea apei \u00een localit\u0103\u021bile deservite de rezervoarele Jieni (Podul Muncii \u2013 par\u021bial, Dogari, Gura Dimienii) \u0219i Arb\u0103na\u0219i (M\u0103rg\u0103ri\u021bi, Beceni, Valea P\u0103rului, C\u0103rpini\u0219tea, Izvoru Dulce, Fulga) \u0219i va fi reluat\u0103 de vineri, 21 august, de la ora 08.00 p\u00e2n\u0103 duminic\u0103, 23 august, la ora 20.00. \u00cen localit\u0103\u021bile deservite de rezervoarele S\u00e2rbe\u0219ti (S\u00e2rbe\u0219ti, Bodine\u0219ti, Vintil\u0103 Vod\u0103-par\u021bial), Podul Muncii (Nicule\u0219ti, Podul Muncii-par\u021bial, Petr\u0103che\u0219ti) \u0219i S\u0103rule\u0219ti (S\u0103rule\u0219ti, Goicelu, C\u0103r\u0103tn\u0103ul de Jos, Valea St\u00e2nei, Vintil\u0103 Vod\u0103-par\u021bial), furnizarea apei va fi \u00eentrerupt\u0103 de miercuri, 19 august, la ora 20.00, p\u00e2n\u0103 luni, 24 august, ora 08.00\u201d, a mai anun\u0163at compania.<br \/>\nPe Valea Sl\u0103nicului sunt localit\u0103\u021bi ale c\u0103ror rezervoare au capacitatea de stocare necesar\u0103, astfel \u00eenc\u00e2t \u00een aceste zone nu vor fi sincope \u00een furnizarea apei.<\/p>\n<div class=\"post-views post-120014 entry-meta\"><span class=\"post-views-label\">Post Views: <\/span><span class=\"post-views-count\">266<\/span><\/div>\n<\/div>\n<footer>\n<div class=\"td-post-sharing td-post-sharing-bottom td-with-like\"><span class=\"td-post-share-title\">DISTRIBUI\u021aI<\/span><\/p>\n<div class=\"td-default-sharing\"><a class=\"td-social-sharing-buttons td-social-facebook\" href=\"http:\/\/www.facebook.com\/sharer.php?u=https%3A%2F%2Fwww.tvbuzau.ro%2Fseceta-ar-putea-rationaliza-apa-pe-valea-slanicului%2F\"><\/p>\n<div class=\"td-social-but-text\">Facebook<\/div>\n<p><\/a><a class=\"td-social-sharing-buttons td-social-twitter\" href=\"https:\/\/twitter.com\/intent\/tweet?text=Seceta+ar+putea+ra%C5%A3ionaliza+apa+pe+Valea+Sl%C4%83nicului&amp;url=https%3A%2F%2Fwww.tvbuzau.ro%2Fseceta-ar-putea-rationaliza-apa-pe-valea-slanicului%2F&amp;via=TV+Buz%C4%83u\"><\/p>\n<div class=\"td-social-but-text\">Twitter<\/div>\n<p><\/a><\/div>\n<div class=\"td-classic-sharing\">\n<ul>\n<li class=\"td-classic-facebook\"><iframe frameborder src=\"https:\/\/www.facebook.com\/plugins\/like.php?href=https:\/\/www.tvbuzau.ro\/seceta-ar-putea-rationaliza-apa-pe-valea-slanicului\/&amp;layout=button_count&amp;show_faces=false&amp;width=105&amp;action=like&amp;colorscheme=light&amp;height=21\"><\/iframe><\/li>\n<li class=\"td-classic-twitter\"><a href=\"https:\/\/twitter.com\/share\" class=\"twitter-share-button\" data-url=\"https:\/\/www.tvbuzau.ro\/seceta-ar-putea-rationaliza-apa-pe-valea-slanicului\/\" data-text=\"Seceta ar putea ra\u0163ionaliza apa pe Valea Sl\u0103nicului\" data-via data-lang=\"en\">tweet<\/a><\/li>\n<\/ul>\n<\/div>\n<\/div>\n<div class=\"td-author-name vcard author\"><span class=\"fn\"><a href=\"https:\/\/www.tvbuzau.ro\/author\/mihai-vasilescu\/\">TV Buz\u0103u<\/a><\/span><\/div>\n<p><span><\/span><span><span><\/span><\/span><span><\/span><\/footer>\n<\/article>\n<div class=\"td_block_wrap td_block_related_posts td_uid_1_6a8218caadfa6_rand td_with_ajax_pagination td-pb-border-top\" data-td-block-uid=\"td_uid_1_6a8218caadfa6\">\n<h4 class=\"td-related-title\"><a id=\"td_uid_2_6a8218cab3ca3\" class=\"td-related-left td-cur-simple-item\" data-td_filter_value data-td_block_id=\"td_uid_1_6a8218caadfa6\" href=\"https:\/\/www.tvbuzau.ro\/seceta-ar-putea-rationaliza-apa-pe-valea-slanicului\/\">ARTICOLE SIMILARE<\/a><a id=\"td_uid_3_6a8218cab3ce0\" class=\"td-related-right\" data-td_filter_value=\"td_related_more_from_author\" data-td_block_id=\"td_uid_1_6a8218caadfa6\" href=\"https:\/\/www.tvbuzau.ro\/seceta-ar-putea-rationaliza-apa-pe-valea-slanicului\/\">DE LA ACELA\u0218I AUTOR<\/a><\/h4>\n<div id=\"td_uid_1_6a8218caadfa6\" class=\"td_block_inner\">\n<div class=\"td-related-row\">\n<div class=\"td-related-span4\">\n<div class=\"td_module_related_posts td-animation-stack td_mod_related_posts\">\n<div class=\"td-module-image\">\n<div class=\"td-module-thumb\"><a href=\"https:\/\/www.tvbuzau.ro\/tabara-urbana-vacanta-de-vara-2026-deschisa-in-parcul-tineretului\/\" rel=\"bookmark\" title=\"\u201eTab\u0103ra Urban\u0103, Vacan\u021ba de var\u0103 2026\u201d deschis\u0103 \u00een Parcul Tineretului\"><img loading=\"lazy\" decoding=\"async\" width=\"218\" height=\"150\" class=\"entry-thumb\" src=\"https:\/\/www.tvbuzau.ro\/wp-content\/uploads\/2026\/08\/maxresdefault-3-218x150.jpg\" alt title=\"\u201eTab\u0103ra Urban\u0103, Vacan\u021ba de var\u0103 2026\u201d deschis\u0103 \u00een Parcul Tineretului\"><span class=\"td-video-play-ico\"><img loading=\"lazy\" decoding=\"async\" width=\"40\" height=\"40\" class=\"td-retina\" src=\"https:\/\/www.tvbuzau.ro\/wp-content\/themes\/Newspaper\/images\/icons\/ico-video-large.png\" alt=\"video\"><\/span><\/a><\/div>\n<p><a href=\"https:\/\/www.tvbuzau.ro\/category\/actualitate\/\" class=\"td-post-category\">Actualitate<\/a><\/div>\n<div class=\"item-details\">\n<h3 class=\"entry-title td-module-title\"><a href=\"https:\/\/www.tvbuzau.ro\/tabara-urbana-vacanta-de-vara-2026-deschisa-in-parcul-tineretului\/\" rel=\"bookmark\" title=\"\u201eTab\u0103ra Urban\u0103, Vacan\u021ba de var\u0103 2026\u201d deschis\u0103 \u00een Parcul Tineretului\">\u201eTab\u0103ra Urban\u0103, Vacan\u021ba de var\u0103 2026\u201d deschis\u0103 \u00een Parcul Tineretului<\/a><\/h3>\n<\/div>\n<\/div>\n<\/div>\n<div class=\"td-related-span4\">\n<div class=\"td_module_related_posts td-animation-stack td_mod_related_posts\">\n<div class=\"td-module-image\">\n<div class=\"td-module-thumb\"><a href=\"https:\/\/www.tvbuzau.ro\/sezon-impresionant-pentru-echipa-heart-of-robots\/\" rel=\"bookmark\" title=\"Sezon impresionant pentru echipa Heart of Robots\"><img loading=\"lazy\" decoding=\"async\" width=\"218\" height=\"150\" class=\"entry-thumb\" src=\"https:\/\/www.tvbuzau.ro\/wp-content\/uploads\/2026\/08\/hqdefault-18-218x150.jpg\" alt title=\"Sezon impresionant pentru echipa Heart of Robots\"><span class=\"td-video-play-ico\"><img loading=\"lazy\" decoding=\"async\" width=\"40\" height=\"40\" class=\"td-retina\" src=\"https:\/\/www.tvbuzau.ro\/wp-content\/themes\/Newspaper\/images\/icons\/ico-video-large.png\" alt=\"video\"><\/span><\/a><\/div>\n<p><a href=\"https:\/\/www.tvbuzau.ro\/category\/actualitate\/\" class=\"td-post-category\">Actualitate<\/a><\/div>\n<div class=\"item-details\">\n<h3 class=\"entry-title td-module-title\"><a href=\"https:\/\/www.tvbuzau.ro\/sezon-impresionant-pentru-echipa-heart-of-robots\/\" rel=\"bookmark\" title=\"Sezon impresionant pentru echipa Heart of Robots\">Sezon impresionant pentru echipa Heart of Robots<\/a><\/h3>\n<\/div>\n<\/div>\n<\/div>\n<div class=\"td-related-span4\">\n<div class=\"td_module_related_posts td-animation-stack td_mod_related_posts\">\n<div class=\"td-module-image\">\n<div class=\"td-module-thumb\"><a href=\"https:\/\/www.tvbuzau.ro\/20-000-de-buzoieni-au-ales-factura-verde-la-apa\/\" rel=\"bookmark\" title=\"20.000 de buzoieni au ales Factura Verde la ap\u0103\"><img loading=\"lazy\" decoding=\"async\" width=\"218\" height=\"150\" class=\"entry-thumb\" src=\"https:\/\/www.tvbuzau.ro\/wp-content\/uploads\/2026\/08\/hqdefault-17-218x150.jpg\" alt title=\"20.000 de buzoieni au ales Factura Verde la ap\u0103\"><span class=\"td-video-play-ico\"><img loading=\"lazy\" decoding=\"async\" width=\"40\" height=\"40\" class=\"td-retina\" src=\"https:\/\/www.tvbuzau.ro\/wp-content\/themes\/Newspaper\/images\/icons\/ico-video-large.png\" alt=\"video\"><\/span><\/a><\/div>\n<p><a href=\"https:\/\/www.tvbuzau.ro\/category\/actualitate\/\" class=\"td-post-category\">Actualitate<\/a><\/div>\n<div class=\"item-details\">\n<h3 class=\"entry-title td-module-title\"><a href=\"https:\/\/www.tvbuzau.ro\/20-000-de-buzoieni-au-ales-factura-verde-la-apa\/\" rel=\"bookmark\" title=\"20.000 de buzoieni au ales Factura Verde la ap\u0103\">20.000 de buzoieni au ales Factura Verde la ap\u0103<\/a><\/h3>\n<\/div>\n<\/div>\n<\/div>\n<\/div>\n<div class=\"td-related-row\">\n<div class=\"td-related-span4\">\n<div class=\"td_module_related_posts td-animation-stack td_mod_related_posts\">\n<div class=\"td-module-image\">\n<div class=\"td-module-thumb\"><a href=\"https:\/\/www.tvbuzau.ro\/cnair-a-dat-startul-campaniei-generatia-zero-accidente\/\" rel=\"bookmark\" title=\"CNAIR a dat startul campaniei \u201eGenera\u021bia Zero Accidente!\u201d\"><img loading=\"lazy\" decoding=\"async\" width=\"218\" height=\"150\" class=\"entry-thumb\" src=\"https:\/\/www.tvbuzau.ro\/wp-content\/uploads\/2026\/08\/sddefault-31-218x150.jpg\" alt title=\"CNAIR a dat startul campaniei \u201eGenera\u021bia Zero Accidente!\u201d\"><span class=\"td-video-play-ico\"><img loading=\"lazy\" decoding=\"async\" width=\"40\" height=\"40\" class=\"td-retina\" src=\"https:\/\/www.tvbuzau.ro\/wp-content\/themes\/Newspaper\/images\/icons\/ico-video-large.png\" alt=\"video\"><\/span><\/a><\/div>\n<p><a href=\"https:\/\/www.tvbuzau.ro\/category\/actualitate\/\" class=\"td-post-category\">Actualitate<\/a><\/div>\n<div class=\"item-details\">\n<h3 class=\"entry-title td-module-title\"><a href=\"https:\/\/www.tvbuzau.ro\/cnair-a-dat-startul-campaniei-generatia-zero-accidente\/\" rel=\"bookmark\" title=\"CNAIR a dat startul campaniei \u201eGenera\u021bia Zero Accidente!\u201d\">CNAIR a dat startul campaniei \u201eGenera\u021bia Zero Accidente!\u201d<\/a><\/h3>\n<\/div>\n<\/div>\n<\/div>\n<div class=\"td-related-span4\">\n<div class=\"td_module_related_posts td-animation-stack td_mod_related_posts\">\n<div class=\"td-module-image\">\n<div class=\"td-module-thumb\"><a href=\"https:\/\/www.tvbuzau.ro\/sute-de-buzoieni-au-mers-sa-vada-perseidele-2\/\" rel=\"bookmark\" title=\"Sute de buzoieni au mers s\u0103 vad\u0103 Perseidele\"><img loading=\"lazy\" decoding=\"async\" width=\"218\" height=\"150\" class=\"entry-thumb\" src=\"https:\/\/www.tvbuzau.ro\/wp-content\/uploads\/2026\/08\/maxresdefault-2-218x150.jpg\" alt title=\"Sute de buzoieni au mers s\u0103 vad\u0103 Perseidele\"><span class=\"td-video-play-ico\"><img loading=\"lazy\" decoding=\"async\" width=\"40\" height=\"40\" class=\"td-retina\" src=\"https:\/\/www.tvbuzau.ro\/wp-content\/themes\/Newspaper\/images\/icons\/ico-video-large.png\" alt=\"video\"><\/span><\/a><\/div>\n<p><a href=\"https:\/\/www.tvbuzau.ro\/category\/actualitate\/\" class=\"td-post-category\">Actualitate<\/a><\/div>\n<div class=\"item-details\">\n<h3 class=\"entry-title td-module-title\"><a href=\"https:\/\/www.tvbuzau.ro\/sute-de-buzoieni-au-mers-sa-vada-perseidele-2\/\" rel=\"bookmark\" title=\"Sute de buzoieni au mers s\u0103 vad\u0103 Perseidele\">Sute de buzoieni au mers s\u0103 vad\u0103 Perseidele<\/a><\/h3>\n<\/div>\n<\/div>\n<\/div>\n<div class=\"td-related-span4\">\n<div class=\"td_module_related_posts td-animation-stack td_mod_related_posts\">\n<div class=\"td-module-image\">\n<div class=\"td-module-thumb\"><a href=\"https:\/\/www.tvbuzau.ro\/sute-de-buzoieni-au-mers-sa-vada-perseidele\/\" rel=\"bookmark\" title=\"La Maternitatea Buz\u0103u al\u0103ptarea este sus\u021binut\u0103 de \u00eentreg colectivul de medici\"><img loading=\"lazy\" decoding=\"async\" width=\"218\" height=\"150\" class=\"entry-thumb\" src=\"https:\/\/www.tvbuzau.ro\/wp-content\/uploads\/2026\/08\/sddefault-30-218x150.jpg\" alt title=\"La Maternitatea Buz\u0103u al\u0103ptarea este sus\u021binut\u0103 de \u00eentreg colectivul de medici\"><span class=\"td-video-play-ico\"><img loading=\"lazy\" decoding=\"async\" width=\"40\" height=\"40\" class=\"td-retina\" src=\"https:\/\/www.tvbuzau.ro\/wp-content\/themes\/Newspaper\/images\/icons\/ico-video-large.png\" alt=\"video\"><\/span><\/a><\/div>\n<p><a href=\"https:\/\/www.tvbuzau.ro\/category\/actualitate\/\" class=\"td-post-category\">Actualitate<\/a><\/div>\n<div class=\"item-details\">\n<h3 class=\"entry-title td-module-title\"><a href=\"https:\/\/www.tvbuzau.ro\/sute-de-buzoieni-au-mers-sa-vada-perseidele\/\" rel=\"bookmark\" title=\"La Maternitatea Buz\u0103u al\u0103ptarea este sus\u021binut\u0103 de \u00eentreg colectivul de medici\">La Maternitatea Buz\u0103u al\u0103ptarea este sus\u021binut\u0103 de \u00eentreg colectivul de medici<\/a><\/h3>\n<\/div>\n<\/div>\n<\/div>\n<\/div>\n<\/div>\n<\/div>\n<div class=\"comments\" id=\"comments\">\n<div id=\"respond\" class=\"comment-respond\">\n<h3 id=\"reply-title\" class=\"comment-reply-title\">L\u0102SA\u021aI UN MESAJ <small><a rel=\"nofollow\" id=\"cancel-comment-reply-link\" href=\"https:\/\/www.tvbuzau.ro\/seceta-ar-putea-rationaliza-apa-pe-valea-slanicului\/#respond\">Renun\u021ba\u021bi la r\u0103spuns<\/a><\/small><\/h3>\n<\/div>\n<\/div>\n<\/div>\n<div class=\"td-post-content\">\n<div class=\"td-featured-image-rec\">\n<div class=\"wpb_video_wrapper\">\n                    <iframe loading=\"lazy\" id=\"td_youtube_player\" width=\"600\" height=\"560\" src=\"https:\/\/www.youtube.com\/embed\/h_BAm-DM3hE?enablejsapi=1&amp;feature=oembed&amp;wmode=opaque&amp;vq=hd720\" frameborder allowfullscreen><\/iframe><\/p><\/div>\n<\/div>\n<p>Ap\u0103 cu program \u00eencep\u00e2nd de luni, 17 august<br \/>\n\u00cen contextul temperaturilor foarte ridicate \u0219i al consumului mare de ap\u0103 din aceast\u0103 perioad\u0103, Compania de Ap\u0103 Buz\u0103u a anun\u0163at c\u0103 se fac toate eforturile necesare pentru a men\u021bine \u00een aceast\u0103 s\u0103pt\u0103m\u00e2n\u0103 furnizarea apei f\u0103r\u0103 sincope pentru utilizatorii de pe Valea Sl\u0103nicului.<\/p>\n<p>\u201cDeoarece ne str\u0103duim s\u0103 nu instituim din aceast\u0103 s\u0103pt\u0103m\u00e2n\u0103 program de furnizare pentru localit\u0103\u021bile de pe Valea Sl\u0103nicului, vor exista perioade scurte de timp, 1-2 ore, \u00een care utlizatorii care locuiesc \u00een zone \u00eenalte sau \u00een zonele unde se afl\u0103 capetele de re\u021bea nu vor avea ap\u0103. \u00cen toate aceste situa\u021bii, utilizatorii vor fi anun\u021ba\u021bi din timp, prin sms, astfel \u00eenc\u00e2t s\u0103 \u00ee\u0219i asigure necesarul de ap\u0103 pentru intervalul respectiv. Sistarea furniz\u0103rii pentru perioade scurte de timp este necesar\u0103 pentru acumularea apei \u00een rezervoare \u0219i pentru evitarea implement\u0103rii programului de furnizare \u00een aceast\u0103 s\u0103pt\u0103m\u00e2n\u0103. Aceste opriri vor fi programate \u00een func\u021bie de consum \u0219i de necesitate, de aceea respectarea recomand\u0103rilor noastre pentru utilizarea responsabil\u0103 a apei este esen\u021bial\u0103\u201d, a anun\u0163at Compania de Ap\u0103 Buz\u0103u.<br \/>\nChiar dac\u0103, din punct de vedere tehnic, deschiderea \u0219i oprirea vanelor \u0219i pompelor \u00een mod repetat pun presiune pe re\u021bea \u0219i cauzeaz\u0103 sp\u0103rturi, Compania de Ap\u0103 Buz\u0103u implementeaz\u0103 toate solu\u021biile posibile pentru a diminua disconfortul utilizatorilor de pe Valea Sl\u0103nicului \u0219i \u00een contextul \u00een care \u00een acest weekend avem o important\u0103 s\u0103rb\u0103toare religioas\u0103.<\/p>\n<p>Relu\u0103m recomand\u0103rile pentru utilizatori: s\u0103 evite utilizarea apei pentru udarea gr\u0103dinilor, peluzelor \u0219i spa\u021biilor verzi, s\u0103 nu foloseasc\u0103 apa pentru umplerea piscinelor \u0219i a bazinelor, s\u0103 evite sp\u0103larea autovehiculelor, cur\u021bilor \u0219i aleilor cu ap\u0103 din re\u021beaua public\u0103, s\u0103 utilizeze apa cu modera\u021bie \u0219i s\u0103 evite risipa\u201d, atrage aten\u0163ia operatorul de ap\u0103 \u015fi canalizare.<br \/>\nContextul climatic din aceast\u0103 perioad\u0103 nu este deloc favorabil, iar R\u00e2ul Sl\u0103nic aproape a secat. \u00cen acela\u0219i timp, chiar dac\u0103 presiunea pus\u0103 pe Compania de Ap\u0103 cre\u0219te, capacitatea de furnizare este limitat\u0103.<\/p>\n<p>\u201cAstfel, programul va fi instituit pe Valea Sl\u0103nicului \u00eencep\u00e2nd de luni, 17 august, atunci c\u00e2nd se va opri furnizarea apei \u00een localit\u0103\u021bile deservite de rezervoarele Jieni (Podul Muncii \u2013 par\u021bial, Dogari, Gura Dimienii) \u0219i Arb\u0103na\u0219i (M\u0103rg\u0103ri\u021bi, Beceni, Valea P\u0103rului, C\u0103rpini\u0219tea, Izvoru Dulce, Fulga) \u0219i va fi reluat\u0103 de vineri, 21 august, de la ora 08.00 p\u00e2n\u0103 duminic\u0103, 23 august, la ora 20.00. \u00cen localit\u0103\u021bile deservite de rezervoarele S\u00e2rbe\u0219ti (S\u00e2rbe\u0219ti, Bodine\u0219ti, Vintil\u0103 Vod\u0103-par\u021bial), Podul Muncii (Nicule\u0219ti, Podul Muncii-par\u021bial, Petr\u0103che\u0219ti) \u0219i S\u0103rule\u0219ti (S\u0103rule\u0219ti, Goicelu, C\u0103r\u0103tn\u0103ul de Jos, Valea St\u00e2nei, Vintil\u0103 Vod\u0103-par\u021bial), furnizarea apei va fi \u00eentrerupt\u0103 de miercuri, 19 august, la ora 20.00, p\u00e2n\u0103 luni, 24 august, ora 08.00\u201d, a mai anun\u0163at compania.<br \/>\nPe Valea Sl\u0103nicului sunt localit\u0103\u021bi ale c\u0103ror rezervoare au capacitatea de stocare necesar\u0103, astfel \u00eenc\u00e2t \u00een aceste zone nu vor fi sincope \u00een furnizarea apei.<\/p>\n<div class=\"post-views post-120014 entry-meta\"><span class=\"post-views-label\">Post Views: <\/span><span class=\"post-views-count\">266<\/span><\/div>\n<\/div>\n<p>[analyse_source url=&#8221;https:\/\/www.tvbuzau.ro\/seceta-ar-putea-rationaliza-apa-pe-valea-slanicului\/&#8221;]<\/p>\n","protected":false},"excerpt":{"rendered":"<p>[analyse_image type=&#8221;featured&#8221; src=&#8221;https:\/\/www.tvbuzau.ro\/wp-content\/uploads\/2026\/08\/sddefault-29.jpghttps:\/\/www.tvbuzau.ro\/wp-content\/uploads\/2026\/08\/sddefault-29.jpg&#8221;] Actualitate Seceta ar putea ra\u0163ionaliza apa pe Valea Sl\u0103nicului De c\u0103tre TV Buz\u0103u &#8211; august 12, 2026 0 20 Distribui\u021bi pe Facebook Distribui\u021bi pe Twitter tweet Ap\u0103 cu program \u00eencep\u00e2nd de luni, 17 august \u00cen contextul temperaturilor foarte ridicate \u0219i al consumului mare de ap\u0103 din aceast\u0103 perioad\u0103, Compania de Ap\u0103 Buz\u0103u [&hellip;]<\/p>\n","protected":false},"author":1,"featured_media":0,"comment_status":"open","ping_status":"","sticky":false,"template":"","format":"standard","meta":{"footnotes":""},"categories":[2],"tags":[226,116],"class_list":["post-2096396","post","type-post","status-publish","format-standard","hentry","category-politics","tag-crawlmanager","tag-tvbuzau-ro"],"_links":{"self":[{"href":"https:\/\/analyse.optim.biz\/index.php?rest_route=\/wp\/v2\/posts\/2096396","targetHints":{"allow":["GET"]}}],"collection":[{"href":"https:\/\/analyse.optim.biz\/index.php?rest_route=\/wp\/v2\/posts"}],"about":[{"href":"https:\/\/analyse.optim.biz\/index.php?rest_route=\/wp\/v2\/types\/post"}],"author":[{"embeddable":true,"href":"https:\/\/analyse.optim.biz\/index.php?rest_route=\/wp\/v2\/users\/1"}],"replies":[{"embeddable":true,"href":"https:\/\/analyse.optim.biz\/index.php?rest_route=%2Fwp%2Fv2%2Fcomments&post=2096396"}],"version-history":[{"count":0,"href":"https:\/\/analyse.optim.biz\/index.php?rest_route=\/wp\/v2\/posts\/2096396\/revisions"}],"wp:attachment":[{"href":"https:\/\/analyse.optim.biz\/index.php?rest_route=%2Fwp%2Fv2%2Fmedia&parent=2096396"}],"wp:term":[{"taxonomy":"category","embeddable":true,"href":"https:\/\/analyse.optim.biz\/index.php?rest_route=%2Fwp%2Fv2%2Fcategories&post=2096396"},{"taxonomy":"post_tag","embeddable":true,"href":"https:\/\/analyse.optim.biz\/index.php?rest_route=%2Fwp%2Fv2%2Ftags&post=2096396"}],"curies":[{"name":"wp","href":"https:\/\/api.w.org\/{rel}","templated":true}]}}