{"id":2096394,"date":"2026-08-16T16:02:11","date_gmt":"2026-08-16T13:02:11","guid":{"rendered":"https:\/\/analyse.optim.biz\/?p=2096394"},"modified":"2026-08-16T16:02:11","modified_gmt":"2026-08-16T13:02:11","slug":"galerie-fotovideo-110-ani-de-traditie-militara-sarbatoriti-alaturi-de-buzoieni-pe-bulevardul-nicolae-balcescu","status":"publish","type":"post","link":"https:\/\/analyse.optim.biz\/?p=2096394","title":{"rendered":"GALERIE FOTO&amp;VIDEO: 110 ani de tradi\u021bie militar\u0103, s\u0103rb\u0103tori\u021bi al\u0103turi de buzoieni pe Bulevardul Nicolae B\u0103lcescu"},"content":{"rendered":"<p>[analyse_image type=&#8221;featured&#8221; src=&#8221;https:\/\/www.observatorulbuzoian.ro\/wp-content\/uploads\/2026\/08\/110-ani-Divizia-2-Infanterie-Getica-18.jpg&#8221;]<\/p>\n<div class=\"td-post-content tagdiv-type\">\n<p class=\"isSelectedEnd\">Bulevardul Nicolae B\u0103lcescu din Buz\u0103u a devenit locul de \u00eent\u00e2lnire dintre militarii Diviziei 2 Infanterie \u201eGetica\u201d \u0219i comunitatea local\u0103, \u00een cadrul evenimentului organizat pentru a marca 110 ani de tradi\u021bie.<\/p>\n<p>                    #tdi_63  .td-doubleSlider-2 .td-item1 {<br \/>\n                        background: url(https:\/\/www.observatorulbuzoian.ro\/wp-content\/uploads\/2026\/08\/110-ani-Divizia-2-Infanterie-Getica-11-80&#215;60.jpg) 0 0 no-repeat;<br \/>\n                    }<br \/>\n                    #tdi_63  .td-doubleSlider-2 .td-item2 {<br \/>\n                        background: url(https:\/\/www.observatorulbuzoian.ro\/wp-content\/uploads\/2026\/08\/110-ani-Divizia-2-Infanterie-Getica-12-80&#215;60.jpg) 0 0 no-repeat;<br \/>\n                    }<br \/>\n                    #tdi_63  .td-doubleSlider-2 .td-item3 {<br \/>\n                        background: url(https:\/\/www.observatorulbuzoian.ro\/wp-content\/uploads\/2026\/08\/110-ani-Divizia-2-Infanterie-Getica-13-80&#215;60.jpg) 0 0 no-repeat;<br \/>\n                    }<br \/>\n                    #tdi_63  .td-doubleSlider-2 .td-item4 {<br \/>\n                        background: url(https:\/\/www.observatorulbuzoian.ro\/wp-content\/uploads\/2026\/08\/110-ani-Divizia-2-Infanterie-Getica-14-80&#215;60.jpg) 0 0 no-repeat;<br \/>\n                    }<br \/>\n                    #tdi_63  .td-doubleSlider-2 .td-item5 {<br \/>\n                        background: url(https:\/\/www.observatorulbuzoian.ro\/wp-content\/uploads\/2026\/08\/110-ani-Divizia-2-Infanterie-Getica-15-80&#215;60.jpg) 0 0 no-repeat;<br \/>\n                    }<br \/>\n                    #tdi_63  .td-doubleSlider-2 .td-item6 {<br \/>\n                        background: url(https:\/\/www.observatorulbuzoian.ro\/wp-content\/uploads\/2026\/08\/110-ani-Divizia-2-Infanterie-Getica-16-80&#215;60.jpg) 0 0 no-repeat;<br \/>\n                    }<br \/>\n                    #tdi_63  .td-doubleSlider-2 .td-item7 {<br \/>\n                        background: url(https:\/\/www.observatorulbuzoian.ro\/wp-content\/uploads\/2026\/08\/110-ani-Divizia-2-Infanterie-Getica-17-80&#215;60.jpg) 0 0 no-repeat;<br \/>\n                    }<br \/>\n                    #tdi_63  .td-doubleSlider-2 .td-item8 {<br \/>\n                        background: url(https:\/\/www.observatorulbuzoian.ro\/wp-content\/uploads\/2026\/08\/110-ani-Divizia-2-Infanterie-Getica-18-80&#215;60.jpg) 0 0 no-repeat;<br \/>\n                    }<br \/>\n                    #tdi_63  .td-doubleSlider-2 .td-item9 {<br \/>\n                        background: url(https:\/\/www.observatorulbuzoian.ro\/wp-content\/uploads\/2026\/08\/110-ani-Divizia-2-Infanterie-Getica-19-80&#215;60.jpg) 0 0 no-repeat;<br \/>\n                    }<br \/>\n                    #tdi_63  .td-doubleSlider-2 .td-item10 {<br \/>\n                        background: url(https:\/\/www.observatorulbuzoian.ro\/wp-content\/uploads\/2026\/08\/110-ani-Divizia-2-Infanterie-Getica-20-80&#215;60.jpg) 0 0 no-repeat;<br \/>\n                    }<br \/>\n                    #tdi_63  .td-doubleSlider-2 .td-item11 {<br \/>\n                        background: url(https:\/\/www.observatorulbuzoian.ro\/wp-content\/uploads\/2026\/08\/110-ani-Divizia-2-Infanterie-Getica-21-80&#215;60.jpg) 0 0 no-repeat;<br \/>\n                    }<br \/>\n                    #tdi_63  .td-doubleSlider-2 .td-item12 {<br \/>\n                        background: url(https:\/\/www.observatorulbuzoian.ro\/wp-content\/uploads\/2026\/08\/110-ani-Divizia-2-Infanterie-Getica-22-80&#215;60.jpg) 0 0 no-repeat;<br \/>\n                    }<br \/>\n                    #tdi_63  .td-doubleSlider-2 .td-item13 {<br \/>\n                        background: url(https:\/\/www.observatorulbuzoian.ro\/wp-content\/uploads\/2026\/08\/110-ani-Divizia-2-Infanterie-Getica-23-80&#215;60.jpg) 0 0 no-repeat;<br \/>\n                    }<br \/>\n                    #tdi_63  .td-doubleSlider-2 .td-item14 {<br \/>\n                        background: url(https:\/\/www.observatorulbuzoian.ro\/wp-content\/uploads\/2026\/08\/110-ani-Divizia-2-Infanterie-Getica-24-80&#215;60.jpg) 0 0 no-repeat;<br \/>\n                    }<br \/>\n                    #tdi_63  .td-doubleSlider-2 .td-item15 {<br \/>\n                        background: url(https:\/\/www.observatorulbuzoian.ro\/wp-content\/uploads\/2026\/08\/110-ani-Divizia-2-Infanterie-Getica-25-80&#215;60.jpg) 0 0 no-repeat;<br \/>\n                    }<br \/>\n                    #tdi_63  .td-doubleSlider-2 .td-item16 {<br \/>\n                        background: url(https:\/\/www.observatorulbuzoian.ro\/wp-content\/uploads\/2026\/08\/110-ani-Divizia-2-Infanterie-Getica-26-80&#215;60.jpg) 0 0 no-repeat;<br \/>\n                    }<br \/>\n                    #tdi_63  .td-doubleSlider-2 .td-item17 {<br \/>\n                        background: url(https:\/\/www.observatorulbuzoian.ro\/wp-content\/uploads\/2026\/08\/110-ani-Divizia-2-Infanterie-Getica-27-80&#215;60.jpg) 0 0 no-repeat;<br \/>\n                    }<br \/>\n                    #tdi_63  .td-doubleSlider-2 .td-item18 {<br \/>\n                        background: url(https:\/\/www.observatorulbuzoian.ro\/wp-content\/uploads\/2026\/08\/110-ani-Divizia-2-Infanterie-Getica-28-80&#215;60.jpg) 0 0 no-repeat;<br \/>\n                    }<br \/>\n                    #tdi_63  .td-doubleSlider-2 .td-item19 {<br \/>\n                        background: url(https:\/\/www.observatorulbuzoian.ro\/wp-content\/uploads\/2026\/08\/110-ani-Divizia-2-Infanterie-Getica-29-80&#215;60.jpg) 0 0 no-repeat;<br \/>\n                    }<br \/>\n                    #tdi_63  .td-doubleSlider-2 .td-item20 {<br \/>\n                        background: url(https:\/\/www.observatorulbuzoian.ro\/wp-content\/uploads\/2026\/08\/110-ani-Divizia-2-Infanterie-Getica-30-80&#215;60.jpg) 0 0 no-repeat;<br \/>\n                    }<\/p>\n<div id=\"tdi_63\" class=\"td-gallery td-slide-on-2-columns\">\n<div class=\"post_td_gallery\">\n<div class=\"td-gallery-slide-top\">\n<div class=\"td-gallery-controls-wrapper\">\n<div class=\"td-gallery-slide-count\"><span class=\"td-gallery-slide-item-focus\">1<\/span> de 20<\/div>\n<\/div>\n<\/div>\n<div class=\"td-doubleSlider-1 \">\n<div class=\"td-slider\">\n<div class=\"td-slide-item td-item1\">\n<figure class=\"td-slide-galery-figure td-slide-popup-gallery\"><a class=\"slide-gallery-image-link\" href=\"https:\/\/www.observatorulbuzoian.ro\/wp-content\/uploads\/2026\/08\/110-ani-Divizia-2-Infanterie-Getica-11.jpg\" title=\"110 ani Divizia 2 Infanterie Getica-11\" data-caption data-description><img decoding=\"async\" src=\"https:\/\/www.observatorulbuzoian.ro\/wp-content\/uploads\/2026\/08\/110-ani-Divizia-2-Infanterie-Getica-11-628x420.jpg\" alt><img decoding=\"async\" src=\"https:\/\/www.observatorulbuzoian.ro\/wp-content\/uploads\/2026\/08\/110-ani-Divizia-2-Infanterie-Getica-11-628x420.jpg\" alt><\/a><\/figure>\n<\/div>\n<div class=\"td-slide-item td-item2\">\n<figure class=\"td-slide-galery-figure td-slide-popup-gallery\"><a class=\"slide-gallery-image-link\" href=\"https:\/\/www.observatorulbuzoian.ro\/wp-content\/uploads\/2026\/08\/110-ani-Divizia-2-Infanterie-Getica-12.jpg\" title=\"110 ani Divizia 2 Infanterie Getica-12\" data-caption data-description><img decoding=\"async\" src=\"https:\/\/www.observatorulbuzoian.ro\/wp-content\/uploads\/2026\/08\/110-ani-Divizia-2-Infanterie-Getica-12-627x420.jpg\" alt><img decoding=\"async\" src=\"https:\/\/www.observatorulbuzoian.ro\/wp-content\/uploads\/2026\/08\/110-ani-Divizia-2-Infanterie-Getica-12-627x420.jpg\" alt><\/a><\/figure>\n<\/div>\n<div class=\"td-slide-item td-item3\">\n<figure class=\"td-slide-galery-figure td-slide-popup-gallery\"><a class=\"slide-gallery-image-link\" href=\"https:\/\/www.observatorulbuzoian.ro\/wp-content\/uploads\/2026\/08\/110-ani-Divizia-2-Infanterie-Getica-13.jpg\" title=\"110 ani Divizia 2 Infanterie Getica-13\" data-caption data-description><img decoding=\"async\" src=\"https:\/\/www.observatorulbuzoian.ro\/wp-content\/uploads\/2026\/08\/110-ani-Divizia-2-Infanterie-Getica-13-629x420.jpg\" alt><img decoding=\"async\" src=\"https:\/\/www.observatorulbuzoian.ro\/wp-content\/uploads\/2026\/08\/110-ani-Divizia-2-Infanterie-Getica-13-629x420.jpg\" alt><\/a><\/figure>\n<\/div>\n<div class=\"td-slide-item td-item4\">\n<figure class=\"td-slide-galery-figure td-slide-popup-gallery\"><a class=\"slide-gallery-image-link\" href=\"https:\/\/www.observatorulbuzoian.ro\/wp-content\/uploads\/2026\/08\/110-ani-Divizia-2-Infanterie-Getica-14.jpg\" title=\"110 ani Divizia 2 Infanterie Getica-14\" data-caption data-description><img decoding=\"async\" src=\"https:\/\/www.observatorulbuzoian.ro\/wp-content\/uploads\/2026\/08\/110-ani-Divizia-2-Infanterie-Getica-14-280x420.jpg\" alt><img decoding=\"async\" src=\"https:\/\/www.observatorulbuzoian.ro\/wp-content\/uploads\/2026\/08\/110-ani-Divizia-2-Infanterie-Getica-14-280x420.jpg\" alt><\/a><\/figure>\n<\/div>\n<div class=\"td-slide-item td-item5\">\n<figure class=\"td-slide-galery-figure td-slide-popup-gallery\"><a class=\"slide-gallery-image-link\" href=\"https:\/\/www.observatorulbuzoian.ro\/wp-content\/uploads\/2026\/08\/110-ani-Divizia-2-Infanterie-Getica-15.jpg\" title=\"110 ani Divizia 2 Infanterie Getica-15\" data-caption data-description><img decoding=\"async\" src=\"https:\/\/www.observatorulbuzoian.ro\/wp-content\/uploads\/2026\/08\/110-ani-Divizia-2-Infanterie-Getica-15-628x420.jpg\" alt><img decoding=\"async\" src=\"https:\/\/www.observatorulbuzoian.ro\/wp-content\/uploads\/2026\/08\/110-ani-Divizia-2-Infanterie-Getica-15-628x420.jpg\" alt><\/a><\/figure>\n<\/div>\n<div class=\"td-slide-item td-item6\">\n<figure class=\"td-slide-galery-figure td-slide-popup-gallery\"><a class=\"slide-gallery-image-link\" href=\"https:\/\/www.observatorulbuzoian.ro\/wp-content\/uploads\/2026\/08\/110-ani-Divizia-2-Infanterie-Getica-16.jpg\" title=\"110 ani Divizia 2 Infanterie Getica-16\" data-caption data-description><img decoding=\"async\" src=\"https:\/\/www.observatorulbuzoian.ro\/wp-content\/uploads\/2026\/08\/110-ani-Divizia-2-Infanterie-Getica-16-628x420.jpg\" alt><img decoding=\"async\" src=\"https:\/\/www.observatorulbuzoian.ro\/wp-content\/uploads\/2026\/08\/110-ani-Divizia-2-Infanterie-Getica-16-628x420.jpg\" alt><\/a><\/figure>\n<\/div>\n<div class=\"td-slide-item td-item7\">\n<figure class=\"td-slide-galery-figure td-slide-popup-gallery\"><a class=\"slide-gallery-image-link\" href=\"https:\/\/www.observatorulbuzoian.ro\/wp-content\/uploads\/2026\/08\/110-ani-Divizia-2-Infanterie-Getica-17.jpg\" title=\"110 ani Divizia 2 Infanterie Getica-17\" data-caption data-description><img decoding=\"async\" src=\"https:\/\/www.observatorulbuzoian.ro\/wp-content\/uploads\/2026\/08\/110-ani-Divizia-2-Infanterie-Getica-17-628x420.jpg\" alt><img decoding=\"async\" src=\"https:\/\/www.observatorulbuzoian.ro\/wp-content\/uploads\/2026\/08\/110-ani-Divizia-2-Infanterie-Getica-17-628x420.jpg\" alt><\/a><\/figure>\n<\/div>\n<div class=\"td-slide-item td-item8\">\n<figure class=\"td-slide-galery-figure td-slide-popup-gallery\"><a class=\"slide-gallery-image-link\" href=\"https:\/\/www.observatorulbuzoian.ro\/wp-content\/uploads\/2026\/08\/110-ani-Divizia-2-Infanterie-Getica-18.jpg\" title=\"110 ani Divizia 2 Infanterie Getica-18\" data-caption data-description><img decoding=\"async\" src=\"https:\/\/www.observatorulbuzoian.ro\/wp-content\/uploads\/2026\/08\/110-ani-Divizia-2-Infanterie-Getica-18-628x420.jpg\" alt><img decoding=\"async\" src=\"https:\/\/www.observatorulbuzoian.ro\/wp-content\/uploads\/2026\/08\/110-ani-Divizia-2-Infanterie-Getica-18-628x420.jpg\" alt><\/a><\/figure>\n<\/div>\n<div class=\"td-slide-item td-item9\">\n<figure class=\"td-slide-galery-figure td-slide-popup-gallery\"><a class=\"slide-gallery-image-link\" href=\"https:\/\/www.observatorulbuzoian.ro\/wp-content\/uploads\/2026\/08\/110-ani-Divizia-2-Infanterie-Getica-19.jpg\" title=\"110 ani Divizia 2 Infanterie Getica-19\" data-caption data-description><img decoding=\"async\" src=\"https:\/\/www.observatorulbuzoian.ro\/wp-content\/uploads\/2026\/08\/110-ani-Divizia-2-Infanterie-Getica-19-630x420.jpg\" alt><img decoding=\"async\" src=\"https:\/\/www.observatorulbuzoian.ro\/wp-content\/uploads\/2026\/08\/110-ani-Divizia-2-Infanterie-Getica-19-630x420.jpg\" alt><\/a><\/figure>\n<\/div>\n<div class=\"td-slide-item td-item10\">\n<figure class=\"td-slide-galery-figure td-slide-popup-gallery\"><a class=\"slide-gallery-image-link\" href=\"https:\/\/www.observatorulbuzoian.ro\/wp-content\/uploads\/2026\/08\/110-ani-Divizia-2-Infanterie-Getica-20.jpg\" title=\"110 ani Divizia 2 Infanterie Getica-20\" data-caption data-description><img decoding=\"async\" src=\"https:\/\/www.observatorulbuzoian.ro\/wp-content\/uploads\/2026\/08\/110-ani-Divizia-2-Infanterie-Getica-20-630x420.jpg\" alt><img decoding=\"async\" src=\"https:\/\/www.observatorulbuzoian.ro\/wp-content\/uploads\/2026\/08\/110-ani-Divizia-2-Infanterie-Getica-20-630x420.jpg\" alt><\/a><\/figure>\n<\/div>\n<div class=\"td-slide-item td-item11\">\n<figure class=\"td-slide-galery-figure td-slide-popup-gallery\"><a class=\"slide-gallery-image-link\" href=\"https:\/\/www.observatorulbuzoian.ro\/wp-content\/uploads\/2026\/08\/110-ani-Divizia-2-Infanterie-Getica-21.jpg\" title=\"110 ani Divizia 2 Infanterie Getica-21\" data-caption data-description><img decoding=\"async\" src=\"https:\/\/www.observatorulbuzoian.ro\/wp-content\/uploads\/2026\/08\/110-ani-Divizia-2-Infanterie-Getica-21-627x420.jpg\" alt><img decoding=\"async\" src=\"https:\/\/www.observatorulbuzoian.ro\/wp-content\/uploads\/2026\/08\/110-ani-Divizia-2-Infanterie-Getica-21-627x420.jpg\" alt><\/a><\/figure>\n<\/div>\n<div class=\"td-slide-item td-item12\">\n<figure class=\"td-slide-galery-figure td-slide-popup-gallery\"><a class=\"slide-gallery-image-link\" href=\"https:\/\/www.observatorulbuzoian.ro\/wp-content\/uploads\/2026\/08\/110-ani-Divizia-2-Infanterie-Getica-22.jpg\" title=\"110 ani Divizia 2 Infanterie Getica-22\" data-caption data-description><img decoding=\"async\" src=\"https:\/\/www.observatorulbuzoian.ro\/wp-content\/uploads\/2026\/08\/110-ani-Divizia-2-Infanterie-Getica-22-629x420.jpg\" alt><img decoding=\"async\" src=\"https:\/\/www.observatorulbuzoian.ro\/wp-content\/uploads\/2026\/08\/110-ani-Divizia-2-Infanterie-Getica-22-629x420.jpg\" alt><\/a><\/figure>\n<\/div>\n<div class=\"td-slide-item td-item13\">\n<figure class=\"td-slide-galery-figure td-slide-popup-gallery\"><a class=\"slide-gallery-image-link\" href=\"https:\/\/www.observatorulbuzoian.ro\/wp-content\/uploads\/2026\/08\/110-ani-Divizia-2-Infanterie-Getica-23.jpg\" title=\"110 ani Divizia 2 Infanterie Getica-23\" data-caption data-description><img decoding=\"async\" src=\"https:\/\/www.observatorulbuzoian.ro\/wp-content\/uploads\/2026\/08\/110-ani-Divizia-2-Infanterie-Getica-23-627x420.jpg\" alt><img decoding=\"async\" src=\"https:\/\/www.observatorulbuzoian.ro\/wp-content\/uploads\/2026\/08\/110-ani-Divizia-2-Infanterie-Getica-23-627x420.jpg\" alt><\/a><\/figure>\n<\/div>\n<div class=\"td-slide-item td-item14\">\n<figure class=\"td-slide-galery-figure td-slide-popup-gallery\"><a class=\"slide-gallery-image-link\" href=\"https:\/\/www.observatorulbuzoian.ro\/wp-content\/uploads\/2026\/08\/110-ani-Divizia-2-Infanterie-Getica-24.jpg\" title=\"110 ani Divizia 2 Infanterie Getica-24\" data-caption data-description><img decoding=\"async\" src=\"https:\/\/www.observatorulbuzoian.ro\/wp-content\/uploads\/2026\/08\/110-ani-Divizia-2-Infanterie-Getica-24-631x420.jpg\" alt><img decoding=\"async\" src=\"https:\/\/www.observatorulbuzoian.ro\/wp-content\/uploads\/2026\/08\/110-ani-Divizia-2-Infanterie-Getica-24-631x420.jpg\" alt><\/a><\/figure>\n<\/div>\n<div class=\"td-slide-item td-item15\">\n<figure class=\"td-slide-galery-figure td-slide-popup-gallery\"><a class=\"slide-gallery-image-link\" href=\"https:\/\/www.observatorulbuzoian.ro\/wp-content\/uploads\/2026\/08\/110-ani-Divizia-2-Infanterie-Getica-25.jpg\" title=\"110 ani Divizia 2 Infanterie Getica-25\" data-caption data-description><img decoding=\"async\" src=\"https:\/\/www.observatorulbuzoian.ro\/wp-content\/uploads\/2026\/08\/110-ani-Divizia-2-Infanterie-Getica-25-630x420.jpg\" alt><img decoding=\"async\" src=\"https:\/\/www.observatorulbuzoian.ro\/wp-content\/uploads\/2026\/08\/110-ani-Divizia-2-Infanterie-Getica-25-630x420.jpg\" alt><\/a><\/figure>\n<\/div>\n<div class=\"td-slide-item td-item16\">\n<figure class=\"td-slide-galery-figure td-slide-popup-gallery\"><a class=\"slide-gallery-image-link\" href=\"https:\/\/www.observatorulbuzoian.ro\/wp-content\/uploads\/2026\/08\/110-ani-Divizia-2-Infanterie-Getica-26.jpg\" title=\"110 ani Divizia 2 Infanterie Getica-26\" data-caption data-description><img decoding=\"async\" src=\"https:\/\/www.observatorulbuzoian.ro\/wp-content\/uploads\/2026\/08\/110-ani-Divizia-2-Infanterie-Getica-26-281x420.jpg\" alt><img decoding=\"async\" src=\"https:\/\/www.observatorulbuzoian.ro\/wp-content\/uploads\/2026\/08\/110-ani-Divizia-2-Infanterie-Getica-26-281x420.jpg\" alt><\/a><\/figure>\n<\/div>\n<div class=\"td-slide-item td-item17\">\n<figure class=\"td-slide-galery-figure td-slide-popup-gallery\"><a class=\"slide-gallery-image-link\" href=\"https:\/\/www.observatorulbuzoian.ro\/wp-content\/uploads\/2026\/08\/110-ani-Divizia-2-Infanterie-Getica-27.jpg\" title=\"110 ani Divizia 2 Infanterie Getica-27\" data-caption data-description><img decoding=\"async\" src=\"https:\/\/www.observatorulbuzoian.ro\/wp-content\/uploads\/2026\/08\/110-ani-Divizia-2-Infanterie-Getica-27-630x420.jpg\" alt><img decoding=\"async\" src=\"https:\/\/www.observatorulbuzoian.ro\/wp-content\/uploads\/2026\/08\/110-ani-Divizia-2-Infanterie-Getica-27-630x420.jpg\" alt><\/a><\/figure>\n<\/div>\n<div class=\"td-slide-item td-item18\">\n<figure class=\"td-slide-galery-figure td-slide-popup-gallery\"><a class=\"slide-gallery-image-link\" href=\"https:\/\/www.observatorulbuzoian.ro\/wp-content\/uploads\/2026\/08\/110-ani-Divizia-2-Infanterie-Getica-28.jpg\" title=\"110 ani Divizia 2 Infanterie Getica-28\" data-caption data-description><img decoding=\"async\" src=\"https:\/\/www.observatorulbuzoian.ro\/wp-content\/uploads\/2026\/08\/110-ani-Divizia-2-Infanterie-Getica-28-629x420.jpg\" alt><img decoding=\"async\" src=\"https:\/\/www.observatorulbuzoian.ro\/wp-content\/uploads\/2026\/08\/110-ani-Divizia-2-Infanterie-Getica-28-629x420.jpg\" alt><\/a><\/figure>\n<\/div>\n<div class=\"td-slide-item td-item19\">\n<figure class=\"td-slide-galery-figure td-slide-popup-gallery\"><a class=\"slide-gallery-image-link\" href=\"https:\/\/www.observatorulbuzoian.ro\/wp-content\/uploads\/2026\/08\/110-ani-Divizia-2-Infanterie-Getica-29.jpg\" title=\"110 ani Divizia 2 Infanterie Getica-29\" data-caption data-description><img decoding=\"async\" src=\"https:\/\/www.observatorulbuzoian.ro\/wp-content\/uploads\/2026\/08\/110-ani-Divizia-2-Infanterie-Getica-29-628x420.jpg\" alt><img decoding=\"async\" src=\"https:\/\/www.observatorulbuzoian.ro\/wp-content\/uploads\/2026\/08\/110-ani-Divizia-2-Infanterie-Getica-29-628x420.jpg\" alt><\/a><\/figure>\n<\/div>\n<div class=\"td-slide-item td-item20\">\n<figure class=\"td-slide-galery-figure td-slide-popup-gallery\"><a class=\"slide-gallery-image-link\" href=\"https:\/\/www.observatorulbuzoian.ro\/wp-content\/uploads\/2026\/08\/110-ani-Divizia-2-Infanterie-Getica-30.jpg\" title=\"110 ani Divizia 2 Infanterie Getica-30\" data-caption data-description><img decoding=\"async\" src=\"https:\/\/www.observatorulbuzoian.ro\/wp-content\/uploads\/2026\/08\/110-ani-Divizia-2-Infanterie-Getica-30-626x420.jpg\" alt><img decoding=\"async\" src=\"https:\/\/www.observatorulbuzoian.ro\/wp-content\/uploads\/2026\/08\/110-ani-Divizia-2-Infanterie-Getica-30-626x420.jpg\" alt><\/a><\/figure>\n<\/div>\n<\/div>\n<\/div>\n<\/div>\n<\/div>\n<p class=\"isSelectedEnd\">Pe parcursul zilei, buzoienii de toate v\u00e2rstele au putut admira tehnica \u0219i echipamentele militare expuse, au urm\u0103rit demonstra\u021bii de airsoft \u00eentr-un poligon amenajat \u00een loca\u021bie \u0219i au avut ocazia s\u0103 discute direct cu militarii. Un punct important l-a reprezentat standul de informare dedicat carierei militare, unde cei interesa\u021bi au primit detalii despre profesia militar\u0103 \u0219i oportunit\u0103\u021bile oferite de Armata Rom\u00e2niei.<\/p>\n<p class=\"isSelectedEnd\">Evenimentul a atras numero\u0219i vizitatori, mul\u021bi dintre ei venind \u00eempreun\u0103 cu familia \u0219i prietenii pentru a descoperi \u00eendeaproape oamenii, tehnica \u0219i tradi\u021biile armatei. Ca urmare a interesului manifestat de buzoieni, programul expozi\u021biei, stabilit ini\u021bial p\u00e2n\u0103 la ora 19.00, a fost prelungit dup\u0103 ora 20.00.<\/p>\n<p class=\"isSelectedEnd\">Atmosfera a fost completat\u0103, dup\u0103 ora 17.00, de concertul sus\u021binut pe Bulevardul Nicolae B\u0103lcescu de Muzica Militar\u0103 a Diviziei 2 Infanterie \u201eGetica\u201d. Momentul artistic a adunat publicul \u00een jurul orchestrei \u0219i a oferit o not\u0103 festiv\u0103 anivers\u0103rii celor 110 ani de tradi\u021bie.<iframe loading=\"lazy\" title=\"YouTube video player\" src=\"https:\/\/www.youtube.com\/embed\/PqTOezTF9W4?si=2Cyz1R4tTFEYKmw_\" width=\"800\" height=\"460\" frameborder allowfullscreen=\"allowfullscreen\"><\/iframe><\/p>\n<p>V\u0103 invit\u0103m s\u0103 urm\u0103ri\u021bi galeria foto-video \u0219i s\u0103 descoperi\u021bi cele mai frumoase momente ale unei zile \u00een care militarii \u0219i comunitatea buzoian\u0103 au s\u0103rb\u0103torit \u00eempreun\u0103.<\/p>\n<\/div>\n<p>[analyse_source url=&#8221;https:\/\/www.observatorulbuzoian.ro\/galerie-fotovideo-110-ani-de-traditie-militara-sarbatoriti-alaturi-de-buzoieni-pe-bulevardul-nicolae-balcescu\/&#8221;]<\/p>\n","protected":false},"excerpt":{"rendered":"<p>[analyse_image type=&#8221;featured&#8221; src=&#8221;https:\/\/www.observatorulbuzoian.ro\/wp-content\/uploads\/2026\/08\/110-ani-Divizia-2-Infanterie-Getica-18.jpg&#8221;] Bulevardul Nicolae B\u0103lcescu din Buz\u0103u a devenit locul de \u00eent\u00e2lnire dintre militarii Diviziei 2 Infanterie \u201eGetica\u201d \u0219i comunitatea local\u0103, \u00een cadrul evenimentului organizat pentru a marca 110 ani de tradi\u021bie. #tdi_63 .td-doubleSlider-2 .td-item1 { background: url(https:\/\/www.observatorulbuzoian.ro\/wp-content\/uploads\/2026\/08\/110-ani-Divizia-2-Infanterie-Getica-11-80&#215;60.jpg) 0 0 no-repeat; } #tdi_63 .td-doubleSlider-2 .td-item2 { background: url(https:\/\/www.observatorulbuzoian.ro\/wp-content\/uploads\/2026\/08\/110-ani-Divizia-2-Infanterie-Getica-12-80&#215;60.jpg) 0 0 no-repeat; } #tdi_63 .td-doubleSlider-2 [&hellip;]<\/p>\n","protected":false},"author":1,"featured_media":0,"comment_status":"open","ping_status":"","sticky":false,"template":"","format":"standard","meta":{"footnotes":""},"categories":[2],"tags":[226,82],"class_list":["post-2096394","post","type-post","status-publish","format-standard","hentry","category-politics","tag-crawlmanager","tag-observatorulbuzoian-ro"],"_links":{"self":[{"href":"https:\/\/analyse.optim.biz\/index.php?rest_route=\/wp\/v2\/posts\/2096394","targetHints":{"allow":["GET"]}}],"collection":[{"href":"https:\/\/analyse.optim.biz\/index.php?rest_route=\/wp\/v2\/posts"}],"about":[{"href":"https:\/\/analyse.optim.biz\/index.php?rest_route=\/wp\/v2\/types\/post"}],"author":[{"embeddable":true,"href":"https:\/\/analyse.optim.biz\/index.php?rest_route=\/wp\/v2\/users\/1"}],"replies":[{"embeddable":true,"href":"https:\/\/analyse.optim.biz\/index.php?rest_route=%2Fwp%2Fv2%2Fcomments&post=2096394"}],"version-history":[{"count":0,"href":"https:\/\/analyse.optim.biz\/index.php?rest_route=\/wp\/v2\/posts\/2096394\/revisions"}],"wp:attachment":[{"href":"https:\/\/analyse.optim.biz\/index.php?rest_route=%2Fwp%2Fv2%2Fmedia&parent=2096394"}],"wp:term":[{"taxonomy":"category","embeddable":true,"href":"https:\/\/analyse.optim.biz\/index.php?rest_route=%2Fwp%2Fv2%2Fcategories&post=2096394"},{"taxonomy":"post_tag","embeddable":true,"href":"https:\/\/analyse.optim.biz\/index.php?rest_route=%2Fwp%2Fv2%2Ftags&post=2096394"}],"curies":[{"name":"wp","href":"https:\/\/api.w.org\/{rel}","templated":true}]}}