{"id":2096284,"date":"2026-08-16T05:30:03","date_gmt":"2026-08-16T02:30:03","guid":{"rendered":"https:\/\/analyse.optim.biz\/?p=2096284"},"modified":"2026-08-16T05:30:03","modified_gmt":"2026-08-16T02:30:03","slug":"o-drona-care-a-intrat-in-spatiul-aerian-national-dinspre-republica-moldova-la-aproximativ-24-km-nord-de-galati-a-fost-doborata","status":"publish","type":"post","link":"https:\/\/analyse.optim.biz\/?p=2096284","title":{"rendered":"O dron\u0103 care a intrat \u00een spa\u0163iul aerian na\u0163ional, dinspre Republica Moldova, la aproximativ 24 km nord de Gala\u0163i, a fost dobor\u00e2t\u0103"},"content":{"rendered":"<p>[analyse_image type=&#8221;featured&#8221; src=&#8221;https:\/\/ziardesuceava.ro\/wp-content\/uploads\/2025\/11\/drona-ucraineana-up.jpg&#8221;]<\/p>\n<div class=\"post-content clearfix\">\n<div class=\"blog-post-thumb\"><img loading=\"lazy\" decoding=\"async\" width=\"820\" height=\"460\" src=\"https:\/\/ziardesuceava.ro\/wp-content\/uploads\/2025\/11\/drona-ucraineana-up.jpg\" class=\"attachment-inhype-blog-thumb size-inhype-blog-thumb wp-post-image\" alt><\/div>\n<div class=\"entry-content\">\n<p>O dron\u0103 a intrat, duminic\u0103 diminea\u0163\u0103, \u00een spa\u0163iul aerian na\u0163ional, dinspre Republica Moldova, la aproximativ 24 km nord de Gala\u0163i, anun\u0163\u0103 MApN, care precizeaz\u0103 c\u0103 drona a fost dobor\u00e2t\u0103. Ministrul Ap\u0103r\u0103rii Radu Miru\u0163\u0103 a transmis felicit\u0103ri pilo\u0163ilor spanioli \u015fi militarilor rom\u00e2ni de la centrul de comand\u0103 pentru o misiune reu\u015fit\u0103. Rom\u00e2nia \u00ee\u015fi ap\u0103r\u0103 spa\u0163iul aerian, iar alia\u0163ii no\u015ftri sunt al\u0103turi de noi. Vigilen\u0163\u0103, reac\u0163ie rapid\u0103 \u015fi solidaritate aliat\u0103, acestea sunt garan\u0163iile concrete ale securit\u0103\u0163ii noastre. Da, Rom\u00e2nia este \u00een prima linie de ap\u0103rare a Uniunii Europene\u201d, mai afirm\u0103 ministrul.<\/p>\n<p>\u201c\u00cen noaptea de 15 spre 16 august, la ora 04.44, \u015fistemele de supraveghere ale Ministerului Ap\u0103r\u0103riii Na\u0163ionale au detectat p\u0103trunderea unei \u0163inte aeriene \u00een spa\u0163iul aerian na\u0163ional, dinspre Republica Moldova, la aproximativ 24 km nord de Gala\u0163i. O aeronav\u0103 F-18 a For\u0163elor Aeriene \u015fi Spa\u0163iale Spaniole, care execut\u0103 Serviciul de Lupt\u0103 Poli\u0163ie Aerian\u0103 la Baza 57 Aerian\u0103 \u201cMihail Kog\u0103lniceanu\u201d, aflat\u0103 \u00een misiune de monitorizare, a realizat contact radar cu \u0163inta \u015fi a primit aprobarea de angajare. Drona a fost dobor\u00e2t\u0103 \u00een condi\u0163ii de siguran\u0163\u0103 de aeronava F-18, la ora 05.01\u2033, informeaz\u0103 duminic\u0103 MApN.<\/p>\n<p>\u00a0<\/p>\n<p>Un posibil punct de impact al resturilor dronei a fost identificat \u00eentre localit\u0103\u0163ile B\u0103leni \u015fi Cudalbi, jude\u0163ul Gala\u0163i, \u00eentr-o zon\u0103 nepopulat\u0103.<\/p>\n<p>\u00a0<\/p>\n<p>Alerta aerian\u0103 pentru jude\u0163ul Gala\u0163i a \u00eencetat la ora 05.20.<\/p>\n<p>Ministerul Ap\u0103r\u0103rii Na\u0163ionale subliniaz\u0103 c\u0103 monitorizeaz\u0103 permanent situa\u0163ia \u015fi informeaz\u0103 \u00een timp real structurile aliate cu privire la astfel de evenimente.<\/p>\n<\/div>\n<div class=\"inhype-social-share-fixed sidebar-position-right\">\n<div class=\"post-social-wrapper\">\n<div class=\"post-social-title\"><span class=\"post-social-title-text\">Share<\/span><\/div>\n<\/div>\n<\/div>\n<\/div>\n<p>[analyse_source url=&#8221;https:\/\/ziardesuceava.ro\/o-drona-care-a-intrat-in-spatiul-aerian-national-dinspre-republica-moldova-la-aproximativ-24-km-nord-de-galati-a-fost-doborata\/&#8221;]<\/p>\n","protected":false},"excerpt":{"rendered":"<p>[analyse_image type=&#8221;featured&#8221; src=&#8221;https:\/\/ziardesuceava.ro\/wp-content\/uploads\/2025\/11\/drona-ucraineana-up.jpg&#8221;] O dron\u0103 a intrat, duminic\u0103 diminea\u0163\u0103, \u00een spa\u0163iul aerian na\u0163ional, dinspre Republica Moldova, la aproximativ 24 km nord de Gala\u0163i, anun\u0163\u0103 MApN, care precizeaz\u0103 c\u0103 drona a fost dobor\u00e2t\u0103. Ministrul Ap\u0103r\u0103rii Radu Miru\u0163\u0103 a transmis felicit\u0103ri pilo\u0163ilor spanioli \u015fi militarilor rom\u00e2ni de la centrul de comand\u0103 pentru o misiune reu\u015fit\u0103. Rom\u00e2nia \u00ee\u015fi [&hellip;]<\/p>\n","protected":false},"author":1,"featured_media":0,"comment_status":"open","ping_status":"","sticky":false,"template":"","format":"standard","meta":{"footnotes":""},"categories":[89],"tags":[226,171],"class_list":["post-2096284","post","type-post","status-publish","format-standard","hentry","category-romania","tag-crawlmanager","tag-ziardesuceava-ro"],"_links":{"self":[{"href":"https:\/\/analyse.optim.biz\/index.php?rest_route=\/wp\/v2\/posts\/2096284","targetHints":{"allow":["GET"]}}],"collection":[{"href":"https:\/\/analyse.optim.biz\/index.php?rest_route=\/wp\/v2\/posts"}],"about":[{"href":"https:\/\/analyse.optim.biz\/index.php?rest_route=\/wp\/v2\/types\/post"}],"author":[{"embeddable":true,"href":"https:\/\/analyse.optim.biz\/index.php?rest_route=\/wp\/v2\/users\/1"}],"replies":[{"embeddable":true,"href":"https:\/\/analyse.optim.biz\/index.php?rest_route=%2Fwp%2Fv2%2Fcomments&post=2096284"}],"version-history":[{"count":0,"href":"https:\/\/analyse.optim.biz\/index.php?rest_route=\/wp\/v2\/posts\/2096284\/revisions"}],"wp:attachment":[{"href":"https:\/\/analyse.optim.biz\/index.php?rest_route=%2Fwp%2Fv2%2Fmedia&parent=2096284"}],"wp:term":[{"taxonomy":"category","embeddable":true,"href":"https:\/\/analyse.optim.biz\/index.php?rest_route=%2Fwp%2Fv2%2Fcategories&post=2096284"},{"taxonomy":"post_tag","embeddable":true,"href":"https:\/\/analyse.optim.biz\/index.php?rest_route=%2Fwp%2Fv2%2Ftags&post=2096284"}],"curies":[{"name":"wp","href":"https:\/\/api.w.org\/{rel}","templated":true}]}}