{"id":2096257,"date":"2026-08-13T20:07:45","date_gmt":"2026-08-13T17:07:45","guid":{"rendered":"https:\/\/analyse.optim.biz\/?p=2096257"},"modified":"2026-08-13T20:07:45","modified_gmt":"2026-08-13T17:07:45","slug":"divizia-2-infanterie-getica-la-ceas-aniversar","status":"publish","type":"post","link":"https:\/\/analyse.optim.biz\/?p=2096257","title":{"rendered":"Divizia 2 Infanterie \u201eGetica\u201d la ceas aniversar"},"content":{"rendered":"<p>[analyse_image type=&#8221;featured&#8221; src=&#8221;https:\/\/www.tvbuzau.ro\/wp-content\/uploads\/2026\/08\/maxresdefault-1.jpghttps:\/\/www.tvbuzau.ro\/wp-content\/uploads\/2026\/08\/maxresdefault-1.jpg&#8221;]<\/p>\n<div class=\"td-ss-main-content\">\n<article id=\"post-120029\" class=\"post-120029 post type-post status-publish format-video has-post-thumbnail hentry category-actualitate post_format-post-format-video\">\n<div class=\"td-post-header\">\n<ul class=\"td-category\">\n<li class=\"entry-category\"><a href=\"https:\/\/www.tvbuzau.ro\/category\/actualitate\/\">Actualitate<\/a><\/li>\n<\/ul>\n<header class=\"td-post-title\">\n<h1 class=\"entry-title\">Divizia 2 Infanterie \u201eGetica\u201d  la ceas aniversar<\/h1>\n<div class=\"td-module-meta-info\">\n<div class=\"td-post-author-name\">De c\u0103tre <a href=\"https:\/\/www.tvbuzau.ro\/author\/mihai-vasilescu\/\">TV Buz\u0103u<\/a> &#8211; <\/div>\n<p><span class=\"td-post-date\"><time class=\"entry-date updated td-module-date\" datetime=\"2026-08-13T20:07:45+00:00\">august 13, 2026<\/time><\/span><\/p>\n<div class=\"td-post-comments\"><a href=\"https:\/\/www.tvbuzau.ro\/divizia-2-infanterie-getica-la-ceas-aniversar\/#respond\">0<\/a><\/div>\n<div class=\"td-post-views\"><span class=\"td-nr-views-120029\">8<\/span><\/div>\n<\/div>\n<\/header>\n<\/div>\n<div class=\"td-post-sharing td-post-sharing-top td-with-like\">\n<div class=\"td-default-sharing\"><a class=\"td-social-sharing-buttons td-social-facebook\" href=\"http:\/\/www.facebook.com\/sharer.php?u=https%3A%2F%2Fwww.tvbuzau.ro%2Fdivizia-2-infanterie-getica-la-ceas-aniversar%2F\"><\/p>\n<div class=\"td-social-but-text\">Distribui\u021bi pe Facebook<\/div>\n<p><\/a><a class=\"td-social-sharing-buttons td-social-twitter\" href=\"https:\/\/twitter.com\/intent\/tweet?text=Divizia+2+Infanterie+%E2%80%9EGetica%E2%80%9D++la+ceas+aniversar&amp;url=https%3A%2F%2Fwww.tvbuzau.ro%2Fdivizia-2-infanterie-getica-la-ceas-aniversar%2F&amp;via=TV+Buz%C4%83u\"><\/p>\n<div class=\"td-social-but-text\">Distribui\u021bi pe Twitter<\/div>\n<p><\/a><\/div>\n<div class=\"td-classic-sharing\">\n<ul>\n<li class=\"td-classic-facebook\"><iframe frameborder src=\"https:\/\/www.facebook.com\/plugins\/like.php?href=https:\/\/www.tvbuzau.ro\/divizia-2-infanterie-getica-la-ceas-aniversar\/&amp;layout=button_count&amp;show_faces=false&amp;width=105&amp;action=like&amp;colorscheme=light&amp;height=21\"><\/iframe><\/li>\n<li class=\"td-classic-twitter\"><a href=\"https:\/\/twitter.com\/share\" class=\"twitter-share-button\" data-url=\"https:\/\/www.tvbuzau.ro\/divizia-2-infanterie-getica-la-ceas-aniversar\/\" data-text=\"Divizia 2 Infanterie \u201eGetica\u201d  la ceas aniversar\" data-via data-lang=\"en\">tweet<\/a><\/li>\n<\/ul>\n<\/div>\n<\/div>\n<div class=\"td-post-content\">\n<div class=\"td-featured-image-rec\">\n<div class=\"wpb_video_wrapper\">\n                    <iframe loading=\"lazy\" id=\"td_youtube_player\" width=\"600\" height=\"560\" src=\"https:\/\/www.youtube.com\/embed\/nIery2VqqI0?enablejsapi=1&amp;feature=oembed&amp;wmode=opaque&amp;vq=hd720\" frameborder allowfullscreen><\/iframe><\/p><\/div>\n<\/div>\n<p>110 ani de istorie<br \/>\nDivizia 2 Infanterie \u201eGetica\u201d este continuatoarea tradi\u021biilor de lupt\u0103 ale Armatei a 2-a, \u00eenfiin\u021bat\u0103 la 18 august 1916, \u00een timpul Primului R\u0103zboi Mondial, iar la data de 20 august 2026 va s\u0103rb\u0103tori 110 ani de existen\u021b\u0103. Istoria marii unit\u0103\u021bi este legat\u0103 de istoria Rom\u00e2niei Mari, militarii Armatei a 2-a lupt\u00e2nd at\u00e2t \u00een prima conflagra\u021bie mondial\u0103, pentru re\u00eentregirea neamului rom\u00e2nesc, c\u00e2t \u0219i \u00een cel de-Al Doilea R\u0103zboi Mondial.<br \/>\nPentru a onora trecutul glorios, Divizia 2 Infanterie \u201eGetica\u201d a organizat, de la \u00een-ceputul anului \u0219i p\u00e2n\u0103 \u00een prezent, mai multe activit\u0103\u021bi socio-culturale. De asemenea, altele sunt programate pentru perioada urm\u0103toare.<\/p>\n<p>\u201ePentru cei mici \u0219i mari am preg\u0103tit o prezentare de tehnic\u0103 \u0219i echipamente din dotarea Diviziei 2 Infanterie \u201eGetica\u201d, deschis\u0103 publicului. Activitatea se va desf\u0103\u0219ura pe 16 august, pe bulevardul Nicolae B\u0103lcescu din municipiul Buz\u0103u, \u00een intervalul orar 10.00-19.00\u201d, a anun\u0163at Divizia 2 Infanterie \u201eGetica\u201d .<br \/>\n\u00cen data de 19 august este programat un concert de muzic\u0103 militar\u0103, \u00een Pia\u021ba Dacia din municipiul Buz\u0103u, \u00een intervalul orar 19.00 \u2013 20.30, la care vor participa toate muzi-cile militare din unit\u0103\u021bile subordonate Diviziei 2 Infanterie \u201eGetica\u201d.<\/p>\n<p>\u201eCeremonia propriu-zis\u0103, dedicat\u0103 s\u0103rb\u0103torii a 110 ani de existen\u021b\u0103, este programat\u0103 pentru 20 august. Astfel, pe Calea Eroilor din municipiul Buz\u0103u, \u00eentre orele 12.00-14.00, va avea loc decorarea Drapelului de Lupt\u0103 \u0219i defilarea personalului din cadrul comandamentului Diviziei 2 Infanterie \u201eGetica\u201d, al marilor unit\u0103\u021bi \u0219i unit\u0103\u021bilor subordonate\u201d, informeaz\u0103 organizatorii.<\/p>\n<p>Armata a 2-a a ap\u0103rut \u00een pragul intr\u0103rii Rom\u00e2niei \u00een Primul R\u0103zboi Mondial, la 18 august 1916 \u015fi intra cu viteza ce-o impuneau evenimentele acelei vremi, \u00een prima etap\u0103 din istoria sa, \u00een conformitate cu Planul de mobilizare pentru anii 1916-1917 \u015fi prevederile Ipotezei \u201eZ\u201d, din ordinul comandamentului suprem. Primul s\u0103u comandant a fost, generalul de divizie Alexandru AVERESCU, cel care urma s\u0103 devin\u0103 faimosul mare\u0219al al Rom\u00e2niei, transmite Divizia 2 Infanterie \u201eGetica\u201d .<\/p>\n<p>Structura militar\u0103 a realizat \u015fi u scurt istoric \u00een care eviden\u0163iaz\u0103 faptul c\u0103 la data de 27 august 1916, Armata a 2-a este integrat\u0103 \u00een ofensiva din Transilvania, av\u00e2nd for\u0163ele angajate \u00een lupte \u00eempotriva armatei germane \u015fi austro-ungare, de-a lungul v\u0103ilor r\u00e2urilor Olt, Arge\u015f, Buz\u0103u \u015fi Oituz. Urmare a opririi ofensivei \u015fi contraatacului Puteri-lor centrale, care a dus la ocuparea majorit\u0103\u0163ii teritoriului rom\u00e2nesc, Armata a 2-a, \u00eempreun\u0103 cu celelalte structuri au fost nevoite s\u0103 se retrag\u0103 \u00een regiunea Moldovei, singurul teritoriu neocupat. Aici, \u00een iarna anilor 1916\/1917, s-a desf\u0103\u015furat procesul de reorganizare \u015fi modernizare a armatei, ca parte a misiunii generalului francez Henri Berthelot, de a revitaliza epuizatele \u015fi decimatele for\u0163e armate rom\u00e2ne.<br \/>\n \u00cen vara anului 1917, cu poten\u0163ialul substan\u0163ial ref\u0103cut, era gata s\u0103 fie angajat\u0103 \u00een marile b\u0103t\u0103lii de la por\u0163ile Moldovei. Acesteia avea s\u0103-i revin\u0103 cinstea \u015fi onoarea de a participa la marea ofensiv\u0103 de la M\u0103r\u0103\u015fti, \u00eentre 22 iulie \u015fi 1 august, soldat\u0103 cu victorie, dup\u0103 crearea unei bre\u015fe \u00een front \u00een l\u0103\u0163ime de 30 km \u015fi ad\u00e2ncime de 20 km, vreme de nou\u0103 zile de lupt\u0103 cr\u00e2ncen\u0103.<br \/>\nGeneralul german August von Mackensen lanseaz\u0103 un contraatac, \u00een 6 august 1916, care duce la b\u0103t\u0103lia de la M\u0103r\u0103\u015fe\u015fti, unde trupele rom\u00e2ne reu\u015fesc s\u0103 reziste \u00eempotriva atacurilor repetate, p\u00e2n\u0103 la 8 septembrie, am\u00e2ndou\u0103 p\u0103r\u0163ile r\u0103m\u00e2n\u00e2nd f\u0103r\u0103 for\u0163e. Victoria a ap\u0103rut cu un cost uria\u015f, Rom\u00e2nia pierz\u00e2nd circa 27.000 de militari, iar Germania 47.000. Indemnul Armatei Rom\u00e2ne din acele zile a fost \u201ePe aicea nu se trece!\u201d. Un alt atac a fost lansat, de c\u0103tre trupele germane \u015fi austro-ungare, \u00een zona v\u0103ii Oituz, b\u0103t\u0103lie care a durat din 8 p\u00e2n\u0103 \u00een 20 august, soldat cu o victorie strategic\u0103, trupele inamice fiind oprite pe linia v\u0103ii r\u00e2ului Trotu\u015f.<br \/>\nRom\u00e2nia a intrat \u00een prima conflagra\u0163ie mondial\u0103 cu 658.000 de militari, grupa\u0163i \u00een 23 de divizii \u015fi, timp de 3 ani, jertfa de r\u0103zboi a cumulat pierderi de 595.000 de militari (335.706 c\u0103zu\u0163i la datorie, 120.000 r\u0103ni\u0163i \u015fi 80.000 de prizonieri). La 1 iunie 1918, Armata a 2-a este demobilizat\u0103, dup\u0103 semnarea for\u0163at\u0103 a Tratatului de la Bucure\u015fti cu Puterile Centrale. A fost reactivat\u0103 pe timpul celei de-a doua conflagra\u0163ii mondiale, particip\u00e2nd \u00een campaniile de Est \u015fi de Vest. In iunie 1947 este reorganizat\u0103 din nou, iar noua structur\u0103 se reg\u0103se\u015fte sub forma noii Regiuni a 2-a Militare, \u00een Bucure\u015fti. Din prim\u0103vara anului 1960 se transform\u0103 \u00een Comandamentul Armatei a 2-a, iar \u00een prim\u0103vara anului 1980 se mut\u0103 \u00een garnizoana Buz\u0103u \u015fi se transform\u0103 \u00een Corp de Armat\u0103 \u00een anul 2000.<br \/>\nIn anul 2003 devine Comandamentul 2 Opera\u0163ional \u00centrunit \u201eMare\u015fal Alexandru Averescu\u201d, structur\u0103 care asigur\u0103 managementul for\u0163elor rom\u00e2ne participante la misiuni de ap\u0103rarea p\u0103cii \u015fi opera\u0163ii ONU \u015fi OSCE. \u00cencep\u00e2nd cu 15 aprilie 2010, Comandamentul Opera\u0163ional \u00centrunit intr\u0103 \u00eentr-o nou\u0103 etap\u0103, devenind Divizia 2 Infanterie \u201eGetica\u201d, component\u0103 a Statului Major al For\u0163elor Terestre.<br \/>\nDivizia, mare unitate de lupt\u0103, asigur\u0103 instruirea pentru realizarea nivelului de opera\u0163ionalizare necesar comandamentului \u015fi structurilor subordonate, \u00een scopul par-ticip\u0103rii la ac\u0163iuni de sprijin intern \u015fi stabilitate \u00een teatrele de opera\u0163ii externe, iar \u00een situa\u0163ii de criz\u0103 \u015fi la r\u0103zboi, planific\u0103 \u015fi execut\u0103 opera\u0163ii \u00een sistem integrat, pe teritoriul statului rom\u00e2n sau \u00een afara acestuia, arat\u0103 Divizia 2 Infanterie \u201eGetica\u201d .<\/p>\n<div class=\"post-views post-120029 entry-meta\"><span class=\"post-views-label\">Post Views: <\/span><span class=\"post-views-count\">286<\/span><\/div>\n<\/div>\n<footer>\n<div class=\"td-post-sharing td-post-sharing-bottom td-with-like\"><span class=\"td-post-share-title\">DISTRIBUI\u021aI<\/span><\/p>\n<div class=\"td-default-sharing\"><a class=\"td-social-sharing-buttons td-social-facebook\" href=\"http:\/\/www.facebook.com\/sharer.php?u=https%3A%2F%2Fwww.tvbuzau.ro%2Fdivizia-2-infanterie-getica-la-ceas-aniversar%2F\"><\/p>\n<div class=\"td-social-but-text\">Facebook<\/div>\n<p><\/a><a class=\"td-social-sharing-buttons td-social-twitter\" href=\"https:\/\/twitter.com\/intent\/tweet?text=Divizia+2+Infanterie+%E2%80%9EGetica%E2%80%9D++la+ceas+aniversar&amp;url=https%3A%2F%2Fwww.tvbuzau.ro%2Fdivizia-2-infanterie-getica-la-ceas-aniversar%2F&amp;via=TV+Buz%C4%83u\"><\/p>\n<div class=\"td-social-but-text\">Twitter<\/div>\n<p><\/a><\/div>\n<div class=\"td-classic-sharing\">\n<ul>\n<li class=\"td-classic-facebook\"><iframe frameborder src=\"https:\/\/www.facebook.com\/plugins\/like.php?href=https:\/\/www.tvbuzau.ro\/divizia-2-infanterie-getica-la-ceas-aniversar\/&amp;layout=button_count&amp;show_faces=false&amp;width=105&amp;action=like&amp;colorscheme=light&amp;height=21\"><\/iframe><\/li>\n<li class=\"td-classic-twitter\"><a href=\"https:\/\/twitter.com\/share\" class=\"twitter-share-button\" data-url=\"https:\/\/www.tvbuzau.ro\/divizia-2-infanterie-getica-la-ceas-aniversar\/\" data-text=\"Divizia 2 Infanterie \u201eGetica\u201d  la ceas aniversar\" data-via data-lang=\"en\">tweet<\/a><\/li>\n<\/ul>\n<\/div>\n<\/div>\n<div class=\"td-author-name vcard author\"><span class=\"fn\"><a href=\"https:\/\/www.tvbuzau.ro\/author\/mihai-vasilescu\/\">TV Buz\u0103u<\/a><\/span><\/div>\n<p><span><\/span><span><span><\/span><\/span><span><\/span><\/footer>\n<\/article>\n<div class=\"td_block_wrap td_block_related_posts td_uid_1_6a81eca929b04_rand td_with_ajax_pagination td-pb-border-top\" data-td-block-uid=\"td_uid_1_6a81eca929b04\">\n<h4 class=\"td-related-title\"><a id=\"td_uid_2_6a81eca92f9fc\" class=\"td-related-left td-cur-simple-item\" data-td_filter_value data-td_block_id=\"td_uid_1_6a81eca929b04\" href=\"https:\/\/www.tvbuzau.ro\/divizia-2-infanterie-getica-la-ceas-aniversar\/\">ARTICOLE SIMILARE<\/a><a id=\"td_uid_3_6a81eca92fa38\" class=\"td-related-right\" data-td_filter_value=\"td_related_more_from_author\" data-td_block_id=\"td_uid_1_6a81eca929b04\" href=\"https:\/\/www.tvbuzau.ro\/divizia-2-infanterie-getica-la-ceas-aniversar\/\">DE LA ACELA\u0218I AUTOR<\/a><\/h4>\n<div id=\"td_uid_1_6a81eca929b04\" class=\"td_block_inner\">\n<div class=\"td-related-row\">\n<div class=\"td-related-span4\">\n<div class=\"td_module_related_posts td-animation-stack td_mod_related_posts\">\n<div class=\"td-module-image\">\n<div class=\"td-module-thumb\"><a href=\"https:\/\/www.tvbuzau.ro\/tabara-urbana-vacanta-de-vara-2026-deschisa-in-parcul-tineretului\/\" rel=\"bookmark\" title=\"\u201eTab\u0103ra Urban\u0103, Vacan\u021ba de var\u0103 2026\u201d deschis\u0103 \u00een Parcul Tineretului\"><img loading=\"lazy\" decoding=\"async\" width=\"218\" height=\"150\" class=\"entry-thumb\" src=\"https:\/\/www.tvbuzau.ro\/wp-content\/uploads\/2026\/08\/maxresdefault-3-218x150.jpg\" alt title=\"\u201eTab\u0103ra Urban\u0103, Vacan\u021ba de var\u0103 2026\u201d deschis\u0103 \u00een Parcul Tineretului\"><span class=\"td-video-play-ico\"><img loading=\"lazy\" decoding=\"async\" width=\"40\" height=\"40\" class=\"td-retina\" src=\"https:\/\/www.tvbuzau.ro\/wp-content\/themes\/Newspaper\/images\/icons\/ico-video-large.png\" alt=\"video\"><\/span><\/a><\/div>\n<p><a href=\"https:\/\/www.tvbuzau.ro\/category\/actualitate\/\" class=\"td-post-category\">Actualitate<\/a><\/div>\n<div class=\"item-details\">\n<h3 class=\"entry-title td-module-title\"><a href=\"https:\/\/www.tvbuzau.ro\/tabara-urbana-vacanta-de-vara-2026-deschisa-in-parcul-tineretului\/\" rel=\"bookmark\" title=\"\u201eTab\u0103ra Urban\u0103, Vacan\u021ba de var\u0103 2026\u201d deschis\u0103 \u00een Parcul Tineretului\">\u201eTab\u0103ra Urban\u0103, Vacan\u021ba de var\u0103 2026\u201d deschis\u0103 \u00een Parcul Tineretului<\/a><\/h3>\n<\/div>\n<\/div>\n<\/div>\n<div class=\"td-related-span4\">\n<div class=\"td_module_related_posts td-animation-stack td_mod_related_posts\">\n<div class=\"td-module-image\">\n<div class=\"td-module-thumb\"><a href=\"https:\/\/www.tvbuzau.ro\/sezon-impresionant-pentru-echipa-heart-of-robots\/\" rel=\"bookmark\" title=\"Sezon impresionant pentru echipa Heart of Robots\"><img loading=\"lazy\" decoding=\"async\" width=\"218\" height=\"150\" class=\"entry-thumb\" src=\"https:\/\/www.tvbuzau.ro\/wp-content\/uploads\/2026\/08\/hqdefault-18-218x150.jpg\" alt title=\"Sezon impresionant pentru echipa Heart of Robots\"><span class=\"td-video-play-ico\"><img loading=\"lazy\" decoding=\"async\" width=\"40\" height=\"40\" class=\"td-retina\" src=\"https:\/\/www.tvbuzau.ro\/wp-content\/themes\/Newspaper\/images\/icons\/ico-video-large.png\" alt=\"video\"><\/span><\/a><\/div>\n<p><a href=\"https:\/\/www.tvbuzau.ro\/category\/actualitate\/\" class=\"td-post-category\">Actualitate<\/a><\/div>\n<div class=\"item-details\">\n<h3 class=\"entry-title td-module-title\"><a href=\"https:\/\/www.tvbuzau.ro\/sezon-impresionant-pentru-echipa-heart-of-robots\/\" rel=\"bookmark\" title=\"Sezon impresionant pentru echipa Heart of Robots\">Sezon impresionant pentru echipa Heart of Robots<\/a><\/h3>\n<\/div>\n<\/div>\n<\/div>\n<div class=\"td-related-span4\">\n<div class=\"td_module_related_posts td-animation-stack td_mod_related_posts\">\n<div class=\"td-module-image\">\n<div class=\"td-module-thumb\"><a href=\"https:\/\/www.tvbuzau.ro\/20-000-de-buzoieni-au-ales-factura-verde-la-apa\/\" rel=\"bookmark\" title=\"20.000 de buzoieni au ales Factura Verde la ap\u0103\"><img loading=\"lazy\" decoding=\"async\" width=\"218\" height=\"150\" class=\"entry-thumb\" src=\"https:\/\/www.tvbuzau.ro\/wp-content\/uploads\/2026\/08\/hqdefault-17-218x150.jpg\" alt title=\"20.000 de buzoieni au ales Factura Verde la ap\u0103\"><span class=\"td-video-play-ico\"><img loading=\"lazy\" decoding=\"async\" width=\"40\" height=\"40\" class=\"td-retina\" src=\"https:\/\/www.tvbuzau.ro\/wp-content\/themes\/Newspaper\/images\/icons\/ico-video-large.png\" alt=\"video\"><\/span><\/a><\/div>\n<p><a href=\"https:\/\/www.tvbuzau.ro\/category\/actualitate\/\" class=\"td-post-category\">Actualitate<\/a><\/div>\n<div class=\"item-details\">\n<h3 class=\"entry-title td-module-title\"><a href=\"https:\/\/www.tvbuzau.ro\/20-000-de-buzoieni-au-ales-factura-verde-la-apa\/\" rel=\"bookmark\" title=\"20.000 de buzoieni au ales Factura Verde la ap\u0103\">20.000 de buzoieni au ales Factura Verde la ap\u0103<\/a><\/h3>\n<\/div>\n<\/div>\n<\/div>\n<\/div>\n<div class=\"td-related-row\">\n<div class=\"td-related-span4\">\n<div class=\"td_module_related_posts td-animation-stack td_mod_related_posts\">\n<div class=\"td-module-image\">\n<div class=\"td-module-thumb\"><a href=\"https:\/\/www.tvbuzau.ro\/cnair-a-dat-startul-campaniei-generatia-zero-accidente\/\" rel=\"bookmark\" title=\"CNAIR a dat startul campaniei \u201eGenera\u021bia Zero Accidente!\u201d\"><img loading=\"lazy\" decoding=\"async\" width=\"218\" height=\"150\" class=\"entry-thumb\" src=\"https:\/\/www.tvbuzau.ro\/wp-content\/uploads\/2026\/08\/sddefault-31-218x150.jpg\" alt title=\"CNAIR a dat startul campaniei \u201eGenera\u021bia Zero Accidente!\u201d\"><span class=\"td-video-play-ico\"><img loading=\"lazy\" decoding=\"async\" width=\"40\" height=\"40\" class=\"td-retina\" src=\"https:\/\/www.tvbuzau.ro\/wp-content\/themes\/Newspaper\/images\/icons\/ico-video-large.png\" alt=\"video\"><\/span><\/a><\/div>\n<p><a href=\"https:\/\/www.tvbuzau.ro\/category\/actualitate\/\" class=\"td-post-category\">Actualitate<\/a><\/div>\n<div class=\"item-details\">\n<h3 class=\"entry-title td-module-title\"><a href=\"https:\/\/www.tvbuzau.ro\/cnair-a-dat-startul-campaniei-generatia-zero-accidente\/\" rel=\"bookmark\" title=\"CNAIR a dat startul campaniei \u201eGenera\u021bia Zero Accidente!\u201d\">CNAIR a dat startul campaniei \u201eGenera\u021bia Zero Accidente!\u201d<\/a><\/h3>\n<\/div>\n<\/div>\n<\/div>\n<div class=\"td-related-span4\">\n<div class=\"td_module_related_posts td-animation-stack td_mod_related_posts\">\n<div class=\"td-module-image\">\n<div class=\"td-module-thumb\"><a href=\"https:\/\/www.tvbuzau.ro\/sute-de-buzoieni-au-mers-sa-vada-perseidele-2\/\" rel=\"bookmark\" title=\"Sute de buzoieni au mers s\u0103 vad\u0103 Perseidele\"><img loading=\"lazy\" decoding=\"async\" width=\"218\" height=\"150\" class=\"entry-thumb\" src=\"https:\/\/www.tvbuzau.ro\/wp-content\/uploads\/2026\/08\/maxresdefault-2-218x150.jpg\" alt title=\"Sute de buzoieni au mers s\u0103 vad\u0103 Perseidele\"><span class=\"td-video-play-ico\"><img loading=\"lazy\" decoding=\"async\" width=\"40\" height=\"40\" class=\"td-retina\" src=\"https:\/\/www.tvbuzau.ro\/wp-content\/themes\/Newspaper\/images\/icons\/ico-video-large.png\" alt=\"video\"><\/span><\/a><\/div>\n<p><a href=\"https:\/\/www.tvbuzau.ro\/category\/actualitate\/\" class=\"td-post-category\">Actualitate<\/a><\/div>\n<div class=\"item-details\">\n<h3 class=\"entry-title td-module-title\"><a href=\"https:\/\/www.tvbuzau.ro\/sute-de-buzoieni-au-mers-sa-vada-perseidele-2\/\" rel=\"bookmark\" title=\"Sute de buzoieni au mers s\u0103 vad\u0103 Perseidele\">Sute de buzoieni au mers s\u0103 vad\u0103 Perseidele<\/a><\/h3>\n<\/div>\n<\/div>\n<\/div>\n<div class=\"td-related-span4\">\n<div class=\"td_module_related_posts td-animation-stack td_mod_related_posts\">\n<div class=\"td-module-image\">\n<div class=\"td-module-thumb\"><a href=\"https:\/\/www.tvbuzau.ro\/sute-de-buzoieni-au-mers-sa-vada-perseidele\/\" rel=\"bookmark\" title=\"La Maternitatea Buz\u0103u al\u0103ptarea este sus\u021binut\u0103 de \u00eentreg colectivul de medici\"><img loading=\"lazy\" decoding=\"async\" width=\"218\" height=\"150\" class=\"entry-thumb\" src=\"https:\/\/www.tvbuzau.ro\/wp-content\/uploads\/2026\/08\/sddefault-30-218x150.jpg\" alt title=\"La Maternitatea Buz\u0103u al\u0103ptarea este sus\u021binut\u0103 de \u00eentreg colectivul de medici\"><span class=\"td-video-play-ico\"><img loading=\"lazy\" decoding=\"async\" width=\"40\" height=\"40\" class=\"td-retina\" src=\"https:\/\/www.tvbuzau.ro\/wp-content\/themes\/Newspaper\/images\/icons\/ico-video-large.png\" alt=\"video\"><\/span><\/a><\/div>\n<p><a href=\"https:\/\/www.tvbuzau.ro\/category\/actualitate\/\" class=\"td-post-category\">Actualitate<\/a><\/div>\n<div class=\"item-details\">\n<h3 class=\"entry-title td-module-title\"><a href=\"https:\/\/www.tvbuzau.ro\/sute-de-buzoieni-au-mers-sa-vada-perseidele\/\" rel=\"bookmark\" title=\"La Maternitatea Buz\u0103u al\u0103ptarea este sus\u021binut\u0103 de \u00eentreg colectivul de medici\">La Maternitatea Buz\u0103u al\u0103ptarea este sus\u021binut\u0103 de \u00eentreg colectivul de medici<\/a><\/h3>\n<\/div>\n<\/div>\n<\/div>\n<\/div>\n<\/div>\n<\/div>\n<div class=\"comments\" id=\"comments\">\n<div id=\"respond\" class=\"comment-respond\">\n<h3 id=\"reply-title\" class=\"comment-reply-title\">L\u0102SA\u021aI UN MESAJ <small><a rel=\"nofollow\" id=\"cancel-comment-reply-link\" href=\"https:\/\/www.tvbuzau.ro\/divizia-2-infanterie-getica-la-ceas-aniversar\/#respond\">Renun\u021ba\u021bi la r\u0103spuns<\/a><\/small><\/h3>\n<\/div>\n<\/div>\n<\/div>\n<div class=\"td-post-content\">\n<div class=\"td-featured-image-rec\">\n<div class=\"wpb_video_wrapper\">\n                    <iframe loading=\"lazy\" id=\"td_youtube_player\" width=\"600\" height=\"560\" src=\"https:\/\/www.youtube.com\/embed\/nIery2VqqI0?enablejsapi=1&amp;feature=oembed&amp;wmode=opaque&amp;vq=hd720\" frameborder allowfullscreen><\/iframe><\/p><\/div>\n<\/div>\n<p>110 ani de istorie<br \/>\nDivizia 2 Infanterie \u201eGetica\u201d este continuatoarea tradi\u021biilor de lupt\u0103 ale Armatei a 2-a, \u00eenfiin\u021bat\u0103 la 18 august 1916, \u00een timpul Primului R\u0103zboi Mondial, iar la data de 20 august 2026 va s\u0103rb\u0103tori 110 ani de existen\u021b\u0103. Istoria marii unit\u0103\u021bi este legat\u0103 de istoria Rom\u00e2niei Mari, militarii Armatei a 2-a lupt\u00e2nd at\u00e2t \u00een prima conflagra\u021bie mondial\u0103, pentru re\u00eentregirea neamului rom\u00e2nesc, c\u00e2t \u0219i \u00een cel de-Al Doilea R\u0103zboi Mondial.<br \/>\nPentru a onora trecutul glorios, Divizia 2 Infanterie \u201eGetica\u201d a organizat, de la \u00een-ceputul anului \u0219i p\u00e2n\u0103 \u00een prezent, mai multe activit\u0103\u021bi socio-culturale. De asemenea, altele sunt programate pentru perioada urm\u0103toare.<\/p>\n<p>\u201ePentru cei mici \u0219i mari am preg\u0103tit o prezentare de tehnic\u0103 \u0219i echipamente din dotarea Diviziei 2 Infanterie \u201eGetica\u201d, deschis\u0103 publicului. Activitatea se va desf\u0103\u0219ura pe 16 august, pe bulevardul Nicolae B\u0103lcescu din municipiul Buz\u0103u, \u00een intervalul orar 10.00-19.00\u201d, a anun\u0163at Divizia 2 Infanterie \u201eGetica\u201d .<br \/>\n\u00cen data de 19 august este programat un concert de muzic\u0103 militar\u0103, \u00een Pia\u021ba Dacia din municipiul Buz\u0103u, \u00een intervalul orar 19.00 \u2013 20.30, la care vor participa toate muzi-cile militare din unit\u0103\u021bile subordonate Diviziei 2 Infanterie \u201eGetica\u201d.<\/p>\n<p>\u201eCeremonia propriu-zis\u0103, dedicat\u0103 s\u0103rb\u0103torii a 110 ani de existen\u021b\u0103, este programat\u0103 pentru 20 august. Astfel, pe Calea Eroilor din municipiul Buz\u0103u, \u00eentre orele 12.00-14.00, va avea loc decorarea Drapelului de Lupt\u0103 \u0219i defilarea personalului din cadrul comandamentului Diviziei 2 Infanterie \u201eGetica\u201d, al marilor unit\u0103\u021bi \u0219i unit\u0103\u021bilor subordonate\u201d, informeaz\u0103 organizatorii.<\/p>\n<p>Armata a 2-a a ap\u0103rut \u00een pragul intr\u0103rii Rom\u00e2niei \u00een Primul R\u0103zboi Mondial, la 18 august 1916 \u015fi intra cu viteza ce-o impuneau evenimentele acelei vremi, \u00een prima etap\u0103 din istoria sa, \u00een conformitate cu Planul de mobilizare pentru anii 1916-1917 \u015fi prevederile Ipotezei \u201eZ\u201d, din ordinul comandamentului suprem. Primul s\u0103u comandant a fost, generalul de divizie Alexandru AVERESCU, cel care urma s\u0103 devin\u0103 faimosul mare\u0219al al Rom\u00e2niei, transmite Divizia 2 Infanterie \u201eGetica\u201d .<\/p>\n<p>Structura militar\u0103 a realizat \u015fi u scurt istoric \u00een care eviden\u0163iaz\u0103 faptul c\u0103 la data de 27 august 1916, Armata a 2-a este integrat\u0103 \u00een ofensiva din Transilvania, av\u00e2nd for\u0163ele angajate \u00een lupte \u00eempotriva armatei germane \u015fi austro-ungare, de-a lungul v\u0103ilor r\u00e2urilor Olt, Arge\u015f, Buz\u0103u \u015fi Oituz. Urmare a opririi ofensivei \u015fi contraatacului Puteri-lor centrale, care a dus la ocuparea majorit\u0103\u0163ii teritoriului rom\u00e2nesc, Armata a 2-a, \u00eempreun\u0103 cu celelalte structuri au fost nevoite s\u0103 se retrag\u0103 \u00een regiunea Moldovei, singurul teritoriu neocupat. Aici, \u00een iarna anilor 1916\/1917, s-a desf\u0103\u015furat procesul de reorganizare \u015fi modernizare a armatei, ca parte a misiunii generalului francez Henri Berthelot, de a revitaliza epuizatele \u015fi decimatele for\u0163e armate rom\u00e2ne.<br \/>\n \u00cen vara anului 1917, cu poten\u0163ialul substan\u0163ial ref\u0103cut, era gata s\u0103 fie angajat\u0103 \u00een marile b\u0103t\u0103lii de la por\u0163ile Moldovei. Acesteia avea s\u0103-i revin\u0103 cinstea \u015fi onoarea de a participa la marea ofensiv\u0103 de la M\u0103r\u0103\u015fti, \u00eentre 22 iulie \u015fi 1 august, soldat\u0103 cu victorie, dup\u0103 crearea unei bre\u015fe \u00een front \u00een l\u0103\u0163ime de 30 km \u015fi ad\u00e2ncime de 20 km, vreme de nou\u0103 zile de lupt\u0103 cr\u00e2ncen\u0103.<br \/>\nGeneralul german August von Mackensen lanseaz\u0103 un contraatac, \u00een 6 august 1916, care duce la b\u0103t\u0103lia de la M\u0103r\u0103\u015fe\u015fti, unde trupele rom\u00e2ne reu\u015fesc s\u0103 reziste \u00eempotriva atacurilor repetate, p\u00e2n\u0103 la 8 septembrie, am\u00e2ndou\u0103 p\u0103r\u0163ile r\u0103m\u00e2n\u00e2nd f\u0103r\u0103 for\u0163e. Victoria a ap\u0103rut cu un cost uria\u015f, Rom\u00e2nia pierz\u00e2nd circa 27.000 de militari, iar Germania 47.000. Indemnul Armatei Rom\u00e2ne din acele zile a fost \u201ePe aicea nu se trece!\u201d. Un alt atac a fost lansat, de c\u0103tre trupele germane \u015fi austro-ungare, \u00een zona v\u0103ii Oituz, b\u0103t\u0103lie care a durat din 8 p\u00e2n\u0103 \u00een 20 august, soldat cu o victorie strategic\u0103, trupele inamice fiind oprite pe linia v\u0103ii r\u00e2ului Trotu\u015f.<br \/>\nRom\u00e2nia a intrat \u00een prima conflagra\u0163ie mondial\u0103 cu 658.000 de militari, grupa\u0163i \u00een 23 de divizii \u015fi, timp de 3 ani, jertfa de r\u0103zboi a cumulat pierderi de 595.000 de militari (335.706 c\u0103zu\u0163i la datorie, 120.000 r\u0103ni\u0163i \u015fi 80.000 de prizonieri). La 1 iunie 1918, Armata a 2-a este demobilizat\u0103, dup\u0103 semnarea for\u0163at\u0103 a Tratatului de la Bucure\u015fti cu Puterile Centrale. A fost reactivat\u0103 pe timpul celei de-a doua conflagra\u0163ii mondiale, particip\u00e2nd \u00een campaniile de Est \u015fi de Vest. In iunie 1947 este reorganizat\u0103 din nou, iar noua structur\u0103 se reg\u0103se\u015fte sub forma noii Regiuni a 2-a Militare, \u00een Bucure\u015fti. Din prim\u0103vara anului 1960 se transform\u0103 \u00een Comandamentul Armatei a 2-a, iar \u00een prim\u0103vara anului 1980 se mut\u0103 \u00een garnizoana Buz\u0103u \u015fi se transform\u0103 \u00een Corp de Armat\u0103 \u00een anul 2000.<br \/>\nIn anul 2003 devine Comandamentul 2 Opera\u0163ional \u00centrunit \u201eMare\u015fal Alexandru Averescu\u201d, structur\u0103 care asigur\u0103 managementul for\u0163elor rom\u00e2ne participante la misiuni de ap\u0103rarea p\u0103cii \u015fi opera\u0163ii ONU \u015fi OSCE. \u00cencep\u00e2nd cu 15 aprilie 2010, Comandamentul Opera\u0163ional \u00centrunit intr\u0103 \u00eentr-o nou\u0103 etap\u0103, devenind Divizia 2 Infanterie \u201eGetica\u201d, component\u0103 a Statului Major al For\u0163elor Terestre.<br \/>\nDivizia, mare unitate de lupt\u0103, asigur\u0103 instruirea pentru realizarea nivelului de opera\u0163ionalizare necesar comandamentului \u015fi structurilor subordonate, \u00een scopul par-ticip\u0103rii la ac\u0163iuni de sprijin intern \u015fi stabilitate \u00een teatrele de opera\u0163ii externe, iar \u00een situa\u0163ii de criz\u0103 \u015fi la r\u0103zboi, planific\u0103 \u015fi execut\u0103 opera\u0163ii \u00een sistem integrat, pe teritoriul statului rom\u00e2n sau \u00een afara acestuia, arat\u0103 Divizia 2 Infanterie \u201eGetica\u201d .<\/p>\n<div class=\"post-views post-120029 entry-meta\"><span class=\"post-views-label\">Post Views: <\/span><span class=\"post-views-count\">286<\/span><\/div>\n<\/div>\n<p>[analyse_source url=&#8221;https:\/\/www.tvbuzau.ro\/divizia-2-infanterie-getica-la-ceas-aniversar\/&#8221;]<\/p>\n","protected":false},"excerpt":{"rendered":"<p>[analyse_image type=&#8221;featured&#8221; src=&#8221;https:\/\/www.tvbuzau.ro\/wp-content\/uploads\/2026\/08\/maxresdefault-1.jpghttps:\/\/www.tvbuzau.ro\/wp-content\/uploads\/2026\/08\/maxresdefault-1.jpg&#8221;] Actualitate Divizia 2 Infanterie \u201eGetica\u201d la ceas aniversar De c\u0103tre TV Buz\u0103u &#8211; august 13, 2026 0 8 Distribui\u021bi pe Facebook Distribui\u021bi pe Twitter tweet 110 ani de istorie Divizia 2 Infanterie \u201eGetica\u201d este continuatoarea tradi\u021biilor de lupt\u0103 ale Armatei a 2-a, \u00eenfiin\u021bat\u0103 la 18 august 1916, \u00een timpul Primului R\u0103zboi Mondial, [&hellip;]<\/p>\n","protected":false},"author":1,"featured_media":0,"comment_status":"open","ping_status":"","sticky":false,"template":"","format":"standard","meta":{"footnotes":""},"categories":[2],"tags":[226,116],"class_list":["post-2096257","post","type-post","status-publish","format-standard","hentry","category-politics","tag-crawlmanager","tag-tvbuzau-ro"],"_links":{"self":[{"href":"https:\/\/analyse.optim.biz\/index.php?rest_route=\/wp\/v2\/posts\/2096257","targetHints":{"allow":["GET"]}}],"collection":[{"href":"https:\/\/analyse.optim.biz\/index.php?rest_route=\/wp\/v2\/posts"}],"about":[{"href":"https:\/\/analyse.optim.biz\/index.php?rest_route=\/wp\/v2\/types\/post"}],"author":[{"embeddable":true,"href":"https:\/\/analyse.optim.biz\/index.php?rest_route=\/wp\/v2\/users\/1"}],"replies":[{"embeddable":true,"href":"https:\/\/analyse.optim.biz\/index.php?rest_route=%2Fwp%2Fv2%2Fcomments&post=2096257"}],"version-history":[{"count":0,"href":"https:\/\/analyse.optim.biz\/index.php?rest_route=\/wp\/v2\/posts\/2096257\/revisions"}],"wp:attachment":[{"href":"https:\/\/analyse.optim.biz\/index.php?rest_route=%2Fwp%2Fv2%2Fmedia&parent=2096257"}],"wp:term":[{"taxonomy":"category","embeddable":true,"href":"https:\/\/analyse.optim.biz\/index.php?rest_route=%2Fwp%2Fv2%2Fcategories&post=2096257"},{"taxonomy":"post_tag","embeddable":true,"href":"https:\/\/analyse.optim.biz\/index.php?rest_route=%2Fwp%2Fv2%2Ftags&post=2096257"}],"curies":[{"name":"wp","href":"https:\/\/api.w.org\/{rel}","templated":true}]}}