{"id":2096256,"date":"2026-08-13T20:05:43","date_gmt":"2026-08-13T17:05:43","guid":{"rendered":"https:\/\/analyse.optim.biz\/?p=2096256"},"modified":"2026-08-13T20:05:43","modified_gmt":"2026-08-13T17:05:43","slug":"cate-persoane-s-au-trezit-cu-popriri-de-la-finante","status":"publish","type":"post","link":"https:\/\/analyse.optim.biz\/?p=2096256","title":{"rendered":"C\u00e2te persoane s-au trezit cu popriri de la Finan\u0163e"},"content":{"rendered":"<p>[analyse_image type=&#8221;featured&#8221; src=&#8221;https:\/\/www.tvbuzau.ro\/wp-content\/uploads\/2026\/08\/hqdefault-16.jpghttps:\/\/www.tvbuzau.ro\/wp-content\/uploads\/2026\/08\/hqdefault-16.jpg&#8221;]<\/p>\n<div class=\"td-ss-main-content\">\n<article id=\"post-120026\" class=\"post-120026 post type-post status-publish format-video has-post-thumbnail hentry category-actualitate post_format-post-format-video\">\n<div class=\"td-post-header\">\n<ul class=\"td-category\">\n<li class=\"entry-category\"><a href=\"https:\/\/www.tvbuzau.ro\/category\/actualitate\/\">Actualitate<\/a><\/li>\n<\/ul>\n<header class=\"td-post-title\">\n<h1 class=\"entry-title\">C\u00e2te persoane s-au trezit cu popriri de la Finan\u0163e<\/h1>\n<div class=\"td-module-meta-info\">\n<div class=\"td-post-author-name\">De c\u0103tre <a href=\"https:\/\/www.tvbuzau.ro\/author\/mihai-vasilescu\/\">TV Buz\u0103u<\/a> &#8211; <\/div>\n<p><span class=\"td-post-date\"><time class=\"entry-date updated td-module-date\" datetime=\"2026-08-13T20:05:43+00:00\">august 13, 2026<\/time><\/span><\/p>\n<div class=\"td-post-comments\"><a href=\"https:\/\/www.tvbuzau.ro\/cate-persoane-s-au-trezit-cu-popriri-de-la-finante\/#respond\">0<\/a><\/div>\n<div class=\"td-post-views\"><span class=\"td-nr-views-120026\">17<\/span><\/div>\n<\/div>\n<\/header>\n<\/div>\n<div class=\"td-post-sharing td-post-sharing-top td-with-like\">\n<div class=\"td-default-sharing\"><a class=\"td-social-sharing-buttons td-social-facebook\" href=\"http:\/\/www.facebook.com\/sharer.php?u=https%3A%2F%2Fwww.tvbuzau.ro%2Fcate-persoane-s-au-trezit-cu-popriri-de-la-finante%2F\"><\/p>\n<div class=\"td-social-but-text\">Distribui\u021bi pe Facebook<\/div>\n<p><\/a><a class=\"td-social-sharing-buttons td-social-twitter\" href=\"https:\/\/twitter.com\/intent\/tweet?text=C%C3%A2te+persoane+s-au+trezit+cu+popriri+de+la+Finan%C5%A3e&amp;url=https%3A%2F%2Fwww.tvbuzau.ro%2Fcate-persoane-s-au-trezit-cu-popriri-de-la-finante%2F&amp;via=TV+Buz%C4%83u\"><\/p>\n<div class=\"td-social-but-text\">Distribui\u021bi pe Twitter<\/div>\n<p><\/a><\/div>\n<div class=\"td-classic-sharing\">\n<ul>\n<li class=\"td-classic-facebook\"><iframe frameborder src=\"https:\/\/www.facebook.com\/plugins\/like.php?href=https:\/\/www.tvbuzau.ro\/cate-persoane-s-au-trezit-cu-popriri-de-la-finante\/&amp;layout=button_count&amp;show_faces=false&amp;width=105&amp;action=like&amp;colorscheme=light&amp;height=21\"><\/iframe><\/li>\n<li class=\"td-classic-twitter\"><a href=\"https:\/\/twitter.com\/share\" class=\"twitter-share-button\" data-url=\"https:\/\/www.tvbuzau.ro\/cate-persoane-s-au-trezit-cu-popriri-de-la-finante\/\" data-text=\"C\u00e2te persoane s-au trezit cu popriri de la Finan\u0163e\" data-via data-lang=\"en\">tweet<\/a><\/li>\n<\/ul>\n<\/div>\n<\/div>\n<div class=\"td-post-content\">\n<div class=\"td-featured-image-rec\">\n<div class=\"wpb_video_wrapper\">\n                    <iframe loading=\"lazy\" id=\"td_youtube_player\" width=\"600\" height=\"560\" src=\"https:\/\/www.youtube.com\/embed\/yi2GCF-M4Og?enablejsapi=1&amp;feature=oembed&amp;wmode=opaque&amp;vq=hd720\" frameborder allowfullscreen><\/iframe><\/p><\/div>\n<\/div>\n<p>Sume uria\u015fe de recuperat<br \/>\nAdministra\u0163ia Jude\u0163ean\u0103 a Finan\u0163elor Publice Buz\u0103u este unitatea fiscal\u0103 teritorial\u0103 f\u0103r\u0103 personalitate juridic\u0103 \u00een subordinea Direc\u0163iei Generale Regionale a Finan\u0163elor Publice Gala\u0163i \u015fi Agen\u0163iei Na\u0163ionale de Administrare Fiscal\u0103, organizat\u0103 la nivelul jude\u0163ului Buz\u0103u prin care se realizeaz\u0103 \u00een plan teritorial strategia \u015fi programul Guvernului \u00een domeniul finan\u0163elor publice \u015fi se aplic\u0103 politica fiscal\u0103 a statului. La sf\u00e2r\u015fitul lunii iunie 2026, la nivelul Administra\u0163iei Jude\u0163ene a Finan\u0163elor Publice Buz\u0103u erau \u00eenregistra\u0163i 45957 contribuabili, din care 28150 persoane juridice \u015fi 17807 persoane fizice. \u00centre atribu\u0163iile institu\u0163iei se num\u0103r\u0103 \u015fi recuperarea crean\u0163elor datorate la buget de c\u0103tre contribuabili, unul dintre instrumentele utilizate fiind poprirea.<br \/>\n\u00cen acest context, arat\u0103 conducerea finan\u0163elor publice buzoiene, pe parcursul anului trecut au fost \u00eenregistrate peste 30.000 de popriri.<br \/>\nPoprirea este o m\u0103sur\u0103 legal\u0103 prin care se blocheaz\u0103 sume de bani sau bunuri datorate de un debitor. Aceasta presupune re\u021binerea unei p\u0103r\u021bi din venituri sau indisponibilizarea conturilor bancare pentru achitarea unei datorii c\u0103tre un creditor.<\/p>\n<div class=\"post-views post-120026 entry-meta\"><span class=\"post-views-label\">Post Views: <\/span><span class=\"post-views-count\">318<\/span><\/div>\n<\/div>\n<footer>\n<div class=\"td-post-sharing td-post-sharing-bottom td-with-like\"><span class=\"td-post-share-title\">DISTRIBUI\u021aI<\/span><\/p>\n<div class=\"td-default-sharing\"><a class=\"td-social-sharing-buttons td-social-facebook\" href=\"http:\/\/www.facebook.com\/sharer.php?u=https%3A%2F%2Fwww.tvbuzau.ro%2Fcate-persoane-s-au-trezit-cu-popriri-de-la-finante%2F\"><\/p>\n<div class=\"td-social-but-text\">Facebook<\/div>\n<p><\/a><a class=\"td-social-sharing-buttons td-social-twitter\" href=\"https:\/\/twitter.com\/intent\/tweet?text=C%C3%A2te+persoane+s-au+trezit+cu+popriri+de+la+Finan%C5%A3e&amp;url=https%3A%2F%2Fwww.tvbuzau.ro%2Fcate-persoane-s-au-trezit-cu-popriri-de-la-finante%2F&amp;via=TV+Buz%C4%83u\"><\/p>\n<div class=\"td-social-but-text\">Twitter<\/div>\n<p><\/a><\/div>\n<div class=\"td-classic-sharing\">\n<ul>\n<li class=\"td-classic-facebook\"><iframe frameborder src=\"https:\/\/www.facebook.com\/plugins\/like.php?href=https:\/\/www.tvbuzau.ro\/cate-persoane-s-au-trezit-cu-popriri-de-la-finante\/&amp;layout=button_count&amp;show_faces=false&amp;width=105&amp;action=like&amp;colorscheme=light&amp;height=21\"><\/iframe><\/li>\n<li class=\"td-classic-twitter\"><a href=\"https:\/\/twitter.com\/share\" class=\"twitter-share-button\" data-url=\"https:\/\/www.tvbuzau.ro\/cate-persoane-s-au-trezit-cu-popriri-de-la-finante\/\" data-text=\"C\u00e2te persoane s-au trezit cu popriri de la Finan\u0163e\" data-via data-lang=\"en\">tweet<\/a><\/li>\n<\/ul>\n<\/div>\n<\/div>\n<div class=\"td-author-name vcard author\"><span class=\"fn\"><a href=\"https:\/\/www.tvbuzau.ro\/author\/mihai-vasilescu\/\">TV Buz\u0103u<\/a><\/span><\/div>\n<p><span><\/span><span><span><\/span><\/span><span><\/span><\/footer>\n<\/article>\n<div class=\"td_block_wrap td_block_related_posts td_uid_1_6a81ec6510565_rand td_with_ajax_pagination td-pb-border-top\" data-td-block-uid=\"td_uid_1_6a81ec6510565\">\n<h4 class=\"td-related-title\"><a id=\"td_uid_2_6a81ec6515ab9\" class=\"td-related-left td-cur-simple-item\" data-td_filter_value data-td_block_id=\"td_uid_1_6a81ec6510565\" href=\"https:\/\/www.tvbuzau.ro\/cate-persoane-s-au-trezit-cu-popriri-de-la-finante\/\">ARTICOLE SIMILARE<\/a><a id=\"td_uid_3_6a81ec6515af4\" class=\"td-related-right\" data-td_filter_value=\"td_related_more_from_author\" data-td_block_id=\"td_uid_1_6a81ec6510565\" href=\"https:\/\/www.tvbuzau.ro\/cate-persoane-s-au-trezit-cu-popriri-de-la-finante\/\">DE LA ACELA\u0218I AUTOR<\/a><\/h4>\n<div id=\"td_uid_1_6a81ec6510565\" class=\"td_block_inner\">\n<div class=\"td-related-row\">\n<div class=\"td-related-span4\">\n<div class=\"td_module_related_posts td-animation-stack td_mod_related_posts\">\n<div class=\"td-module-image\">\n<div class=\"td-module-thumb\"><a href=\"https:\/\/www.tvbuzau.ro\/tabara-urbana-vacanta-de-vara-2026-deschisa-in-parcul-tineretului\/\" rel=\"bookmark\" title=\"\u201eTab\u0103ra Urban\u0103, Vacan\u021ba de var\u0103 2026\u201d deschis\u0103 \u00een Parcul Tineretului\"><img loading=\"lazy\" decoding=\"async\" width=\"218\" height=\"150\" class=\"entry-thumb\" src=\"https:\/\/www.tvbuzau.ro\/wp-content\/uploads\/2026\/08\/maxresdefault-3-218x150.jpg\" alt title=\"\u201eTab\u0103ra Urban\u0103, Vacan\u021ba de var\u0103 2026\u201d deschis\u0103 \u00een Parcul Tineretului\"><span class=\"td-video-play-ico\"><img loading=\"lazy\" decoding=\"async\" width=\"40\" height=\"40\" class=\"td-retina\" src=\"https:\/\/www.tvbuzau.ro\/wp-content\/themes\/Newspaper\/images\/icons\/ico-video-large.png\" alt=\"video\"><\/span><\/a><\/div>\n<p><a href=\"https:\/\/www.tvbuzau.ro\/category\/actualitate\/\" class=\"td-post-category\">Actualitate<\/a><\/div>\n<div class=\"item-details\">\n<h3 class=\"entry-title td-module-title\"><a href=\"https:\/\/www.tvbuzau.ro\/tabara-urbana-vacanta-de-vara-2026-deschisa-in-parcul-tineretului\/\" rel=\"bookmark\" title=\"\u201eTab\u0103ra Urban\u0103, Vacan\u021ba de var\u0103 2026\u201d deschis\u0103 \u00een Parcul Tineretului\">\u201eTab\u0103ra Urban\u0103, Vacan\u021ba de var\u0103 2026\u201d deschis\u0103 \u00een Parcul Tineretului<\/a><\/h3>\n<\/div>\n<\/div>\n<\/div>\n<div class=\"td-related-span4\">\n<div class=\"td_module_related_posts td-animation-stack td_mod_related_posts\">\n<div class=\"td-module-image\">\n<div class=\"td-module-thumb\"><a href=\"https:\/\/www.tvbuzau.ro\/sezon-impresionant-pentru-echipa-heart-of-robots\/\" rel=\"bookmark\" title=\"Sezon impresionant pentru echipa Heart of Robots\"><img loading=\"lazy\" decoding=\"async\" width=\"218\" height=\"150\" class=\"entry-thumb\" src=\"https:\/\/www.tvbuzau.ro\/wp-content\/uploads\/2026\/08\/hqdefault-18-218x150.jpg\" alt title=\"Sezon impresionant pentru echipa Heart of Robots\"><span class=\"td-video-play-ico\"><img loading=\"lazy\" decoding=\"async\" width=\"40\" height=\"40\" class=\"td-retina\" src=\"https:\/\/www.tvbuzau.ro\/wp-content\/themes\/Newspaper\/images\/icons\/ico-video-large.png\" alt=\"video\"><\/span><\/a><\/div>\n<p><a href=\"https:\/\/www.tvbuzau.ro\/category\/actualitate\/\" class=\"td-post-category\">Actualitate<\/a><\/div>\n<div class=\"item-details\">\n<h3 class=\"entry-title td-module-title\"><a href=\"https:\/\/www.tvbuzau.ro\/sezon-impresionant-pentru-echipa-heart-of-robots\/\" rel=\"bookmark\" title=\"Sezon impresionant pentru echipa Heart of Robots\">Sezon impresionant pentru echipa Heart of Robots<\/a><\/h3>\n<\/div>\n<\/div>\n<\/div>\n<div class=\"td-related-span4\">\n<div class=\"td_module_related_posts td-animation-stack td_mod_related_posts\">\n<div class=\"td-module-image\">\n<div class=\"td-module-thumb\"><a href=\"https:\/\/www.tvbuzau.ro\/20-000-de-buzoieni-au-ales-factura-verde-la-apa\/\" rel=\"bookmark\" title=\"20.000 de buzoieni au ales Factura Verde la ap\u0103\"><img loading=\"lazy\" decoding=\"async\" width=\"218\" height=\"150\" class=\"entry-thumb\" src=\"https:\/\/www.tvbuzau.ro\/wp-content\/uploads\/2026\/08\/hqdefault-17-218x150.jpg\" alt title=\"20.000 de buzoieni au ales Factura Verde la ap\u0103\"><span class=\"td-video-play-ico\"><img loading=\"lazy\" decoding=\"async\" width=\"40\" height=\"40\" class=\"td-retina\" src=\"https:\/\/www.tvbuzau.ro\/wp-content\/themes\/Newspaper\/images\/icons\/ico-video-large.png\" alt=\"video\"><\/span><\/a><\/div>\n<p><a href=\"https:\/\/www.tvbuzau.ro\/category\/actualitate\/\" class=\"td-post-category\">Actualitate<\/a><\/div>\n<div class=\"item-details\">\n<h3 class=\"entry-title td-module-title\"><a href=\"https:\/\/www.tvbuzau.ro\/20-000-de-buzoieni-au-ales-factura-verde-la-apa\/\" rel=\"bookmark\" title=\"20.000 de buzoieni au ales Factura Verde la ap\u0103\">20.000 de buzoieni au ales Factura Verde la ap\u0103<\/a><\/h3>\n<\/div>\n<\/div>\n<\/div>\n<\/div>\n<div class=\"td-related-row\">\n<div class=\"td-related-span4\">\n<div class=\"td_module_related_posts td-animation-stack td_mod_related_posts\">\n<div class=\"td-module-image\">\n<div class=\"td-module-thumb\"><a href=\"https:\/\/www.tvbuzau.ro\/cnair-a-dat-startul-campaniei-generatia-zero-accidente\/\" rel=\"bookmark\" title=\"CNAIR a dat startul campaniei \u201eGenera\u021bia Zero Accidente!\u201d\"><img loading=\"lazy\" decoding=\"async\" width=\"218\" height=\"150\" class=\"entry-thumb\" src=\"https:\/\/www.tvbuzau.ro\/wp-content\/uploads\/2026\/08\/sddefault-31-218x150.jpg\" alt title=\"CNAIR a dat startul campaniei \u201eGenera\u021bia Zero Accidente!\u201d\"><span class=\"td-video-play-ico\"><img loading=\"lazy\" decoding=\"async\" width=\"40\" height=\"40\" class=\"td-retina\" src=\"https:\/\/www.tvbuzau.ro\/wp-content\/themes\/Newspaper\/images\/icons\/ico-video-large.png\" alt=\"video\"><\/span><\/a><\/div>\n<p><a href=\"https:\/\/www.tvbuzau.ro\/category\/actualitate\/\" class=\"td-post-category\">Actualitate<\/a><\/div>\n<div class=\"item-details\">\n<h3 class=\"entry-title td-module-title\"><a href=\"https:\/\/www.tvbuzau.ro\/cnair-a-dat-startul-campaniei-generatia-zero-accidente\/\" rel=\"bookmark\" title=\"CNAIR a dat startul campaniei \u201eGenera\u021bia Zero Accidente!\u201d\">CNAIR a dat startul campaniei \u201eGenera\u021bia Zero Accidente!\u201d<\/a><\/h3>\n<\/div>\n<\/div>\n<\/div>\n<div class=\"td-related-span4\">\n<div class=\"td_module_related_posts td-animation-stack td_mod_related_posts\">\n<div class=\"td-module-image\">\n<div class=\"td-module-thumb\"><a href=\"https:\/\/www.tvbuzau.ro\/sute-de-buzoieni-au-mers-sa-vada-perseidele-2\/\" rel=\"bookmark\" title=\"Sute de buzoieni au mers s\u0103 vad\u0103 Perseidele\"><img loading=\"lazy\" decoding=\"async\" width=\"218\" height=\"150\" class=\"entry-thumb\" src=\"https:\/\/www.tvbuzau.ro\/wp-content\/uploads\/2026\/08\/maxresdefault-2-218x150.jpg\" alt title=\"Sute de buzoieni au mers s\u0103 vad\u0103 Perseidele\"><span class=\"td-video-play-ico\"><img loading=\"lazy\" decoding=\"async\" width=\"40\" height=\"40\" class=\"td-retina\" src=\"https:\/\/www.tvbuzau.ro\/wp-content\/themes\/Newspaper\/images\/icons\/ico-video-large.png\" alt=\"video\"><\/span><\/a><\/div>\n<p><a href=\"https:\/\/www.tvbuzau.ro\/category\/actualitate\/\" class=\"td-post-category\">Actualitate<\/a><\/div>\n<div class=\"item-details\">\n<h3 class=\"entry-title td-module-title\"><a href=\"https:\/\/www.tvbuzau.ro\/sute-de-buzoieni-au-mers-sa-vada-perseidele-2\/\" rel=\"bookmark\" title=\"Sute de buzoieni au mers s\u0103 vad\u0103 Perseidele\">Sute de buzoieni au mers s\u0103 vad\u0103 Perseidele<\/a><\/h3>\n<\/div>\n<\/div>\n<\/div>\n<div class=\"td-related-span4\">\n<div class=\"td_module_related_posts td-animation-stack td_mod_related_posts\">\n<div class=\"td-module-image\">\n<div class=\"td-module-thumb\"><a href=\"https:\/\/www.tvbuzau.ro\/sute-de-buzoieni-au-mers-sa-vada-perseidele\/\" rel=\"bookmark\" title=\"La Maternitatea Buz\u0103u al\u0103ptarea este sus\u021binut\u0103 de \u00eentreg colectivul de medici\"><img loading=\"lazy\" decoding=\"async\" width=\"218\" height=\"150\" class=\"entry-thumb\" src=\"https:\/\/www.tvbuzau.ro\/wp-content\/uploads\/2026\/08\/sddefault-30-218x150.jpg\" alt title=\"La Maternitatea Buz\u0103u al\u0103ptarea este sus\u021binut\u0103 de \u00eentreg colectivul de medici\"><span class=\"td-video-play-ico\"><img loading=\"lazy\" decoding=\"async\" width=\"40\" height=\"40\" class=\"td-retina\" src=\"https:\/\/www.tvbuzau.ro\/wp-content\/themes\/Newspaper\/images\/icons\/ico-video-large.png\" alt=\"video\"><\/span><\/a><\/div>\n<p><a href=\"https:\/\/www.tvbuzau.ro\/category\/actualitate\/\" class=\"td-post-category\">Actualitate<\/a><\/div>\n<div class=\"item-details\">\n<h3 class=\"entry-title td-module-title\"><a href=\"https:\/\/www.tvbuzau.ro\/sute-de-buzoieni-au-mers-sa-vada-perseidele\/\" rel=\"bookmark\" title=\"La Maternitatea Buz\u0103u al\u0103ptarea este sus\u021binut\u0103 de \u00eentreg colectivul de medici\">La Maternitatea Buz\u0103u al\u0103ptarea este sus\u021binut\u0103 de \u00eentreg colectivul de medici<\/a><\/h3>\n<\/div>\n<\/div>\n<\/div>\n<\/div>\n<\/div>\n<\/div>\n<div class=\"comments\" id=\"comments\">\n<div id=\"respond\" class=\"comment-respond\">\n<h3 id=\"reply-title\" class=\"comment-reply-title\">L\u0102SA\u021aI UN MESAJ <small><a rel=\"nofollow\" id=\"cancel-comment-reply-link\" href=\"https:\/\/www.tvbuzau.ro\/cate-persoane-s-au-trezit-cu-popriri-de-la-finante\/#respond\">Renun\u021ba\u021bi la r\u0103spuns<\/a><\/small><\/h3>\n<\/div>\n<\/div>\n<\/div>\n<div class=\"td-post-content\">\n<div class=\"td-featured-image-rec\">\n<div class=\"wpb_video_wrapper\">\n                    <iframe loading=\"lazy\" id=\"td_youtube_player\" width=\"600\" height=\"560\" src=\"https:\/\/www.youtube.com\/embed\/yi2GCF-M4Og?enablejsapi=1&amp;feature=oembed&amp;wmode=opaque&amp;vq=hd720\" frameborder allowfullscreen><\/iframe><\/p><\/div>\n<\/div>\n<p>Sume uria\u015fe de recuperat<br \/>\nAdministra\u0163ia Jude\u0163ean\u0103 a Finan\u0163elor Publice Buz\u0103u este unitatea fiscal\u0103 teritorial\u0103 f\u0103r\u0103 personalitate juridic\u0103 \u00een subordinea Direc\u0163iei Generale Regionale a Finan\u0163elor Publice Gala\u0163i \u015fi Agen\u0163iei Na\u0163ionale de Administrare Fiscal\u0103, organizat\u0103 la nivelul jude\u0163ului Buz\u0103u prin care se realizeaz\u0103 \u00een plan teritorial strategia \u015fi programul Guvernului \u00een domeniul finan\u0163elor publice \u015fi se aplic\u0103 politica fiscal\u0103 a statului. La sf\u00e2r\u015fitul lunii iunie 2026, la nivelul Administra\u0163iei Jude\u0163ene a Finan\u0163elor Publice Buz\u0103u erau \u00eenregistra\u0163i 45957 contribuabili, din care 28150 persoane juridice \u015fi 17807 persoane fizice. \u00centre atribu\u0163iile institu\u0163iei se num\u0103r\u0103 \u015fi recuperarea crean\u0163elor datorate la buget de c\u0103tre contribuabili, unul dintre instrumentele utilizate fiind poprirea.<br \/>\n\u00cen acest context, arat\u0103 conducerea finan\u0163elor publice buzoiene, pe parcursul anului trecut au fost \u00eenregistrate peste 30.000 de popriri.<br \/>\nPoprirea este o m\u0103sur\u0103 legal\u0103 prin care se blocheaz\u0103 sume de bani sau bunuri datorate de un debitor. Aceasta presupune re\u021binerea unei p\u0103r\u021bi din venituri sau indisponibilizarea conturilor bancare pentru achitarea unei datorii c\u0103tre un creditor.<\/p>\n<div class=\"post-views post-120026 entry-meta\"><span class=\"post-views-label\">Post Views: <\/span><span class=\"post-views-count\">318<\/span><\/div>\n<\/div>\n<p>[analyse_source url=&#8221;https:\/\/www.tvbuzau.ro\/cate-persoane-s-au-trezit-cu-popriri-de-la-finante\/&#8221;]<\/p>\n","protected":false},"excerpt":{"rendered":"<p>[analyse_image type=&#8221;featured&#8221; src=&#8221;https:\/\/www.tvbuzau.ro\/wp-content\/uploads\/2026\/08\/hqdefault-16.jpghttps:\/\/www.tvbuzau.ro\/wp-content\/uploads\/2026\/08\/hqdefault-16.jpg&#8221;] Actualitate C\u00e2te persoane s-au trezit cu popriri de la Finan\u0163e De c\u0103tre TV Buz\u0103u &#8211; august 13, 2026 0 17 Distribui\u021bi pe Facebook Distribui\u021bi pe Twitter tweet Sume uria\u015fe de recuperat Administra\u0163ia Jude\u0163ean\u0103 a Finan\u0163elor Publice Buz\u0103u este unitatea fiscal\u0103 teritorial\u0103 f\u0103r\u0103 personalitate juridic\u0103 \u00een subordinea Direc\u0163iei Generale Regionale a Finan\u0163elor Publice [&hellip;]<\/p>\n","protected":false},"author":1,"featured_media":0,"comment_status":"open","ping_status":"","sticky":false,"template":"","format":"standard","meta":{"footnotes":""},"categories":[2],"tags":[226,116],"class_list":["post-2096256","post","type-post","status-publish","format-standard","hentry","category-politics","tag-crawlmanager","tag-tvbuzau-ro"],"_links":{"self":[{"href":"https:\/\/analyse.optim.biz\/index.php?rest_route=\/wp\/v2\/posts\/2096256","targetHints":{"allow":["GET"]}}],"collection":[{"href":"https:\/\/analyse.optim.biz\/index.php?rest_route=\/wp\/v2\/posts"}],"about":[{"href":"https:\/\/analyse.optim.biz\/index.php?rest_route=\/wp\/v2\/types\/post"}],"author":[{"embeddable":true,"href":"https:\/\/analyse.optim.biz\/index.php?rest_route=\/wp\/v2\/users\/1"}],"replies":[{"embeddable":true,"href":"https:\/\/analyse.optim.biz\/index.php?rest_route=%2Fwp%2Fv2%2Fcomments&post=2096256"}],"version-history":[{"count":0,"href":"https:\/\/analyse.optim.biz\/index.php?rest_route=\/wp\/v2\/posts\/2096256\/revisions"}],"wp:attachment":[{"href":"https:\/\/analyse.optim.biz\/index.php?rest_route=%2Fwp%2Fv2%2Fmedia&parent=2096256"}],"wp:term":[{"taxonomy":"category","embeddable":true,"href":"https:\/\/analyse.optim.biz\/index.php?rest_route=%2Fwp%2Fv2%2Fcategories&post=2096256"},{"taxonomy":"post_tag","embeddable":true,"href":"https:\/\/analyse.optim.biz\/index.php?rest_route=%2Fwp%2Fv2%2Ftags&post=2096256"}],"curies":[{"name":"wp","href":"https:\/\/api.w.org\/{rel}","templated":true}]}}