{"id":2096252,"date":"2026-08-12T19:48:50","date_gmt":"2026-08-12T16:48:50","guid":{"rendered":"https:\/\/analyse.optim.biz\/?p=2096252"},"modified":"2026-08-12T19:48:50","modified_gmt":"2026-08-12T16:48:50","slug":"drumul-jitia-bisoca-deschide-o-noua-legatura-turistica-intre-vrancea-si-buzau","status":"publish","type":"post","link":"https:\/\/analyse.optim.biz\/?p=2096252","title":{"rendered":"Drumul Jitia\u2013Bisoca deschide o nou\u0103 leg\u0103tur\u0103 turistic\u0103 \u00eentre Vrancea \u0219i Buz\u0103u"},"content":{"rendered":"<p>[analyse_image type=&#8221;featured&#8221; src=&#8221;https:\/\/www.tvbuzau.ro\/wp-content\/uploads\/2026\/08\/hqdefault-14.jpghttps:\/\/www.tvbuzau.ro\/wp-content\/uploads\/2026\/08\/hqdefault-14.jpg&#8221;]<\/p>\n<div class=\"td-ss-main-content\">\n<article id=\"post-120017\" class=\"post-120017 post type-post status-publish format-video has-post-thumbnail hentry category-actualitate post_format-post-format-video\">\n<div class=\"td-post-header\">\n<ul class=\"td-category\">\n<li class=\"entry-category\"><a href=\"https:\/\/www.tvbuzau.ro\/category\/actualitate\/\">Actualitate<\/a><\/li>\n<\/ul>\n<header class=\"td-post-title\">\n<h1 class=\"entry-title\">Drumul Jitia\u2013Bisoca deschide o nou\u0103 leg\u0103tur\u0103 turistic\u0103 \u00eentre Vrancea \u0219i Buz\u0103u<\/h1>\n<div class=\"td-module-meta-info\">\n<div class=\"td-post-author-name\">De c\u0103tre <a href=\"https:\/\/www.tvbuzau.ro\/author\/mihai-vasilescu\/\">TV Buz\u0103u<\/a> &#8211; <\/div>\n<p><span class=\"td-post-date\"><time class=\"entry-date updated td-module-date\" datetime=\"2026-08-12T19:48:50+00:00\">august 12, 2026<\/time><\/span><\/p>\n<div class=\"td-post-comments\"><a href=\"https:\/\/www.tvbuzau.ro\/drumul-jitia-bisoca-deschide-o-noua-legatura-turistica-intre-vrancea-si-buzau\/#respond\">0<\/a><\/div>\n<div class=\"td-post-views\"><span class=\"td-nr-views-120017\">42<\/span><\/div>\n<\/div>\n<\/header>\n<\/div>\n<div class=\"td-post-sharing td-post-sharing-top td-with-like\">\n<div class=\"td-default-sharing\"><a class=\"td-social-sharing-buttons td-social-facebook\" href=\"http:\/\/www.facebook.com\/sharer.php?u=https%3A%2F%2Fwww.tvbuzau.ro%2Fdrumul-jitia-bisoca-deschide-o-noua-legatura-turistica-intre-vrancea-si-buzau%2F\"><\/p>\n<div class=\"td-social-but-text\">Distribui\u021bi pe Facebook<\/div>\n<p><\/a><a class=\"td-social-sharing-buttons td-social-twitter\" href=\"https:\/\/twitter.com\/intent\/tweet?text=Drumul+Jitia%E2%80%93Bisoca+deschide+o+nou%C4%83+leg%C4%83tur%C4%83+turistic%C4%83+%C3%AEntre+Vrancea+%C8%99i+Buz%C4%83u&amp;url=https%3A%2F%2Fwww.tvbuzau.ro%2Fdrumul-jitia-bisoca-deschide-o-noua-legatura-turistica-intre-vrancea-si-buzau%2F&amp;via=TV+Buz%C4%83u\"><\/p>\n<div class=\"td-social-but-text\">Distribui\u021bi pe Twitter<\/div>\n<p><\/a><\/div>\n<div class=\"td-classic-sharing\">\n<ul>\n<li class=\"td-classic-facebook\"><iframe frameborder src=\"https:\/\/www.facebook.com\/plugins\/like.php?href=https:\/\/www.tvbuzau.ro\/drumul-jitia-bisoca-deschide-o-noua-legatura-turistica-intre-vrancea-si-buzau\/&amp;layout=button_count&amp;show_faces=false&amp;width=105&amp;action=like&amp;colorscheme=light&amp;height=21\"><\/iframe><\/li>\n<li class=\"td-classic-twitter\"><a href=\"https:\/\/twitter.com\/share\" class=\"twitter-share-button\" data-url=\"https:\/\/www.tvbuzau.ro\/drumul-jitia-bisoca-deschide-o-noua-legatura-turistica-intre-vrancea-si-buzau\/\" data-text=\"Drumul Jitia\u2013Bisoca deschide o nou\u0103 leg\u0103tur\u0103 turistic\u0103 \u00eentre Vrancea \u0219i Buz\u0103u\" data-via data-lang=\"en\">tweet<\/a><\/li>\n<\/ul>\n<\/div>\n<\/div>\n<div class=\"td-post-content\">\n<div class=\"td-featured-image-rec\">\n<div class=\"wpb_video_wrapper\">\n                    <iframe loading=\"lazy\" id=\"td_youtube_player\" width=\"600\" height=\"560\" src=\"https:\/\/www.youtube.com\/embed\/2gZt5eVzuNI?enablejsapi=1&amp;feature=oembed&amp;wmode=opaque&amp;vq=hd720\" frameborder allowfullscreen><\/iframe><\/p><\/div>\n<\/div>\n<p>Turi\u015ftii vor putea merge pe Via Subcarpatica<br \/>\nModernizarea ultimului sector neasfaltat al DN2N transform\u0103 vechiul drum dintre Jitia \u0219i Bisoca \u00eentr-o important\u0103 poart\u0103 de acces c\u0103tre una dintre cele mai frumoase \u0219i mai pu\u021bin cunoscute zone ale Subcarpa\u021bilor de Curbur\u0103, a anun\u0163at Via Subcarpatica.<br \/>\nDup\u0103 ani \u00eentregi \u00een care leg\u0103tura rutier\u0103 dintre jude\u021bele Vrancea \u0219i Buz\u0103u a fost \u00eengreunat\u0103 de starea drumului, lucr\u0103rile de modernizare a sectorului DN2N dintre Jitia \u0219i limita jude\u021bului se apropie de final. Dac\u0103 ritmul actual se men\u021bine, \u00een urm\u0103toarele c\u00e2teva s\u0103pt\u0103m\u00e2ni ar putea fi asfaltate \u0219i ultimele por\u021biuni r\u0103mase.<\/p>\n<p>\u201cImaginile surprinse recent pe traseu arat\u0103 c\u0103 asfaltul a fost deja turnat pe o parte important\u0103 a sectorului, iar lucr\u0103rile continu\u0103. Pentru locuitorii din zon\u0103, dar \u0219i pentru turismul din cele dou\u0103 jude\u021be, finalizarea drumului reprezint\u0103 mai mult dec\u00e2t o simpl\u0103 investi\u021bie \u00een infrastructur\u0103. Este refacerea unei leg\u0103turi fire\u0219ti \u00eentre dou\u0103 regiuni care au \u00eemp\u0103r\u021bit, de-a lungul timpului, aceea\u0219i istorie, acelea\u0219i drumuri de munte \u0219i acela\u0219i spa\u021biu cultural\u201d, infomeaz\u0103 Via Subcarpatica.<br \/>\nPe partea buzoian\u0103, traseul continu\u0103 prin DJ204C, drumul jude\u021bean care leag\u0103 limita jude\u021bului Vrancea de Bisoca, S\u0103rule\u0219ti \u0219i Vintil\u0103 Vod\u0103.<\/p>\n<p>\u201eModernizarea acestei c\u0103i de acces \u00eenseamn\u0103 c\u0103, pentru prima dat\u0103, poate fi conturat un adev\u0103rat circuit rutier \u00eentre Vrancea \u0219i Buz\u0103u: dinspre Dumbr\u0103veni, Dumitre\u0219ti, Chiojdeni \u0219i Jitia c\u0103tre Bisoca, apoi spre S\u0103rule\u0219ti \u0219i Valea Sl\u0103nicului, cu posibilitatea continu\u0103rii c\u0103tre celelalte obiective turistice ale jude\u021bului Buz\u0103u. Circuitul poate fi parcurs, desigur, \u0219i \u00een sens invers.  Aceast\u0103 leg\u0103tur\u0103 devine cu at\u00e2t mai important\u0103 cu c\u00e2t DN2N ofer\u0103 acces c\u0103tre DN2 \u0219i c\u0103tre nodul rutier al Autostr\u0103zii A7 din zona Bogza. Astfel, turi\u0219tii veni\u021bi din Bucure\u0219ti, Buz\u0103u, Foc\u0219ani sau din sudul Moldovei vor putea ajunge mult mai u\u0219or \u00een inima V\u0103ii R\u00e2mnicului S\u0103rat \u0219i, mai departe, la Bisoca\u201d, apreciaz\u0103 asocia\u0163ia.<\/p>\n<p>Via Subcarpatica are misiunea de a conecta comunit\u0103\u021bile din Subcarpa\u021bii de Curbur\u0103 printr-o re\u021bea integrat\u0103 de mobilitate turistic\u0103, valorific\u00e2nd patrimoniul natural, geologic \u0219i cultural \u0219i sus\u021bin\u00e2nd dezvoltarea economic\u0103 durabil\u0103 a zonelor rurale.<br \/>\nProiectul urm\u0103re\u0219te s\u0103 creeze experien\u021be autentice de explorare \u2013 pedestre, cicloturistice \u0219i etapizate \u2013 organizate \u00een jurul hub-urilor locale, astfel \u00eenc\u00e2t turismul s\u0103 devin\u0103 un instrument real de revitalizare regional\u0103.<\/p>\n<div class=\"post-views post-120017 entry-meta\"><span class=\"post-views-label\">Post Views: <\/span><span class=\"post-views-count\">282<\/span><\/div>\n<\/div>\n<footer>\n<div class=\"td-post-sharing td-post-sharing-bottom td-with-like\"><span class=\"td-post-share-title\">DISTRIBUI\u021aI<\/span><\/p>\n<div class=\"td-default-sharing\"><a class=\"td-social-sharing-buttons td-social-facebook\" href=\"http:\/\/www.facebook.com\/sharer.php?u=https%3A%2F%2Fwww.tvbuzau.ro%2Fdrumul-jitia-bisoca-deschide-o-noua-legatura-turistica-intre-vrancea-si-buzau%2F\"><\/p>\n<div class=\"td-social-but-text\">Facebook<\/div>\n<p><\/a><a class=\"td-social-sharing-buttons td-social-twitter\" href=\"https:\/\/twitter.com\/intent\/tweet?text=Drumul+Jitia%E2%80%93Bisoca+deschide+o+nou%C4%83+leg%C4%83tur%C4%83+turistic%C4%83+%C3%AEntre+Vrancea+%C8%99i+Buz%C4%83u&amp;url=https%3A%2F%2Fwww.tvbuzau.ro%2Fdrumul-jitia-bisoca-deschide-o-noua-legatura-turistica-intre-vrancea-si-buzau%2F&amp;via=TV+Buz%C4%83u\"><\/p>\n<div class=\"td-social-but-text\">Twitter<\/div>\n<p><\/a><\/div>\n<div class=\"td-classic-sharing\">\n<ul>\n<li class=\"td-classic-facebook\"><iframe frameborder src=\"https:\/\/www.facebook.com\/plugins\/like.php?href=https:\/\/www.tvbuzau.ro\/drumul-jitia-bisoca-deschide-o-noua-legatura-turistica-intre-vrancea-si-buzau\/&amp;layout=button_count&amp;show_faces=false&amp;width=105&amp;action=like&amp;colorscheme=light&amp;height=21\"><\/iframe><\/li>\n<li class=\"td-classic-twitter\"><a href=\"https:\/\/twitter.com\/share\" class=\"twitter-share-button\" data-url=\"https:\/\/www.tvbuzau.ro\/drumul-jitia-bisoca-deschide-o-noua-legatura-turistica-intre-vrancea-si-buzau\/\" data-text=\"Drumul Jitia\u2013Bisoca deschide o nou\u0103 leg\u0103tur\u0103 turistic\u0103 \u00eentre Vrancea \u0219i Buz\u0103u\" data-via data-lang=\"en\">tweet<\/a><\/li>\n<\/ul>\n<\/div>\n<\/div>\n<div class=\"td-author-name vcard author\"><span class=\"fn\"><a href=\"https:\/\/www.tvbuzau.ro\/author\/mihai-vasilescu\/\">TV Buz\u0103u<\/a><\/span><\/div>\n<p><span><\/span><span><span><\/span><\/span><span><\/span><\/footer>\n<\/article>\n<div class=\"td_block_wrap td_block_related_posts td_uid_1_6a81eb972eea5_rand td_with_ajax_pagination td-pb-border-top\" data-td-block-uid=\"td_uid_1_6a81eb972eea5\">\n<h4 class=\"td-related-title\"><a id=\"td_uid_2_6a81eb9734490\" class=\"td-related-left td-cur-simple-item\" data-td_filter_value data-td_block_id=\"td_uid_1_6a81eb972eea5\" href=\"https:\/\/www.tvbuzau.ro\/drumul-jitia-bisoca-deschide-o-noua-legatura-turistica-intre-vrancea-si-buzau\/\">ARTICOLE SIMILARE<\/a><a id=\"td_uid_3_6a81eb97344cb\" class=\"td-related-right\" data-td_filter_value=\"td_related_more_from_author\" data-td_block_id=\"td_uid_1_6a81eb972eea5\" href=\"https:\/\/www.tvbuzau.ro\/drumul-jitia-bisoca-deschide-o-noua-legatura-turistica-intre-vrancea-si-buzau\/\">DE LA ACELA\u0218I AUTOR<\/a><\/h4>\n<div id=\"td_uid_1_6a81eb972eea5\" class=\"td_block_inner\">\n<div class=\"td-related-row\">\n<div class=\"td-related-span4\">\n<div class=\"td_module_related_posts td-animation-stack td_mod_related_posts\">\n<div class=\"td-module-image\">\n<div class=\"td-module-thumb\"><a href=\"https:\/\/www.tvbuzau.ro\/tabara-urbana-vacanta-de-vara-2026-deschisa-in-parcul-tineretului\/\" rel=\"bookmark\" title=\"\u201eTab\u0103ra Urban\u0103, Vacan\u021ba de var\u0103 2026\u201d deschis\u0103 \u00een Parcul Tineretului\"><img loading=\"lazy\" decoding=\"async\" width=\"218\" height=\"150\" class=\"entry-thumb\" src=\"https:\/\/www.tvbuzau.ro\/wp-content\/uploads\/2026\/08\/maxresdefault-3-218x150.jpg\" alt title=\"\u201eTab\u0103ra Urban\u0103, Vacan\u021ba de var\u0103 2026\u201d deschis\u0103 \u00een Parcul Tineretului\"><span class=\"td-video-play-ico\"><img loading=\"lazy\" decoding=\"async\" width=\"40\" height=\"40\" class=\"td-retina\" src=\"https:\/\/www.tvbuzau.ro\/wp-content\/themes\/Newspaper\/images\/icons\/ico-video-large.png\" alt=\"video\"><\/span><\/a><\/div>\n<p><a href=\"https:\/\/www.tvbuzau.ro\/category\/actualitate\/\" class=\"td-post-category\">Actualitate<\/a><\/div>\n<div class=\"item-details\">\n<h3 class=\"entry-title td-module-title\"><a href=\"https:\/\/www.tvbuzau.ro\/tabara-urbana-vacanta-de-vara-2026-deschisa-in-parcul-tineretului\/\" rel=\"bookmark\" title=\"\u201eTab\u0103ra Urban\u0103, Vacan\u021ba de var\u0103 2026\u201d deschis\u0103 \u00een Parcul Tineretului\">\u201eTab\u0103ra Urban\u0103, Vacan\u021ba de var\u0103 2026\u201d deschis\u0103 \u00een Parcul Tineretului<\/a><\/h3>\n<\/div>\n<\/div>\n<\/div>\n<div class=\"td-related-span4\">\n<div class=\"td_module_related_posts td-animation-stack td_mod_related_posts\">\n<div class=\"td-module-image\">\n<div class=\"td-module-thumb\"><a href=\"https:\/\/www.tvbuzau.ro\/sezon-impresionant-pentru-echipa-heart-of-robots\/\" rel=\"bookmark\" title=\"Sezon impresionant pentru echipa Heart of Robots\"><img loading=\"lazy\" decoding=\"async\" width=\"218\" height=\"150\" class=\"entry-thumb\" src=\"https:\/\/www.tvbuzau.ro\/wp-content\/uploads\/2026\/08\/hqdefault-18-218x150.jpg\" alt title=\"Sezon impresionant pentru echipa Heart of Robots\"><span class=\"td-video-play-ico\"><img loading=\"lazy\" decoding=\"async\" width=\"40\" height=\"40\" class=\"td-retina\" src=\"https:\/\/www.tvbuzau.ro\/wp-content\/themes\/Newspaper\/images\/icons\/ico-video-large.png\" alt=\"video\"><\/span><\/a><\/div>\n<p><a href=\"https:\/\/www.tvbuzau.ro\/category\/actualitate\/\" class=\"td-post-category\">Actualitate<\/a><\/div>\n<div class=\"item-details\">\n<h3 class=\"entry-title td-module-title\"><a href=\"https:\/\/www.tvbuzau.ro\/sezon-impresionant-pentru-echipa-heart-of-robots\/\" rel=\"bookmark\" title=\"Sezon impresionant pentru echipa Heart of Robots\">Sezon impresionant pentru echipa Heart of Robots<\/a><\/h3>\n<\/div>\n<\/div>\n<\/div>\n<div class=\"td-related-span4\">\n<div class=\"td_module_related_posts td-animation-stack td_mod_related_posts\">\n<div class=\"td-module-image\">\n<div class=\"td-module-thumb\"><a href=\"https:\/\/www.tvbuzau.ro\/20-000-de-buzoieni-au-ales-factura-verde-la-apa\/\" rel=\"bookmark\" title=\"20.000 de buzoieni au ales Factura Verde la ap\u0103\"><img loading=\"lazy\" decoding=\"async\" width=\"218\" height=\"150\" class=\"entry-thumb\" src=\"https:\/\/www.tvbuzau.ro\/wp-content\/uploads\/2026\/08\/hqdefault-17-218x150.jpg\" alt title=\"20.000 de buzoieni au ales Factura Verde la ap\u0103\"><span class=\"td-video-play-ico\"><img loading=\"lazy\" decoding=\"async\" width=\"40\" height=\"40\" class=\"td-retina\" src=\"https:\/\/www.tvbuzau.ro\/wp-content\/themes\/Newspaper\/images\/icons\/ico-video-large.png\" alt=\"video\"><\/span><\/a><\/div>\n<p><a href=\"https:\/\/www.tvbuzau.ro\/category\/actualitate\/\" class=\"td-post-category\">Actualitate<\/a><\/div>\n<div class=\"item-details\">\n<h3 class=\"entry-title td-module-title\"><a href=\"https:\/\/www.tvbuzau.ro\/20-000-de-buzoieni-au-ales-factura-verde-la-apa\/\" rel=\"bookmark\" title=\"20.000 de buzoieni au ales Factura Verde la ap\u0103\">20.000 de buzoieni au ales Factura Verde la ap\u0103<\/a><\/h3>\n<\/div>\n<\/div>\n<\/div>\n<\/div>\n<div class=\"td-related-row\">\n<div class=\"td-related-span4\">\n<div class=\"td_module_related_posts td-animation-stack td_mod_related_posts\">\n<div class=\"td-module-image\">\n<div class=\"td-module-thumb\"><a href=\"https:\/\/www.tvbuzau.ro\/cnair-a-dat-startul-campaniei-generatia-zero-accidente\/\" rel=\"bookmark\" title=\"CNAIR a dat startul campaniei \u201eGenera\u021bia Zero Accidente!\u201d\"><img loading=\"lazy\" decoding=\"async\" width=\"218\" height=\"150\" class=\"entry-thumb\" src=\"https:\/\/www.tvbuzau.ro\/wp-content\/uploads\/2026\/08\/sddefault-31-218x150.jpg\" alt title=\"CNAIR a dat startul campaniei \u201eGenera\u021bia Zero Accidente!\u201d\"><span class=\"td-video-play-ico\"><img loading=\"lazy\" decoding=\"async\" width=\"40\" height=\"40\" class=\"td-retina\" src=\"https:\/\/www.tvbuzau.ro\/wp-content\/themes\/Newspaper\/images\/icons\/ico-video-large.png\" alt=\"video\"><\/span><\/a><\/div>\n<p><a href=\"https:\/\/www.tvbuzau.ro\/category\/actualitate\/\" class=\"td-post-category\">Actualitate<\/a><\/div>\n<div class=\"item-details\">\n<h3 class=\"entry-title td-module-title\"><a href=\"https:\/\/www.tvbuzau.ro\/cnair-a-dat-startul-campaniei-generatia-zero-accidente\/\" rel=\"bookmark\" title=\"CNAIR a dat startul campaniei \u201eGenera\u021bia Zero Accidente!\u201d\">CNAIR a dat startul campaniei \u201eGenera\u021bia Zero Accidente!\u201d<\/a><\/h3>\n<\/div>\n<\/div>\n<\/div>\n<div class=\"td-related-span4\">\n<div class=\"td_module_related_posts td-animation-stack td_mod_related_posts\">\n<div class=\"td-module-image\">\n<div class=\"td-module-thumb\"><a href=\"https:\/\/www.tvbuzau.ro\/sute-de-buzoieni-au-mers-sa-vada-perseidele-2\/\" rel=\"bookmark\" title=\"Sute de buzoieni au mers s\u0103 vad\u0103 Perseidele\"><img loading=\"lazy\" decoding=\"async\" width=\"218\" height=\"150\" class=\"entry-thumb\" src=\"https:\/\/www.tvbuzau.ro\/wp-content\/uploads\/2026\/08\/maxresdefault-2-218x150.jpg\" alt title=\"Sute de buzoieni au mers s\u0103 vad\u0103 Perseidele\"><span class=\"td-video-play-ico\"><img loading=\"lazy\" decoding=\"async\" width=\"40\" height=\"40\" class=\"td-retina\" src=\"https:\/\/www.tvbuzau.ro\/wp-content\/themes\/Newspaper\/images\/icons\/ico-video-large.png\" alt=\"video\"><\/span><\/a><\/div>\n<p><a href=\"https:\/\/www.tvbuzau.ro\/category\/actualitate\/\" class=\"td-post-category\">Actualitate<\/a><\/div>\n<div class=\"item-details\">\n<h3 class=\"entry-title td-module-title\"><a href=\"https:\/\/www.tvbuzau.ro\/sute-de-buzoieni-au-mers-sa-vada-perseidele-2\/\" rel=\"bookmark\" title=\"Sute de buzoieni au mers s\u0103 vad\u0103 Perseidele\">Sute de buzoieni au mers s\u0103 vad\u0103 Perseidele<\/a><\/h3>\n<\/div>\n<\/div>\n<\/div>\n<div class=\"td-related-span4\">\n<div class=\"td_module_related_posts td-animation-stack td_mod_related_posts\">\n<div class=\"td-module-image\">\n<div class=\"td-module-thumb\"><a href=\"https:\/\/www.tvbuzau.ro\/sute-de-buzoieni-au-mers-sa-vada-perseidele\/\" rel=\"bookmark\" title=\"La Maternitatea Buz\u0103u al\u0103ptarea este sus\u021binut\u0103 de \u00eentreg colectivul de medici\"><img loading=\"lazy\" decoding=\"async\" width=\"218\" height=\"150\" class=\"entry-thumb\" src=\"https:\/\/www.tvbuzau.ro\/wp-content\/uploads\/2026\/08\/sddefault-30-218x150.jpg\" alt title=\"La Maternitatea Buz\u0103u al\u0103ptarea este sus\u021binut\u0103 de \u00eentreg colectivul de medici\"><span class=\"td-video-play-ico\"><img loading=\"lazy\" decoding=\"async\" width=\"40\" height=\"40\" class=\"td-retina\" src=\"https:\/\/www.tvbuzau.ro\/wp-content\/themes\/Newspaper\/images\/icons\/ico-video-large.png\" alt=\"video\"><\/span><\/a><\/div>\n<p><a href=\"https:\/\/www.tvbuzau.ro\/category\/actualitate\/\" class=\"td-post-category\">Actualitate<\/a><\/div>\n<div class=\"item-details\">\n<h3 class=\"entry-title td-module-title\"><a href=\"https:\/\/www.tvbuzau.ro\/sute-de-buzoieni-au-mers-sa-vada-perseidele\/\" rel=\"bookmark\" title=\"La Maternitatea Buz\u0103u al\u0103ptarea este sus\u021binut\u0103 de \u00eentreg colectivul de medici\">La Maternitatea Buz\u0103u al\u0103ptarea este sus\u021binut\u0103 de \u00eentreg colectivul de medici<\/a><\/h3>\n<\/div>\n<\/div>\n<\/div>\n<\/div>\n<\/div>\n<\/div>\n<div class=\"comments\" id=\"comments\">\n<div id=\"respond\" class=\"comment-respond\">\n<h3 id=\"reply-title\" class=\"comment-reply-title\">L\u0102SA\u021aI UN MESAJ <small><a rel=\"nofollow\" id=\"cancel-comment-reply-link\" href=\"https:\/\/www.tvbuzau.ro\/drumul-jitia-bisoca-deschide-o-noua-legatura-turistica-intre-vrancea-si-buzau\/#respond\">Renun\u021ba\u021bi la r\u0103spuns<\/a><\/small><\/h3>\n<\/div>\n<\/div>\n<\/div>\n<div class=\"td-post-content\">\n<div class=\"td-featured-image-rec\">\n<div class=\"wpb_video_wrapper\">\n                    <iframe loading=\"lazy\" id=\"td_youtube_player\" width=\"600\" height=\"560\" src=\"https:\/\/www.youtube.com\/embed\/2gZt5eVzuNI?enablejsapi=1&amp;feature=oembed&amp;wmode=opaque&amp;vq=hd720\" frameborder allowfullscreen><\/iframe><\/p><\/div>\n<\/div>\n<p>Turi\u015ftii vor putea merge pe Via Subcarpatica<br \/>\nModernizarea ultimului sector neasfaltat al DN2N transform\u0103 vechiul drum dintre Jitia \u0219i Bisoca \u00eentr-o important\u0103 poart\u0103 de acces c\u0103tre una dintre cele mai frumoase \u0219i mai pu\u021bin cunoscute zone ale Subcarpa\u021bilor de Curbur\u0103, a anun\u0163at Via Subcarpatica.<br \/>\nDup\u0103 ani \u00eentregi \u00een care leg\u0103tura rutier\u0103 dintre jude\u021bele Vrancea \u0219i Buz\u0103u a fost \u00eengreunat\u0103 de starea drumului, lucr\u0103rile de modernizare a sectorului DN2N dintre Jitia \u0219i limita jude\u021bului se apropie de final. Dac\u0103 ritmul actual se men\u021bine, \u00een urm\u0103toarele c\u00e2teva s\u0103pt\u0103m\u00e2ni ar putea fi asfaltate \u0219i ultimele por\u021biuni r\u0103mase.<\/p>\n<p>\u201cImaginile surprinse recent pe traseu arat\u0103 c\u0103 asfaltul a fost deja turnat pe o parte important\u0103 a sectorului, iar lucr\u0103rile continu\u0103. Pentru locuitorii din zon\u0103, dar \u0219i pentru turismul din cele dou\u0103 jude\u021be, finalizarea drumului reprezint\u0103 mai mult dec\u00e2t o simpl\u0103 investi\u021bie \u00een infrastructur\u0103. Este refacerea unei leg\u0103turi fire\u0219ti \u00eentre dou\u0103 regiuni care au \u00eemp\u0103r\u021bit, de-a lungul timpului, aceea\u0219i istorie, acelea\u0219i drumuri de munte \u0219i acela\u0219i spa\u021biu cultural\u201d, infomeaz\u0103 Via Subcarpatica.<br \/>\nPe partea buzoian\u0103, traseul continu\u0103 prin DJ204C, drumul jude\u021bean care leag\u0103 limita jude\u021bului Vrancea de Bisoca, S\u0103rule\u0219ti \u0219i Vintil\u0103 Vod\u0103.<\/p>\n<p>\u201eModernizarea acestei c\u0103i de acces \u00eenseamn\u0103 c\u0103, pentru prima dat\u0103, poate fi conturat un adev\u0103rat circuit rutier \u00eentre Vrancea \u0219i Buz\u0103u: dinspre Dumbr\u0103veni, Dumitre\u0219ti, Chiojdeni \u0219i Jitia c\u0103tre Bisoca, apoi spre S\u0103rule\u0219ti \u0219i Valea Sl\u0103nicului, cu posibilitatea continu\u0103rii c\u0103tre celelalte obiective turistice ale jude\u021bului Buz\u0103u. Circuitul poate fi parcurs, desigur, \u0219i \u00een sens invers.  Aceast\u0103 leg\u0103tur\u0103 devine cu at\u00e2t mai important\u0103 cu c\u00e2t DN2N ofer\u0103 acces c\u0103tre DN2 \u0219i c\u0103tre nodul rutier al Autostr\u0103zii A7 din zona Bogza. Astfel, turi\u0219tii veni\u021bi din Bucure\u0219ti, Buz\u0103u, Foc\u0219ani sau din sudul Moldovei vor putea ajunge mult mai u\u0219or \u00een inima V\u0103ii R\u00e2mnicului S\u0103rat \u0219i, mai departe, la Bisoca\u201d, apreciaz\u0103 asocia\u0163ia.<\/p>\n<p>Via Subcarpatica are misiunea de a conecta comunit\u0103\u021bile din Subcarpa\u021bii de Curbur\u0103 printr-o re\u021bea integrat\u0103 de mobilitate turistic\u0103, valorific\u00e2nd patrimoniul natural, geologic \u0219i cultural \u0219i sus\u021bin\u00e2nd dezvoltarea economic\u0103 durabil\u0103 a zonelor rurale.<br \/>\nProiectul urm\u0103re\u0219te s\u0103 creeze experien\u021be autentice de explorare \u2013 pedestre, cicloturistice \u0219i etapizate \u2013 organizate \u00een jurul hub-urilor locale, astfel \u00eenc\u00e2t turismul s\u0103 devin\u0103 un instrument real de revitalizare regional\u0103.<\/p>\n<div class=\"post-views post-120017 entry-meta\"><span class=\"post-views-label\">Post Views: <\/span><span class=\"post-views-count\">282<\/span><\/div>\n<\/div>\n<p>[analyse_source url=&#8221;https:\/\/www.tvbuzau.ro\/drumul-jitia-bisoca-deschide-o-noua-legatura-turistica-intre-vrancea-si-buzau\/&#8221;]<\/p>\n","protected":false},"excerpt":{"rendered":"<p>[analyse_image type=&#8221;featured&#8221; src=&#8221;https:\/\/www.tvbuzau.ro\/wp-content\/uploads\/2026\/08\/hqdefault-14.jpghttps:\/\/www.tvbuzau.ro\/wp-content\/uploads\/2026\/08\/hqdefault-14.jpg&#8221;] Actualitate Drumul Jitia\u2013Bisoca deschide o nou\u0103 leg\u0103tur\u0103 turistic\u0103 \u00eentre Vrancea \u0219i Buz\u0103u De c\u0103tre TV Buz\u0103u &#8211; august 12, 2026 0 42 Distribui\u021bi pe Facebook Distribui\u021bi pe Twitter tweet Turi\u015ftii vor putea merge pe Via Subcarpatica Modernizarea ultimului sector neasfaltat al DN2N transform\u0103 vechiul drum dintre Jitia \u0219i Bisoca \u00eentr-o important\u0103 poart\u0103 [&hellip;]<\/p>\n","protected":false},"author":1,"featured_media":0,"comment_status":"open","ping_status":"","sticky":false,"template":"","format":"standard","meta":{"footnotes":""},"categories":[2],"tags":[226,116],"class_list":["post-2096252","post","type-post","status-publish","format-standard","hentry","category-politics","tag-crawlmanager","tag-tvbuzau-ro"],"_links":{"self":[{"href":"https:\/\/analyse.optim.biz\/index.php?rest_route=\/wp\/v2\/posts\/2096252","targetHints":{"allow":["GET"]}}],"collection":[{"href":"https:\/\/analyse.optim.biz\/index.php?rest_route=\/wp\/v2\/posts"}],"about":[{"href":"https:\/\/analyse.optim.biz\/index.php?rest_route=\/wp\/v2\/types\/post"}],"author":[{"embeddable":true,"href":"https:\/\/analyse.optim.biz\/index.php?rest_route=\/wp\/v2\/users\/1"}],"replies":[{"embeddable":true,"href":"https:\/\/analyse.optim.biz\/index.php?rest_route=%2Fwp%2Fv2%2Fcomments&post=2096252"}],"version-history":[{"count":0,"href":"https:\/\/analyse.optim.biz\/index.php?rest_route=\/wp\/v2\/posts\/2096252\/revisions"}],"wp:attachment":[{"href":"https:\/\/analyse.optim.biz\/index.php?rest_route=%2Fwp%2Fv2%2Fmedia&parent=2096252"}],"wp:term":[{"taxonomy":"category","embeddable":true,"href":"https:\/\/analyse.optim.biz\/index.php?rest_route=%2Fwp%2Fv2%2Fcategories&post=2096252"},{"taxonomy":"post_tag","embeddable":true,"href":"https:\/\/analyse.optim.biz\/index.php?rest_route=%2Fwp%2Fv2%2Ftags&post=2096252"}],"curies":[{"name":"wp","href":"https:\/\/api.w.org\/{rel}","templated":true}]}}