{"id":2096147,"date":"2026-08-16T13:39:24","date_gmt":"2026-08-16T10:39:24","guid":{"rendered":"https:\/\/analyse.optim.biz\/?p=2096147"},"modified":"2026-08-16T13:39:24","modified_gmt":"2026-08-16T10:39:24","slug":"barbat-retinut-in-arest-dupa-ce-in-stare-de-ebrietate-s-au-urcat-la-volan-pentru-a-si-duce-sotia-la-spital","status":"publish","type":"post","link":"https:\/\/analyse.optim.biz\/?p=2096147","title":{"rendered":"B\u0103rbat re\u021binut \u00een arest dup\u0103 ce, \u00een stare de ebrietate, s-au urcat la volan pentru a-\u0219i duce so\u021bia la spital"},"content":{"rendered":"<p>[analyse_image type=&#8221;featured&#8221; src=&#8221;https:\/\/www.informatiata.ro\/wp-content\/uploads\/2026\/08\/retinutul-715&#215;1024.jpg&#8221;]<\/p>\n<div class=\"td-post-content tagdiv-type\">\n<div class=\"td-post-featured-image\"><a href=\"https:\/\/www.informatiata.ro\/wp-content\/uploads\/2026\/08\/retinutul.jpg\" data-caption><img loading=\"lazy\" decoding=\"async\" width=\"696\" height=\"997\" class=\"entry-thumb td-modal-image\" src=\"https:\/\/www.informatiata.ro\/wp-content\/uploads\/2026\/08\/retinutul-696x997.jpg\" alt title=\"re\u021binutul\"><img loading=\"lazy\" decoding=\"async\" width=\"696\" height=\"997\" class=\"entry-thumb td-modal-image\" src=\"https:\/\/www.informatiata.ro\/wp-content\/uploads\/2026\/08\/retinutul-696x997.jpg\" alt title=\"re\u021binutul\"><\/a><\/div>\n<p>B\u0103rbat re\u021binut \u00een arest dup\u0103 ce, \u00een stare de ebrietate, s-au urcat la volan pentru a-\u0219i duce so\u021bia la spital. Femeia a c\u0103zut \u00een curtea casei \u0219i avea nevoie de \u00eengrijiri medicale.<\/p>\n<p>Este isprava unui loclanic din Arbore, \u00een v\u00e2rts\u0103 de 43 de ani. Poli\u021bi\u0219tii au intrat pe fir dup\u0103 ce au fost informa\u021bi c\u0103 la Spitalul Municipal R\u0103d\u0103u\u021bi fusese adus\u0103 cu un autoturism o persoan\u0103 care necesita \u00eengrijiri medicale, iar conduc\u0103torul auto prezenta indicii c\u0103 s-ar afla sub influen\u021ba b\u0103uturilor alcoolice.<\/p>\n<div class=\"td-a-rec td-a-rec-id-content_inlineright  tdi_7 td_block_template_1\"><img loading=\"lazy\" decoding=\"async\" class=\"aligncenter size-full wp-image-65868\" src=\"https:\/\/www.informatiata.ro\/wp-content\/uploads\/2026\/08\/SAVCOM-5.gif\" alt width=\"299\" height=\"250\"><img loading=\"lazy\" decoding=\"async\" class=\"aligncenter size-full wp-image-65868\" src=\"https:\/\/www.informatiata.ro\/wp-content\/uploads\/2026\/08\/SAVCOM-5.gif\" alt width=\"299\" height=\"250\"><img loading=\"lazy\" decoding=\"async\" class=\"aligncenter size-full wp-image-65869\" src=\"https:\/\/www.informatiata.ro\/wp-content\/uploads\/2026\/08\/FACOS-4.gif\" alt width=\"300\" height=\"250\"><img loading=\"lazy\" decoding=\"async\" class=\"aligncenter size-full wp-image-65869\" src=\"https:\/\/www.informatiata.ro\/wp-content\/uploads\/2026\/08\/FACOS-4.gif\" alt width=\"300\" height=\"250\"><\/div>\n<p>O echip\u0103 operativ\u0103 s-a deplasat la fa\u021ba locului, unde l-a identificat pe conduc\u0103torul auto, un b\u0103rbat de 43 de ani, din comuna Arbore.<\/p>\n<p>Potrivit verific\u0103rilor efectuate de poli\u021bi\u0219ti, acesta ar fi consumat b\u0103uturi alcoolice \u00een cursul dimine\u021bii, la domiciliul s\u0103u din comuna Arbore, \u00eempreun\u0103 cu so\u021bia sa. La un moment dat, femeia ar fi c\u0103zut \u00een curtea locuin\u021bei \u0219i ar fi avut nevoie de \u00eengrijiri medicale.<\/p>\n<p>\u00cen aceste condi\u021bii, b\u0103rbatul a decis s\u0103 se urce la volan \u0219i s\u0103 \u00ee\u0219i transporte so\u021bia la Spitalul Municipal R\u0103d\u0103u\u021bi.<\/p>\n<p>Ajuns la spital, conduc\u0103torul auto a atras aten\u021bia poli\u021bi\u0219tilor prin faptul c\u0103 emana halen\u0103 alcoolic\u0103. Acesta a fost testat cu aparatul etilotest, rezultatul indic\u00e2nd 1,43 mg\/l alcool pur \u00een aerul expirat.<\/p>\n<p>Ulterior, b\u0103rbatul a fost condus \u00een cadrul Compartimentului de Primiri Urgen\u021be al Spitalului Municipal R\u0103d\u0103u\u021bi, unde, cu consim\u021b\u0103m\u00e2ntul s\u0103u, i-au fost recoltate dou\u0103 probe biologice de s\u00e2nge, la un interval de o or\u0103, \u00een vederea stabilirii alcoolemiei.<\/p>\n<p>\u00cen acest caz, poli\u021bi\u0219tii au \u00eentocmit dosar penal pentru s\u0103v\u00e2r\u0219irea infrac\u021biunii de \u201econducerea unui vehicul sub influen\u021ba alcoolului sau a altor substan\u021be\u201d, fapt\u0103 prev\u0103zut\u0103 \u0219i pedepsit\u0103 de art. 336 alin. (1) din Codul penal.<\/p>\n<p>\u00a0<\/p>\n<div class=\"td-a-rec td-a-rec-id-content_bottom  td-rec-hide-on-m tdi_8 td_block_template_1\"><img loading=\"lazy\" decoding=\"async\" class=\"aligncenter size-full wp-image-65603\" src=\"https:\/\/www.informatiata.ro\/wp-content\/uploads\/2026\/07\/SAVCOM-19.gif\" alt width=\"299\" height=\"250\"><img loading=\"lazy\" decoding=\"async\" class=\"aligncenter size-full wp-image-65603\" src=\"https:\/\/www.informatiata.ro\/wp-content\/uploads\/2026\/07\/SAVCOM-19.gif\" alt width=\"299\" height=\"250\"><img loading=\"lazy\" decoding=\"async\" class=\"aligncenter size-full wp-image-65604\" src=\"https:\/\/www.informatiata.ro\/wp-content\/uploads\/2026\/07\/FACOS-16.gif\" alt width=\"300\" height=\"250\"><img loading=\"lazy\" decoding=\"async\" class=\"aligncenter size-full wp-image-65604\" src=\"https:\/\/www.informatiata.ro\/wp-content\/uploads\/2026\/07\/FACOS-16.gif\" alt width=\"300\" height=\"250\"><\/div>\n<\/div>\n<p>[analyse_source url=&#8221;https:\/\/www.informatiata.ro\/retinut-pt-ca-a-transportat-beat-sotia-spital\/&#8221;]<\/p>\n","protected":false},"excerpt":{"rendered":"<p>[analyse_image type=&#8221;featured&#8221; src=&#8221;https:\/\/www.informatiata.ro\/wp-content\/uploads\/2026\/08\/retinutul-715&#215;1024.jpg&#8221;] B\u0103rbat re\u021binut \u00een arest dup\u0103 ce, \u00een stare de ebrietate, s-au urcat la volan pentru a-\u0219i duce so\u021bia la spital. Femeia a c\u0103zut \u00een curtea casei \u0219i avea nevoie de \u00eengrijiri medicale. Este isprava unui loclanic din Arbore, \u00een v\u00e2rts\u0103 de 43 de ani. Poli\u021bi\u0219tii au intrat pe fir dup\u0103 ce au [&hellip;]<\/p>\n","protected":false},"author":1,"featured_media":0,"comment_status":"open","ping_status":"","sticky":false,"template":"","format":"standard","meta":{"footnotes":""},"categories":[89],"tags":[226,167],"class_list":["post-2096147","post","type-post","status-publish","format-standard","hentry","category-romania","tag-crawlmanager","tag-informatiata-ro"],"_links":{"self":[{"href":"https:\/\/analyse.optim.biz\/index.php?rest_route=\/wp\/v2\/posts\/2096147","targetHints":{"allow":["GET"]}}],"collection":[{"href":"https:\/\/analyse.optim.biz\/index.php?rest_route=\/wp\/v2\/posts"}],"about":[{"href":"https:\/\/analyse.optim.biz\/index.php?rest_route=\/wp\/v2\/types\/post"}],"author":[{"embeddable":true,"href":"https:\/\/analyse.optim.biz\/index.php?rest_route=\/wp\/v2\/users\/1"}],"replies":[{"embeddable":true,"href":"https:\/\/analyse.optim.biz\/index.php?rest_route=%2Fwp%2Fv2%2Fcomments&post=2096147"}],"version-history":[{"count":0,"href":"https:\/\/analyse.optim.biz\/index.php?rest_route=\/wp\/v2\/posts\/2096147\/revisions"}],"wp:attachment":[{"href":"https:\/\/analyse.optim.biz\/index.php?rest_route=%2Fwp%2Fv2%2Fmedia&parent=2096147"}],"wp:term":[{"taxonomy":"category","embeddable":true,"href":"https:\/\/analyse.optim.biz\/index.php?rest_route=%2Fwp%2Fv2%2Fcategories&post=2096147"},{"taxonomy":"post_tag","embeddable":true,"href":"https:\/\/analyse.optim.biz\/index.php?rest_route=%2Fwp%2Fv2%2Ftags&post=2096147"}],"curies":[{"name":"wp","href":"https:\/\/api.w.org\/{rel}","templated":true}]}}