{"id":2096137,"date":"2026-08-16T12:47:06","date_gmt":"2026-08-16T09:47:06","guid":{"rendered":"https:\/\/analyse.optim.biz\/?p=2096137"},"modified":"2026-08-16T12:47:06","modified_gmt":"2026-08-16T09:47:06","slug":"sute-de-oameni-au-participat-la-ziua-comunei-murgesti","status":"publish","type":"post","link":"https:\/\/analyse.optim.biz\/?p=2096137","title":{"rendered":"Sute de oameni au participat la Ziua Comunei Murge\u0219ti"},"content":{"rendered":"<p>[analyse_image type=&#8221;featured&#8221; src=&#8221;https:\/\/blitz24.ro\/wp-content\/uploads\/2024\/08\/ziua-comunei-murgesti-15-august.jpg&#8221;]<\/p>\n<div class=\"cm-entry-summary\">\n<p><strong>Ca \u00een fiecare an \u0219i \u00een 2026 atrac\u021bia principal\u0103 de pe Valea r\u00e2ului R\u00e2mnic a fost petrecerea dat\u0103 de autorit\u0103\u021bile locale la Murge\u0219ti, un loc special din jude\u021bul Buz\u0103u, unde principala atrac\u021bia o reprezint\u0103 peisajul care \u00ee\u021bi taie r\u0103suflarea.<\/strong><\/p>\n<p>Sute de oamenii veni\u021bi din Murge\u0219ti dar \u0219i din localit\u0103\u021bile \u00eenvecinate au participat la petrecerea organizat\u0103 pe c\u00e2mpia de l\u00e2ng\u0103 sediul prim\u0103riei.<\/p>\n<p>CITE\u0218TE \u0218I <a href=\"https:\/\/blitz24.ro\/stiri-judetene\/politica-stiri-judetene\/primaria-murgesti-sprijina-activ-crescatorii-de-animale-din-zona\/\">Prim\u0103ria Murge\u0219ti sprijin\u0103 activ cresc\u0103torii de animale din zon\u0103<\/a><\/p>\n<p>Pe scen\u0103 au urcat at\u00e2t arti\u0219ti locali c\u00e2t \u0219i na\u021bionale, care au umplut de bucurie inimile celor prezen\u021bi.<\/p>\n<\/div>\n<p>[analyse_source url=&#8221;https:\/\/blitz24.ro\/stiri-locale\/actualitate\/sute-de-oameni-au-participat-la-ziua-comunei-murgesti\/&#8221;]<\/p>\n","protected":false},"excerpt":{"rendered":"<p>[analyse_image type=&#8221;featured&#8221; src=&#8221;https:\/\/blitz24.ro\/wp-content\/uploads\/2024\/08\/ziua-comunei-murgesti-15-august.jpg&#8221;] Ca \u00een fiecare an \u0219i \u00een 2026 atrac\u021bia principal\u0103 de pe Valea r\u00e2ului R\u00e2mnic a fost petrecerea dat\u0103 de autorit\u0103\u021bile locale la Murge\u0219ti, un loc special din jude\u021bul Buz\u0103u, unde principala atrac\u021bia o reprezint\u0103 peisajul care \u00ee\u021bi taie r\u0103suflarea. Sute de oamenii veni\u021bi din Murge\u0219ti dar \u0219i din localit\u0103\u021bile \u00eenvecinate au participat [&hellip;]<\/p>\n","protected":false},"author":1,"featured_media":0,"comment_status":"open","ping_status":"","sticky":false,"template":"","format":"standard","meta":{"footnotes":""},"categories":[2],"tags":[42,226],"class_list":["post-2096137","post","type-post","status-publish","format-standard","hentry","category-politics","tag-blitz24-ro","tag-crawlmanager"],"_links":{"self":[{"href":"https:\/\/analyse.optim.biz\/index.php?rest_route=\/wp\/v2\/posts\/2096137","targetHints":{"allow":["GET"]}}],"collection":[{"href":"https:\/\/analyse.optim.biz\/index.php?rest_route=\/wp\/v2\/posts"}],"about":[{"href":"https:\/\/analyse.optim.biz\/index.php?rest_route=\/wp\/v2\/types\/post"}],"author":[{"embeddable":true,"href":"https:\/\/analyse.optim.biz\/index.php?rest_route=\/wp\/v2\/users\/1"}],"replies":[{"embeddable":true,"href":"https:\/\/analyse.optim.biz\/index.php?rest_route=%2Fwp%2Fv2%2Fcomments&post=2096137"}],"version-history":[{"count":0,"href":"https:\/\/analyse.optim.biz\/index.php?rest_route=\/wp\/v2\/posts\/2096137\/revisions"}],"wp:attachment":[{"href":"https:\/\/analyse.optim.biz\/index.php?rest_route=%2Fwp%2Fv2%2Fmedia&parent=2096137"}],"wp:term":[{"taxonomy":"category","embeddable":true,"href":"https:\/\/analyse.optim.biz\/index.php?rest_route=%2Fwp%2Fv2%2Fcategories&post=2096137"},{"taxonomy":"post_tag","embeddable":true,"href":"https:\/\/analyse.optim.biz\/index.php?rest_route=%2Fwp%2Fv2%2Ftags&post=2096137"}],"curies":[{"name":"wp","href":"https:\/\/api.w.org\/{rel}","templated":true}]}}