{"id":2096133,"date":"2026-08-16T12:42:10","date_gmt":"2026-08-16T09:42:10","guid":{"rendered":"https:\/\/analyse.optim.biz\/?p=2096133"},"modified":"2026-08-16T12:42:10","modified_gmt":"2026-08-16T09:42:10","slug":"acuze-la-adresa-lui-misaila-pe-tema-obeliscului-din-piata-unirii","status":"publish","type":"post","link":"https:\/\/analyse.optim.biz\/?p=2096133","title":{"rendered":"Acuze la adresa lui Mis\u0103il\u0103 pe tema Obeliscului din Pia\u021ba Unirii"},"content":{"rendered":"<p>[analyse_image type=&#8221;featured&#8221; src=&#8221;https:\/\/blitz24.ro\/wp-content\/uploads\/2026\/08\/obelisc-piata-unirii-focsani.jpg&#8221;]<\/p>\n<div class=\"cm-entry-summary\">\n<p><strong>Foc\u0219\u0103nenii au \u00eenceput s\u0103 reclame calitatea slab\u0103 a lucr\u0103ilor efectuate \u00een perioada 2018 \u2013 2019 la Obeliscul amplasat \u00een Pia\u021ba Unirii \u0219i atrag aten\u021bia asupra unor probleme existente.<\/strong><\/p>\n<p>Calitatea lucr\u0103rilor efectuate au intrat \u0219i \u00een aten\u021bia omului de afaceri Valentin R\u0103smeri\u021b\u0103, care a taxat acest\u0103 problem\u0103 pe o re\u021bea de socializare.<\/p>\n<p>,,\u00cen fotografia de mai jos se v\u0103d urme de umezeal\u0103 \u0219i depuneri albicioase la rosturile dintre pl\u0103ci, compatibile cu migrarea s\u0103rurilor prin material. Pe piatr\u0103 se vede, practic, chimia unei lucr\u0103ri care a \u00eenceput din nou s\u0103 piard\u0103 lupta cu apa.<\/p>\n<p>Apa din Foc\u0219ani pare s\u0103 aib\u0103 o rela\u021bie special\u0103 cu lucr\u0103rile publice.<\/p>\n<p>\u00ce\u0219i g\u0103se\u0219te singur\u0103 drumul prin rosturi, pe sub pl\u0103ci \u0219i prin toate locurile unde proiectele arat\u0103 impecabil pe h\u00e2rtie. Apoi iese la suprafa\u021b\u0103 \u0219i las\u0103 c\u00e2te o semn\u0103tur\u0103 alb\u0103 pe monument, ca s\u0103 \u0219tim c\u0103 a trecut pe acolo.<\/p>\n<p>Monumentul din Pia\u021ba Unirii a ajuns deja \u00een aten\u021bia institu\u021biilor care trebuie s\u0103 stabileasc\u0103 ce s-a \u00eent\u00e2mplat acolo.<\/p>\n<p>Eu m\u0103 uit \u00eens\u0103 la fotografie \u0219i m\u0103 g\u00e2ndesc la mo\u0219tenirea administra\u021biei Mis\u0103il\u0103. Dac\u0103 a\u0219a s-au f\u0103cut lucrurile prin tot ora\u0219ul, ar trebui s\u0103 \u00eencepem s\u0103 verific\u0103m repede ce mai st\u0103 \u00een picioare. La propriu.<\/p>\n<p>Obeliscul a trecut printr-o interven\u021bie major\u0103 \u00een 2018\u20132019.<\/p>\n<p>Pl\u0103cile au fost demontate de la v\u00e2rf p\u00e2n\u0103 la baz\u0103. Cauza infiltra\u021biilor era cunoscut\u0103, la fel \u0219i fenomenul s\u0103rurilor care ap\u0103reau la \u00eembin\u0103ri.<\/p>\n<p>Proiectul prevedea drenaje \u00een spatele placajului, materiale rezistente la \u00eenghe\u021b \u0219i dezghe\u021b, chituri elastice \u0219i evacuarea controlat\u0103 a apei.<\/p>\n<p>De aici apar ni\u0219te \u00eentreb\u0103ri c\u00e2t se poate de simple. Cine a executat lucrarea? Cine a urm\u0103rit execu\u021bia? Cine a f\u0103cut recep\u021bia? Sistemele de drenaj prev\u0103zute \u00een proiect au fost realizate \u0219i func\u021bioneaz\u0103? Ce garan\u021bie a avut lucrarea \u0219i cine a verificat-o \u00een anii care au urmat?<\/p>\n<p>Cu alte cuvinte, lucrarea aceea trebuia s\u0103 rezolve tocmai problema pe care fotografia de ast\u0103zi o pune din nou \u00een fa\u021ba noastr\u0103.<\/p>\n<p>Un monument are avantajul c\u0103 \u021bine minte. Piatra p\u0103streaz\u0103 ceea ce discursurile \u00eencearc\u0103 s\u0103 \u00eengroape. Iar fotografia asta \u00eencepe s\u0103 semene mai pu\u021bin cu povestea unui obelisc \u0219i mai mult cu bilan\u021bul unei administra\u021bii.<\/p>\n<p>CITE\u0218TE \u0218I <a href=\"https:\/\/blitz24.ro\/stiri-judetene\/politica-stiri-judetene\/nicusor-halici-presedintele-cj-vrancea-isi-reafirma-angajamentul-fata-de-cetateni\/\">Nicu\u0219or Halici, pre\u0219edintele CJ Vrancea \u00ee\u0219i reafirm\u0103 angajamentul fa\u021b\u0103 de cet\u0103\u021beni<\/a><\/p>\n<p>Obeliscul e doar un loc \u00een care administra\u021bia Mis\u0103il\u0103 \u00eencepe s\u0103 fie citit\u0103 \u00een piatr\u0103. Prin Foc\u0219ani sunt destule lucr\u0103ri care merit\u0103 privite cu aceea\u0219i \u00eentrebare: ce s-a f\u0103cut, cum s-a f\u0103cut \u0219i c\u00e2t mai \u021bine?<\/p>\n<p>La Obelisc, apa a \u00eenceput deja s\u0103 r\u0103spund\u0103. Poate c\u0103 a venit vremea s\u0103 r\u0103spund\u0103 \u0219i Mis\u0103il\u0103.,, a spus Resmeri\u021b\u0103 \u00een respectiva postare.<\/p>\n<p>\u00a0<\/p>\n<p>\u00a0<\/p>\n<\/div>\n<p>[analyse_source url=&#8221;https:\/\/blitz24.ro\/stiri-judetene\/actualitate-stiri-judetene\/acuze-la-adresa-lui-misaila-pe-tema-obeliscului-din-piata-unirii\/&#8221;]<\/p>\n","protected":false},"excerpt":{"rendered":"<p>[analyse_image type=&#8221;featured&#8221; src=&#8221;https:\/\/blitz24.ro\/wp-content\/uploads\/2026\/08\/obelisc-piata-unirii-focsani.jpg&#8221;] Foc\u0219\u0103nenii au \u00eenceput s\u0103 reclame calitatea slab\u0103 a lucr\u0103ilor efectuate \u00een perioada 2018 \u2013 2019 la Obeliscul amplasat \u00een Pia\u021ba Unirii \u0219i atrag aten\u021bia asupra unor probleme existente. Calitatea lucr\u0103rilor efectuate au intrat \u0219i \u00een aten\u021bia omului de afaceri Valentin R\u0103smeri\u021b\u0103, care a taxat acest\u0103 problem\u0103 pe o re\u021bea de socializare. ,,\u00cen [&hellip;]<\/p>\n","protected":false},"author":1,"featured_media":0,"comment_status":"open","ping_status":"","sticky":false,"template":"","format":"standard","meta":{"footnotes":""},"categories":[2],"tags":[42,226],"class_list":["post-2096133","post","type-post","status-publish","format-standard","hentry","category-politics","tag-blitz24-ro","tag-crawlmanager"],"_links":{"self":[{"href":"https:\/\/analyse.optim.biz\/index.php?rest_route=\/wp\/v2\/posts\/2096133","targetHints":{"allow":["GET"]}}],"collection":[{"href":"https:\/\/analyse.optim.biz\/index.php?rest_route=\/wp\/v2\/posts"}],"about":[{"href":"https:\/\/analyse.optim.biz\/index.php?rest_route=\/wp\/v2\/types\/post"}],"author":[{"embeddable":true,"href":"https:\/\/analyse.optim.biz\/index.php?rest_route=\/wp\/v2\/users\/1"}],"replies":[{"embeddable":true,"href":"https:\/\/analyse.optim.biz\/index.php?rest_route=%2Fwp%2Fv2%2Fcomments&post=2096133"}],"version-history":[{"count":0,"href":"https:\/\/analyse.optim.biz\/index.php?rest_route=\/wp\/v2\/posts\/2096133\/revisions"}],"wp:attachment":[{"href":"https:\/\/analyse.optim.biz\/index.php?rest_route=%2Fwp%2Fv2%2Fmedia&parent=2096133"}],"wp:term":[{"taxonomy":"category","embeddable":true,"href":"https:\/\/analyse.optim.biz\/index.php?rest_route=%2Fwp%2Fv2%2Fcategories&post=2096133"},{"taxonomy":"post_tag","embeddable":true,"href":"https:\/\/analyse.optim.biz\/index.php?rest_route=%2Fwp%2Fv2%2Ftags&post=2096133"}],"curies":[{"name":"wp","href":"https:\/\/api.w.org\/{rel}","templated":true}]}}