{"id":2095901,"date":"2026-08-11T10:41:41","date_gmt":"2026-08-11T07:41:41","guid":{"rendered":"https:\/\/analyse.optim.biz\/?p=2095901"},"modified":"2026-08-11T10:41:41","modified_gmt":"2026-08-11T07:41:41","slug":"credeai-ca-ai-vazut-tot-la-enisala-editia-2026-ridica-aventura-la-un-alt-nivel","status":"publish","type":"post","link":"https:\/\/analyse.optim.biz\/?p=2095901","title":{"rendered":"CREDEAI C\u0102 AI V\u0102ZUT TOT LA ENISALA? EDI\u021aIA 2026 RIDIC\u0102 AVENTURA LA UN ALT NIVEL"},"content":{"rendered":"<p>[analyse_image type=&#8221;featured&#8221; src=&#8221;https:\/\/infotulcea.ro\/wp-content\/uploads\/2026\/08\/ENISALA-2026-final.jpghttps:\/\/infotulcea.ro\/wp-content\/uploads\/2026\/08\/ENISALA-2026-final.jpg&#8221;]<\/p>\n<div id=\"content\" class=\"site-content container\">\n<div id=\"main-content-row\" class=\"tie-row main-content-row\">\n<div class=\"main-content tie-col-md-8 tie-col-xs-12\" role=\"main\">\n<article id=\"the-post\" class=\"container-wrapper post-content tie-standard\">\n<header class=\"entry-header-outer\">\n<nav id=\"breadcrumb\"><a href=\"https:\/\/infotulcea.ro\/\"> Home<\/a><em class=\"delimiter\">\/<\/em><a href=\"https:\/\/infotulcea.ro\/categorie\/timp-liber\/\">Timp liber<\/a><em class=\"delimiter\">\/<\/em><span class=\"current\">CREDEAI C\u0102 AI V\u0102ZUT TOT LA ENISALA? EDI\u021aIA 2026 RIDIC\u0102 AVENTURA LA UN ALT NIVEL<\/span><\/nav>\n<div class=\"entry-header\"><span class=\"post-cat-wrap\"><a class=\"post-cat tie-cat-67\" href=\"https:\/\/infotulcea.ro\/categorie\/timp-liber\/\">Timp liber<\/a><\/span><\/p>\n<h1 class=\"post-title entry-title\">\n\t\t\tCREDEAI C\u0102 AI V\u0102ZUT TOT LA ENISALA? EDI\u021aIA 2026 RIDIC\u0102 AVENTURA LA UN ALT NIVEL\t\t<\/h1>\n<div class=\"single-post-meta post-meta clearfix\"><span class=\"author-meta single-author no-avatars\"><span class=\"meta-item meta-author-wrapper meta-author-9\"><span class=\"meta-author\"><a href=\"https:\/\/infotulcea.ro\/author\/redactia-2\/\" class=\"author-name tie-icon\" title=\"Redactia\">Redactia<\/a><\/span><\/span><\/span><span class=\"date meta-item tie-icon\">11 august 2026<\/span><\/p>\n<div class=\"tie-alignright\"><span class=\"meta-comment tie-icon meta-item fa-before\">0<\/span><span class=\"meta-views meta-item \"> 605 <\/span><span class=\"meta-reading-time meta-item\"> 2 minutes read<\/span><\/div>\n<\/div>\n<\/div>\n<\/header>\n<div class=\"entry-content entry clearfix\">\n<p><strong>Balon cu aer cald, un labirint uria\u0219 al aventurilor, roat\u0103 panoramic\u0103 \u0219i show-uri de lasere, la Festivalul Enisala \u2013 Unitate la Cetate, pe 21 \u0219i 22 august<\/strong><\/p>\n<p>Dou\u0103 zile \u00een care istoria prinde via\u021b\u0103. Dou\u0103 zile \u00een care una dintre cele mai spectaculoase cet\u0103\u021bi medievale din Rom\u00e2nia devine punctul de \u00eent\u00e2lnire dintre muzic\u0103, aventur\u0103, patrimoniu \u0219i experien\u021be memorabile.<\/p>\n<p><strong>Festivalul Enisala \u2013 Unitate la Cetate revine pe 21 \u0219i 22 august 2026 cu o edi\u021bie care \u00ee\u0219i propune s\u0103 duc\u0103 experien\u021ba publicului dincolo de scena de concerte.<\/strong>\u00a0Balon cu aer cald, un labirint de aventur\u0103 de mari dimensiuni, roat\u0103 panoramic\u0103 \u0219i show-uri spectaculoase de lasere \u0219i lumini se num\u0103r\u0103 printre atrac\u021biile preg\u0103tite anul acesta la poalele Cet\u0103\u021bii Enisala.<\/p>\n<p>Organizat de\u00a0<strong>Consiliul Jude\u021bean Tulcea, UAT Comuna Sarichioi \u0219i Autentic Events<\/strong>, evenimentul s-a impus \u00een<source sizes=\"(max-width: 322px) 100vw, 322px\" type=\"image\/webp\" data-srcset=\"https:\/\/infotulcea.ro\/wp-content\/uploads\/2026\/08\/ENISALA-2026-final-353x500.jpg.webp 353w, https:\/\/infotulcea.ro\/wp-content\/uploads\/2026\/08\/ENISALA-2026-final-724x1024.jpg.webp 724w, https:\/\/infotulcea.ro\/wp-content\/uploads\/2026\/08\/ENISALA-2026-final-768x1087.jpg.webp 768w, https:\/\/infotulcea.ro\/wp-content\/uploads\/2026\/08\/ENISALA-2026-final.jpg.webp 1080w\" \/><\/p>\n<p><img loading=\"lazy\" decoding=\"async\" class=\" wp-image-40354 alignright\" src=\"https:\/\/infotulcea.ro\/wp-content\/uploads\/2026\/08\/ENISALA-2026-final-353x500.jpg\" alt width=\"322\" height=\"456\"> ultimii ani drept unul dintre festivalurile importante ale Dobrogei, reunind muzica actual\u0103, patrimoniul \u0219i promovarea turistic\u0103 \u00eentr-un decor greu de egalat.<\/p>\n<p>Una dintre experien\u021bele speciale preg\u0103tite anul acesta este\u00a0<strong>balonul cu aer cald<\/strong>, care va oferi publicului o perspectiv\u0103 spectaculoas\u0103 asupra zonei Enisala.<\/p>\n<p>Pentru cei care vor aventura la nivelul solului, edi\u021bia din acest an aduce o alt\u0103 atrac\u021bie \u00een premier\u0103:\u00a0<strong>ADVENTURE LABIRINT \u2013 Labirintul Aventurilor<\/strong>, un labirint uria\u0219, conceput ca experien\u021b\u0103 interactiv\u0103 pentru copii, adolescen\u021bi \u0219i adul\u021bi.<\/p>\n<p>\u00centre\u00a0<strong>21 \u0219i 22 august<\/strong>, participan\u021bii vor putea intra \u00eentr-un traseu cu drumuri de descoperit, alegeri, provoc\u0103ri \u0219i, desigur, o singur\u0103 misiune:\u00a0<strong>s\u0103 g\u0103seasc\u0103 ie\u0219irea<\/strong>.<\/p>\n<p><strong>ROATA PANORAMIC\u0102 \u2013 ENISALA, DE SUS<\/strong><\/p>\n<p>O alt\u0103 atrac\u021bie important\u0103 va fi\u00a0<strong>roata panoramic\u0103<\/strong>, de unde publicul va putea descoperi de la \u00een\u0103l\u021bime peisajul spectaculos al cet\u0103\u021bii \u0219i al Dobrogei.<\/p>\n<p><strong>Show-urile de lasere \u0219i lumini<\/strong>\u00a0vor pune \u00een valoare silueta Cet\u0103\u021bii Enisala \u0219i vor crea leg\u0103tura vizual\u0103 dintre istoria locului \u0219i energia unui festival contemporan.<\/p>\n<p><strong>MUZICA R\u0102M\u00c2NE \u00ceN CENTRUL EXPERIEN\u021aEI ENISALA<\/strong><\/p>\n<p>Programul artistic al edi\u021biei 2026 reune\u0219te arti\u0219ti din genera\u021bii \u0219i stiluri diferite, \u00eentr-un line-up construit pentru un public c\u00e2t mai larg.<\/p>\n<p><strong>Vineri, 21 august<\/strong>, pe scena festivalului vor urca:<br \/>\n\u2022 Forma\u021bia Dubin din Tulcea, David Ciente &amp; Maria Chivu, al\u0103turi de Grupul Jianca, \u00a0F-Charm &amp; Oile Negre, \u00a0Puya<\/p>\n<p><strong>S\u00e2mb\u0103t\u0103, 22 august<\/strong>, festivalul continu\u0103 cu:<br \/>\n\u2022 Mira, \u00a0Florian Rus, Horia Brenciu<\/p>\n<p><strong>UN FESTIVAL PE CARE NU DOAR \u00ceL VEZI. \u00ceL TR\u0102IE\u0218TI.<\/strong><\/p>\n<p>Pentru c\u0103 exist\u0103 locuri pe care le vizitezi \u0219i exist\u0103 locuri pe care le tr\u0103ie\u0219ti.<\/p>\n<p><strong>\u00cen august, Enisala este unul dintre ele.<\/strong><\/p>\n<p><strong>INTRARE LIBER\u0102. EMO\u021aII F\u0102R\u0102 LIMITE.<\/strong><\/p>\n<p>\u00a0<strong>21\u201322 august 2026<\/strong>\u00a0\u2013 Festivalul Enisala \u2013 Unitate la Cetate<br \/><strong>Cetatea Enisala, jude\u021bul Tulcea<\/strong><\/p>\n<p><strong>Ne vedem la Cetatea Enisala!<\/strong><\/p>\n<\/div>\n<div id=\"post-extra-info\">\n<div class=\"theiaStickySidebar\">\n<div class=\"single-post-meta post-meta clearfix\"><span class=\"author-meta single-author no-avatars\"><span class=\"meta-item meta-author-wrapper meta-author-9\"><span class=\"meta-author\"><a href=\"https:\/\/infotulcea.ro\/author\/redactia-2\/\" class=\"author-name tie-icon\" title=\"Redactia\">Redactia<\/a><\/span><\/span><\/span><span class=\"date meta-item tie-icon\">11 august 2026<\/span><\/p>\n<div class=\"tie-alignright\"><span class=\"meta-comment tie-icon meta-item fa-before\">0<\/span><span class=\"meta-views meta-item \"> 605 <\/span><span class=\"meta-reading-time meta-item\"> 2 minutes read<\/span><\/div>\n<\/div>\n<\/div>\n<\/div>\n<div id=\"share-buttons-bottom\" class=\"share-buttons share-buttons-bottom\">\n<div class=\"share-links  icons-only\">\n<div class=\"share-title\"><span> Share<\/span><\/div>\n<p><a href=\"https:\/\/www.facebook.com\/sharer.php?u=https:\/\/infotulcea.ro\/credeai-ca-ai-vazut-tot-la-enisala-editia-2026-ridica-aventura-la-un-alt-nivel\/\" rel=\"external noopener nofollow\" title=\"Facebook\" target=\"_blank\" class=\"facebook-share-btn \" data-raw=\"https:\/\/www.facebook.com\/sharer.php?u={post_link}\"><span class=\"screen-reader-text\">Facebook<\/span><\/a><a href=\"https:\/\/twitter.com\/intent\/tweet?text=CREDEAI%20C%C4%82%20AI%20V%C4%82ZUT%20TOT%20LA%20ENISALA%3F%20EDI%C8%9AIA%202026%20RIDIC%C4%82%20AVENTURA%20LA%20UN%20ALT%20NIVEL&amp;url=https:\/\/infotulcea.ro\/credeai-ca-ai-vazut-tot-la-enisala-editia-2026-ridica-aventura-la-un-alt-nivel\/\" rel=\"external noopener nofollow\" title=\"X\" target=\"_blank\" class=\"twitter-share-btn \" data-raw=\"https:\/\/twitter.com\/intent\/tweet?text={post_title}&amp;url={post_link}\"><span class=\"screen-reader-text\">X<\/span><\/a><a href=\"https:\/\/api.whatsapp.com\/send?text=CREDEAI%20C%C4%82%20AI%20V%C4%82ZUT%20TOT%20LA%20ENISALA%3F%20EDI%C8%9AIA%202026%20RIDIC%C4%82%20AVENTURA%20LA%20UN%20ALT%20NIVEL%20https:\/\/infotulcea.ro\/credeai-ca-ai-vazut-tot-la-enisala-editia-2026-ridica-aventura-la-un-alt-nivel\/\" rel=\"external noopener nofollow\" title=\"WhatsApp\" target=\"_blank\" class=\"whatsapp-share-btn \" data-raw=\"https:\/\/api.whatsapp.com\/send?text={post_title}%20{post_link}\"><span class=\"screen-reader-text\">WhatsApp<\/span><\/a><a href=\"https:\/\/telegram.me\/share\/url?url=https:\/\/infotulcea.ro\/credeai-ca-ai-vazut-tot-la-enisala-editia-2026-ridica-aventura-la-un-alt-nivel\/&amp;text=CREDEAI%20C%C4%82%20AI%20V%C4%82ZUT%20TOT%20LA%20ENISALA%3F%20EDI%C8%9AIA%202026%20RIDIC%C4%82%20AVENTURA%20LA%20UN%20ALT%20NIVEL\" rel=\"external noopener nofollow\" title=\"Telegram\" target=\"_blank\" class=\"telegram-share-btn \" data-raw=\"https:\/\/telegram.me\/share\/url?url={post_link}&amp;text={post_title}\"><span class=\"screen-reader-text\">Telegram<\/span><\/a><a href=\"mailto:?subject=CREDEAI%20C%C4%82%20AI%20V%C4%82ZUT%20TOT%20LA%20ENISALA%3F%20EDI%C8%9AIA%202026%20RIDIC%C4%82%20AVENTURA%20LA%20UN%20ALT%20NIVEL&amp;body=https:\/\/infotulcea.ro\/credeai-ca-ai-vazut-tot-la-enisala-editia-2026-ridica-aventura-la-un-alt-nivel\/\" rel=\"external noopener nofollow\" title=\"Share via Email\" target=\"_blank\" class=\"email-share-btn \" data-raw=\"mailto:?subject={post_title}&amp;body={post_link}\"><span class=\"screen-reader-text\">Share via Email<\/span><\/a><a href=\"https:\/\/infotulcea.ro\/credeai-ca-ai-vazut-tot-la-enisala-editia-2026-ridica-aventura-la-un-alt-nivel\/\" rel=\"external noopener nofollow\" title=\"Print\" target=\"_blank\" class=\"print-share-btn \" data-raw=\"#\"><span class=\"screen-reader-text\">Print<\/span><\/a><\/div>\n<\/div>\n<\/article>\n<div class=\"post-components\">\n<div id=\"related-posts\" class=\"container-wrapper has-extra-post\">\n<div class=\"mag-box-title the-global-title\">\n<h3>Related Articles<\/h3>\n<\/div>\n<div class=\"related-posts-list\">\n<div class=\"related-item tie-standard\"><a aria-label=\"Deschidere oficial\u0103 a Programului de Tabere ARC 2023 la Sulina!\" href=\"https:\/\/infotulcea.ro\/deschidere-oficiala-a-programului-de-tabere-arc-2023-la-sulina\/\" class=\"post-thumb\"><source type=\"image\/webp\" data-srcset=\"https:\/\/infotulcea.ro\/wp-content\/uploads\/2023\/07\/tabara-sulina-arc-2023-390x220.jpg.webp\" \/><img loading=\"lazy\" decoding=\"async\" width=\"390\" height=\"220\" src=\"https:\/\/infotulcea.ro\/wp-content\/uploads\/2023\/07\/tabara-sulina-arc-2023-390x220.jpg\" class=\"attachment-jannah-image-large size-jannah-image-large wp-post-image\" alt><\/a><\/p>\n<h3 class=\"post-title\"><a href=\"https:\/\/infotulcea.ro\/deschidere-oficiala-a-programului-de-tabere-arc-2023-la-sulina\/\">Deschidere oficial\u0103 a Programului de Tabere ARC 2023 la Sulina!<\/a><\/h3>\n<div class=\"post-meta clearfix\"><span class=\"date meta-item tie-icon\">7 iulie 2023<\/span><\/div>\n<\/div>\n<div class=\"related-item tie-standard\"><a aria-label=\"Jador, Lora, Raluka \u0219i Alex Velea, capetele de afi\u0219 de la S\u0103rb\u0103toarea Teilor de la Luncavi\u021ba!\" href=\"https:\/\/infotulcea.ro\/jador-lora-raluka-si-alex-velea-capetele-de-afis-de-la-sarbatoarea-teilor-de-la-luncavita\/\" class=\"post-thumb\"><source type=\"image\/webp\" data-srcset=\"https:\/\/infotulcea.ro\/wp-content\/uploads\/2023\/06\/afis-sarbatoarea-teilor-390x220.jpg.webp\" \/><img loading=\"lazy\" decoding=\"async\" width=\"390\" height=\"220\" src=\"https:\/\/infotulcea.ro\/wp-content\/uploads\/2023\/06\/afis-sarbatoarea-teilor-390x220.jpg\" class=\"attachment-jannah-image-large size-jannah-image-large wp-post-image\" alt><\/a><\/p>\n<h3 class=\"post-title\"><a href=\"https:\/\/infotulcea.ro\/jador-lora-raluka-si-alex-velea-capetele-de-afis-de-la-sarbatoarea-teilor-de-la-luncavita\/\">Jador, Lora, Raluka \u0219i Alex Velea, capetele de afi\u0219 de la S\u0103rb\u0103toarea Teilor de la Luncavi\u021ba!<\/a><\/h3>\n<div class=\"post-meta clearfix\"><span class=\"date meta-item tie-icon\">30 iunie 2023<\/span><\/div>\n<\/div>\n<div class=\"related-item tie-standard\"><a aria-label=\"Mirabela Dauer \u0219i Gheorghe Gheorghiu \u00een spectacol la Tulcea!\" href=\"https:\/\/infotulcea.ro\/mirabela-dauer-si-gheorghe-gheorghiu-in-spectacol-la-tulcea\/\" class=\"post-thumb\"><source type=\"image\/webp\" data-srcset=\"https:\/\/infotulcea.ro\/wp-content\/uploads\/2026\/03\/AAD24A8D-3551-42ED-9F8C-A9D2429BF612-390x220.jpg.webp\" \/><img loading=\"lazy\" decoding=\"async\" width=\"390\" height=\"220\" src=\"https:\/\/infotulcea.ro\/wp-content\/uploads\/2026\/03\/AAD24A8D-3551-42ED-9F8C-A9D2429BF612-390x220.jpg\" class=\"attachment-jannah-image-large size-jannah-image-large wp-post-image\" alt><\/a><\/p>\n<h3 class=\"post-title\"><a href=\"https:\/\/infotulcea.ro\/mirabela-dauer-si-gheorghe-gheorghiu-in-spectacol-la-tulcea\/\">Mirabela Dauer \u0219i Gheorghe Gheorghiu \u00een spectacol la Tulcea!<\/a><\/h3>\n<div class=\"post-meta clearfix\"><span class=\"date meta-item tie-icon\">28 martie 2026<\/span><\/div>\n<\/div>\n<div class=\"related-item tie-standard\"><a aria-label=\"Cum arat\u0103 o experien\u021b\u0103 complet\u0103 de var\u0103 exclusiv \u00een Rom\u00e2nia!\" href=\"https:\/\/infotulcea.ro\/cum-arata-o-experienta-completa-de-vara-exclusiv-in-romania\/\" class=\"post-thumb\"><source sizes=\"(max-width: 390px) 100vw, 390px\" type=\"image\/webp\" data-srcset=\"https:\/\/infotulcea.ro\/wp-content\/uploads\/2026\/05\/NIBIRU_Promenada-390x220.jpg.webp 390w, https:\/\/infotulcea.ro\/wp-content\/uploads\/2026\/05\/NIBIRU_Promenada-500x281.jpg.webp 500w, https:\/\/infotulcea.ro\/wp-content\/uploads\/2026\/05\/NIBIRU_Promenada-1024x576.jpg.webp 1024w, https:\/\/infotulcea.ro\/wp-content\/uploads\/2026\/05\/NIBIRU_Promenada-768x432.jpg.webp 768w, https:\/\/infotulcea.ro\/wp-content\/uploads\/2026\/05\/NIBIRU_Promenada.jpg.webp 1080w\" \/><img loading=\"lazy\" decoding=\"async\" width=\"390\" height=\"220\" src=\"https:\/\/infotulcea.ro\/wp-content\/uploads\/2026\/05\/NIBIRU_Promenada-390x220.jpg\" class=\"attachment-jannah-image-large size-jannah-image-large wp-post-image\" alt><\/a><\/p>\n<h3 class=\"post-title\"><a href=\"https:\/\/infotulcea.ro\/cum-arata-o-experienta-completa-de-vara-exclusiv-in-romania\/\">Cum arat\u0103 o experien\u021b\u0103 complet\u0103 de var\u0103 exclusiv \u00een Rom\u00e2nia!<\/a><\/h3>\n<div class=\"post-meta clearfix\"><span class=\"date meta-item tie-icon\">6 mai 2026<\/span><\/div>\n<\/div>\n<\/div>\n<\/div>\n<div id=\"comments\" class=\"comments-area\">\n<div id=\"add-comment-block\" class=\"container-wrapper\">\n<div id=\"respond\" class=\"comment-respond\">\n<h3 id=\"reply-title\" class=\"comment-reply-title the-global-title\">Las\u0103 un r\u0103spuns <small><a rel=\"nofollow\" id=\"cancel-comment-reply-link\" href=\"https:\/\/infotulcea.ro\/credeai-ca-ai-vazut-tot-la-enisala-editia-2026-ridica-aventura-la-un-alt-nivel\/#respond\">Anuleaz\u0103 r\u0103spunsul<\/a><\/small><\/h3>\n<p class=\"comment-notes\"><span id=\"email-notes\">Adresa ta de email nu va fi publicat\u0103.<\/span><span class=\"required-field-message\">C\u00e2mpurile obligatorii sunt marcate cu <span class=\"required\">*<\/span><\/span><\/p>\n<\/div>\n<\/div>\n<\/div>\n<\/div>\n<\/div>\n<div id=\"check-also-box\" class=\"container-wrapper check-also-right\">\n<div class=\"widget-title the-global-title\">\n<div class=\"the-subtitle\">Check Also<\/div>\n<p><a href=\"https:\/\/infotulcea.ro\/credeai-ca-ai-vazut-tot-la-enisala-editia-2026-ridica-aventura-la-un-alt-nivel\/\" id=\"check-also-close\" class=\"remove\"><span class=\"screen-reader-text\">Close<\/span><\/a><\/div>\n<div class=\"widget posts-list-big-first has-first-big-post\">\n<ul class=\"posts-list-items\">\n<li class=\"widget-single-post-item widget-post-list tie-standard\">\n<div class=\"post-widget-thumbnail\"><a aria-label=\"Cas\u0103 de vacan\u021b\u0103 la numai 25.000 de euro!\" href=\"https:\/\/infotulcea.ro\/casa-de-vacanta-la-numai-25-000-de-euro\/\" class=\"post-thumb\"><span class=\"post-cat-wrap\"><span class=\"post-cat tie-cat-67\">Timp liber<\/span><\/span><source type=\"image\/webp\" data-srcset=\"https:\/\/infotulcea.ro\/wp-content\/uploads\/2023\/09\/IMG_20230904_211800-390x220.jpg.webp\" \/><img loading=\"lazy\" decoding=\"async\" width=\"390\" height=\"220\" src=\"https:\/\/infotulcea.ro\/wp-content\/uploads\/2023\/09\/IMG_20230904_211800-390x220.jpg\" class=\"attachment-jannah-image-large size-jannah-image-large wp-post-image\" alt><\/a><\/div>\n<div class=\"post-widget-body \"><a class=\"post-title the-subtitle\" href=\"https:\/\/infotulcea.ro\/casa-de-vacanta-la-numai-25-000-de-euro\/\">Cas\u0103 de vacan\u021b\u0103 la numai 25.000 de euro!<\/a><\/p>\n<div class=\"post-meta\"><span class=\"date meta-item tie-icon\">4 septembrie 2023<\/span><\/div>\n<\/div>\n<\/li>\n<\/ul>\n<\/div>\n<\/div>\n<aside class=\"sidebar tie-col-md-4 tie-col-xs-12 normal-side is-sticky\" aria-label=\"Primary Sidebar\">\n<div class=\"theiaStickySidebar\">\n<div id=\"media_image-19\" class=\"container-wrapper widget widget_media_image\"><a href=\"https:\/\/infotulcea.ro\/delta-dunarii-mai-accesibila-navrom-delta-creste-numarul-curselor-regulate-de-la-1-mai-2025\/\"><source sizes=\"(max-width: 500px) 100vw, 500px\" type=\"image\/webp\" data-srcset=\"https:\/\/infotulcea.ro\/wp-content\/uploads\/2025\/04\/navrom-delta-500x271.jpg.webp 500w, https:\/\/infotulcea.ro\/wp-content\/uploads\/2025\/04\/navrom-delta-1024x555.jpg.webp 1024w, https:\/\/infotulcea.ro\/wp-content\/uploads\/2025\/04\/navrom-delta-768x416.jpg.webp 768w, https:\/\/infotulcea.ro\/wp-content\/uploads\/2025\/04\/navrom-delta.jpg.webp 1080w\" \/><img loading=\"lazy\" decoding=\"async\" width=\"500\" height=\"271\" src=\"https:\/\/infotulcea.ro\/wp-content\/uploads\/2025\/04\/navrom-delta-500x271.jpg\" class=\"image wp-image-34487  attachment-medium size-medium\" alt><\/a><\/div>\n<div id=\"media_image-17\" class=\"container-wrapper widget widget_media_image\"><a href=\"https:\/\/www.facebook.com\/share\/p\/1DGAD1tLWN\/?mibextid=wwXIfr\" target=\"_blank\"><source sizes=\"(max-width: 500px) 100vw, 500px\" type=\"image\/webp\" data-srcset=\"https:\/\/infotulcea.ro\/wp-content\/uploads\/2026\/01\/IMG_1563-500x500.jpeg.webp 500w, https:\/\/infotulcea.ro\/wp-content\/uploads\/2026\/01\/IMG_1563-1024x1024.jpeg.webp 1024w, https:\/\/infotulcea.ro\/wp-content\/uploads\/2026\/01\/IMG_1563-250x250.jpeg.webp 250w, https:\/\/infotulcea.ro\/wp-content\/uploads\/2026\/01\/IMG_1563-768x768.jpeg.webp 768w, https:\/\/infotulcea.ro\/wp-content\/uploads\/2026\/01\/IMG_1563.jpeg.webp 1080w\" \/><img loading=\"lazy\" decoding=\"async\" width=\"500\" height=\"500\" src=\"https:\/\/infotulcea.ro\/wp-content\/uploads\/2026\/01\/IMG_1563-500x500.jpeg\" class=\"image wp-image-37932  attachment-medium size-medium\" alt title=\"Centrale pe lemne\"><\/a><\/div>\n<div id=\"media_image-18\" class=\"container-wrapper widget widget_media_image\"><a href=\"https:\/\/www.licitatia.ro\/site\/index-guest\"><img loading=\"lazy\" decoding=\"async\" width=\"500\" height=\"262\" src=\"https:\/\/infotulcea.ro\/wp-content\/uploads\/2025\/09\/licitatia-500x262.png\" class=\"image wp-image-36670  attachment-medium size-medium lazyload\" alt><img loading=\"lazy\" decoding=\"async\" width=\"500\" height=\"262\" src=\"https:\/\/infotulcea.ro\/wp-content\/uploads\/2025\/09\/licitatia-500x262.png\" class=\"image wp-image-36670  attachment-medium size-medium\" alt><\/a><\/div>\n<div id=\"media_image-27\" class=\"container-wrapper widget widget_media_image\"><a href=\"https:\/\/www.centrale-lemne-liepsnele.ro\/\"><img loading=\"lazy\" decoding=\"async\" width=\"500\" height=\"500\" src=\"https:\/\/infotulcea.ro\/wp-content\/uploads\/2025\/09\/Centrale-pe-Lemne-Liepsnele-500x500.png\" class=\"image wp-image-36541  attachment-medium size-medium lazyload\" alt=\"Centrala pe lemne\"><img loading=\"lazy\" decoding=\"async\" width=\"500\" height=\"500\" src=\"https:\/\/infotulcea.ro\/wp-content\/uploads\/2025\/09\/Centrale-pe-Lemne-Liepsnele-500x500.png\" class=\"image wp-image-36541  attachment-medium size-medium\" alt=\"Centrala pe lemne\"><\/a><\/div>\n<div id=\"media_image-28\" class=\"container-wrapper widget widget_media_image\"><a href=\"https:\/\/infotulcea.ro\/angajeaza-te-ro-platforma-ta-online-de-angajari-si-forta-de-munca\/\"><source sizes=\"(max-width: 500px) 100vw, 500px\" type=\"image\/webp\" data-srcset=\"https:\/\/infotulcea.ro\/wp-content\/uploads\/2025\/04\/banner-angajazate-1-500x305.jpg.webp 500w, https:\/\/infotulcea.ro\/wp-content\/uploads\/2025\/04\/banner-angajazate-1-1024x625.jpg.webp 1024w, https:\/\/infotulcea.ro\/wp-content\/uploads\/2025\/04\/banner-angajazate-1-768x469.jpg.webp 768w, https:\/\/infotulcea.ro\/wp-content\/uploads\/2025\/04\/banner-angajazate-1.jpg.webp 1080w\" \/><img loading=\"lazy\" decoding=\"async\" width=\"500\" height=\"305\" src=\"https:\/\/infotulcea.ro\/wp-content\/uploads\/2025\/04\/banner-angajazate-1-500x305.jpg\" class=\"image wp-image-34317  attachment-medium size-medium\" alt><\/a><\/div>\n<\/div>\n<\/aside>\n<\/div>\n<\/div>\n<div class=\"entry-content entry clearfix\">\n<p><strong>Balon cu aer cald, un labirint uria\u0219 al aventurilor, roat\u0103 panoramic\u0103 \u0219i show-uri de lasere, la Festivalul Enisala \u2013 Unitate la Cetate, pe 21 \u0219i 22 august<\/strong><\/p>\n<p>Dou\u0103 zile \u00een care istoria prinde via\u021b\u0103. Dou\u0103 zile \u00een care una dintre cele mai spectaculoase cet\u0103\u021bi medievale din Rom\u00e2nia devine punctul de \u00eent\u00e2lnire dintre muzic\u0103, aventur\u0103, patrimoniu \u0219i experien\u021be memorabile.<\/p>\n<p><strong>Festivalul Enisala \u2013 Unitate la Cetate revine pe 21 \u0219i 22 august 2026 cu o edi\u021bie care \u00ee\u0219i propune s\u0103 duc\u0103 experien\u021ba publicului dincolo de scena de concerte.<\/strong>\u00a0Balon cu aer cald, un labirint de aventur\u0103 de mari dimensiuni, roat\u0103 panoramic\u0103 \u0219i show-uri spectaculoase de lasere \u0219i lumini se num\u0103r\u0103 printre atrac\u021biile preg\u0103tite anul acesta la poalele Cet\u0103\u021bii Enisala.<\/p>\n<p>Organizat de\u00a0<strong>Consiliul Jude\u021bean Tulcea, UAT Comuna Sarichioi \u0219i Autentic Events<\/strong>, evenimentul s-a impus \u00een<source sizes=\"(max-width: 322px) 100vw, 322px\" type=\"image\/webp\" data-srcset=\"https:\/\/infotulcea.ro\/wp-content\/uploads\/2026\/08\/ENISALA-2026-final-353x500.jpg.webp 353w, https:\/\/infotulcea.ro\/wp-content\/uploads\/2026\/08\/ENISALA-2026-final-724x1024.jpg.webp 724w, https:\/\/infotulcea.ro\/wp-content\/uploads\/2026\/08\/ENISALA-2026-final-768x1087.jpg.webp 768w, https:\/\/infotulcea.ro\/wp-content\/uploads\/2026\/08\/ENISALA-2026-final.jpg.webp 1080w\" \/><\/p>\n<p><img loading=\"lazy\" decoding=\"async\" class=\" wp-image-40354 alignright\" src=\"https:\/\/infotulcea.ro\/wp-content\/uploads\/2026\/08\/ENISALA-2026-final-353x500.jpg\" alt width=\"322\" height=\"456\"> ultimii ani drept unul dintre festivalurile importante ale Dobrogei, reunind muzica actual\u0103, patrimoniul \u0219i promovarea turistic\u0103 \u00eentr-un decor greu de egalat.<\/p>\n<p>Una dintre experien\u021bele speciale preg\u0103tite anul acesta este\u00a0<strong>balonul cu aer cald<\/strong>, care va oferi publicului o perspectiv\u0103 spectaculoas\u0103 asupra zonei Enisala.<\/p>\n<p>Pentru cei care vor aventura la nivelul solului, edi\u021bia din acest an aduce o alt\u0103 atrac\u021bie \u00een premier\u0103:\u00a0<strong>ADVENTURE LABIRINT \u2013 Labirintul Aventurilor<\/strong>, un labirint uria\u0219, conceput ca experien\u021b\u0103 interactiv\u0103 pentru copii, adolescen\u021bi \u0219i adul\u021bi.<\/p>\n<p>\u00centre\u00a0<strong>21 \u0219i 22 august<\/strong>, participan\u021bii vor putea intra \u00eentr-un traseu cu drumuri de descoperit, alegeri, provoc\u0103ri \u0219i, desigur, o singur\u0103 misiune:\u00a0<strong>s\u0103 g\u0103seasc\u0103 ie\u0219irea<\/strong>.<\/p>\n<p><strong>ROATA PANORAMIC\u0102 \u2013 ENISALA, DE SUS<\/strong><\/p>\n<p>O alt\u0103 atrac\u021bie important\u0103 va fi\u00a0<strong>roata panoramic\u0103<\/strong>, de unde publicul va putea descoperi de la \u00een\u0103l\u021bime peisajul spectaculos al cet\u0103\u021bii \u0219i al Dobrogei.<\/p>\n<p><strong>Show-urile de lasere \u0219i lumini<\/strong>\u00a0vor pune \u00een valoare silueta Cet\u0103\u021bii Enisala \u0219i vor crea leg\u0103tura vizual\u0103 dintre istoria locului \u0219i energia unui festival contemporan.<\/p>\n<p><strong>MUZICA R\u0102M\u00c2NE \u00ceN CENTRUL EXPERIEN\u021aEI ENISALA<\/strong><\/p>\n<p>Programul artistic al edi\u021biei 2026 reune\u0219te arti\u0219ti din genera\u021bii \u0219i stiluri diferite, \u00eentr-un line-up construit pentru un public c\u00e2t mai larg.<\/p>\n<p><strong>Vineri, 21 august<\/strong>, pe scena festivalului vor urca:<br \/>\n\u2022 Forma\u021bia Dubin din Tulcea, David Ciente &amp; Maria Chivu, al\u0103turi de Grupul Jianca, \u00a0F-Charm &amp; Oile Negre, \u00a0Puya<\/p>\n<p><strong>S\u00e2mb\u0103t\u0103, 22 august<\/strong>, festivalul continu\u0103 cu:<br \/>\n\u2022 Mira, \u00a0Florian Rus, Horia Brenciu<\/p>\n<p><strong>UN FESTIVAL PE CARE NU DOAR \u00ceL VEZI. \u00ceL TR\u0102IE\u0218TI.<\/strong><\/p>\n<p>Pentru c\u0103 exist\u0103 locuri pe care le vizitezi \u0219i exist\u0103 locuri pe care le tr\u0103ie\u0219ti.<\/p>\n<p><strong>\u00cen august, Enisala este unul dintre ele.<\/strong><\/p>\n<p><strong>INTRARE LIBER\u0102. EMO\u021aII F\u0102R\u0102 LIMITE.<\/strong><\/p>\n<p>\u00a0<strong>21\u201322 august 2026<\/strong>\u00a0\u2013 Festivalul Enisala \u2013 Unitate la Cetate<br \/><strong>Cetatea Enisala, jude\u021bul Tulcea<\/strong><\/p>\n<p><strong>Ne vedem la Cetatea Enisala!<\/strong><\/p>\n<\/div>\n<div class=\"articleBody\" data-key=\"articleBody\">Balon cu aer cald, un labirint uria\u0219 al aventurilor, roat\u0103 panoramic\u0103 \u0219i show-uri de lasere, la Festivalul Enisala \u2013 Unitate la Cetate, pe 21 \u0219i 22 august<br \/>\nDou\u0103 zile \u00een care istoria prinde via\u021b\u0103. Dou\u0103 zile \u00een care una dintre cele mai spectaculoase cet\u0103\u021bi medievale din Rom\u00e2nia devine punctul de \u00eent\u00e2lnire dintre muzic\u0103, aventur\u0103, patrimoniu \u0219i experien\u021be memorabile.<br \/>\nFestivalul Enisala \u2013 Unitate la Cetate revine pe 21 \u0219i 22 august 2026 cu o edi\u021bie care \u00ee\u0219i propune s\u0103 duc\u0103 experien\u021ba publicului dincolo de scena de concerte.\u00a0Balon cu aer cald, un labirint de aventur\u0103 de mari dimensiuni, roat\u0103 panoramic\u0103 \u0219i show-uri spectaculoase de lasere \u0219i lumini se num\u0103r\u0103 printre atrac\u021biile preg\u0103tite anul acesta la poalele Cet\u0103\u021bii Enisala.<br \/>\nOrganizat de\u00a0Consiliul Jude\u021bean Tulcea, UAT Comuna Sarichioi \u0219i Autentic Events, evenimentul s-a impus \u00een ultimii ani drept unul dintre festivalurile importante ale Dobrogei, reunind muzica actual\u0103, patrimoniul \u0219i promovarea turistic\u0103 \u00eentr-un decor greu de egalat.<br \/>\nUna dintre experien\u021bele speciale preg\u0103tite anul acesta este\u00a0balonul cu aer cald, care va oferi publicului o perspectiv\u0103 spectaculoas\u0103 asupra zonei Enisala.<br \/>\nPentru cei care vor aventura la nivelul solului, edi\u021bia din acest an aduce o alt\u0103 atrac\u021bie \u00een premier\u0103:\u00a0ADVENTURE LABIRINT \u2013 Labirintul Aventurilor, un labirint uria\u0219, conceput ca experien\u021b\u0103 interactiv\u0103 pentru copii, adolescen\u021bi \u0219i adul\u021bi.<br \/>\n\u00centre\u00a021 \u0219i 22 august, participan\u021bii vor putea intra \u00eentr-un traseu cu drumuri de descoperit, alegeri, provoc\u0103ri \u0219i, desigur, o singur\u0103 misiune:\u00a0s\u0103 g\u0103seasc\u0103 ie\u0219irea.<br \/>\nROATA PANORAMIC\u0102 \u2013 ENISALA, DE SUS<br \/>\nO alt\u0103 atrac\u021bie important\u0103 va fi\u00a0roata panoramic\u0103, de unde publicul va putea descoperi de la \u00een\u0103l\u021bime peisajul spectaculos al cet\u0103\u021bii \u0219i al Dobrogei.<br \/>\nShow-urile de lasere \u0219i lumini\u00a0vor pune \u00een valoare silueta Cet\u0103\u021bii Enisala \u0219i vor crea leg\u0103tura vizual\u0103 dintre istoria locului \u0219i energia unui festival contemporan.<br \/>\nMUZICA R\u0102M\u00c2NE \u00ceN CENTRUL EXPERIEN\u021aEI ENISALA<br \/>\nProgramul artistic al edi\u021biei 2026 reune\u0219te arti\u0219ti din genera\u021bii \u0219i stiluri diferite, \u00eentr-un line-up construit pentru un public c\u00e2t mai larg.<br \/>\nVineri, 21 august, pe scena festivalului vor urca:<br \/>\n\u2022 Forma\u021bia Dubin din Tulcea, David Ciente &amp; Maria Chivu, al\u0103turi de Grupul Jianca, \u00a0F-Charm &amp; Oile Negre, \u00a0Puya<br \/>\nS\u00e2mb\u0103t\u0103, 22 august, festivalul continu\u0103 cu:<br \/>\n\u2022 Mira, \u00a0Florian Rus, Horia Brenciu<br \/>\nUN FESTIVAL PE CARE NU DOAR \u00ceL VEZI. \u00ceL TR\u0102IE\u0218TI.<br \/>\nPentru c\u0103 exist\u0103 locuri pe care le vizitezi \u0219i exist\u0103 locuri pe care le tr\u0103ie\u0219ti.<br \/>\n\u00cen august, Enisala este unul dintre ele.<br \/>\nINTRARE LIBER\u0102. EMO\u021aII F\u0102R\u0102 LIMITE.<br \/>\n\u00a021\u201322 august 2026\u00a0\u2013 Festivalul Enisala \u2013 Unitate la Cetate<br \/>\nCetatea Enisala, jude\u021bul Tulcea<br \/>\nNe vedem la Cetatea Enisala!<\/div>\n<p>[analyse_source url=&#8221;https:\/\/infotulcea.ro\/credeai-ca-ai-vazut-tot-la-enisala-editia-2026-ridica-aventura-la-un-alt-nivel\/&#8221;]<\/p>\n","protected":false},"excerpt":{"rendered":"<p>[analyse_image type=&#8221;featured&#8221; src=&#8221;https:\/\/infotulcea.ro\/wp-content\/uploads\/2026\/08\/ENISALA-2026-final.jpghttps:\/\/infotulcea.ro\/wp-content\/uploads\/2026\/08\/ENISALA-2026-final.jpg&#8221;] Home\/Timp liber\/CREDEAI C\u0102 AI V\u0102ZUT TOT LA ENISALA? EDI\u021aIA 2026 RIDIC\u0102 AVENTURA LA UN ALT NIVEL Timp liber CREDEAI C\u0102 AI V\u0102ZUT TOT LA ENISALA? EDI\u021aIA 2026 RIDIC\u0102 AVENTURA LA UN ALT NIVEL Redactia11 august 2026 0 605 2 minutes read Balon cu aer cald, un labirint uria\u0219 al aventurilor, roat\u0103 panoramic\u0103 [&hellip;]<\/p>\n","protected":false},"author":1,"featured_media":0,"comment_status":"open","ping_status":"","sticky":false,"template":"","format":"standard","meta":{"footnotes":""},"categories":[89],"tags":[226,221],"class_list":["post-2095901","post","type-post","status-publish","format-standard","hentry","category-romania","tag-crawlmanager","tag-infotulcea-ro"],"_links":{"self":[{"href":"https:\/\/analyse.optim.biz\/index.php?rest_route=\/wp\/v2\/posts\/2095901","targetHints":{"allow":["GET"]}}],"collection":[{"href":"https:\/\/analyse.optim.biz\/index.php?rest_route=\/wp\/v2\/posts"}],"about":[{"href":"https:\/\/analyse.optim.biz\/index.php?rest_route=\/wp\/v2\/types\/post"}],"author":[{"embeddable":true,"href":"https:\/\/analyse.optim.biz\/index.php?rest_route=\/wp\/v2\/users\/1"}],"replies":[{"embeddable":true,"href":"https:\/\/analyse.optim.biz\/index.php?rest_route=%2Fwp%2Fv2%2Fcomments&post=2095901"}],"version-history":[{"count":0,"href":"https:\/\/analyse.optim.biz\/index.php?rest_route=\/wp\/v2\/posts\/2095901\/revisions"}],"wp:attachment":[{"href":"https:\/\/analyse.optim.biz\/index.php?rest_route=%2Fwp%2Fv2%2Fmedia&parent=2095901"}],"wp:term":[{"taxonomy":"category","embeddable":true,"href":"https:\/\/analyse.optim.biz\/index.php?rest_route=%2Fwp%2Fv2%2Fcategories&post=2095901"},{"taxonomy":"post_tag","embeddable":true,"href":"https:\/\/analyse.optim.biz\/index.php?rest_route=%2Fwp%2Fv2%2Ftags&post=2095901"}],"curies":[{"name":"wp","href":"https:\/\/api.w.org\/{rel}","templated":true}]}}