{"id":2095870,"date":"2026-08-15T08:18:39","date_gmt":"2026-08-15T05:18:39","guid":{"rendered":"https:\/\/analyse.optim.biz\/?p=2095870"},"modified":"2026-08-15T08:18:39","modified_gmt":"2026-08-15T05:18:39","slug":"cutremur-in-oltul-baronului-marius-oprescu-azil-clandestin-si-conditii-inumane-pentru-persoane-cu-dizabilitati","status":"publish","type":"post","link":"https:\/\/analyse.optim.biz\/?p=2095870","title":{"rendered":"Cutremur \u00een Oltul baronului Marius Oprescu: Azil clandestin \u0219i condi\u021bii inumane pentru persoane cu dizabilit\u0103\u021bi"},"content":{"rendered":"<p>[analyse_image type=&#8221;featured&#8221; src=&#8221;https:\/\/60m.ro\/wp-content\/uploads\/2026\/08\/azil.jpg&#8221;]<\/p>\n<div class=\"articleBody\" data-key=\"articleBody\">\n\u00cen spatele imaginii de jude\u021b \u201ef\u0103r\u0103 probleme\u201d, realitatea scoate la suprafa\u021b\u0103 un tablou greu de privit: 26 de oameni vulnerabili, majoritatea persoane cu dizabilit\u0103\u021bi, dar \u0219i v\u00e2rstnici \u0219i persoane aflate \u00een situa\u021bii sociale dramatice, au trebuit prelua\u021bi \u0219i transfera\u021bi dintr-o loca\u021bie improprie. Condi\u021biile surprinse \u00een imagini sunt revolt\u0103toare. Nu mai vorbim despre propagand\u0103, conferin\u021be de pres\u0103 sau post\u0103ri triumfaliste. Vorbim despre oameni. Despre demnitatea lor. \u0218i despre un sistem care trebuie s\u0103 explice cum a fost posibil a\u0219a ceva.Iar peste acest jude\u021b domne\u0219te politic, de ani de zile, PSD Olt, condus de Marius Oprescu. Aceea\u0219i administra\u021bie care \u00ee\u0219i construie\u0219te imaginea unui Olt bine gestionat se treze\u0219te acum \u00een fa\u021ba unei \u00eentreb\u0103ri devastatoare: CUM AU PUTUT AJUNGE 26 DE OAMENI VULNERABILI \u00ceNTR-O ASEMENEA SITUA\u021aIE? Cine trebuia s\u0103 verifice? Cine trebuia s\u0103 \u0219tie?Pentru c\u0103 atunci c\u00e2nd conduci un jude\u021b nu po\u021bi revendica toate realiz\u0103rile, iar c\u00e2nd apare dezastrul s\u0103 descoperi brusc c\u0103 responsabilitatea apar\u021bine \u00eentotdeauna altcuiva.Pentru Marius Oprescu \u0219i PSD Olt, cazul acesta este o lovitur\u0103 brutal\u0103 dat\u0103 discursului despre administra\u021bia performant\u0103. Oamenii din Olt nu au nevoie s\u0103 li se explice c\u00e2t de bine merge jude\u021bul. Au nevoie s\u0103 afle cine a permis ca aceast\u0103 situa\u021bie s\u0103 existe, c\u00e2t timp a existat, cine a verificat loca\u021bia \u0219i dac\u0103 institu\u021biile competente \u0219i-au f\u0103cut sau nu treaba.Este cutremur\u0103tor. Este tragic. Este de neconceput. \u00centr-un jude\u021b controlat politic de PSD Olt de at\u00e2\u021bia ani, Marius Oprescu nu mai poate r\u0103spunde la asemenea situa\u021bii doar cu imagine, sloganuri \u0219i discursuri despre c\u00e2t de bine este administrat Oltul.<\/p>\n<p>https:\/\/www.tiktok.com\/@antipsdolt\/photo\/7673961306818497814?is_from_webapp=1&#038;sender_device=pc\n<\/p><\/div>\n<p>[analyse_source url=&#8221;https:\/\/60m.ro\/cutremur-in-oltul-baronului-marius-oprescu-azil-clandestin-si-conditii-inumane-pentru-persoane-cu-dizabilitati\/&#8221;]<\/p>\n","protected":false},"excerpt":{"rendered":"<p>[analyse_image type=&#8221;featured&#8221; src=&#8221;https:\/\/60m.ro\/wp-content\/uploads\/2026\/08\/azil.jpg&#8221;] \u00cen spatele imaginii de jude\u021b \u201ef\u0103r\u0103 probleme\u201d, realitatea scoate la suprafa\u021b\u0103 un tablou greu de privit: 26 de oameni vulnerabili, majoritatea persoane cu dizabilit\u0103\u021bi, dar \u0219i v\u00e2rstnici \u0219i persoane aflate \u00een situa\u021bii sociale dramatice, au trebuit prelua\u021bi \u0219i transfera\u021bi dintr-o loca\u021bie improprie. Condi\u021biile surprinse \u00een imagini sunt revolt\u0103toare. Nu mai vorbim despre [&hellip;]<\/p>\n","protected":false},"author":1,"featured_media":0,"comment_status":"open","ping_status":"","sticky":false,"template":"","format":"standard","meta":{"footnotes":""},"categories":[89],"tags":[100,226],"class_list":["post-2095870","post","type-post","status-publish","format-standard","hentry","category-romania","tag-60m-ro","tag-crawlmanager"],"_links":{"self":[{"href":"https:\/\/analyse.optim.biz\/index.php?rest_route=\/wp\/v2\/posts\/2095870","targetHints":{"allow":["GET"]}}],"collection":[{"href":"https:\/\/analyse.optim.biz\/index.php?rest_route=\/wp\/v2\/posts"}],"about":[{"href":"https:\/\/analyse.optim.biz\/index.php?rest_route=\/wp\/v2\/types\/post"}],"author":[{"embeddable":true,"href":"https:\/\/analyse.optim.biz\/index.php?rest_route=\/wp\/v2\/users\/1"}],"replies":[{"embeddable":true,"href":"https:\/\/analyse.optim.biz\/index.php?rest_route=%2Fwp%2Fv2%2Fcomments&post=2095870"}],"version-history":[{"count":0,"href":"https:\/\/analyse.optim.biz\/index.php?rest_route=\/wp\/v2\/posts\/2095870\/revisions"}],"wp:attachment":[{"href":"https:\/\/analyse.optim.biz\/index.php?rest_route=%2Fwp%2Fv2%2Fmedia&parent=2095870"}],"wp:term":[{"taxonomy":"category","embeddable":true,"href":"https:\/\/analyse.optim.biz\/index.php?rest_route=%2Fwp%2Fv2%2Fcategories&post=2095870"},{"taxonomy":"post_tag","embeddable":true,"href":"https:\/\/analyse.optim.biz\/index.php?rest_route=%2Fwp%2Fv2%2Ftags&post=2095870"}],"curies":[{"name":"wp","href":"https:\/\/api.w.org\/{rel}","templated":true}]}}