{"id":2095864,"date":"2026-08-15T19:32:27","date_gmt":"2026-08-15T16:32:27","guid":{"rendered":"https:\/\/analyse.optim.biz\/?p=2095864"},"modified":"2026-08-15T19:32:27","modified_gmt":"2026-08-15T16:32:27","slug":"adrian-mocanu-primit-cu-drag-la-cozieni-de-sfanta-maria","status":"publish","type":"post","link":"https:\/\/analyse.optim.biz\/?p=2095864","title":{"rendered":"Adrian Mocanu, primit cu drag la Cozieni de Sf\u00e2nta Maria"},"content":{"rendered":"<p>[analyse_image type=&#8221;featured&#8221; src=&#8221;https:\/\/revistaverde.ro\/wp-content\/uploads\/2026\/08\/MOCANU-COZIENI.jpg&#8221;]<\/p>\n<article id=\"post-15825\" class=\"post-15825 post type-post status-publish format-standard has-post-thumbnail hentry category-eco-turism category-evnimente category-international\">\n<header class=\"entry-header mh-clearfix\">\n<h1 class=\"entry-title\">Adrian Mocanu, primit cu drag la Cozieni de Sf\u00e2nta Maria<\/h1>\n<p class=\"mh-meta entry-meta\"><span class=\"entry-meta-date updated\"><a href=\"https:\/\/revistaverde.ro\/2026\/08\/\">august 15, 2026<\/a><\/span><span class=\"entry-meta-author author vcard\"><a class=\"fn\" href=\"https:\/\/revistaverde.ro\/author\/revistaverdefrumoasa2017\/\">M\u0103rg\u0103rit GROSU<\/a><\/span><span class=\"entry-meta-categories\"><a href=\"https:\/\/revistaverde.ro\/category\/local\/eco-turism\/\" rel=\"category tag\">Eco Turism<\/a>, <a href=\"https:\/\/revistaverde.ro\/category\/local\/evnimente\/\" rel=\"category tag\">Evenimente<\/a>, <a href=\"https:\/\/revistaverde.ro\/category\/international\/\" rel=\"category tag\">international<\/a><\/span><span class=\"entry-meta-comments\"><a class=\"mh-comment-scroll\" href=\"https:\/\/revistaverde.ro\/2026\/08\/15\/adrian-mocanu-primit-cu-drag-la-cozieni-de-sfanta-maria\/#mh-comments\">0<\/a><\/span><\/p>\n<\/header>\n<div class=\"entry-content mh-clearfix\">\n<figure class=\"entry-thumbnail\"><img decoding=\"async\" src=\"https:\/\/revistaverde.ro\/wp-content\/uploads\/2026\/08\/MOCANU-COZIENI-678x381.jpg\" alt title=\"MOCANU COZIENI\"><\/figure>\n<p>\u201dAst\u0103zi am fost la Ziua Comunei Cozieni \u2013 \u201eT\u00e2rgul Tradi\u021bional de Sf\u00e2nta Maria\u201d, o s\u0103rb\u0103toare care adun\u0103 an de an oamenii locului \u00een jurul tradi\u021biilor, muzicii \u0219i bunei dispozi\u021bii.<\/p>\n<p>M-am bucurat s\u0103 fiu al\u0103turi de Robert \u0218omoiag, primarul comunei Cozieni, de Cristi Mu\u0219at, primarul comunei Cisl\u0103u, de colegii mei Viorel Dobre \u0219i Cosmin Laz\u0103r \u0219i de prefectul Leonard Dimian.<\/p>\n<figure class=\"wp-block-image\"><img decoding=\"async\" src=\"http:\/\/racnetulbuzaului.ro\/wp-content\/uploads\/2026\/08\/MOCANU-COZIENI-2-1024x768.jpg\" alt class=\"wp-image-13264\"><\/figure>\n<p>Dincolo de muzic\u0103 \u0219i de s\u0103rb\u0103toare, astfel de momente sunt despre comunitate. Despre oameni care se cunosc, se salut\u0103, se bucur\u0103 \u00eempreun\u0103 \u0219i p\u0103streaz\u0103 vii tradi\u021biile locului.<\/p>\n<p>Felicit\u0103ri, Robert, pentru aceast\u0103 zi \u0219i tuturor celor care s-au implicat \u00een organizare! \u0218i, mai ales, mul\u021bumesc oamenilor din Cozieni pentru primirea cald\u0103!\u201d- a declarat liderul PNL Buz\u0103u, deputatul Adrian Mocanu, pe pagina sa de socializare.<\/p>\n<p>M-am sim\u021bit bine al\u0103turi de voi.<\/p>\n<p>La mul\u021bi ani, Cozieni!<\/p>\n<figure class=\"wp-block-image\"><img decoding=\"async\" src=\"http:\/\/racnetulbuzaului.ro\/wp-content\/uploads\/2026\/08\/COZIENI-3-768x1024.jpg\" alt class=\"wp-image-13265\"><\/figure>\n<figure class=\"wp-block-image\"><img decoding=\"async\" src=\"http:\/\/racnetulbuzaului.ro\/wp-content\/uploads\/2026\/08\/COZIENI4-768x1024.jpg\" alt class=\"wp-image-13266\"><\/figure>\n<div class=\"col-md-2 col-sm-4 col-xs-4\"> .col-md-2 { float:left; width: 16.6667%; } <\/div>\n<div class=\"col-md-2 col-sm-4 col-xs-4\"> .col-md-2 { float:left; width: 16.6667%; } <\/p>\n<div class=\"fb-share-button\" data-href=\"https:\/\/revistaverde.ro\/2026\/08\/15\/adrian-mocanu-primit-cu-drag-la-cozieni-de-sfanta-maria\/\" data-layout=\"button\" data-size=\"large\" data-mobile-iframe=\"true\"><a class=\"fb-xfbml-parse-ignore\" target=\"_blank\" href=\"https:\/\/www.facebook.com\/sharer\/sharer.php?u=https%3A%2F%2Frevistaverde.ro%2F2026%2F08%2F15%2Fadrian-mocanu-primit-cu-drag-la-cozieni-de-sfanta-maria%2F&amp;src=sdkpreparse\">Share<\/a><\/div>\n<\/div>\n<div class=\"col-md-2 col-sm-4 col-xs-4\"> .col-md-2 { float:left; width: 16.6667%; } <\/div>\n<\/div>\n<\/article>\n<div class=\"entry-content mh-clearfix\">\n<figure class=\"entry-thumbnail\"><img decoding=\"async\" src=\"https:\/\/revistaverde.ro\/wp-content\/uploads\/2026\/08\/MOCANU-COZIENI-678x381.jpg\" alt title=\"MOCANU COZIENI\"><\/figure>\n<p>\u201dAst\u0103zi am fost la Ziua Comunei Cozieni \u2013 \u201eT\u00e2rgul Tradi\u021bional de Sf\u00e2nta Maria\u201d, o s\u0103rb\u0103toare care adun\u0103 an de an oamenii locului \u00een jurul tradi\u021biilor, muzicii \u0219i bunei dispozi\u021bii.<\/p>\n<p>M-am bucurat s\u0103 fiu al\u0103turi de Robert \u0218omoiag, primarul comunei Cozieni, de Cristi Mu\u0219at, primarul comunei Cisl\u0103u, de colegii mei Viorel Dobre \u0219i Cosmin Laz\u0103r \u0219i de prefectul Leonard Dimian.<\/p>\n<figure class=\"wp-block-image\"><img decoding=\"async\" src=\"http:\/\/racnetulbuzaului.ro\/wp-content\/uploads\/2026\/08\/MOCANU-COZIENI-2-1024x768.jpg\" alt class=\"wp-image-13264\"><\/figure>\n<p>Dincolo de muzic\u0103 \u0219i de s\u0103rb\u0103toare, astfel de momente sunt despre comunitate. Despre oameni care se cunosc, se salut\u0103, se bucur\u0103 \u00eempreun\u0103 \u0219i p\u0103streaz\u0103 vii tradi\u021biile locului.<\/p>\n<p>Felicit\u0103ri, Robert, pentru aceast\u0103 zi \u0219i tuturor celor care s-au implicat \u00een organizare! \u0218i, mai ales, mul\u021bumesc oamenilor din Cozieni pentru primirea cald\u0103!\u201d- a declarat liderul PNL Buz\u0103u, deputatul Adrian Mocanu, pe pagina sa de socializare.<\/p>\n<p>M-am sim\u021bit bine al\u0103turi de voi.<\/p>\n<p>La mul\u021bi ani, Cozieni!<\/p>\n<figure class=\"wp-block-image\"><img decoding=\"async\" src=\"http:\/\/racnetulbuzaului.ro\/wp-content\/uploads\/2026\/08\/COZIENI-3-768x1024.jpg\" alt class=\"wp-image-13265\"><\/figure>\n<figure class=\"wp-block-image\"><img decoding=\"async\" src=\"http:\/\/racnetulbuzaului.ro\/wp-content\/uploads\/2026\/08\/COZIENI4-768x1024.jpg\" alt class=\"wp-image-13266\"><\/figure>\n<div class=\"col-md-2 col-sm-4 col-xs-4\"> .col-md-2 { float:left; width: 16.6667%; } <\/div>\n<div class=\"col-md-2 col-sm-4 col-xs-4\"> .col-md-2 { float:left; width: 16.6667%; } <\/p>\n<div class=\"fb-share-button\" data-href=\"https:\/\/revistaverde.ro\/2026\/08\/15\/adrian-mocanu-primit-cu-drag-la-cozieni-de-sfanta-maria\/\" data-layout=\"button\" data-size=\"large\" data-mobile-iframe=\"true\"><a class=\"fb-xfbml-parse-ignore\" target=\"_blank\" href=\"https:\/\/www.facebook.com\/sharer\/sharer.php?u=https%3A%2F%2Frevistaverde.ro%2F2026%2F08%2F15%2Fadrian-mocanu-primit-cu-drag-la-cozieni-de-sfanta-maria%2F&amp;src=sdkpreparse\">Share<\/a><\/div>\n<\/div>\n<div class=\"col-md-2 col-sm-4 col-xs-4\"> .col-md-2 { float:left; width: 16.6667%; } <\/div>\n<\/div>\n<p>[analyse_source url=&#8221;https:\/\/revistaverde.ro\/2026\/08\/15\/adrian-mocanu-primit-cu-drag-la-cozieni-de-sfanta-maria\/&#8221;]<\/p>\n","protected":false},"excerpt":{"rendered":"<p>[analyse_image type=&#8221;featured&#8221; src=&#8221;https:\/\/revistaverde.ro\/wp-content\/uploads\/2026\/08\/MOCANU-COZIENI.jpg&#8221;] Adrian Mocanu, primit cu drag la Cozieni de Sf\u00e2nta Maria august 15, 2026M\u0103rg\u0103rit GROSUEco Turism, Evenimente, international0 \u201dAst\u0103zi am fost la Ziua Comunei Cozieni \u2013 \u201eT\u00e2rgul Tradi\u021bional de Sf\u00e2nta Maria\u201d, o s\u0103rb\u0103toare care adun\u0103 an de an oamenii locului \u00een jurul tradi\u021biilor, muzicii \u0219i bunei dispozi\u021bii. M-am bucurat s\u0103 fiu al\u0103turi de [&hellip;]<\/p>\n","protected":false},"author":1,"featured_media":0,"comment_status":"open","ping_status":"","sticky":false,"template":"","format":"standard","meta":{"footnotes":""},"categories":[2],"tags":[226,57],"class_list":["post-2095864","post","type-post","status-publish","format-standard","hentry","category-politics","tag-crawlmanager","tag-revistaverde-ro"],"_links":{"self":[{"href":"https:\/\/analyse.optim.biz\/index.php?rest_route=\/wp\/v2\/posts\/2095864","targetHints":{"allow":["GET"]}}],"collection":[{"href":"https:\/\/analyse.optim.biz\/index.php?rest_route=\/wp\/v2\/posts"}],"about":[{"href":"https:\/\/analyse.optim.biz\/index.php?rest_route=\/wp\/v2\/types\/post"}],"author":[{"embeddable":true,"href":"https:\/\/analyse.optim.biz\/index.php?rest_route=\/wp\/v2\/users\/1"}],"replies":[{"embeddable":true,"href":"https:\/\/analyse.optim.biz\/index.php?rest_route=%2Fwp%2Fv2%2Fcomments&post=2095864"}],"version-history":[{"count":0,"href":"https:\/\/analyse.optim.biz\/index.php?rest_route=\/wp\/v2\/posts\/2095864\/revisions"}],"wp:attachment":[{"href":"https:\/\/analyse.optim.biz\/index.php?rest_route=%2Fwp%2Fv2%2Fmedia&parent=2095864"}],"wp:term":[{"taxonomy":"category","embeddable":true,"href":"https:\/\/analyse.optim.biz\/index.php?rest_route=%2Fwp%2Fv2%2Fcategories&post=2095864"},{"taxonomy":"post_tag","embeddable":true,"href":"https:\/\/analyse.optim.biz\/index.php?rest_route=%2Fwp%2Fv2%2Ftags&post=2095864"}],"curies":[{"name":"wp","href":"https:\/\/api.w.org\/{rel}","templated":true}]}}