{"id":209575,"date":"2014-03-13T13:16:59","date_gmt":"2014-03-13T10:16:59","guid":{"rendered":"https:\/\/analyse.optim.biz\/?p=209575"},"modified":"2014-03-13T13:16:59","modified_gmt":"2014-03-13T10:16:59","slug":"klaus-iohannis-alegerea-lui-tariceanu-la-senat-momeala-pentru-unii-membri-pnl","status":"publish","type":"post","link":"https:\/\/analyse.optim.biz\/?p=209575","title":{"rendered":"Klaus Iohannis: Alegerea lui T\u0103riceanu la Senat &#8211; momeal\u0103 pentru unii membri PNL"},"content":{"rendered":"<div class=\"entry data-app-meta data-app-meta-article\" data-embed-base-url-canonical=\"https:\/\/www.digi24.ro\/embed\/stiri\/actualitate\/politica\/klaus-iohannis-alegerea-lui-tariceanu-la-senat-momeala-pentru-unii-membri-pnl-213906\">\n<p data-index=\"1\"><img decoding=\"async\" src=\"https:\/\/analyse.optim.biz\/wp-content\/uploads\/2024\/09\/otixnzrimtu5nzywmwy0yjy1nzc1njdiodg-thumb_.jpg\" data-skip-htmlfix=\"1\" title=\"otixnzrimtu5nzywmwy0yjy1nzc1njdiodg-thumb_\"><\/p>\n<p data-index=\"2\"><strong>Klaus Iohannis<\/strong> a fost \u00eentrebat, \u00eentr-o conferin\u0163\u0103 de pres\u0103, ce p\u0103rere are despre alegerea lui <strong>C\u0103lin Popescu T\u0103riceanu<\/strong> \u00een func\u0163ia de pre\u015fedinte al Senatului .<\/p>\n<p data-index=\"3\">\u201eMi se pare o mi\u015fcare curioas\u0103, care, cel pu\u0163in aparent, nu face sens. Cel pu\u0163in aparent, dac\u0103 am crede c\u0103 toat\u0103 lumea lucreaz\u0103 de bun\u0103 credin\u0163\u0103 \u015fi \u00een folosul poporului acolo.<strong> Dup\u0103 p\u0103rerea mea, domnul T\u0103riceanu a fost pus acolo pentru a se constitui \u00een momeal\u0103 pentru unii membri PNL care poate trag concluzia gre\u015fit\u0103 de acolo\u201d<\/strong>, a r\u0103spuns Iohannis.<\/p>\n<p data-index=\"4\">Acesta a ad\u0103ugat c\u0103 niciun coleg liberal \u201enu a tras concluzii gre\u015fite\u201d, de aceea \u201e<strong>domnul T\u0103riceanu, senator independent, este pre\u015fedintele Senatului \u015fi nu reprezint\u0103 nimic acolo din punct de vedere politic\u201d.<\/strong><\/p>\n<p data-index=\"5\">\u00centrebat ce c\u00e2\u015ftig ar putea aduce C\u0103lin Popescu T\u0103riceanu PSD, Iohannis a r\u0103spuns: <strong>\u201eNu poate s\u0103 aduc\u0103 nimic PSD, dar b\u0103nuiesc, nu am nimic concret, b\u0103nuiesc c\u0103 unii consultan\u0163i i-au spus primului-ministru c\u0103 dac\u0103 procedeaz\u0103 a\u015fa, induce nesiguran\u0163\u0103 \u00een PNL.<\/strong> Acea promovare surpriz\u0103 a domnului T\u0103riceanu este \u00eendreptat\u0103 \u00eempotriva PNL, nu pro-PSD. PSD nu c\u00e2\u015ftig\u0103 nimic de acolo\u201d.<\/p>\n<\/div>\n<p> Source URL: https:\/\/www.digi24.ro\/stiri\/actualitate\/politica\/klaus-iohannis-alegerea-lui-tariceanu-la-senat-momeala-pentru-unii-membri-pnl-213906<\/p>\n","protected":false},"excerpt":{"rendered":"<p>Klaus Iohannis a fost \u00eentrebat, \u00eentr-o conferin\u0163\u0103 de pres\u0103, ce p\u0103rere are despre alegerea lui C\u0103lin Popescu T\u0103riceanu \u00een func\u0163ia de pre\u015fedinte al Senatului . \u201eMi se pare o mi\u015fcare curioas\u0103, care, cel pu\u0163in aparent, nu face sens. Cel pu\u0163in aparent, dac\u0103 am crede c\u0103 toat\u0103 lumea lucreaz\u0103 de bun\u0103 credin\u0163\u0103 \u015fi \u00een folosul poporului [&hellip;]<\/p>\n","protected":false},"author":1,"featured_media":209576,"comment_status":"open","ping_status":"","sticky":false,"template":"","format":"standard","meta":{"footnotes":""},"categories":[2],"tags":[11],"class_list":["post-209575","post","type-post","status-publish","format-standard","has-post-thumbnail","hentry","category-politics","tag-digi24"],"_links":{"self":[{"href":"https:\/\/analyse.optim.biz\/index.php?rest_route=\/wp\/v2\/posts\/209575","targetHints":{"allow":["GET"]}}],"collection":[{"href":"https:\/\/analyse.optim.biz\/index.php?rest_route=\/wp\/v2\/posts"}],"about":[{"href":"https:\/\/analyse.optim.biz\/index.php?rest_route=\/wp\/v2\/types\/post"}],"author":[{"embeddable":true,"href":"https:\/\/analyse.optim.biz\/index.php?rest_route=\/wp\/v2\/users\/1"}],"replies":[{"embeddable":true,"href":"https:\/\/analyse.optim.biz\/index.php?rest_route=%2Fwp%2Fv2%2Fcomments&post=209575"}],"version-history":[{"count":0,"href":"https:\/\/analyse.optim.biz\/index.php?rest_route=\/wp\/v2\/posts\/209575\/revisions"}],"wp:featuredmedia":[{"embeddable":true,"href":"https:\/\/analyse.optim.biz\/index.php?rest_route=\/wp\/v2\/media\/209576"}],"wp:attachment":[{"href":"https:\/\/analyse.optim.biz\/index.php?rest_route=%2Fwp%2Fv2%2Fmedia&parent=209575"}],"wp:term":[{"taxonomy":"category","embeddable":true,"href":"https:\/\/analyse.optim.biz\/index.php?rest_route=%2Fwp%2Fv2%2Fcategories&post=209575"},{"taxonomy":"post_tag","embeddable":true,"href":"https:\/\/analyse.optim.biz\/index.php?rest_route=%2Fwp%2Fv2%2Ftags&post=209575"}],"curies":[{"name":"wp","href":"https:\/\/api.w.org\/{rel}","templated":true}]}}