{"id":209572,"date":"2014-03-13T14:23:12","date_gmt":"2014-03-13T11:23:12","guid":{"rendered":"https:\/\/analyse.optim.biz\/?p=209572"},"modified":"2014-03-13T14:23:12","modified_gmt":"2014-03-13T11:23:12","slug":"iohannis-eu-nu-candidez-la-alegerile-prezidentiale-candidatul-pnl-este-crin-antonescu","status":"publish","type":"post","link":"https:\/\/analyse.optim.biz\/?p=209572","title":{"rendered":"Iohannis: Eu nu candidez la alegerile preziden\u0163iale. Candidatul PNL este Crin Antonescu"},"content":{"rendered":"<div class=\"entry data-app-meta data-app-meta-article\" data-embed-base-url-canonical=\"https:\/\/www.digi24.ro\/embed\/stiri\/actualitate\/politica\/iohannis-eu-nu-candidez-la-alegerile-prezidentiale-candidatul-pnl-este-crin-antonescu-213975\">\n<p data-index=\"1\"><img decoding=\"async\" src=\"https:\/\/analyse.optim.biz\/wp-content\/uploads\/2024\/09\/ndy3y2m5ntnhzdy3zwmzody1mwizmgnhmtg-thumb_.jpg\" data-skip-htmlfix=\"1\" title=\"ndy3y2m5ntnhzdy3zwmzody1mwizmgnhmtg-thumb_\"><\/p>\n<p data-index=\"2\">Prim-vicepre\u015fedintele PNL,<strong> Klaus Iohannis,<\/strong> a fost \u00eentrebat, joi, \u00eentr-o conferin\u0163\u0103 de pres\u0103, ce p\u0103rere are despre declara\u0163ia lui <strong>Crin Antonescu<\/strong> \u00een care acesta nu a exclus posibilitatea unei rocade pentru alegerile preziden\u0163iale dac\u0103 sondajele vor ar\u0103ta c\u0103 Iohannis este favorit.<\/p>\n<p data-index=\"3\"><strong>\u201eNu se \u00eent\u00e2mpl\u0103 acest lucru. Una la m\u00e2n\u0103, sondajele, dup\u0103 p\u0103rerea mea, nu vor ar\u0103ta acest lucru, doi la m\u00e2n\u0103, eu nu-mi doresc acest lucru. Candidatul PNL pentru Pre\u015fedin\u0163ie este clar Crin Antonescu, pe care-l voi sprijini \u015fi care va fi pre\u015fedintele Rom\u00e2niei<\/strong>\u201d, a declarat Iohannis.<\/p>\n<p data-index=\"4\">\u00centrebat ce va face dac\u0103 \u00eei vor cere colegii din PNL s\u0103 candideze pentru Pre\u015fedin\u0163ie, Iohannis a r\u0103spuns: \u201eNu mi se va cere \u015fi nu voi candida\u201d.<\/p>\n<p data-index=\"5\">Iohannis a precizat c\u0103 trebuie f\u0103cut\u0103 distinc\u0163ia \u00eentre inten\u0163ia de vot a rom\u00e2nilor \u015fi \u00eencrederea pe care ace\u015ftia afirm\u0103 c\u0103 o au \u00eentr-un politician.<\/p>\n<p data-index=\"6\"><strong>\u201eNu conteaz\u0103 nivelul de \u00eencredere \u00een politicianul respectiv, ci inten\u0163ia de vot. Pe inten\u0163ie de vot domnul Antonescu st\u0103 bine, iar eu sunt undeva pe coada clasamentului, chit c\u0103 am un procentaj relativ mare la \u00eencredere. Nu e niciun paradox \u015fi acest lucru nu se va schimba semnificativ<\/strong>\u201d, a mai spus Iohannis.<\/p>\n<\/div>\n<p> Source URL: https:\/\/www.digi24.ro\/stiri\/actualitate\/politica\/iohannis-eu-nu-candidez-la-alegerile-prezidentiale-candidatul-pnl-este-crin-antonescu-213975<\/p>\n","protected":false},"excerpt":{"rendered":"<p>Prim-vicepre\u015fedintele PNL, Klaus Iohannis, a fost \u00eentrebat, joi, \u00eentr-o conferin\u0163\u0103 de pres\u0103, ce p\u0103rere are despre declara\u0163ia lui Crin Antonescu \u00een care acesta nu a exclus posibilitatea unei rocade pentru alegerile preziden\u0163iale dac\u0103 sondajele vor ar\u0103ta c\u0103 Iohannis este favorit. \u201eNu se \u00eent\u00e2mpl\u0103 acest lucru. Una la m\u00e2n\u0103, sondajele, dup\u0103 p\u0103rerea mea, nu vor ar\u0103ta [&hellip;]<\/p>\n","protected":false},"author":1,"featured_media":209573,"comment_status":"open","ping_status":"","sticky":false,"template":"","format":"standard","meta":{"footnotes":""},"categories":[2],"tags":[11],"class_list":["post-209572","post","type-post","status-publish","format-standard","has-post-thumbnail","hentry","category-politics","tag-digi24"],"_links":{"self":[{"href":"https:\/\/analyse.optim.biz\/index.php?rest_route=\/wp\/v2\/posts\/209572","targetHints":{"allow":["GET"]}}],"collection":[{"href":"https:\/\/analyse.optim.biz\/index.php?rest_route=\/wp\/v2\/posts"}],"about":[{"href":"https:\/\/analyse.optim.biz\/index.php?rest_route=\/wp\/v2\/types\/post"}],"author":[{"embeddable":true,"href":"https:\/\/analyse.optim.biz\/index.php?rest_route=\/wp\/v2\/users\/1"}],"replies":[{"embeddable":true,"href":"https:\/\/analyse.optim.biz\/index.php?rest_route=%2Fwp%2Fv2%2Fcomments&post=209572"}],"version-history":[{"count":0,"href":"https:\/\/analyse.optim.biz\/index.php?rest_route=\/wp\/v2\/posts\/209572\/revisions"}],"wp:featuredmedia":[{"embeddable":true,"href":"https:\/\/analyse.optim.biz\/index.php?rest_route=\/wp\/v2\/media\/209573"}],"wp:attachment":[{"href":"https:\/\/analyse.optim.biz\/index.php?rest_route=%2Fwp%2Fv2%2Fmedia&parent=209572"}],"wp:term":[{"taxonomy":"category","embeddable":true,"href":"https:\/\/analyse.optim.biz\/index.php?rest_route=%2Fwp%2Fv2%2Fcategories&post=209572"},{"taxonomy":"post_tag","embeddable":true,"href":"https:\/\/analyse.optim.biz\/index.php?rest_route=%2Fwp%2Fv2%2Ftags&post=209572"}],"curies":[{"name":"wp","href":"https:\/\/api.w.org\/{rel}","templated":true}]}}