{"id":209560,"date":"2014-03-13T18:22:58","date_gmt":"2014-03-13T15:22:58","guid":{"rendered":"https:\/\/analyse.optim.biz\/?p=209560"},"modified":"2014-03-13T18:22:58","modified_gmt":"2014-03-13T15:22:58","slug":"vona-gabor-tema-discutiilor-de-la-cotroceni-csat-convocat-pentru-27-martie","status":"publish","type":"post","link":"https:\/\/analyse.optim.biz\/?p=209560","title":{"rendered":"Vona Gabor, tema discu\u021biilor de la Cotroceni. CSAT, convocat pentru 27 martie"},"content":{"rendered":"<div class=\"entry data-app-meta data-app-meta-article\" data-embed-base-url-canonical=\"https:\/\/www.digi24.ro\/embed\/stiri\/actualitate\/politica\/vona-gabor-tema-discutiilor-de-la-cotroceni-csat-convocat-pentru-27-martie-214161\">\n<p data-index=\"1\"><img decoding=\"async\" src=\"https:\/\/analyse.optim.biz\/wp-content\/uploads\/2024\/09\/yxnoptu1odhkmzg1odmzzmexytnkogvkmmrkytuzyjjiy2q4-thumb_.jpg\" data-skip-htmlfix=\"1\" title=\"yxnoptu1odhkmzg1odmzzmexytnkogvkmmrkytuzyjjiy2q4-thumb_\"><strong>FOTO: MEDIAFAX<\/strong><\/p>\n<p data-index=\"2\">O <strong>\u0219edin\u021b\u0103 CSAT ordinar\u0103<\/strong> va avea loc la 27 martie, c\u00e2nd <strong>liderul Jobbik<\/strong> ar putea fi declarat indezirabil pe teritoriul Rom\u00e2niei.<\/p>\n<p data-index=\"3\">\u0218eful statului va face declara\u0163ii la 18.30.<\/p>\n<p data-index=\"4\">Traian B\u0103sescu <a href=\"https:\/\/www.digi24.ro\/Stiri\/Digi24\/Actualitate\/Stiri\/Traian+Basescu+cere+interzicerea+partidului+extremist+Jobbik+in+\" target=\"_blank\" data-skip-linkfix=\"1\" rel=\"noopener\">a cerut interzicerea membrilor Jobbik \u00een Rom\u00e2nia.<\/a><\/p>\n<p data-index=\"5\"><strong>Liderul Jobbik<\/strong><a href=\"https:\/\/www.digi24.ro\/Stiri\/Digi24\/Actualitate\/Stiri\/Liderul+Jobbik+catre+Traian+Basescu+si+Victor+Ponta+Ori+sunteti+\" target=\"_blank\" data-skip-linkfix=\"1\" rel=\"noopener\">sus\u0163ine c\u0103 Traian B\u0103sescu \u015fi Victor Ponta, fie sunt dezinforma\u0163i, fie fac un joc politic antimaghiar<\/a>. \u00centr-un mesaj pe Facebook, Vona Gabor sus\u0163ine c\u0103 \u201e\u00eencercarea pueril\u0103 de interzicere a sa este nedemn\u0103 \u015fi de comp\u0103timit\u201d.<\/p>\n<p data-index=\"6\">Reac\u021biile liderilor rom\u00e2ni fa\u021b\u0103 de Vona Gabor \u0219i mi\u0219carea lui au venit dup\u0103 ce luni, la T\u00e2rgu Mure\u0219, au participat la un mar\u0219 \u00een favoarea autonomiei c\u00e2teva zeci de membri din <strong>Garda Maghiar\u0103<\/strong>, organiza\u021bie extremist\u0103 apropiat\u0103 de Jobbik. Ace\u0219tia au provocat unele <a href=\"https:\/\/www.digi24.ro\/Stiri\/Digi24\/Actualitate\/Stiri\/VIDEO+Incidente+Targu+Mures+extremisti+Garda+Maghiara\" target=\"_blank\" data-skip-linkfix=\"1\" rel=\"noopener\">incidente cu for\u021bele de ordine<\/a>, \u00een condi\u021biile \u00een care mar\u0219ul nu era autorizat, ci doar un miting.<\/p>\n<p data-index=\"7\">Huliganii care s-au \u00eembr\u00e2ncit cu jandarmii la mar\u015ful secuilor din T\u00e2rgu Mure\u015f de acum trei zile nu sunt membri Jobbik, spune liderul partidului extremist ungar, <strong>Vona Gabor, \u00eentr-o declara\u021bie pentru Digi24.<\/strong> Acuza\u0163iile c\u0103 membri ai partidului s\u0103u ar fi fost implica\u0163i \u00een acele violen\u0163e fac parte dintr-o campanie na\u0163ionalist\u0103 a politicienilor rom\u00e2ni, mai spune el.<\/p>\n<p data-index=\"8\">\u201eInformarea presei rom\u00e2ne privind incidentele cu poli\u021bia, acele imagini care au circulat prin toat\u0103 presa rom\u00e2n\u0103 c\u00e2nd opt-zece persoane s-au \u00eembr\u00e2ncit cu poli\u021bi\u0219tii, deci Jobbik-ul \u0219i membrii Jobbik-ului sau membrii G\u0103rzii n-au avut nicio leg\u0103tur\u0103 cu toate acele \u00eent\u00e2mpl\u0103ri. Eu am fost tot timpul printre membrii Jobbik-ului \u0219i ai G\u0103rzii, au fost controla\u021bi, pa\u0219nici, au defilat cu inten\u021bii curate, a\u0219a c\u0103 nici nu \u00een\u021beleg de ce vrea o parte din presa rom\u00e2n\u0103 \u0219i din conducerea politic\u0103 rom\u00e2n\u0103 s\u0103-l fac\u0103 responsabil pe Jobbik pentru cele \u00eent\u00e2mplate\u201d, a declarat <strong>Vona Gabor pentru Digi24.<\/strong><\/p>\n<\/div>\n<p> Source URL: https:\/\/www.digi24.ro\/stiri\/actualitate\/politica\/vona-gabor-tema-discutiilor-de-la-cotroceni-csat-convocat-pentru-27-martie-214161<\/p>\n","protected":false},"excerpt":{"rendered":"<p>FOTO: MEDIAFAX O \u0219edin\u021b\u0103 CSAT ordinar\u0103 va avea loc la 27 martie, c\u00e2nd liderul Jobbik ar putea fi declarat indezirabil pe teritoriul Rom\u00e2niei. \u0218eful statului va face declara\u0163ii la 18.30. Traian B\u0103sescu a cerut interzicerea membrilor Jobbik \u00een Rom\u00e2nia. Liderul Jobbiksus\u0163ine c\u0103 Traian B\u0103sescu \u015fi Victor Ponta, fie sunt dezinforma\u0163i, fie fac un joc politic [&hellip;]<\/p>\n","protected":false},"author":1,"featured_media":209561,"comment_status":"open","ping_status":"","sticky":false,"template":"","format":"standard","meta":{"footnotes":""},"categories":[2],"tags":[11],"class_list":["post-209560","post","type-post","status-publish","format-standard","has-post-thumbnail","hentry","category-politics","tag-digi24"],"_links":{"self":[{"href":"https:\/\/analyse.optim.biz\/index.php?rest_route=\/wp\/v2\/posts\/209560","targetHints":{"allow":["GET"]}}],"collection":[{"href":"https:\/\/analyse.optim.biz\/index.php?rest_route=\/wp\/v2\/posts"}],"about":[{"href":"https:\/\/analyse.optim.biz\/index.php?rest_route=\/wp\/v2\/types\/post"}],"author":[{"embeddable":true,"href":"https:\/\/analyse.optim.biz\/index.php?rest_route=\/wp\/v2\/users\/1"}],"replies":[{"embeddable":true,"href":"https:\/\/analyse.optim.biz\/index.php?rest_route=%2Fwp%2Fv2%2Fcomments&post=209560"}],"version-history":[{"count":0,"href":"https:\/\/analyse.optim.biz\/index.php?rest_route=\/wp\/v2\/posts\/209560\/revisions"}],"wp:featuredmedia":[{"embeddable":true,"href":"https:\/\/analyse.optim.biz\/index.php?rest_route=\/wp\/v2\/media\/209561"}],"wp:attachment":[{"href":"https:\/\/analyse.optim.biz\/index.php?rest_route=%2Fwp%2Fv2%2Fmedia&parent=209560"}],"wp:term":[{"taxonomy":"category","embeddable":true,"href":"https:\/\/analyse.optim.biz\/index.php?rest_route=%2Fwp%2Fv2%2Fcategories&post=209560"},{"taxonomy":"post_tag","embeddable":true,"href":"https:\/\/analyse.optim.biz\/index.php?rest_route=%2Fwp%2Fv2%2Ftags&post=209560"}],"curies":[{"name":"wp","href":"https:\/\/api.w.org\/{rel}","templated":true}]}}