{"id":2095555,"date":"2026-08-14T13:20:35","date_gmt":"2026-08-14T10:20:35","guid":{"rendered":"https:\/\/analyse.optim.biz\/?p=2095555"},"modified":"2026-08-14T13:20:35","modified_gmt":"2026-08-14T10:20:35","slug":"un-proiect-european-de-17-milioane-de-lei-ajunge-la-familiile-cu-probleme-din-lapusata","status":"publish","type":"post","link":"https:\/\/analyse.optim.biz\/?p=2095555","title":{"rendered":"Un proiect european de 1,7 milioane de lei ajunge la familiile cu probleme din L\u0103pu\u0219ata"},"content":{"rendered":"<p>[analyse_image type=&#8221;featured&#8221; src=&#8221;https:\/\/www.impactreal.ro\/wp-content\/uploads\/2026\/05\/lapusata-iliescu-silviu-s-i.jpg&#8221;]<\/p>\n<div class=\"single-news-content\">\n<div class=\"news-image\"><img loading=\"lazy\" decoding=\"async\" width=\"2040\" height=\"1530\" src=\"https:\/\/www.impactreal.ro\/wp-content\/uploads\/2026\/05\/lapusata-iliescu-silviu-s-i.jpg\" class=\"img-responsive wp-post-image\" alt=\"Un proiect european de 1,7 milioane de lei ajunge la familiile cu probleme din L\u0103pu\u0219ata\"><\/div>\n<div class=\"news-detail clearfix\">\n<div class=\"entry-meta\"><span class=\"posted-date\"><a href=\"https:\/\/www.impactreal.ro\/2026\/08\/14\/un-proiect-european-de-17-milioane-de-lei-ajunge-la-familiile-cu-probleme-din-lapusata-primarul-silviu-iliescu-explica-cine-poate-primi-sprijin\/\" rel=\"bookmark\"><time class=\"entry-date published\" datetime=\"2026-08-14T16:20:35+03:00\">14 august 2026<\/time><time class=\"updated\" datetime=\"2026-08-15T18:03:44+03:00\">15 august 2026<\/time><\/a><\/span><span class=\"author vcard\"><a href=\"https:\/\/www.impactreal.ro\/author\/claudia-schiopu\/\">Claudia Schiopu<\/a><\/span><span class=\"cat-links\"><a href=\"https:\/\/www.impactreal.ro\/category\/administratie\/\" rel=\"category tag\">Administra\u0163ie<\/a><a href=\"https:\/\/www.impactreal.ro\/category\/lapusata\/\" rel=\"category tag\">Lapusata<\/a><\/span><\/div>\n<div class=\"news-content editor-content-entry\">\n<p>La L\u0103pu\u0219ata a \u00eenceput un proiect european prin care copiii \u0219i familiile cu probleme financiare vor primi sprijin timp de cinci ani. Sunt prev\u0103zute rechizite \u0219i obiecte necesare pentru \u0219coal\u0103, \u00eembr\u0103c\u0103minte, servicii sociale \u0219i lucr\u0103ri la unele locuin\u021be. Valoarea proiectului este de 17 miliarde de lei vechi, echivalentul a 1,7 milioane de lei.<\/p>\n<p><strong><u>Sprijin pentru copii<\/u><\/strong><\/p>\n<p>Copiii inclu\u0219i \u00een grupul proiectului vor putea primi mobilier \u0219colar \u0219i \u00eembr\u0103c\u0103minte. Pentru activit\u0103\u021bile legate de \u0219coal\u0103 a fost scos la concurs postul de mediator \u0219colar, iar echipa necesar\u0103 a \u00eenceput s\u0103 fie format\u0103.<\/p>\n<p>Mediatorul va \u021bine leg\u0103tura cu elevii, p\u0103rin\u021bii \u0219i \u0219coala. \u00a0Prin acest sprijin, problemele copiilor vor putea fi observate mai repede, astfel \u00eenc\u00e2t fiecare caz s\u0103 primeasc\u0103 ajutorul potrivit.<\/p>\n<p><strong><u>Lucr\u0103ri la locuin\u021be<\/u><\/strong><\/p>\n<p>\u00cen proiect au fost identificate 60 de familii, persoane singure \u0219i persoane cu dizabilit\u0103\u021bi. Unele locuin\u021be vor putea fi reparate pentru a oferi condi\u021bii mai bune. Lista lucr\u0103rilor cuprinde amenajarea buc\u0103t\u0103riilor \u0219i b\u0103ilor, izolarea caselor, refacerea acoperi\u0219urilor \u0219i alte repara\u021bii necesare.<\/p>\n<p>Sprijinul nu va fi acordat automat tuturor persoanelor identificate. Fiecare caz va fi verificat, deoarece cei inclu\u0219i trebuie s\u0103 \u00eendeplineasc\u0103 anumite condi\u021bii stabilite prin proiect.<\/p>\n<p><strong><u>Patru ani de activit\u0103\u021bi<\/u><\/strong><\/p>\n<p>Proiectul se desf\u0103\u0219oar\u0103 pe parcursul a cinci ani. Primul an s-a \u00eencheiat, urm\u00e2nd al\u021bi patru ani \u00een care vor fi puse \u00een aplicare m\u0103surile prev\u0103zute.<\/p>\n<p>Primarul comunei L\u0103pu\u0219ata, Silviu Iliescu, spune c\u0103 proiectul a intrat \u00een etapa de implementare \u0219i c\u0103 acum este preg\u0103tit\u0103 echipa care se va ocupa de procedurile urm\u0103toare:<\/p>\n<p>\u201e<strong><em>Este un proiect cu bani europeni pentru partea social\u0103. Am scos la concurs postul de mediator \u0219colar \u0219i am \u00eenceput formarea echipei. Copiii vor putea beneficia de mobilier \u0219colar \u0219i \u00eembr\u0103c\u0103minte. Au fost identificate 60 de familii, persoane singure \u0219i persoane cu dizabilit\u0103\u021bi. Pentru acestea sunt prev\u0103zute mici lucr\u0103ri la locuin\u021be, astfel \u00eenc\u00e2t s\u0103 aib\u0103 condi\u021bii mai bune. Putem vorbi despre amenajarea unor buc\u0103t\u0103rii \u0219i b\u0103i, izolarea caselor, refacerea acoperi\u0219urilor \u0219i alte lucr\u0103ri necesare.<\/em><\/strong><strong><em>\u00a0 \u00a0<\/em><\/strong><strong><em>Trebuie s\u0103 vedem c\u00e2te dintre persoanele identificate se \u00eencadreaz\u0103, deoarece sunt anumite condi\u021bii care trebuie \u00eendeplinite. Proiectul se desf\u0103\u0219oar\u0103 pe durata a cinci ani. Un an a trecut, deci au mai r\u0103mas patru. Acum constituim echipa de lucru pentru a putea \u00eencepe celelalte proceduri.\u00a0 <\/em><\/strong><strong><em>Este un proiect frumos, \u00een valoare de 17 miliarde de lei vechi. Prin serviciile de asisten\u021b\u0103 social\u0103, mediatorul \u0219colar \u0219i asistentul medical, putem oferi un sprijin real oamenilor care au nevoie\u201d, <\/em><\/strong>a declarat primarul Silviu Iliescu.<\/p>\n<p><strong><u>Ajutor acordat \u00een func\u021bie de nevoi<\/u><\/strong><\/p>\n<p>\u00cen urm\u0103toarea etap\u0103 vor fi verificate situa\u021biile persoanelor identificate \u0219i documentele necesare. Dup\u0103 \u00eencheierea procedurilor vor putea \u00eencepe activit\u0103\u021bile pentru copii, serviciile sociale \u0219i lucr\u0103rile la locuin\u021bele care \u00eendeplinesc condi\u021biile proiectului.<\/p>\n<p>\u00a0<\/p>\n<\/div>\n<\/div>\n<\/div>\n<div class=\"news-content editor-content-entry\">\n<p>La L\u0103pu\u0219ata a \u00eenceput un proiect european prin care copiii \u0219i familiile cu probleme financiare vor primi sprijin timp de cinci ani. Sunt prev\u0103zute rechizite \u0219i obiecte necesare pentru \u0219coal\u0103, \u00eembr\u0103c\u0103minte, servicii sociale \u0219i lucr\u0103ri la unele locuin\u021be. Valoarea proiectului este de 17 miliarde de lei vechi, echivalentul a 1,7 milioane de lei.<\/p>\n<p><strong><u>Sprijin pentru copii<\/u><\/strong><\/p>\n<p>Copiii inclu\u0219i \u00een grupul proiectului vor putea primi mobilier \u0219colar \u0219i \u00eembr\u0103c\u0103minte. Pentru activit\u0103\u021bile legate de \u0219coal\u0103 a fost scos la concurs postul de mediator \u0219colar, iar echipa necesar\u0103 a \u00eenceput s\u0103 fie format\u0103.<\/p>\n<p>Mediatorul va \u021bine leg\u0103tura cu elevii, p\u0103rin\u021bii \u0219i \u0219coala. \u00a0Prin acest sprijin, problemele copiilor vor putea fi observate mai repede, astfel \u00eenc\u00e2t fiecare caz s\u0103 primeasc\u0103 ajutorul potrivit.<\/p>\n<p><strong><u>Lucr\u0103ri la locuin\u021be<\/u><\/strong><\/p>\n<p>\u00cen proiect au fost identificate 60 de familii, persoane singure \u0219i persoane cu dizabilit\u0103\u021bi. Unele locuin\u021be vor putea fi reparate pentru a oferi condi\u021bii mai bune. Lista lucr\u0103rilor cuprinde amenajarea buc\u0103t\u0103riilor \u0219i b\u0103ilor, izolarea caselor, refacerea acoperi\u0219urilor \u0219i alte repara\u021bii necesare.<\/p>\n<p>Sprijinul nu va fi acordat automat tuturor persoanelor identificate. Fiecare caz va fi verificat, deoarece cei inclu\u0219i trebuie s\u0103 \u00eendeplineasc\u0103 anumite condi\u021bii stabilite prin proiect.<\/p>\n<p><strong><u>Patru ani de activit\u0103\u021bi<\/u><\/strong><\/p>\n<p>Proiectul se desf\u0103\u0219oar\u0103 pe parcursul a cinci ani. Primul an s-a \u00eencheiat, urm\u00e2nd al\u021bi patru ani \u00een care vor fi puse \u00een aplicare m\u0103surile prev\u0103zute.<\/p>\n<p>Primarul comunei L\u0103pu\u0219ata, Silviu Iliescu, spune c\u0103 proiectul a intrat \u00een etapa de implementare \u0219i c\u0103 acum este preg\u0103tit\u0103 echipa care se va ocupa de procedurile urm\u0103toare:<\/p>\n<p>\u201e<strong><em>Este un proiect cu bani europeni pentru partea social\u0103. Am scos la concurs postul de mediator \u0219colar \u0219i am \u00eenceput formarea echipei. Copiii vor putea beneficia de mobilier \u0219colar \u0219i \u00eembr\u0103c\u0103minte. Au fost identificate 60 de familii, persoane singure \u0219i persoane cu dizabilit\u0103\u021bi. Pentru acestea sunt prev\u0103zute mici lucr\u0103ri la locuin\u021be, astfel \u00eenc\u00e2t s\u0103 aib\u0103 condi\u021bii mai bune. Putem vorbi despre amenajarea unor buc\u0103t\u0103rii \u0219i b\u0103i, izolarea caselor, refacerea acoperi\u0219urilor \u0219i alte lucr\u0103ri necesare.<\/em><\/strong><strong><em>\u00a0 \u00a0<\/em><\/strong><strong><em>Trebuie s\u0103 vedem c\u00e2te dintre persoanele identificate se \u00eencadreaz\u0103, deoarece sunt anumite condi\u021bii care trebuie \u00eendeplinite. Proiectul se desf\u0103\u0219oar\u0103 pe durata a cinci ani. Un an a trecut, deci au mai r\u0103mas patru. Acum constituim echipa de lucru pentru a putea \u00eencepe celelalte proceduri.\u00a0 <\/em><\/strong><strong><em>Este un proiect frumos, \u00een valoare de 17 miliarde de lei vechi. Prin serviciile de asisten\u021b\u0103 social\u0103, mediatorul \u0219colar \u0219i asistentul medical, putem oferi un sprijin real oamenilor care au nevoie\u201d, <\/em><\/strong>a declarat primarul Silviu Iliescu.<\/p>\n<p><strong><u>Ajutor acordat \u00een func\u021bie de nevoi<\/u><\/strong><\/p>\n<p>\u00cen urm\u0103toarea etap\u0103 vor fi verificate situa\u021biile persoanelor identificate \u0219i documentele necesare. Dup\u0103 \u00eencheierea procedurilor vor putea \u00eencepe activit\u0103\u021bile pentru copii, serviciile sociale \u0219i lucr\u0103rile la locuin\u021bele care \u00eendeplinesc condi\u021biile proiectului.<\/p>\n<p>\u00a0<\/p>\n<\/div>\n<div class=\"news-content editor-content-entry\">\n<p>La L\u0103pu\u0219ata a \u00eenceput un proiect european prin care copiii \u0219i familiile cu probleme financiare vor primi sprijin timp de cinci ani. Sunt prev\u0103zute rechizite \u0219i obiecte necesare pentru \u0219coal\u0103, \u00eembr\u0103c\u0103minte, servicii sociale \u0219i lucr\u0103ri la unele locuin\u021be. Valoarea proiectului este de 17 miliarde de lei vechi, echivalentul a 1,7 milioane de lei.<\/p>\n<p><strong><u>Sprijin pentru copii<\/u><\/strong><\/p>\n<p>Copiii inclu\u0219i \u00een grupul proiectului vor putea primi mobilier \u0219colar \u0219i \u00eembr\u0103c\u0103minte. Pentru activit\u0103\u021bile legate de \u0219coal\u0103 a fost scos la concurs postul de mediator \u0219colar, iar echipa necesar\u0103 a \u00eenceput s\u0103 fie format\u0103.<\/p>\n<p>Mediatorul va \u021bine leg\u0103tura cu elevii, p\u0103rin\u021bii \u0219i \u0219coala. \u00a0Prin acest sprijin, problemele copiilor vor putea fi observate mai repede, astfel \u00eenc\u00e2t fiecare caz s\u0103 primeasc\u0103 ajutorul potrivit.<\/p>\n<p><strong><u>Lucr\u0103ri la locuin\u021be<\/u><\/strong><\/p>\n<p>\u00cen proiect au fost identificate 60 de familii, persoane singure \u0219i persoane cu dizabilit\u0103\u021bi. Unele locuin\u021be vor putea fi reparate pentru a oferi condi\u021bii mai bune. Lista lucr\u0103rilor cuprinde amenajarea buc\u0103t\u0103riilor \u0219i b\u0103ilor, izolarea caselor, refacerea acoperi\u0219urilor \u0219i alte repara\u021bii necesare.<\/p>\n<p>Sprijinul nu va fi acordat automat tuturor persoanelor identificate. Fiecare caz va fi verificat, deoarece cei inclu\u0219i trebuie s\u0103 \u00eendeplineasc\u0103 anumite condi\u021bii stabilite prin proiect.<\/p>\n<p><strong><u>Patru ani de activit\u0103\u021bi<\/u><\/strong><\/p>\n<p>Proiectul se desf\u0103\u0219oar\u0103 pe parcursul a cinci ani. Primul an s-a \u00eencheiat, urm\u00e2nd al\u021bi patru ani \u00een care vor fi puse \u00een aplicare m\u0103surile prev\u0103zute.<\/p>\n<p>Primarul comunei L\u0103pu\u0219ata, Silviu Iliescu, spune c\u0103 proiectul a intrat \u00een etapa de implementare \u0219i c\u0103 acum este preg\u0103tit\u0103 echipa care se va ocupa de procedurile urm\u0103toare:<\/p>\n<p>\u201e<strong><em>Este un proiect cu bani europeni pentru partea social\u0103. Am scos la concurs postul de mediator \u0219colar \u0219i am \u00eenceput formarea echipei. Copiii vor putea beneficia de mobilier \u0219colar \u0219i \u00eembr\u0103c\u0103minte. Au fost identificate 60 de familii, persoane singure \u0219i persoane cu dizabilit\u0103\u021bi. Pentru acestea sunt prev\u0103zute mici lucr\u0103ri la locuin\u021be, astfel \u00eenc\u00e2t s\u0103 aib\u0103 condi\u021bii mai bune. Putem vorbi despre amenajarea unor buc\u0103t\u0103rii \u0219i b\u0103i, izolarea caselor, refacerea acoperi\u0219urilor \u0219i alte lucr\u0103ri necesare.<\/em><\/strong><strong><em>\u00a0 \u00a0<\/em><\/strong><strong><em>Trebuie s\u0103 vedem c\u00e2te dintre persoanele identificate se \u00eencadreaz\u0103, deoarece sunt anumite condi\u021bii care trebuie \u00eendeplinite. Proiectul se desf\u0103\u0219oar\u0103 pe durata a cinci ani. Un an a trecut, deci au mai r\u0103mas patru. Acum constituim echipa de lucru pentru a putea \u00eencepe celelalte proceduri.\u00a0 <\/em><\/strong><strong><em>Este un proiect frumos, \u00een valoare de 17 miliarde de lei vechi. Prin serviciile de asisten\u021b\u0103 social\u0103, mediatorul \u0219colar \u0219i asistentul medical, putem oferi un sprijin real oamenilor care au nevoie\u201d, <\/em><\/strong>a declarat primarul Silviu Iliescu.<\/p>\n<p><strong><u>Ajutor acordat \u00een func\u021bie de nevoi<\/u><\/strong><\/p>\n<p>\u00cen urm\u0103toarea etap\u0103 vor fi verificate situa\u021biile persoanelor identificate \u0219i documentele necesare. Dup\u0103 \u00eencheierea procedurilor vor putea \u00eencepe activit\u0103\u021bile pentru copii, serviciile sociale \u0219i lucr\u0103rile la locuin\u021bele care \u00eendeplinesc condi\u021biile proiectului.<\/p>\n<p>\u00a0<\/p>\n<\/div>\n<p>[analyse_source url=&#8221;https:\/\/www.impactreal.ro\/2026\/08\/14\/un-proiect-european-de-17-milioane-de-lei-ajunge-la-familiile-cu-probleme-din-lapusata-primarul-silviu-iliescu-explica-cine-poate-primi-sprijin\/&#8221;]<\/p>\n","protected":false},"excerpt":{"rendered":"<p>[analyse_image type=&#8221;featured&#8221; src=&#8221;https:\/\/www.impactreal.ro\/wp-content\/uploads\/2026\/05\/lapusata-iliescu-silviu-s-i.jpg&#8221;] 14 august 202615 august 2026Claudia SchiopuAdministra\u0163ieLapusata La L\u0103pu\u0219ata a \u00eenceput un proiect european prin care copiii \u0219i familiile cu probleme financiare vor primi sprijin timp de cinci ani. Sunt prev\u0103zute rechizite \u0219i obiecte necesare pentru \u0219coal\u0103, \u00eembr\u0103c\u0103minte, servicii sociale \u0219i lucr\u0103ri la unele locuin\u021be. Valoarea proiectului este de 17 miliarde de lei [&hellip;]<\/p>\n","protected":false},"author":1,"featured_media":0,"comment_status":"open","ping_status":"","sticky":false,"template":"","format":"standard","meta":{"footnotes":""},"categories":[89],"tags":[226,212],"class_list":["post-2095555","post","type-post","status-publish","format-standard","hentry","category-romania","tag-crawlmanager","tag-impactreal-ro"],"_links":{"self":[{"href":"https:\/\/analyse.optim.biz\/index.php?rest_route=\/wp\/v2\/posts\/2095555","targetHints":{"allow":["GET"]}}],"collection":[{"href":"https:\/\/analyse.optim.biz\/index.php?rest_route=\/wp\/v2\/posts"}],"about":[{"href":"https:\/\/analyse.optim.biz\/index.php?rest_route=\/wp\/v2\/types\/post"}],"author":[{"embeddable":true,"href":"https:\/\/analyse.optim.biz\/index.php?rest_route=\/wp\/v2\/users\/1"}],"replies":[{"embeddable":true,"href":"https:\/\/analyse.optim.biz\/index.php?rest_route=%2Fwp%2Fv2%2Fcomments&post=2095555"}],"version-history":[{"count":0,"href":"https:\/\/analyse.optim.biz\/index.php?rest_route=\/wp\/v2\/posts\/2095555\/revisions"}],"wp:attachment":[{"href":"https:\/\/analyse.optim.biz\/index.php?rest_route=%2Fwp%2Fv2%2Fmedia&parent=2095555"}],"wp:term":[{"taxonomy":"category","embeddable":true,"href":"https:\/\/analyse.optim.biz\/index.php?rest_route=%2Fwp%2Fv2%2Fcategories&post=2095555"},{"taxonomy":"post_tag","embeddable":true,"href":"https:\/\/analyse.optim.biz\/index.php?rest_route=%2Fwp%2Fv2%2Ftags&post=2095555"}],"curies":[{"name":"wp","href":"https:\/\/api.w.org\/{rel}","templated":true}]}}