{"id":2095554,"date":"2026-08-14T16:49:34","date_gmt":"2026-08-14T13:49:34","guid":{"rendered":"https:\/\/analyse.optim.biz\/?p=2095554"},"modified":"2026-08-14T16:49:34","modified_gmt":"2026-08-14T13:49:34","slug":"toate-drumurile-duc-de-sfanta-maria-mare-la-dragoesti","status":"publish","type":"post","link":"https:\/\/analyse.optim.biz\/?p=2095554","title":{"rendered":"Toate drumurile duc de Sf\u00e2nta Maria Mare la Dr\u0103goe\u0219ti"},"content":{"rendered":"<p>[analyse_image type=&#8221;featured&#8221; src=&#8221;https:\/\/www.impactreal.ro\/wp-content\/uploads\/2026\/08\/DRAGOESTI-2026-528e47ea67a8-1024&#215;614.png&#8221;]<\/p>\n<div class=\"single-news-content\">\n<div class=\"news-image\"><img loading=\"lazy\" decoding=\"async\" width=\"1620\" height=\"971\" src=\"https:\/\/www.impactreal.ro\/wp-content\/uploads\/2026\/08\/DRAGOESTI-2026-528e47ea67a8.png\" class=\"img-responsive wp-post-image\" alt=\"Toate drumurile duc de Sf\u00e2nta Maria Mare la Dr\u0103goe\u0219ti\"><\/div>\n<div class=\"news-detail clearfix\">\n<div class=\"entry-meta\"><span class=\"posted-date\"><a href=\"https:\/\/www.impactreal.ro\/2026\/08\/14\/toate-drumurile-duc-maine-de-sfanta-maria-mare-la-dragoesti-primarul-dorinel-boncan-ii-asteapta-pe-valceni-la-ziua-comunei\/\" rel=\"bookmark\"><time class=\"entry-date published\" datetime=\"2026-08-14T19:49:34+03:00\">14 august 2026<\/time><time class=\"updated\" datetime=\"2026-08-15T18:05:04+03:00\">15 august 2026<\/time><\/a><\/span><span class=\"author vcard\"><a href=\"https:\/\/www.impactreal.ro\/author\/claudia-schiopu\/\">Claudia Schiopu<\/a><\/span><span class=\"cat-links\"><a href=\"https:\/\/www.impactreal.ro\/category\/administratie\/\" rel=\"category tag\">Administra\u0163ie<\/a><a href=\"https:\/\/www.impactreal.ro\/category\/dragoesti\/\" rel=\"category tag\">Dragoesti<\/a><\/span><\/div>\n<div class=\"news-content editor-content-entry\">\n<p><em>Ziua Comunei Dr\u0103goe\u0219ti, \u201eFiii Satului\u201d, ajunge la cea de-a XV-a edi\u021bie \u0219i va fi organizat\u0103 m\u00e2ine, s\u00e2mb\u0103t\u0103, 15 august 2026, de Sf\u00e2nta Maria Mare. Spectacolul \u00eencepe la ora 16.00, pe Stadionul Comunal Dr\u0103goe\u0219ti. Georgiana Lobon\u021b este artista principal\u0103 a programului, al\u0103turi de ea urm\u00e2nd s\u0103 urce pe scen\u0103 mai mul\u021bi interpre\u021bi \u00eendr\u0103gi\u021bi<\/em>.<\/p>\n<p><strong><u>Dr\u0103goe\u0219tiul, \u00een zi de s\u0103rb\u0103toare<\/u><\/strong><\/p>\n<p>Locuitorii comunei Dr\u0103goe\u0219ti, oamenii pleca\u021bi \u00een alte localit\u0103\u021bi \u0219i oaspe\u021bii din \u00eemprejurimi sunt invita\u021bi m\u00e2ine pe stadionul comunal. Prim\u0103ria Dr\u0103goe\u0219ti \u0219i Consiliul Local au preg\u0103tit o nou\u0103 edi\u021bie a s\u0103rb\u0103torii \u201eFiii Satului\u201d, organizat\u0103, ca de obicei, pe 15 august.<\/p>\n<p>Alegerea acestei date le ofer\u0103 participan\u021bilor mai multe motive pentru a se \u00eent\u00e2lni. Pe 15 august, rom\u00e2nii pr\u0103znuiesc Adormirea Maicii Domnului, cunoscut\u0103 \u0219i drept Sf\u00e2nta Maria Mare. Tot atunci \u00ee\u0219i s\u0103rb\u0103toresc ziua numelui numeroase persoane care poart\u0103 numele Maria, Marian, Mariana sau alte nume derivate.<\/p>\n<p><strong><u>Georgiana Lobon\u021b, artista principal\u0103<\/u><\/strong><\/p>\n<p>Georgiana Lobon\u021b va sus\u021bine recitalul principal al edi\u021biei din acest an. Cunoscut\u0103 pentru c\u00e2ntecele sale populare \u0219i pentru repertoriul de petrecere, artista va urca pe scena amplasat\u0103 pe Stadionul Comunal Dr\u0103goe\u0219ti.<\/p>\n<p>Publicul va putea asculta piese cunoscute \u0219i se va putea bucura de un program preg\u0103tit pentru toate v\u00e2rstele. Prezen\u021ba Georgianei Lobon\u021b este unul dintre motivele pentru care organizatorii se a\u0219teapt\u0103 la un num\u0103r mare de spectatori.<\/p>\n<p>Spectacolul va \u00eencepe la ora 16.00, astfel c\u0103 participan\u021bii vor avea la dispozi\u021bie o dup\u0103-amiaz\u0103 \u00eentreag\u0103 pentru a asculta muzic\u0103 \u0219i pentru a petrece al\u0103turi de familie \u0219i prieteni.<\/p>\n<p><strong><u>Mai mul\u021bi arti\u0219ti pe scen\u0103<\/u><\/strong><\/p>\n<p>Programul artistic cuprinde mai multe recitaluri. Al\u0103turi de Georgiana Lobon\u021b vor c\u00e2nta Lucica B\u0103r\u0103nescu, Nicoleta Udrescu, R\u0103zvan Boncan, Maria Antonia Filip \u0219i Lisigenia Lis.<\/p>\n<p>Fiecare interpret va aduce propriul repertoriu, astfel \u00eenc\u00e2t programul s\u0103 cuprind\u0103 c\u00e2ntece potrivite pentru un public c\u00e2t mai larg. Acompaniamentul muzical va fi asigurat de Forma\u021bia Gramaticii.<\/p>\n<p><strong><u>\u201eFiii Satului\u201d, la edi\u021bia a XV-a<\/u><\/strong><\/p>\n<p>Ziua Comunei Dr\u0103goe\u0219ti a devenit cunoscut\u0103 \u0219i \u00een localit\u0103\u021bile apropiate, de unde sunt a\u0219tepta\u021bi numero\u0219i spectatori.<\/p>\n<p>Accesul publicului se va face pe Stadionul Comunal Dr\u0103goe\u0219ti. Programul \u00eencepe la ora 16.00, motiv pentru care participan\u021bii sunt a\u0219tepta\u021bi din timp \u00een zona stadionului.<\/p>\n<p><strong><u>Invita\u021bia primarului Dorinel Boncan<\/u><\/strong><\/p>\n<p>Primarul comunei Dr\u0103goe\u0219ti, Dorinel Boncan, \u00eei invit\u0103 pe localnici, pe fiii satului \u0219i pe oaspe\u021bii din localit\u0103\u021bile apropiate s\u0103 participe la s\u0103rb\u0103toarea organizat\u0103 m\u00e2ine:<\/p>\n<p><strong><em><u>\u201eDragi prieteni!<\/u><\/em><\/strong><\/p>\n<p><strong><em><u>Prim\u0103ria Comunei Dr\u0103goe\u0219ti \u0219i Consiliul Local Dr\u0103goe\u0219ti au deosebita onoare de a v\u0103 invita la Ziua Comunei Dr\u0103goe\u0219ti, \u00abFiii Satului\u00bb, edi\u021bia a XV-a.<\/u><\/em><\/strong><\/p>\n<p><strong><em><u>V\u0103 a\u0219tept\u0103m s\u00e2mb\u0103t\u0103, 15 august, \u00eencep\u00e2nd cu ora 16.00, pe Stadionul Comunal Dr\u0103goe\u0219ti, la un spectacol sus\u021binut de Georgiana Lobon\u021b \u0219i de al\u021bi invita\u021bi \u00eendr\u0103gi\u021bi, pentru o zi de s\u0103rb\u0103toare, cu muzic\u0103 \u0219i voie bun\u0103. V\u0103 a\u0219tept\u0103m cu drag<\/u><\/em><\/strong><strong><u>!\u201d, a transmis primarul comunei Dr\u0103goe\u0219ti, Dorinel Boncan.<\/u><\/strong><\/p>\n<\/div>\n<\/div>\n<\/div>\n<div class=\"news-content editor-content-entry\">\n<p><em>Ziua Comunei Dr\u0103goe\u0219ti, \u201eFiii Satului\u201d, ajunge la cea de-a XV-a edi\u021bie \u0219i va fi organizat\u0103 m\u00e2ine, s\u00e2mb\u0103t\u0103, 15 august 2026, de Sf\u00e2nta Maria Mare. Spectacolul \u00eencepe la ora 16.00, pe Stadionul Comunal Dr\u0103goe\u0219ti. Georgiana Lobon\u021b este artista principal\u0103 a programului, al\u0103turi de ea urm\u00e2nd s\u0103 urce pe scen\u0103 mai mul\u021bi interpre\u021bi \u00eendr\u0103gi\u021bi<\/em>.<\/p>\n<p><strong><u>Dr\u0103goe\u0219tiul, \u00een zi de s\u0103rb\u0103toare<\/u><\/strong><\/p>\n<p>Locuitorii comunei Dr\u0103goe\u0219ti, oamenii pleca\u021bi \u00een alte localit\u0103\u021bi \u0219i oaspe\u021bii din \u00eemprejurimi sunt invita\u021bi m\u00e2ine pe stadionul comunal. Prim\u0103ria Dr\u0103goe\u0219ti \u0219i Consiliul Local au preg\u0103tit o nou\u0103 edi\u021bie a s\u0103rb\u0103torii \u201eFiii Satului\u201d, organizat\u0103, ca de obicei, pe 15 august.<\/p>\n<p>Alegerea acestei date le ofer\u0103 participan\u021bilor mai multe motive pentru a se \u00eent\u00e2lni. Pe 15 august, rom\u00e2nii pr\u0103znuiesc Adormirea Maicii Domnului, cunoscut\u0103 \u0219i drept Sf\u00e2nta Maria Mare. Tot atunci \u00ee\u0219i s\u0103rb\u0103toresc ziua numelui numeroase persoane care poart\u0103 numele Maria, Marian, Mariana sau alte nume derivate.<\/p>\n<p><strong><u>Georgiana Lobon\u021b, artista principal\u0103<\/u><\/strong><\/p>\n<p>Georgiana Lobon\u021b va sus\u021bine recitalul principal al edi\u021biei din acest an. Cunoscut\u0103 pentru c\u00e2ntecele sale populare \u0219i pentru repertoriul de petrecere, artista va urca pe scena amplasat\u0103 pe Stadionul Comunal Dr\u0103goe\u0219ti.<\/p>\n<p>Publicul va putea asculta piese cunoscute \u0219i se va putea bucura de un program preg\u0103tit pentru toate v\u00e2rstele. Prezen\u021ba Georgianei Lobon\u021b este unul dintre motivele pentru care organizatorii se a\u0219teapt\u0103 la un num\u0103r mare de spectatori.<\/p>\n<p>Spectacolul va \u00eencepe la ora 16.00, astfel c\u0103 participan\u021bii vor avea la dispozi\u021bie o dup\u0103-amiaz\u0103 \u00eentreag\u0103 pentru a asculta muzic\u0103 \u0219i pentru a petrece al\u0103turi de familie \u0219i prieteni.<\/p>\n<p><strong><u>Mai mul\u021bi arti\u0219ti pe scen\u0103<\/u><\/strong><\/p>\n<p>Programul artistic cuprinde mai multe recitaluri. Al\u0103turi de Georgiana Lobon\u021b vor c\u00e2nta Lucica B\u0103r\u0103nescu, Nicoleta Udrescu, R\u0103zvan Boncan, Maria Antonia Filip \u0219i Lisigenia Lis.<\/p>\n<p>Fiecare interpret va aduce propriul repertoriu, astfel \u00eenc\u00e2t programul s\u0103 cuprind\u0103 c\u00e2ntece potrivite pentru un public c\u00e2t mai larg. Acompaniamentul muzical va fi asigurat de Forma\u021bia Gramaticii.<\/p>\n<p><strong><u>\u201eFiii Satului\u201d, la edi\u021bia a XV-a<\/u><\/strong><\/p>\n<p>Ziua Comunei Dr\u0103goe\u0219ti a devenit cunoscut\u0103 \u0219i \u00een localit\u0103\u021bile apropiate, de unde sunt a\u0219tepta\u021bi numero\u0219i spectatori.<\/p>\n<p>Accesul publicului se va face pe Stadionul Comunal Dr\u0103goe\u0219ti. Programul \u00eencepe la ora 16.00, motiv pentru care participan\u021bii sunt a\u0219tepta\u021bi din timp \u00een zona stadionului.<\/p>\n<p><strong><u>Invita\u021bia primarului Dorinel Boncan<\/u><\/strong><\/p>\n<p>Primarul comunei Dr\u0103goe\u0219ti, Dorinel Boncan, \u00eei invit\u0103 pe localnici, pe fiii satului \u0219i pe oaspe\u021bii din localit\u0103\u021bile apropiate s\u0103 participe la s\u0103rb\u0103toarea organizat\u0103 m\u00e2ine:<\/p>\n<p><strong><em><u>\u201eDragi prieteni!<\/u><\/em><\/strong><\/p>\n<p><strong><em><u>Prim\u0103ria Comunei Dr\u0103goe\u0219ti \u0219i Consiliul Local Dr\u0103goe\u0219ti au deosebita onoare de a v\u0103 invita la Ziua Comunei Dr\u0103goe\u0219ti, \u00abFiii Satului\u00bb, edi\u021bia a XV-a.<\/u><\/em><\/strong><\/p>\n<p><strong><em><u>V\u0103 a\u0219tept\u0103m s\u00e2mb\u0103t\u0103, 15 august, \u00eencep\u00e2nd cu ora 16.00, pe Stadionul Comunal Dr\u0103goe\u0219ti, la un spectacol sus\u021binut de Georgiana Lobon\u021b \u0219i de al\u021bi invita\u021bi \u00eendr\u0103gi\u021bi, pentru o zi de s\u0103rb\u0103toare, cu muzic\u0103 \u0219i voie bun\u0103. V\u0103 a\u0219tept\u0103m cu drag<\/u><\/em><\/strong><strong><u>!\u201d, a transmis primarul comunei Dr\u0103goe\u0219ti, Dorinel Boncan.<\/u><\/strong><\/p>\n<\/div>\n<div class=\"news-content editor-content-entry\">\n<p><em>Ziua Comunei Dr\u0103goe\u0219ti, \u201eFiii Satului\u201d, ajunge la cea de-a XV-a edi\u021bie \u0219i va fi organizat\u0103 m\u00e2ine, s\u00e2mb\u0103t\u0103, 15 august 2026, de Sf\u00e2nta Maria Mare. Spectacolul \u00eencepe la ora 16.00, pe Stadionul Comunal Dr\u0103goe\u0219ti. Georgiana Lobon\u021b este artista principal\u0103 a programului, al\u0103turi de ea urm\u00e2nd s\u0103 urce pe scen\u0103 mai mul\u021bi interpre\u021bi \u00eendr\u0103gi\u021bi<\/em>.<\/p>\n<p><strong><u>Dr\u0103goe\u0219tiul, \u00een zi de s\u0103rb\u0103toare<\/u><\/strong><\/p>\n<p>Locuitorii comunei Dr\u0103goe\u0219ti, oamenii pleca\u021bi \u00een alte localit\u0103\u021bi \u0219i oaspe\u021bii din \u00eemprejurimi sunt invita\u021bi m\u00e2ine pe stadionul comunal. Prim\u0103ria Dr\u0103goe\u0219ti \u0219i Consiliul Local au preg\u0103tit o nou\u0103 edi\u021bie a s\u0103rb\u0103torii \u201eFiii Satului\u201d, organizat\u0103, ca de obicei, pe 15 august.<\/p>\n<p>Alegerea acestei date le ofer\u0103 participan\u021bilor mai multe motive pentru a se \u00eent\u00e2lni. Pe 15 august, rom\u00e2nii pr\u0103znuiesc Adormirea Maicii Domnului, cunoscut\u0103 \u0219i drept Sf\u00e2nta Maria Mare. Tot atunci \u00ee\u0219i s\u0103rb\u0103toresc ziua numelui numeroase persoane care poart\u0103 numele Maria, Marian, Mariana sau alte nume derivate.<\/p>\n<p><strong><u>Georgiana Lobon\u021b, artista principal\u0103<\/u><\/strong><\/p>\n<p>Georgiana Lobon\u021b va sus\u021bine recitalul principal al edi\u021biei din acest an. Cunoscut\u0103 pentru c\u00e2ntecele sale populare \u0219i pentru repertoriul de petrecere, artista va urca pe scena amplasat\u0103 pe Stadionul Comunal Dr\u0103goe\u0219ti.<\/p>\n<p>Publicul va putea asculta piese cunoscute \u0219i se va putea bucura de un program preg\u0103tit pentru toate v\u00e2rstele. Prezen\u021ba Georgianei Lobon\u021b este unul dintre motivele pentru care organizatorii se a\u0219teapt\u0103 la un num\u0103r mare de spectatori.<\/p>\n<p>Spectacolul va \u00eencepe la ora 16.00, astfel c\u0103 participan\u021bii vor avea la dispozi\u021bie o dup\u0103-amiaz\u0103 \u00eentreag\u0103 pentru a asculta muzic\u0103 \u0219i pentru a petrece al\u0103turi de familie \u0219i prieteni.<\/p>\n<p><strong><u>Mai mul\u021bi arti\u0219ti pe scen\u0103<\/u><\/strong><\/p>\n<p>Programul artistic cuprinde mai multe recitaluri. Al\u0103turi de Georgiana Lobon\u021b vor c\u00e2nta Lucica B\u0103r\u0103nescu, Nicoleta Udrescu, R\u0103zvan Boncan, Maria Antonia Filip \u0219i Lisigenia Lis.<\/p>\n<p>Fiecare interpret va aduce propriul repertoriu, astfel \u00eenc\u00e2t programul s\u0103 cuprind\u0103 c\u00e2ntece potrivite pentru un public c\u00e2t mai larg. Acompaniamentul muzical va fi asigurat de Forma\u021bia Gramaticii.<\/p>\n<p><strong><u>\u201eFiii Satului\u201d, la edi\u021bia a XV-a<\/u><\/strong><\/p>\n<p>Ziua Comunei Dr\u0103goe\u0219ti a devenit cunoscut\u0103 \u0219i \u00een localit\u0103\u021bile apropiate, de unde sunt a\u0219tepta\u021bi numero\u0219i spectatori.<\/p>\n<p>Accesul publicului se va face pe Stadionul Comunal Dr\u0103goe\u0219ti. Programul \u00eencepe la ora 16.00, motiv pentru care participan\u021bii sunt a\u0219tepta\u021bi din timp \u00een zona stadionului.<\/p>\n<p><strong><u>Invita\u021bia primarului Dorinel Boncan<\/u><\/strong><\/p>\n<p>Primarul comunei Dr\u0103goe\u0219ti, Dorinel Boncan, \u00eei invit\u0103 pe localnici, pe fiii satului \u0219i pe oaspe\u021bii din localit\u0103\u021bile apropiate s\u0103 participe la s\u0103rb\u0103toarea organizat\u0103 m\u00e2ine:<\/p>\n<p><strong><em><u>\u201eDragi prieteni!<\/u><\/em><\/strong><\/p>\n<p><strong><em><u>Prim\u0103ria Comunei Dr\u0103goe\u0219ti \u0219i Consiliul Local Dr\u0103goe\u0219ti au deosebita onoare de a v\u0103 invita la Ziua Comunei Dr\u0103goe\u0219ti, \u00abFiii Satului\u00bb, edi\u021bia a XV-a.<\/u><\/em><\/strong><\/p>\n<p><strong><em><u>V\u0103 a\u0219tept\u0103m s\u00e2mb\u0103t\u0103, 15 august, \u00eencep\u00e2nd cu ora 16.00, pe Stadionul Comunal Dr\u0103goe\u0219ti, la un spectacol sus\u021binut de Georgiana Lobon\u021b \u0219i de al\u021bi invita\u021bi \u00eendr\u0103gi\u021bi, pentru o zi de s\u0103rb\u0103toare, cu muzic\u0103 \u0219i voie bun\u0103. V\u0103 a\u0219tept\u0103m cu drag<\/u><\/em><\/strong><strong><u>!\u201d, a transmis primarul comunei Dr\u0103goe\u0219ti, Dorinel Boncan.<\/u><\/strong><\/p>\n<\/div>\n<p>[analyse_source url=&#8221;https:\/\/www.impactreal.ro\/2026\/08\/14\/toate-drumurile-duc-maine-de-sfanta-maria-mare-la-dragoesti-primarul-dorinel-boncan-ii-asteapta-pe-valceni-la-ziua-comunei\/&#8221;]<\/p>\n","protected":false},"excerpt":{"rendered":"<p>[analyse_image type=&#8221;featured&#8221; src=&#8221;https:\/\/www.impactreal.ro\/wp-content\/uploads\/2026\/08\/DRAGOESTI-2026-528e47ea67a8-1024&#215;614.png&#8221;] 14 august 202615 august 2026Claudia SchiopuAdministra\u0163ieDragoesti Ziua Comunei Dr\u0103goe\u0219ti, \u201eFiii Satului\u201d, ajunge la cea de-a XV-a edi\u021bie \u0219i va fi organizat\u0103 m\u00e2ine, s\u00e2mb\u0103t\u0103, 15 august 2026, de Sf\u00e2nta Maria Mare. Spectacolul \u00eencepe la ora 16.00, pe Stadionul Comunal Dr\u0103goe\u0219ti. Georgiana Lobon\u021b este artista principal\u0103 a programului, al\u0103turi de ea urm\u00e2nd s\u0103 urce [&hellip;]<\/p>\n","protected":false},"author":1,"featured_media":0,"comment_status":"open","ping_status":"","sticky":false,"template":"","format":"standard","meta":{"footnotes":""},"categories":[89],"tags":[226,212],"class_list":["post-2095554","post","type-post","status-publish","format-standard","hentry","category-romania","tag-crawlmanager","tag-impactreal-ro"],"_links":{"self":[{"href":"https:\/\/analyse.optim.biz\/index.php?rest_route=\/wp\/v2\/posts\/2095554","targetHints":{"allow":["GET"]}}],"collection":[{"href":"https:\/\/analyse.optim.biz\/index.php?rest_route=\/wp\/v2\/posts"}],"about":[{"href":"https:\/\/analyse.optim.biz\/index.php?rest_route=\/wp\/v2\/types\/post"}],"author":[{"embeddable":true,"href":"https:\/\/analyse.optim.biz\/index.php?rest_route=\/wp\/v2\/users\/1"}],"replies":[{"embeddable":true,"href":"https:\/\/analyse.optim.biz\/index.php?rest_route=%2Fwp%2Fv2%2Fcomments&post=2095554"}],"version-history":[{"count":0,"href":"https:\/\/analyse.optim.biz\/index.php?rest_route=\/wp\/v2\/posts\/2095554\/revisions"}],"wp:attachment":[{"href":"https:\/\/analyse.optim.biz\/index.php?rest_route=%2Fwp%2Fv2%2Fmedia&parent=2095554"}],"wp:term":[{"taxonomy":"category","embeddable":true,"href":"https:\/\/analyse.optim.biz\/index.php?rest_route=%2Fwp%2Fv2%2Fcategories&post=2095554"},{"taxonomy":"post_tag","embeddable":true,"href":"https:\/\/analyse.optim.biz\/index.php?rest_route=%2Fwp%2Fv2%2Ftags&post=2095554"}],"curies":[{"name":"wp","href":"https:\/\/api.w.org\/{rel}","templated":true}]}}