{"id":209548,"date":"2014-03-13T18:38:16","date_gmt":"2014-03-13T15:38:16","guid":{"rendered":"https:\/\/analyse.optim.biz\/?p=209548"},"modified":"2014-03-13T18:38:16","modified_gmt":"2014-03-13T15:38:16","slug":"presedintele-a-promulgat-legea-de-aprobare-a-ordonantei-de-urgenta-privind-energia-regenerabila","status":"publish","type":"post","link":"https:\/\/analyse.optim.biz\/?p=209548","title":{"rendered":"Pre\u0219edintele a promulgat legea de aprobare a ordonan\u021bei de urgen\u021b\u0103 privind energia regenerabil\u0103"},"content":{"rendered":"<div class=\"entry data-app-meta data-app-meta-article\" data-embed-base-url-canonical=\"https:\/\/www.digi24.ro\/embed\/stiri\/actualitate\/politica\/presedintele-a-promulgat-legea-de-aprobare-a-ordonantei-de-urgenta-privind-energia-regenerabila-214172\">\n<p data-index=\"1\"><img decoding=\"async\" src=\"https:\/\/analyse.optim.biz\/wp-content\/uploads\/2024\/09\/ad1hmdg5ytk2ndhky2eyzwrjmmvhzjvjotlkodnkytq3oa-thumb_.jpg\" data-skip-htmlfix=\"1\" title=\"ad1hmdg5ytk2ndhky2eyzwrjmmvhzjvjotlkodnkytq3oa-thumb_\">\u201eSper ca sindicatele s\u0103 nu mai aib\u0103 manifest\u0103ri nici \u00een fa\u021ba Cur\u021bii Constitu\u021bionale, \u0219i nici la Pre\u0219edin\u021bie\u201d, a spus Traian B\u0103sescu, preciz\u00e2nd c\u0103 responsabilitatea cre\u0219terii pre\u021bului la energie revine acum Guvernului.<\/p>\n<p data-index=\"2\">\u201eSunt convins c\u0103 de m\u00e2ine Guvernul va explica cum se ieftine\u0219te energia cu 50%\u201d, a afirmat \u0219eful statului.<\/p>\n<p data-index=\"3\">\u201eContinu\u0103 minciuna public\u0103 consistent\u0103 alimentat\u0103 de la Guvern\u201d, potrivit c\u0103reia pre\u021bul la energie nu scade pentru c\u0103 nu este promulgat\u0103 legea ordonan\u021bei, a motivat Traian B\u0103sescu. El a ar\u0103tat c\u0103 nu a f\u0103cut-o p\u00e2n\u0103 acum pentru c\u0103 respectiva ordonan\u021b\u0103 nu avea aviz de la Comisia European\u0103, iar \u201econsecin\u021bele pot fi serioase\u201d.<\/p>\n<p data-index=\"4\">Aproximativ 1.000 de persoane, din toate sindicatele din industrie, <a href=\"https:\/\/www.digi24.ro\/Stiri\/Digi24\/Actualitate\/Social\/Nemultumiti+de+pretul+mare+al+energiei+electrice+1000+de+sindica\" target=\"_blank\" data-skip-linkfix=\"1\" rel=\"noopener\">au protestat la sediul Guvernului<\/a>, cer\u00e2nd solu\u0163ionarea de urgen\u0163\u0103 a OUG privind producerea energiei din surse regenerabile, oprirea supratax\u0103rii energiei electrice \u015fi liberalizarea rapid\u0103 a pre\u0163ului la gaze naturale.<\/p>\n<p data-index=\"5\"><strong>OUG 57<\/strong> stabile\u0219te c\u0103, \u00eencep\u00e2nd din 1 iulie 2013, produc\u0103torii de energie regenerabil\u0103 vor primi numai o parte din certificatele verzi cuvenite, urm\u00e2nd s\u0103 le recupreze din 31 martie 2017.<\/p>\n<p data-index=\"6\">OUG 57 este <a href=\"https:\/\/www.digi24.ro\/Stiri\/Digi24\/Actualitate\/Politica\/T+Basescu+Din+incompetenta+sau+din+obisnuinta+de+a+minti+V+Ponta\" target=\"_blank\" data-skip-linkfix=\"1\" rel=\"noopener\">subiect de disput\u0103<\/a> \u00eentre pre\u0219edintele Traian B\u0103sescu \u0219i premierul Victor Ponta. B\u0103sescu sus\u021bine c\u0103 OUG 57 este neconstitu\u021bional\u0103 \u00eentruc\u00e2t \u00een aprobarea ei nu au fost respectate etapele de notificare \u015fi pre-notificare a Comisiei Europene, ceea ce poate atrage declan\u015farea unei proceduri de infringement \u00eempotriva Rom\u00e2niei. Traian B\u0103sescu a sesizat, \u00een luna februarie, Curtea Constitu\u021bional\u0103 privind acest subiect.<\/p>\n<\/div>\n<p> Source URL: https:\/\/www.digi24.ro\/stiri\/actualitate\/politica\/presedintele-a-promulgat-legea-de-aprobare-a-ordonantei-de-urgenta-privind-energia-regenerabila-214172<\/p>\n","protected":false},"excerpt":{"rendered":"<p>\u201eSper ca sindicatele s\u0103 nu mai aib\u0103 manifest\u0103ri nici \u00een fa\u021ba Cur\u021bii Constitu\u021bionale, \u0219i nici la Pre\u0219edin\u021bie\u201d, a spus Traian B\u0103sescu, preciz\u00e2nd c\u0103 responsabilitatea cre\u0219terii pre\u021bului la energie revine acum Guvernului. \u201eSunt convins c\u0103 de m\u00e2ine Guvernul va explica cum se ieftine\u0219te energia cu 50%\u201d, a afirmat \u0219eful statului. \u201eContinu\u0103 minciuna public\u0103 consistent\u0103 alimentat\u0103 de [&hellip;]<\/p>\n","protected":false},"author":1,"featured_media":209549,"comment_status":"open","ping_status":"","sticky":false,"template":"","format":"standard","meta":{"footnotes":""},"categories":[2],"tags":[11],"class_list":["post-209548","post","type-post","status-publish","format-standard","has-post-thumbnail","hentry","category-politics","tag-digi24"],"_links":{"self":[{"href":"https:\/\/analyse.optim.biz\/index.php?rest_route=\/wp\/v2\/posts\/209548","targetHints":{"allow":["GET"]}}],"collection":[{"href":"https:\/\/analyse.optim.biz\/index.php?rest_route=\/wp\/v2\/posts"}],"about":[{"href":"https:\/\/analyse.optim.biz\/index.php?rest_route=\/wp\/v2\/types\/post"}],"author":[{"embeddable":true,"href":"https:\/\/analyse.optim.biz\/index.php?rest_route=\/wp\/v2\/users\/1"}],"replies":[{"embeddable":true,"href":"https:\/\/analyse.optim.biz\/index.php?rest_route=%2Fwp%2Fv2%2Fcomments&post=209548"}],"version-history":[{"count":0,"href":"https:\/\/analyse.optim.biz\/index.php?rest_route=\/wp\/v2\/posts\/209548\/revisions"}],"wp:featuredmedia":[{"embeddable":true,"href":"https:\/\/analyse.optim.biz\/index.php?rest_route=\/wp\/v2\/media\/209549"}],"wp:attachment":[{"href":"https:\/\/analyse.optim.biz\/index.php?rest_route=%2Fwp%2Fv2%2Fmedia&parent=209548"}],"wp:term":[{"taxonomy":"category","embeddable":true,"href":"https:\/\/analyse.optim.biz\/index.php?rest_route=%2Fwp%2Fv2%2Fcategories&post=209548"},{"taxonomy":"post_tag","embeddable":true,"href":"https:\/\/analyse.optim.biz\/index.php?rest_route=%2Fwp%2Fv2%2Ftags&post=209548"}],"curies":[{"name":"wp","href":"https:\/\/api.w.org\/{rel}","templated":true}]}}