{"id":209537,"date":"2014-03-13T19:02:13","date_gmt":"2014-03-13T16:02:13","guid":{"rendered":"https:\/\/analyse.optim.biz\/?p=209537"},"modified":"2014-03-13T19:02:13","modified_gmt":"2014-03-13T16:02:13","slug":"t-basescu-le-am-spus-celor-de-la-chevron-si-exxon-ca-primele-piete-care-trebuie-acoperite-sunt-cele-ale-romaniei-si-r-moldova","status":"publish","type":"post","link":"https:\/\/analyse.optim.biz\/?p=209537","title":{"rendered":"T. B\u0103sescu: Le-am spus celor de la Chevron \u0219i Exxon c\u0103 primele pie\u021be care trebuie acoperite sunt cele ale Rom\u00e2niei \u0219i R. Moldova"},"content":{"rendered":"<div class=\"entry data-app-meta data-app-meta-article\" data-embed-base-url-canonical=\"https:\/\/www.digi24.ro\/embed\/stiri\/actualitate\/politica\/t-basescu-le-am-spus-celor-de-la-chevron-si-exxon-ca-primele-piete-care-trebuie-acoperite-sunt-cele-ale-romaniei-si-r-moldova-214175\">\n<p data-index=\"1\">\u201eAmbele companii inten\u021bioneaz\u0103 s\u0103-\u0219i continue activitatea \u00een ceea ce prive\u0219te valorificarea autoriza\u021biilor pe care le-au primit deja de la autorit\u0103\u021bile guvernamentale, iar principalul meu mesaj a fost c\u0103 prima pia\u021b\u0103 care trebuie satisf\u0103cut\u0103 e cea rom\u00e2neasc\u0103 \u0219i pia\u021ba Republicii Moldova\u201d, a spus pre\u0219edintele. \u00a0<\/p>\n<p data-index=\"2\">\u201e<em><strong>Planurile de afaceri ale celor dou\u0103 companii trebuie s\u0103 plece de la premisa c\u0103 primele pie\u021be care trebuiesc acoperite sunt pia\u021ba Rom\u00e2niei \u0219i pia\u021ba Republicii Moldova<\/strong><\/em>. Iar de aici \u00eencolo, orice excedent poate fi utilizat \u0219i pentru vecini\u201d, a ad\u0103ugat Traian B\u0103sescu. \u00a0<\/p>\n<p data-index=\"3\">Pre\u015fedintele Traian B\u0103sescu i-a primit joi, la Cotroceni, pe Derek Magness, director general al Chevron Europe Exploration and Production, \u0219i pe Johnny L. Hall, vicepre\u0219edinte executiv al\u00a0ExxonMobil\u00a0Exploration Company.<\/p>\n<p data-index=\"4\">Investi\u021biile Chevron \u00een Rom\u00e2nia au fost suspendate \u00een urma protestelor din Capital\u0103 \u0219i de la Punge\u0219ti. <em><strong>Compania american\u0103 Chevron \u0219i-a reconfirmat \u00eens\u0103 inten\u021bia de a investi \u00een explorarea \u0219i exploatarea gazelor de \u0219ist din Rom\u00e2nia.<\/strong><\/em> \u00a0<\/p>\n<p data-index=\"5\">\u201e<em><strong>A fost rug\u0103mintea mea c\u0103tre pre\u015fedintele Chevron s\u0103 \u00ee\u015fi exercite drepturile date de licen\u0163ele eliberate de Guvern, \u00eentr-un mod prietenos cu comunit\u0103\u0163ile locale.<\/strong><\/em>Acesta este sensul mesajului, c\u0103 trebuie mai multe discu\u0163ii cu comunit\u0103\u0163ile locale, c\u0103 trebuie implica\u0163i angaja\u0163i din comunit\u0103\u0163ile locale, trebuie selecta\u0163i tineri de la Universitatea din Ia\u015fi, dac\u0103 ne referim la zona Vaslui. Deci, \u00een aceast\u0103 direc\u0163ie a fost discu\u0163ia&#8221;, a ad\u0103ugat \u0219eful statului. \u00a0<\/p>\n<\/div>\n<p> Source URL: https:\/\/www.digi24.ro\/stiri\/actualitate\/politica\/t-basescu-le-am-spus-celor-de-la-chevron-si-exxon-ca-primele-piete-care-trebuie-acoperite-sunt-cele-ale-romaniei-si-r-moldova-214175<\/p>\n","protected":false},"excerpt":{"rendered":"<p>\u201eAmbele companii inten\u021bioneaz\u0103 s\u0103-\u0219i continue activitatea \u00een ceea ce prive\u0219te valorificarea autoriza\u021biilor pe care le-au primit deja de la autorit\u0103\u021bile guvernamentale, iar principalul meu mesaj a fost c\u0103 prima pia\u021b\u0103 care trebuie satisf\u0103cut\u0103 e cea rom\u00e2neasc\u0103 \u0219i pia\u021ba Republicii Moldova\u201d, a spus pre\u0219edintele. \u00a0 \u201ePlanurile de afaceri ale celor dou\u0103 companii trebuie s\u0103 plece de [&hellip;]<\/p>\n","protected":false},"author":1,"featured_media":209538,"comment_status":"open","ping_status":"","sticky":false,"template":"","format":"standard","meta":{"footnotes":""},"categories":[2],"tags":[11],"class_list":["post-209537","post","type-post","status-publish","format-standard","has-post-thumbnail","hentry","category-politics","tag-digi24"],"_links":{"self":[{"href":"https:\/\/analyse.optim.biz\/index.php?rest_route=\/wp\/v2\/posts\/209537","targetHints":{"allow":["GET"]}}],"collection":[{"href":"https:\/\/analyse.optim.biz\/index.php?rest_route=\/wp\/v2\/posts"}],"about":[{"href":"https:\/\/analyse.optim.biz\/index.php?rest_route=\/wp\/v2\/types\/post"}],"author":[{"embeddable":true,"href":"https:\/\/analyse.optim.biz\/index.php?rest_route=\/wp\/v2\/users\/1"}],"replies":[{"embeddable":true,"href":"https:\/\/analyse.optim.biz\/index.php?rest_route=%2Fwp%2Fv2%2Fcomments&post=209537"}],"version-history":[{"count":0,"href":"https:\/\/analyse.optim.biz\/index.php?rest_route=\/wp\/v2\/posts\/209537\/revisions"}],"wp:featuredmedia":[{"embeddable":true,"href":"https:\/\/analyse.optim.biz\/index.php?rest_route=\/wp\/v2\/media\/209538"}],"wp:attachment":[{"href":"https:\/\/analyse.optim.biz\/index.php?rest_route=%2Fwp%2Fv2%2Fmedia&parent=209537"}],"wp:term":[{"taxonomy":"category","embeddable":true,"href":"https:\/\/analyse.optim.biz\/index.php?rest_route=%2Fwp%2Fv2%2Fcategories&post=209537"},{"taxonomy":"post_tag","embeddable":true,"href":"https:\/\/analyse.optim.biz\/index.php?rest_route=%2Fwp%2Fv2%2Ftags&post=209537"}],"curies":[{"name":"wp","href":"https:\/\/api.w.org\/{rel}","templated":true}]}}