{"id":209522,"date":"2014-03-08T20:18:39","date_gmt":"2014-03-08T17:18:39","guid":{"rendered":"https:\/\/analyse.optim.biz\/?p=209522"},"modified":"2014-03-08T20:18:39","modified_gmt":"2014-03-08T17:18:39","slug":"victor-ponta-a-dezvaluit-de-8-martie-secretul-calmului-sau-ma-uit-dimineata-la-doctorita-plusica","status":"publish","type":"post","link":"https:\/\/analyse.optim.biz\/?p=209522","title":{"rendered":"Victor Ponta a dezv\u0103luit, de 8 Martie, secretul calmului s\u0103u: \u201eM\u0103 uit diminea\u0163a la Doctori\u0163a Plu\u015fica\u201d"},"content":{"rendered":"<div class=\"entry data-app-meta data-app-meta-article\" data-embed-base-url-canonical=\"https:\/\/www.digi24.ro\/embed\/stiri\/actualitate\/politica\/victor-ponta-a-dezvaluit-de-8-martie-secretul-calmului-sau-ma-uit-dimineata-la-doctorita-plusica-211582\">\n<p data-index=\"1\">\u00a0<img decoding=\"async\" src=\"https:\/\/analyse.optim.biz\/wp-content\/uploads\/2024\/09\/jmhhc2g9yzi2yjlinwfjodm2nmrlm2vjnjq3zjgxzjljnzm5mju-thumb_.jpg\" data-skip-htmlfix=\"1\" title=\"jmhhc2g9yzi2yjlinwfjodm2nmrlm2vjnjq3zjgxzjljnzm5mju-thumb_\"><\/p>\n<p data-index=\"2\"><em>Foto:\u00a0facebook.com\/victor.ponta<\/em><\/p>\n<p data-index=\"3\">\u201e<span>M\u0103 \u00eentreab\u0103 toat\u0103 lumea cum pot s\u0103 fiu at\u00e2t de calm, cum pot s\u0103 fiu lini\u015ftit, de ce nu r\u0103spund c\u00e2nd sunt atacat de domnul B\u0103sescu, de al\u0163i domni, tot cu &#8216;-escu&#8217;. P\u0103i e simplu: dumneavoastr\u0103 nu a\u0163i fi ferici\u0163i, n-a\u0163i fi calmi, n-a\u0163i fi pozitivi dac\u0103 \u00een fiecare diminea\u0163\u0103 c\u00e2nd \u00ee\u015fi bei cafeaua te ui\u0163i cu o domni\u015foar\u0103 la <strong>&#8216;Pira\u0163ii&#8217;<\/strong> \u015fi <strong>&#8216;Doctori\u0163a Plu\u015fica&#8217;<\/strong>? Cred c\u0103 a\u0163i fi&#8230;\u201d, a spus Victor Ponta, \u00een discursul sus\u0163inut \u00een fa\u0163a femeilor <strong>PSD<\/strong>, de <strong>8 Martie<\/strong>.<\/span><\/p>\n<p data-index=\"4\"><strong>Victor Ponta<\/strong> a venit la Sala Palatului pentru a fi al\u0103turi de femeile social-democrate de 8 Martie, c\u00e2nd acestea au organizat un eveniment de lansare a Manifestului european al femeilor PSD, intitulat \u201ePrim\u0103vara social-democrat\u0103\u201d.<\/p>\n<p data-index=\"5\">Premierul a venit al\u0103turi de so\u0163ia sa,\u00a0<strong>Daciana S\u00e2rbu<\/strong>, candidat la alegerile europarlamentare, \u015fi de fiica sa, Irina, ambele \u00eembr\u0103cate \u00een \u0163inute ro\u015fii. La eveniment a fost prezent\u0103 \u015fi mama premierului.<\/p>\n<p data-index=\"6\">At\u00e2t mama sa c\u00e2t \u015fi so\u0163ia \u015fi fiica sa au urcat pe scen\u0103 \u00een timpul discursului pe care l-a sus\u0163inut, premierul preciz\u00e2nd c\u0103 a negociat aceast\u0103 ipostaz\u0103 cu familia sa \u015fi men\u0163ion\u00e2nd c\u0103, fa\u0163\u0103 de aceste negocieri, <a href=\"https:\/\/www.digi24.ro\/Stiri\/Digi24\/Actualitate\/Politica\/Victor+Ponta+Negocierea+cu+Traian+Basescu+mai+usoara+decat+cu+Ir\" data-skip-linkfix=\"1\">cele cu pre\u015fedintele<strong>\u00a0Traian B\u0103sescu<\/strong>\u00a0sunt u\u015foare<\/a>.\u00a0<\/p>\n<\/div>\n<p> Source URL: https:\/\/www.digi24.ro\/stiri\/actualitate\/politica\/victor-ponta-a-dezvaluit-de-8-martie-secretul-calmului-sau-ma-uit-dimineata-la-doctorita-plusica-211582<\/p>\n","protected":false},"excerpt":{"rendered":"<p>\u00a0 Foto:\u00a0facebook.com\/victor.ponta \u201eM\u0103 \u00eentreab\u0103 toat\u0103 lumea cum pot s\u0103 fiu at\u00e2t de calm, cum pot s\u0103 fiu lini\u015ftit, de ce nu r\u0103spund c\u00e2nd sunt atacat de domnul B\u0103sescu, de al\u0163i domni, tot cu &#8216;-escu&#8217;. P\u0103i e simplu: dumneavoastr\u0103 nu a\u0163i fi ferici\u0163i, n-a\u0163i fi calmi, n-a\u0163i fi pozitivi dac\u0103 \u00een fiecare diminea\u0163\u0103 c\u00e2nd \u00ee\u015fi bei [&hellip;]<\/p>\n","protected":false},"author":1,"featured_media":209523,"comment_status":"open","ping_status":"","sticky":false,"template":"","format":"standard","meta":{"footnotes":""},"categories":[2],"tags":[11],"class_list":["post-209522","post","type-post","status-publish","format-standard","has-post-thumbnail","hentry","category-politics","tag-digi24"],"_links":{"self":[{"href":"https:\/\/analyse.optim.biz\/index.php?rest_route=\/wp\/v2\/posts\/209522","targetHints":{"allow":["GET"]}}],"collection":[{"href":"https:\/\/analyse.optim.biz\/index.php?rest_route=\/wp\/v2\/posts"}],"about":[{"href":"https:\/\/analyse.optim.biz\/index.php?rest_route=\/wp\/v2\/types\/post"}],"author":[{"embeddable":true,"href":"https:\/\/analyse.optim.biz\/index.php?rest_route=\/wp\/v2\/users\/1"}],"replies":[{"embeddable":true,"href":"https:\/\/analyse.optim.biz\/index.php?rest_route=%2Fwp%2Fv2%2Fcomments&post=209522"}],"version-history":[{"count":0,"href":"https:\/\/analyse.optim.biz\/index.php?rest_route=\/wp\/v2\/posts\/209522\/revisions"}],"wp:featuredmedia":[{"embeddable":true,"href":"https:\/\/analyse.optim.biz\/index.php?rest_route=\/wp\/v2\/media\/209523"}],"wp:attachment":[{"href":"https:\/\/analyse.optim.biz\/index.php?rest_route=%2Fwp%2Fv2%2Fmedia&parent=209522"}],"wp:term":[{"taxonomy":"category","embeddable":true,"href":"https:\/\/analyse.optim.biz\/index.php?rest_route=%2Fwp%2Fv2%2Fcategories&post=209522"},{"taxonomy":"post_tag","embeddable":true,"href":"https:\/\/analyse.optim.biz\/index.php?rest_route=%2Fwp%2Fv2%2Ftags&post=209522"}],"curies":[{"name":"wp","href":"https:\/\/api.w.org\/{rel}","templated":true}]}}