{"id":2095168,"date":"2026-08-15T08:55:00","date_gmt":"2026-08-15T05:55:00","guid":{"rendered":"https:\/\/analyse.optim.biz\/?p=2095168"},"modified":"2026-08-15T08:55:00","modified_gmt":"2026-08-15T05:55:00","slug":"lovitura-pentru-macron-consiliul-constitutional-al-frantei-a-blocat-interzicerea-retelelor-sociale-pentru-copiii-sub-15-ani","status":"publish","type":"post","link":"https:\/\/analyse.optim.biz\/?p=2095168","title":{"rendered":"Lovitur\u0103 pentru Macron. Consiliul Constitu\u021bional al Fran\u021bei a blocat interzicerea re\u021belelor sociale pentru copiii sub 15 ani"},"content":{"rendered":"<p>[analyse_image type=&#8221;featured&#8221; src=&#8221;https:\/\/radiogoldfm.ro\/wp-content\/uploads\/2026\/08\/emmanuel_macron_100825-768&#215;512-1.jpghttps:\/\/radiogoldfm.ro\/wp-content\/uploads\/2026\/08\/emmanuel_macron_100825-768&#215;512-1.jpg&#8221;]<\/p>\n<div class=\"qt-the-content\">\n<p>Consiliul Constitu\u021bional al Fran\u021bei a declarat neconstitu\u021bional\u0103 una dintre principalele prevederi ale legii promovate de pre\u0219edintele Emmanuel Macron pentru protejarea minorilor \u00een mediul online. Este vorba despre interdic\u021bia accesului la re\u021belele de socializare pentru copiii cu v\u00e2rsta sub 15 ani, care urma s\u0103 intre \u00een vigoare de la 1 septembrie.<\/p>\n<p>Judec\u0103torii constitu\u021bionali au decis vineri, 14 august, c\u0103 interdic\u021bia reprezint\u0103 o restr\u00e2ngere dispropor\u021bionat\u0103 a libert\u0103\u021bii de exprimare \u0219i comunicare, chiar dac\u0103 obiectivul privind protejarea s\u0103n\u0103t\u0103\u021bii \u0219i siguran\u021bei minorilor ar fi unul legitim.<\/p>\n<p>Legea fusese adoptat\u0103 definitiv de Parlamentul francez pe 21 iulie \u0219i era una dintre reformele importante sus\u021binute de Emmanuel Macron. Textul prevedea nu doar blocarea cre\u0103rii de conturi de c\u0103tre copiii sub 15 ani, ci \u0219i \u00eenchiderea conturilor pe care ace\u0219tia le de\u021bineau deja.<\/p>\n<p>Consiliul Constitu\u021bional a constatat c\u0103 m\u0103sura era formulat\u0103 prea larg \u0219i nu f\u0103cea suficient\u0103 diferen\u021b\u0103 \u00eentre platformele online, inclusiv \u00een situa\u021biile \u00een care existen\u021ba unor riscuri pentru s\u0103n\u0103tatea sau siguran\u021ba minorilor nu era demonstrat\u0103.<\/p>\n<p>O alt\u0103 problem\u0103 identificat\u0103 de judec\u0103tori \u021bine de verificarea v\u00e2rstei. Pentru aplicarea interdic\u021biei, platformele ar fi trebuit s\u0103 stabileasc\u0103 v\u00e2rsta utilizatorilor, ceea ce ar fi afectat inclusiv adul\u021bii. \u00cen opinia Consiliului, legea nu stabilea condi\u021bii \u0219i garan\u021bii suficient de clare privind protejarea vie\u021bii private \u00een cadrul acestui proces.<\/p>\n<p>Instan\u021ba constitu\u021bional\u0103 a remarcat \u0219i faptul c\u0103 textul nu \u021binea suficient cont de diferen\u021bele de v\u00e2rst\u0103 \u0219i maturitate dintre minori, de situa\u021bia familial\u0103 a acestora \u0219i nici de rolul p\u0103rin\u021bilor \u00een stabilirea accesului copiilor la serviciile digitale.<\/p>\n<p>Decizia reprezint\u0103 un e\u0219ec important pentru Emmanuel Macron, care a sus\u021binut public introducerea unei limite de v\u00e2rst\u0103 pentru accesul la re\u021belele sociale.<\/p>\n<p>Pre\u0219edintele francez i-a cerut premierului S\u00e9bastien Lecornu s\u0103 preg\u0103teasc\u0103 o nou\u0103 versiune a legii, care s\u0103 respecte at\u00e2t exigen\u021bele constitu\u021bionale, c\u00e2t \u0219i cadrul juridic european.<\/p>\n<p>Palatul \u00c9lys\u00e9e a transmis c\u0103 Macron r\u0103m\u00e2ne hot\u0103r\u00e2t s\u0103 duc\u0103 reforma p\u00e2n\u0103 la cap\u0103t, obiectivul fiind adoptarea unei formule juridice revizuite care s\u0103 poat\u0103 fi aplicat\u0103 p\u00e2n\u0103 \u00een prim\u0103vara anului 2027.<\/p>\n<p>Dac\u0103 ar fi intrat \u00een vigoare \u00een forma adoptat\u0103 de Parlament, Fran\u021ba ar fi devenit prima \u021bar\u0103 din Uniunea European\u0103 care introduce o asemenea interdic\u021bie general\u0103 pentru copiii sub 15 ani. Australia a adoptat deja o m\u0103sur\u0103 similar\u0103 pentru persoanele sub 16 ani.<\/p>\n<p><em><strong>surs\u0103: <a href=\"https:\/\/ziua.md\/lovitura-pentru-macron-consiliul-constitutional-al-frantei-a-blocat-interzicerea-retelelor-sociale-pentru-copiii-sub-15-ani\/\">ziua.md<\/a><\/strong><\/em><\/p>\n<div class=\"tagcloud qt-spacer-m\"><span class=\"qt-title\">Tagged as <\/span><a href=\"https:\/\/radiogoldfm.ro\/tag\/franta\/\" rel=\"tag\">franta<\/a><a href=\"https:\/\/radiogoldfm.ro\/tag\/gold-fm\/\" rel=\"tag\">GOLD FM<\/a><a href=\"https:\/\/radiogoldfm.ro\/tag\/macron\/\" rel=\"tag\">macron<\/a><a href=\"https:\/\/radiogoldfm.ro\/tag\/romania\/\" rel=\"tag\">romania<\/a><\/div>\n<div class=\"qt-post-author qt-card\">\n<div class=\"row\">\n<div class=\"qt-post-author-data col s10 m7 l7\">\n<h6>Profil<\/h6>\n<h4><a href=\"https:\/\/radiogoldfm.ro\/lovitura-pentru-macron-consiliul-constitutional-al-frantei-a-blocat-interzicerea-retelelor-sociale-pentru-copiii-sub-15-ani\/#author_page\">Gold FM Radio<\/a><\/h4>\n<\/div>\n<div class=\"qt-post-author-link col s12 m3 l4 \"><a href=\"https:\/\/radiogoldfm.ro\/author\/gold-fm\/\" class=\"qt-btn qt-btn-large qt-btn-primary aligncenter\">Arhiva postari<\/a><\/div>\n<\/div>\n<\/div>\n<\/div>\n<p>[analyse_source url=&#8221;https:\/\/radiogoldfm.ro\/lovitura-pentru-macron-consiliul-constitutional-al-frantei-a-blocat-interzicerea-retelelor-sociale-pentru-copiii-sub-15-ani\/&#8221;]<\/p>\n","protected":false},"excerpt":{"rendered":"<p>[analyse_image type=&#8221;featured&#8221; src=&#8221;https:\/\/radiogoldfm.ro\/wp-content\/uploads\/2026\/08\/emmanuel_macron_100825-768&#215;512-1.jpghttps:\/\/radiogoldfm.ro\/wp-content\/uploads\/2026\/08\/emmanuel_macron_100825-768&#215;512-1.jpg&#8221;] Consiliul Constitu\u021bional al Fran\u021bei a declarat neconstitu\u021bional\u0103 una dintre principalele prevederi ale legii promovate de pre\u0219edintele Emmanuel Macron pentru protejarea minorilor \u00een mediul online. Este vorba despre interdic\u021bia accesului la re\u021belele de socializare pentru copiii cu v\u00e2rsta sub 15 ani, care urma s\u0103 intre \u00een vigoare de la 1 septembrie. Judec\u0103torii constitu\u021bionali [&hellip;]<\/p>\n","protected":false},"author":1,"featured_media":0,"comment_status":"open","ping_status":"","sticky":false,"template":"","format":"standard","meta":{"footnotes":""},"categories":[89],"tags":[226,96],"class_list":["post-2095168","post","type-post","status-publish","format-standard","hentry","category-romania","tag-crawlmanager","tag-radiogoldfm-ro"],"_links":{"self":[{"href":"https:\/\/analyse.optim.biz\/index.php?rest_route=\/wp\/v2\/posts\/2095168","targetHints":{"allow":["GET"]}}],"collection":[{"href":"https:\/\/analyse.optim.biz\/index.php?rest_route=\/wp\/v2\/posts"}],"about":[{"href":"https:\/\/analyse.optim.biz\/index.php?rest_route=\/wp\/v2\/types\/post"}],"author":[{"embeddable":true,"href":"https:\/\/analyse.optim.biz\/index.php?rest_route=\/wp\/v2\/users\/1"}],"replies":[{"embeddable":true,"href":"https:\/\/analyse.optim.biz\/index.php?rest_route=%2Fwp%2Fv2%2Fcomments&post=2095168"}],"version-history":[{"count":0,"href":"https:\/\/analyse.optim.biz\/index.php?rest_route=\/wp\/v2\/posts\/2095168\/revisions"}],"wp:attachment":[{"href":"https:\/\/analyse.optim.biz\/index.php?rest_route=%2Fwp%2Fv2%2Fmedia&parent=2095168"}],"wp:term":[{"taxonomy":"category","embeddable":true,"href":"https:\/\/analyse.optim.biz\/index.php?rest_route=%2Fwp%2Fv2%2Fcategories&post=2095168"},{"taxonomy":"post_tag","embeddable":true,"href":"https:\/\/analyse.optim.biz\/index.php?rest_route=%2Fwp%2Fv2%2Ftags&post=2095168"}],"curies":[{"name":"wp","href":"https:\/\/api.w.org\/{rel}","templated":true}]}}