{"id":2095164,"date":"2026-08-14T11:55:00","date_gmt":"2026-08-14T08:55:00","guid":{"rendered":"https:\/\/analyse.optim.biz\/?p=2095164"},"modified":"2026-08-14T11:55:00","modified_gmt":"2026-08-14T08:55:00","slug":"polonia-nu-a-invitat-ucraina-la-cea-mai-mare-parada-militara-din-istoria-sa","status":"publish","type":"post","link":"https:\/\/analyse.optim.biz\/?p=2095164","title":{"rendered":"Polonia nu a invitat Ucraina la cea mai mare parad\u0103 militar\u0103 din istoria sa"},"content":{"rendered":"<p>[analyse_image type=&#8221;featured&#8221; src=&#8221;https:\/\/radiogoldfm.ro\/wp-content\/uploads\/2026\/08\/polonia-nu-a-invitat-ucraina-la-cea-mai-mare-parada-militara-din-istoria-sa-84130.jpghttps:\/\/radiogoldfm.ro\/wp-content\/uploads\/2026\/08\/polonia-nu-a-invitat-ucraina-la-cea-mai-mare-parada-militara-din-istoria-sa-84130.jpg&#8221;]<\/p>\n<div class=\"qt-the-content\">\n<p>Polonia nu a invitat reprezentan\u021bi ucraineni la parada militar\u0103 care va avea loc la Var\u0219ovia pe 15 august, cu ocazia Zilei For\u021belor Armate Poloneze. Parada va fi cea mai mare din istoria Poloniei, anun\u021b\u0103\u00a0<a href=\"https:\/\/strana.today\/news\/510573-poljaki-ne-pozvali-ukrainu-na-voennyj-parad.html\" target=\"_blank\" rel=\"noreferrer noopener\">Strana<\/a>.<\/p>\n<p>Ministerul Ap\u0103r\u0103rii din Ucraina a comunicat acest lucru presei ucrainene.<\/p>\n<p>Potrivit presei poloneze, la ceremonie vor participa aproximativ 1.800 de militari, peste 300 de unit\u0103\u021bi de echipament terestru \u0219i aproximativ 60 de aeronave.<\/p>\n<p>Printre participan\u021bi se vor num\u0103ra trupe din Statele Unite, Canada, Australia, Fran\u021ba, Lituania, Estonia, Suedia, Rom\u00e2nia \u0219i alte \u021b\u0103ri. Cel mai mare contingent aliat va fi reprezentat de Fran\u021ba, inclusiv o unitate a Legiunii Str\u0103ine.<\/p>\n<p>Pe l\u00e2ng\u0103 componenta terestr\u0103, la Gdynia \u0219i Gda\u0144sk va avea loc o parad\u0103 naval\u0103 la care vor participa peste 20 de nave, printre care fregate, corvete, nave hidrografice \u0219i dragamine.<\/p>\n<p>Reamintim c\u0103 tradi\u021bionala parad\u0103 militar\u0103 de Ziua Bastiliei, care a avut loc la Paris pe 14 iulie, a fost dedicat\u0103 sprijinirii Ucrainei \u0219i demonstr\u0103rii disponibilit\u0103\u021bii Occidentului\u00a0<a href=\"https:\/\/strana.today\/news\/506838-frantsija-reshila-posvjatit-parad-ko-dnju-vzjatija-bastilii-podderzhke-ukrainy.html\">de a rezista agresiunii ruse<\/a>.<\/p>\n<p><strong><em>surs\u0103:<a href=\"https:\/\/strana.today\/news\/510573-poljaki-ne-pozvali-ukrainu-na-voennyj-parad.html\" target=\"_blank\" rel=\"noreferrer noopener\"> Strana<\/a><\/em><\/strong><\/p>\n<div class=\"tagcloud qt-spacer-m\"><span class=\"qt-title\">Tagged as <\/span><a href=\"https:\/\/radiogoldfm.ro\/tag\/gold-fm\/\" rel=\"tag\">GOLD FM<\/a><a href=\"https:\/\/radiogoldfm.ro\/tag\/nawrocki\/\" rel=\"tag\">Nawrocki<\/a><a href=\"https:\/\/radiogoldfm.ro\/tag\/parada\/\" rel=\"tag\">parada<\/a><a href=\"https:\/\/radiogoldfm.ro\/tag\/polonia\/\" rel=\"tag\">polonia<\/a><a href=\"https:\/\/radiogoldfm.ro\/tag\/romania\/\" rel=\"tag\">romania<\/a><a href=\"https:\/\/radiogoldfm.ro\/tag\/ucraina\/\" rel=\"tag\">ucraina<\/a><a href=\"https:\/\/radiogoldfm.ro\/tag\/zelenski\/\" rel=\"tag\">zelenski<\/a><\/div>\n<div class=\"qt-post-author qt-card\">\n<div class=\"row\">\n<div class=\"qt-post-author-data col s10 m7 l7\">\n<h6>Profil<\/h6>\n<h4><a href=\"https:\/\/radiogoldfm.ro\/polonia-nu-a-invitat-ucraina-la-cea-mai-mare-parada-militara-din-istoria-sa\/#author_page\">Gold FM Radio<\/a><\/h4>\n<\/div>\n<div class=\"qt-post-author-link col s12 m3 l4 \"><a href=\"https:\/\/radiogoldfm.ro\/author\/gold-fm\/\" class=\"qt-btn qt-btn-large qt-btn-primary aligncenter\">Arhiva postari<\/a><\/div>\n<\/div>\n<\/div>\n<\/div>\n<p>[analyse_source url=&#8221;https:\/\/radiogoldfm.ro\/polonia-nu-a-invitat-ucraina-la-cea-mai-mare-parada-militara-din-istoria-sa\/&#8221;]<\/p>\n","protected":false},"excerpt":{"rendered":"<p>[analyse_image type=&#8221;featured&#8221; src=&#8221;https:\/\/radiogoldfm.ro\/wp-content\/uploads\/2026\/08\/polonia-nu-a-invitat-ucraina-la-cea-mai-mare-parada-militara-din-istoria-sa-84130.jpghttps:\/\/radiogoldfm.ro\/wp-content\/uploads\/2026\/08\/polonia-nu-a-invitat-ucraina-la-cea-mai-mare-parada-militara-din-istoria-sa-84130.jpg&#8221;] Polonia nu a invitat reprezentan\u021bi ucraineni la parada militar\u0103 care va avea loc la Var\u0219ovia pe 15 august, cu ocazia Zilei For\u021belor Armate Poloneze. Parada va fi cea mai mare din istoria Poloniei, anun\u021b\u0103\u00a0Strana. Ministerul Ap\u0103r\u0103rii din Ucraina a comunicat acest lucru presei ucrainene. Potrivit presei poloneze, la ceremonie vor participa aproximativ [&hellip;]<\/p>\n","protected":false},"author":1,"featured_media":0,"comment_status":"open","ping_status":"","sticky":false,"template":"","format":"standard","meta":{"footnotes":""},"categories":[89],"tags":[226,96],"class_list":["post-2095164","post","type-post","status-publish","format-standard","hentry","category-romania","tag-crawlmanager","tag-radiogoldfm-ro"],"_links":{"self":[{"href":"https:\/\/analyse.optim.biz\/index.php?rest_route=\/wp\/v2\/posts\/2095164","targetHints":{"allow":["GET"]}}],"collection":[{"href":"https:\/\/analyse.optim.biz\/index.php?rest_route=\/wp\/v2\/posts"}],"about":[{"href":"https:\/\/analyse.optim.biz\/index.php?rest_route=\/wp\/v2\/types\/post"}],"author":[{"embeddable":true,"href":"https:\/\/analyse.optim.biz\/index.php?rest_route=\/wp\/v2\/users\/1"}],"replies":[{"embeddable":true,"href":"https:\/\/analyse.optim.biz\/index.php?rest_route=%2Fwp%2Fv2%2Fcomments&post=2095164"}],"version-history":[{"count":0,"href":"https:\/\/analyse.optim.biz\/index.php?rest_route=\/wp\/v2\/posts\/2095164\/revisions"}],"wp:attachment":[{"href":"https:\/\/analyse.optim.biz\/index.php?rest_route=%2Fwp%2Fv2%2Fmedia&parent=2095164"}],"wp:term":[{"taxonomy":"category","embeddable":true,"href":"https:\/\/analyse.optim.biz\/index.php?rest_route=%2Fwp%2Fv2%2Fcategories&post=2095164"},{"taxonomy":"post_tag","embeddable":true,"href":"https:\/\/analyse.optim.biz\/index.php?rest_route=%2Fwp%2Fv2%2Ftags&post=2095164"}],"curies":[{"name":"wp","href":"https:\/\/api.w.org\/{rel}","templated":true}]}}