{"id":2095160,"date":"2026-08-15T09:58:57","date_gmt":"2026-08-15T06:58:57","guid":{"rendered":"https:\/\/analyse.optim.biz\/?p=2095160"},"modified":"2026-08-15T09:58:57","modified_gmt":"2026-08-15T06:58:57","slug":"noi-reguli-in-paris-pentru-utilizatorii-de-trotinete-electrice-din-cauza-numarului-mare-de-accidente-grave","status":"publish","type":"post","link":"https:\/\/analyse.optim.biz\/?p=2095160","title":{"rendered":"Noi reguli \u00een Paris pentru utilizatorii de trotinete electrice, din cauza num\u0103rului mare de accidente grave"},"content":{"rendered":"<p>[analyse_image type=&#8221;featured&#8221; src=&#8221;https:\/\/r3media.ro\/wp-content\/uploads\/2025\/09\/control-judiciar-trotinetist-e1756835479843.pnghttps:\/\/r3media.ro\/wp-content\/uploads\/2025\/09\/control-judiciar-trotinetist-e1756835479843.png&#8221;]<\/p>\n<article id=\"template-id-109\" class=\"post-109 tdb_templates type-tdb_templates status-publish post\">\n<div id=\"tdi_2\" class=\"tdc-zone\">\n<div class=\"tdc_zone tdi_3  wpb_row td-pb-row\">\n<div id=\"tdi_4\" class=\"tdc-row\">\n<div class=\"vc_row tdi_5  wpb_row td-pb-row\">\n<div class=\"vc_column tdi_7  wpb_column vc_column_container tdc-column td-pb-span8\">\n<div class=\"wpb_wrapper\">\n<div class=\"td_block_wrap tdb_breadcrumbs tdi_8 td-pb-border-top td_block_template_1 tdb-breadcrumbs \" data-td-block-uid=\"tdi_8\">\n<div class=\"tdb-block-inner td-fix-index\"><span><a title=\"Vede\u021bi toate articolele \u00een FEATURED\" class=\"tdb-entry-crumb\" href=\"https:\/\/r3media.ro\/category\/featured\/\">FEATURED<\/a><\/span><span class=\"tdb-bred-no-url-last\">Noi reguli \u00een Paris pentru utilizatorii de trotinete electrice, din cauza num\u0103rului&#8230;<\/span><\/div>\n<\/div>\n<div class=\"td_block_wrap tdb_single_categories tdi_9 td-pb-border-top td_block_template_1 \" data-td-block-uid=\"tdi_9\">\n<div class=\"tdb-category td-fix-index\"><a class=\"tdb-entry-category\" href=\"https:\/\/r3media.ro\/category\/featured\/\">FEATURED<\/a><a class=\"tdb-entry-category\" href=\"https:\/\/r3media.ro\/category\/stiri\/\">\u0218TIRI<\/a><\/div>\n<\/div>\n<div class=\"td_block_wrap tdb_title tdi_10 tdb-single-title td-pb-border-top td_block_template_1\" data-td-block-uid=\"tdi_10\">\n<div class=\"tdb-block-inner td-fix-index\">\n<h1 class=\"tdb-title-text\">Noi reguli \u00een Paris pentru utilizatorii de trotinete electrice, din cauza num\u0103rului mare de accidente grave<\/h1>\n<\/div>\n<\/div>\n<div class=\"vc_row_inner tdi_12  vc_row vc_inner wpb_row td-pb-row\">\n<div class=\"vc_column_inner tdi_14  wpb_column vc_column_container tdc-inner-column td-pb-span12\">\n<div class=\"vc_column-inner\">\n<div class=\"wpb_wrapper\">\n<div class=\"td_block_wrap tdb_single_author tdi_15 td-pb-border-top td_block_template_1 tdb-post-meta\" data-td-block-uid=\"tdi_15\">\n<div class=\"tdb-block-inner td-fix-index\">\n<div class=\"tdb-author-name-wrap\"><a class=\"tdb-author-name\" href=\"https:\/\/r3media.ro\/author\/oana\/\">Oana Ivan<\/a><\/div>\n<\/div>\n<\/div>\n<div class=\"td_block_wrap tdb_single_date tdi_16 td-pb-border-top td_block_template_1 tdb-post-meta\" data-td-block-uid=\"tdi_16\">\n<div class=\"tdb-block-inner td-fix-index\"><time class=\"entry-date updated td-module-date\" datetime=\"2026-08-15T12:58:57+03:00\">15\/08\/2026<\/time><\/div>\n<\/div>\n<\/div>\n<\/div>\n<\/div>\n<\/div>\n<div class=\"td_block_wrap tdb_single_featured_image tdi_17 tdb-content-horiz-left td-pb-border-top td_block_template_1\" data-td-block-uid=\"tdi_17\">\n<div class=\"tdb-block-inner td-fix-index\">\n<figure><figcaption class=\"tdb-caption-text\">Surs\u0103 &#8211; Unsplash<\/figcaption><\/figure>\n<\/div>\n<\/div>\n<div class=\"td_block_wrap tdb_single_content tdi_18 td-pb-border-top td_block_template_1 td-post-content tagdiv-type\" data-td-block-uid=\"tdi_18\">\n<div class=\"tdb-block-inner td-fix-index\">\n<p><strong>Persoanele din Paris car utilizeaz\u0103 <a href=\"https:\/\/r3media.ro\/tag\/trotinete-electrice\/\" target=\"_blank\" rel=\"noopener\">trotinete electrice<\/a> vor trebui de acum \u00eenainte s\u0103 respecte o serie de reguli. Nepurtarea c\u0103\u0219tii se sanc\u021bioneaz\u0103 cu o amend\u0103 de 135 de euro, \u00een timp ce utilizatorii care nu poart\u0103 vest\u0103 de \u00eenalt\u0103 vizibilitate sau echipament reflectorizant pot fi sanc\u021biona\u021bi cu amend\u0103 de 35 de euro, conform <a href=\"https:\/\/www.lemonde.fr\/en\/france\/article\/2026\/08\/08\/helmets-and-reflective-gear-become-mandatory-for-e-scooter-users-in-paris_6756295_7.html?srsltid=AfmBOoqfbyC3m6gDlJuArc8Jbvh34f2l3ro2nUThh0WLIdwtzDNG50oH\" target=\"_blank\" rel=\"noopener\">Le Monde<\/a>.<\/strong><\/p>\n<p>M\u0103surile au fost introduse dup\u0103 o cre\u0219tere semnificativ\u0103 a num\u0103rului de accidente produse de trotinete electrice. Regulile se aplic\u0103 oric\u0103rei persoane care folose\u0219te dispozitive de mobilitate motorizate, inclusiv trotinete electrice, Segway-uri \u0219i hoverboard-uri.<\/p>\n<p>Trotinetele electrice de \u00eenchiriat nu mai circul\u0103 pe str\u0103zile capitalei din 2023, c\u00e2nd <strong><a href=\"https:\/\/r3media.ro\/prima-capitala-din-europa-care-a-interzis-trotinetele-elctrice-inchiriabile-locuitorii-le-considera-insuportabile-si-au-votat-la-referendum-in-proportie-de-90-pentru-interzicerea-ac\/\" target=\"_blank\" rel=\"noopener\">Parisul a votat pentru interzicerea lor<\/a><\/strong> din motive de siguran\u021b\u0103. Totu\u0219i, dispozitivele private au r\u0103mas utilizate pe scar\u0103 larg\u0103.<\/p>\n<h2><strong>Utilizatorii de trotinete electrice din Paris vor trebui s\u0103-\u0219i sporeasc\u0103 siguran\u021ba pe vehicule<\/strong><\/h2>\n<p>Poli\u021bia a declarat c\u0103 ultima m\u0103sur\u0103 a fost determinat\u0103 de o cre\u0219tere a num\u0103rului de accidente care implic\u0103 aceste dispozitive, \u201eo propor\u021bie semnificativ\u0103\u201d provoc\u00e2nd leziuni craniene grave sau fatale. Decesele \u00een r\u00e2ndul a\u0219a-numi\u021bilor \u201eparticipan\u021bi la trafic neproteja\u021bi\u201d \u2013 \u00een special a celor care utilizeaz\u0103 dispozitive de mobilitate motorizate \u2013 au crescut brusc \u00een 2025, cu 79 de persoane ucise, fa\u021b\u0103 de 45 \u00een anul precedent, a declarat poli\u021bia din Paris, cit\u00e2nd date de la organismul francez de supraveghere a siguran\u021bei rutiere.<\/p>\n<p>Aproximativ 1.100 de utilizatori de trotinete electrice au fost, de asemenea, grav r\u0103ni\u021bi \u00een 2025. Cre\u0219terea a fost de 33% fa\u021b\u0103 de anul precedent, conform acelora\u0219i date.<\/p>\n<p>Nepurtarea c\u0103\u0219tii se sanc\u021bioneaz\u0103 cu o amend\u0103 de 135 de euro, \u00een timp ce cei f\u0103r\u0103 vest\u0103 de \u00eenalt\u0103 vizibilitate sau echipament reflectorizant se confrunt\u0103 cu o amend\u0103 de 35 de euro, a declarat poli\u021bia. Ordinul se aplic\u0103 \u00een permanen\u021b\u0103 pe toate drumurile publice.<\/p>\n<p>Alte ora\u0219e europene au luat m\u0103suri drastice \u00een ultimii ani \u00eempotriva vehiculelor cu dou\u0103 ro\u021bi. Madridul ade pild\u0103 <a href=\"https:\/\/r3media.ro\/madrid-interzice-trotinete-electrice-probleme-circulatie-parcare-utilizatori\/\" target=\"_blank\" rel=\"noopener\"><strong>a interzis \u00eenchirierea de trotinete electrice \u00een 2024<\/strong><\/a>. Totodat\u0103, Bruxellesul a anun\u021bat \u00een iunie c\u0103 va urma exemplul.<\/p>\n<h2><strong>Probleme cu trotinetele electrice \u0219i \u00een estul Europei<\/strong><\/h2>\n<p>\u00a0<\/p>\n<p>De c\u00e2teva zile, trotinetele electrice <strong><a href=\"https:\/\/r3media.ro\/trotinetele-electrice-interzise-cernauti\/\" target=\"_blank\" rel=\"noopener\">au fost interzise la Cern\u0103u\u021bi<\/a><\/strong> \u00een urma unei decizii a Consiliului Municipal din 10 august. \u00cen acela\u0219i timp, aceste vehicule <a href=\"https:\/\/r3media.ro\/trotinetele-electrice-ravagii-republica-moldova-accidente-conducatori-bauti\/\" target=\"_blank\" rel=\"noopener\"><strong>au devenit o problem\u0103<\/strong><\/a> \u0219i \u00een Republica Moldova, unde de la \u00eenceputul anului, aproape 1.700 de persoane au ajuns \u00een aten\u021bia Poli\u021biei.<\/p>\n<p>Statisticile arat\u0103 \u0219i un num\u0103r \u00eengrijor\u0103tor de accidente. \u00cen primele \u0219apte luni au avut loc peste 70 de accidente rutiere cu implicarea conduc\u0103torilor de trotinete electrice. \u00cen urma acestora, dou\u0103 persoane \u0219i-au pierdut via\u021ba, iar 54 au fost traumatizate.<\/p>\n<p>La fel, Grecia a decis s\u0103 ia <a href=\"https:\/\/r3media.ro\/grecia-interzice-trotinete-electrice-pentru-minori\/\" target=\"_blank\" rel=\"noopener\"><strong>m\u0103suri dure<\/strong><\/a>\u00a0\u00een ceea ce prive\u0219te utilizarea trotinetelor electrice de c\u0103tre minori. Din cauza num\u0103rului mare de accidente, utilizarea trotinetelor electrice este reglementat\u0103 prin reguli stricte care includ interzicerea acestora pentru persoanele sub 17 ani, limitarea vitezei maxime \u0219i amenzi mari pentru nerespectarea normelor.<\/p>\n<div class=\"crp_related     crp-masonry\">\n<h2>\u00ceN CONTEXT<\/h2>\n<ul>\n<li><a href=\"https:\/\/r3media.ro\/fara-tine-in-google-r3media-dispare-iata-ce-poti-face-in-10-secunde\/\" class=\"crp_link post-119031\"><span class=\"crp_title\">F\u0103r\u0103 tine \u00een Google, R3media dispare. Iat\u0103 ce po\u021bi face \u00een 10 secunde<\/span><\/a><\/li>\n<li><a href=\"https:\/\/r3media.ro\/cjue-state-membre-verificare-varsta-siteuri-pornografice-ue\/\" class=\"crp_link post-118805\"><span class=\"crp_title\">CJUE: Statele membre pot impune verificarea v\u00e2rstei pe site-urile pornografice din alte \u021b\u0103ri ale UE<\/span><\/a><\/li>\n<li><a href=\"https:\/\/r3media.ro\/razie-birou-x-paris-politie-franta-elite-uniunea-europeana-pumn-gura-oameni-libera-exprimare-retele-sociale\/\" class=\"crp_link post-115032\"><span class=\"crp_title\">Razie a poli\u021biei franceze la birourile X din Paris: Elitele din UE nu \u0219tiu ce s\u0103 mai fac\u0103\u2026<\/span><\/a><\/li>\n<li><a href=\"https:\/\/r3media.ro\/14-iulie-ziua-nationala-a-frantei\/\" class=\"crp_link post-50509\"><span class=\"crp_title\">Calendarul zilei 14 iulie: Ziua Na\u021bional\u0103 a Fran\u021bei<\/span><\/a><\/li>\n<li><a href=\"https:\/\/r3media.ro\/nicusor-dan-plecat-conferinta-de-presa-coalitia-de-vointa-presedintele-romaniei-conferinta-separat-ambasada-paris-liderii-europeni-americani-presa-internationala\/\" class=\"crp_link post-114684\"><span class=\"crp_title\">Nicu\u0219or Dan a plecat pe repede \u00eenainte de la conferin\u021ba de pres\u0103 a Coali\u021biei de Voin\u021b\u0103:\u2026<\/span><\/a><\/li>\n<li><a href=\"https:\/\/r3media.ro\/revolte-violente-franta-eliminare-cupa-mondiala-spania-video\/\" class=\"crp_link post-119975\"><span class=\"crp_title\">VIDEO | Revolte violente \u00een Fran\u021ba dup\u0103 eliminarea de la Cupa Mondial\u0103<\/span><\/a><\/li>\n<li><a href=\"https:\/\/r3media.ro\/macron-butoi-cu-pulbere-nationalisti-franta-blocam-totul-10-septembrie-plati-cardul-numerar-banci-magazine-mici-supermarketuri\/\" class=\"crp_link post-112959\"><span class=\"crp_title\">Macron st\u0103 pe un butoi cu pulbere | Na\u021bionali\u0219tii din Fran\u021ba se organizeaz\u0103 \u00een secret \u0219i\u2026<\/span><\/a><\/li>\n<li><a href=\"https:\/\/r3media.ro\/cine-este-cu-adevarat-francez\/\" class=\"crp_link post-119942\"><span class=\"crp_title\">Cine este cu adev\u0103rat francez?<\/span><\/a><\/li>\n<\/ul>\n<\/div>\n<\/div>\n<\/div>\n<div class=\"td_block_wrap tdb_single_tags tdi_19 td-pb-border-top td_block_template_1\" data-td-block-uid=\"tdi_19\">\n<div class=\"tdb-block-inner td-fix-index\">\n<ul class=\"tdb-tags\">\n<li><span>SUBIECTE FIERBIN\u021aI<\/span><\/li>\n<li><a href=\"https:\/\/r3media.ro\/tag\/franta\/\">franta<\/a><\/li>\n<li><a href=\"https:\/\/r3media.ro\/tag\/paris\/\">paris<\/a><\/li>\n<li><a href=\"https:\/\/r3media.ro\/tag\/trotinete-electrice\/\">trotinete electrice<\/a><\/li>\n<\/ul>\n<\/div>\n<\/div>\n<div class=\"td_block_wrap td_block_9 tdi_20 td_with_ajax_pagination td-pb-border-top td_block_template_1 td-column-2 td_block_padding td_block_bot_line\" data-td-block-uid=\"tdi_20\">\n<div class=\"td-block-title-wrap\">\n<h4 class=\"block-title td-block-title\"><span class=\"td-pulldown-size\">CITE\u0218TE MAI MULT<\/span><\/h4>\n<\/div>\n<div id=\"tdi_20\" class=\"td_block_inner\">\n<div class=\"td-block-row\">\n<div class=\"td-block-span6\">\n<div class=\"td_module_8 td_module_wrap\">\n<div class=\"item-details\">\n<h3 class=\"entry-title td-module-title\"><a href=\"https:\/\/r3media.ro\/presedintele-serbiei-razboiul-din-ucraina\/\" rel=\"bookmark\" title=\"Pre\u0219edintele Serbiei nu crede c\u0103 r\u0103zboiul din Ucraina se termin\u0103 cur\u00e2nd: Cred c\u0103 ne afl\u0103m la \u00eenceputul unui r\u0103zboi mult, mult mai mare\">Pre\u0219edintele Serbiei nu crede c\u0103 r\u0103zboiul din Ucraina se termin\u0103 cur\u00e2nd: Cred c\u0103 ne&#8230;<\/a><\/h3>\n<div class=\"td-module-meta-info\"><a href=\"https:\/\/r3media.ro\/category\/actualitate\/\" class=\"td-post-category\">ACTUALITATE<\/a><span class=\"td-post-author-name\"><a href=\"https:\/\/r3media.ro\/author\/teodor_stan\/\">Teodor Stan<\/a><span>&#8211;<\/span><\/span><span class=\"td-post-date\"><time class=\"entry-date updated td-module-date\" datetime=\"2026-08-10T12:22:44+03:00\">10\/08\/2026<\/time><\/span><\/div>\n<\/div>\n<\/div>\n<\/div>\n<div class=\"td-block-span6\">\n<div class=\"td_module_8 td_module_wrap\">\n<div class=\"item-details\">\n<h3 class=\"entry-title td-module-title\"><a href=\"https:\/\/r3media.ro\/fara-apa-fara-curent-fara-viitor-cum-au-sacrificat-pro-europenii-romania-pe-altarul-ecologiei-ieftine\/\" rel=\"bookmark\" title=\"F\u0103r\u0103 ap\u0103, f\u0103r\u0103 curent, f\u0103r\u0103 viitor: cum au sacrificat pro-europenii Rom\u00e2nia pe altarul ecologiei ieftine\">F\u0103r\u0103 ap\u0103, f\u0103r\u0103 curent, f\u0103r\u0103 viitor: cum au sacrificat pro-europenii Rom\u00e2nia pe altarul ecologiei&#8230;<\/a><\/h3>\n<div class=\"td-module-meta-info\"><a href=\"https:\/\/r3media.ro\/category\/actualitate\/\" class=\"td-post-category\">ACTUALITATE<\/a><span class=\"td-post-author-name\"><a href=\"https:\/\/r3media.ro\/author\/paul_lazar\/\">Paul-Daniel Laz\u0103r<\/a><span>&#8211;<\/span><\/span><span class=\"td-post-date\"><time class=\"entry-date updated td-module-date\" datetime=\"2026-08-08T22:30:54+03:00\">08\/08\/2026<\/time><\/span><\/div>\n<\/div>\n<\/div>\n<\/div>\n<\/div>\n<div class=\"td-block-row\">\n<div class=\"td-block-span6\">\n<div class=\"td_module_8 td_module_wrap\">\n<div class=\"item-details\">\n<h3 class=\"entry-title td-module-title\"><a href=\"https:\/\/r3media.ro\/show-iluzie-si-realitate-de-la-the-truman-show-la-son-of-a-rich\/\" rel=\"bookmark\" title=\"Show, iluzie \u0219i realitate: de la The Truman Show la Son of a Rich\">Show, iluzie \u0219i realitate: de la The Truman Show la Son of a Rich<\/a><\/h3>\n<div class=\"td-module-meta-info\"><a href=\"https:\/\/r3media.ro\/category\/actualitate\/\" class=\"td-post-category\">ACTUALITATE<\/a><span class=\"td-post-author-name\"><a href=\"https:\/\/r3media.ro\/author\/costi_balasoiu\/\">Constantin B\u0103l\u0103\u0219oiu<\/a><span>&#8211;<\/span><\/span><span class=\"td-post-date\"><time class=\"entry-date updated td-module-date\" datetime=\"2026-08-08T15:30:25+03:00\">08\/08\/2026<\/time><\/span><\/div>\n<\/div>\n<\/div>\n<\/div>\n<div class=\"td-block-span6\">\n<div class=\"td_module_8 td_module_wrap\">\n<div class=\"item-details\">\n<h3 class=\"entry-title td-module-title\"><a href=\"https:\/\/r3media.ro\/fani-stapanul-inelelor-surpriza-sezonul-3-sauron\/\" rel=\"bookmark\" title=\"Fanii \u201eSt\u0103p\u00e2nul Inelelor\u201c ar putea avea o surpriz\u0103 \u00een sezonul 3 din serialul \u201eInelele Puterii\u201c. Sauron se va confrunta cu o creatur\u0103 de temut\">Fanii \u201eSt\u0103p\u00e2nul Inelelor\u201c ar putea avea o surpriz\u0103 \u00een sezonul 3 din serialul \u201eInelele&#8230;<\/a><\/h3>\n<div class=\"td-module-meta-info\"><a href=\"https:\/\/r3media.ro\/category\/actualitate\/\" class=\"td-post-category\">ACTUALITATE<\/a><span class=\"td-post-author-name\"><a href=\"https:\/\/r3media.ro\/author\/oana\/\">Oana Ivan<\/a><span>&#8211;<\/span><\/span><span class=\"td-post-date\"><time class=\"entry-date updated td-module-date\" datetime=\"2026-08-08T00:19:31+03:00\">08\/08\/2026<\/time><\/span><\/div>\n<\/div>\n<\/div>\n<\/div>\n<\/div>\n<div class=\"td-block-row\">\n<div class=\"td-block-span6\">\n<div class=\"td_module_8 td_module_wrap\">\n<div class=\"item-details\">\n<h3 class=\"entry-title td-module-title\"><a href=\"https:\/\/r3media.ro\/david-popovici-fair-play-sportivi-rusi-competitii\/\" rel=\"bookmark\" title=\"David Popovici, fair-play la revenirea sportivilor ru\u0219i \u00een competi\u021bii: Le urez succes, sper s\u0103 fiu mai bun dec\u00e2t ei\">David Popovici, fair-play la revenirea sportivilor ru\u0219i \u00een competi\u021bii: Le urez succes, sper s\u0103&#8230;<\/a><\/h3>\n<div class=\"td-module-meta-info\"><a href=\"https:\/\/r3media.ro\/category\/actualitate\/\" class=\"td-post-category\">ACTUALITATE<\/a><span class=\"td-post-author-name\"><a href=\"https:\/\/r3media.ro\/author\/redactia\/\">Redac\u021bia<\/a><span>&#8211;<\/span><\/span><span class=\"td-post-date\"><time class=\"entry-date updated td-module-date\" datetime=\"2026-08-07T15:07:51+03:00\">07\/08\/2026<\/time><\/span><\/div>\n<\/div>\n<\/div>\n<\/div>\n<div class=\"td-block-span6\">\n<div class=\"td_module_8 td_module_wrap\">\n<div class=\"item-details\">\n<h3 class=\"entry-title td-module-title\"><a href=\"https:\/\/r3media.ro\/kia-recheama-service-prima-generatie-masini-electrice-e-niro-risc-incendiu\/\" rel=\"bookmark\" title=\"Kia recheam\u0103 \u00een service prima genera\u021bie de ma\u0219ini electrice e-Niro din cauza riscului de incendiu\">Kia recheam\u0103 \u00een service prima genera\u021bie de ma\u0219ini electrice e-Niro din cauza riscului de&#8230;<\/a><\/h3>\n<div class=\"td-module-meta-info\"><a href=\"https:\/\/r3media.ro\/category\/actualitate\/\" class=\"td-post-category\">ACTUALITATE<\/a><span class=\"td-post-author-name\"><a href=\"https:\/\/r3media.ro\/author\/oana\/\">Oana Ivan<\/a><span>&#8211;<\/span><\/span><span class=\"td-post-date\"><time class=\"entry-date updated td-module-date\" datetime=\"2026-08-06T17:07:42+03:00\">06\/08\/2026<\/time><\/span><\/div>\n<\/div>\n<\/div>\n<\/div>\n<\/div>\n<div class=\"td-block-row\">\n<div class=\"td-block-span6\">\n<div class=\"td_module_8 td_module_wrap\">\n<div class=\"item-details\">\n<h3 class=\"entry-title td-module-title\"><a href=\"https:\/\/r3media.ro\/drona-gasita-mare-mamaia-zona-loft-video\/\" rel=\"bookmark\" title=\"VIDEO | O dron\u0103 a fost g\u0103sit\u0103 \u00een mare, \u00een Mamaia, \u00een zona Loft\">VIDEO | O dron\u0103 a fost g\u0103sit\u0103 \u00een mare, \u00een Mamaia, \u00een zona Loft<\/a><\/h3>\n<div class=\"td-module-meta-info\"><a href=\"https:\/\/r3media.ro\/category\/actualitate\/\" class=\"td-post-category\">ACTUALITATE<\/a><span class=\"td-post-author-name\"><a href=\"https:\/\/r3media.ro\/author\/oana\/\">Oana Ivan<\/a><span>&#8211;<\/span><\/span><span class=\"td-post-date\"><time class=\"entry-date updated td-module-date\" datetime=\"2026-08-05T21:48:11+03:00\">05\/08\/2026<\/time><\/span><\/div>\n<\/div>\n<\/div>\n<\/div>\n<div class=\"td-block-span6\">\n<div class=\"td_module_8 td_module_wrap\">\n<div class=\"item-details\">\n<h3 class=\"entry-title td-module-title\"><a href=\"https:\/\/r3media.ro\/cand-incepe-scoala-in-2026-structura-an-nou-scolar\/\" rel=\"bookmark\" title=\"C\u00e2nd \u00eencepe \u0219coala \u00een 2026: Structura noului an \u0219colar, vacan\u021bele \u0219i zilele libere\">C\u00e2nd \u00eencepe \u0219coala \u00een 2026: Structura noului an \u0219colar, vacan\u021bele \u0219i zilele libere<\/a><\/h3>\n<div class=\"td-module-meta-info\"><a href=\"https:\/\/r3media.ro\/category\/actualitate\/\" class=\"td-post-category\">ACTUALITATE<\/a><span class=\"td-post-author-name\"><a href=\"https:\/\/r3media.ro\/author\/oana\/\">Oana Ivan<\/a><span>&#8211;<\/span><\/span><span class=\"td-post-date\"><time class=\"entry-date updated td-module-date\" datetime=\"2026-08-03T22:23:20+03:00\">03\/08\/2026<\/time><\/span><\/div>\n<\/div>\n<\/div>\n<\/div>\n<\/div>\n<div class=\"td-block-row\">\n<div class=\"td-block-span6\">\n<div class=\"td_module_8 td_module_wrap\">\n<div class=\"item-details\">\n<h3 class=\"entry-title td-module-title\"><a href=\"https:\/\/r3media.ro\/tara-europa-norvegia-masini-electrice-inmatriculate-cota-ridicata\/\" rel=\"bookmark\" title=\"\u021aara din Europa unde aproape toate ma\u0219inile \u00eenmatriculate sune electrice. Cota a ajuns la 97,6% \u00een iulie\">\u021aara din Europa unde aproape toate ma\u0219inile \u00eenmatriculate sune electrice. Cota a ajuns la&#8230;<\/a><\/h3>\n<div class=\"td-module-meta-info\"><a href=\"https:\/\/r3media.ro\/category\/actualitate\/\" class=\"td-post-category\">ACTUALITATE<\/a><span class=\"td-post-author-name\"><a href=\"https:\/\/r3media.ro\/author\/oana\/\">Oana Ivan<\/a><span>&#8211;<\/span><\/span><span class=\"td-post-date\"><time class=\"entry-date updated td-module-date\" datetime=\"2026-08-03T17:01:21+03:00\">03\/08\/2026<\/time><\/span><\/div>\n<\/div>\n<\/div>\n<\/div>\n<div class=\"td-block-span6\">\n<div class=\"td_module_8 td_module_wrap\">\n<div class=\"item-details\">\n<h3 class=\"entry-title td-module-title\"><a href=\"https:\/\/r3media.ro\/puterea-mitologica-instalata-a-romaniei\/\" rel=\"bookmark\" title=\"Puterea mitologic\u0103 instalat\u0103 a Rom\u00e2niei\">Puterea mitologic\u0103 instalat\u0103 a Rom\u00e2niei<\/a><\/h3>\n<div class=\"td-module-meta-info\"><a href=\"https:\/\/r3media.ro\/category\/opinii\/\" class=\"td-post-category\">OPINII<\/a><span class=\"td-post-author-name\"><a href=\"https:\/\/r3media.ro\/author\/tru\/\">TRU (Traian Ungureanu)<\/a><span>&#8211;<\/span><\/span><span class=\"td-post-date\"><time class=\"entry-date updated td-module-date\" datetime=\"2026-08-02T22:08:04+03:00\">02\/08\/2026<\/time><\/span><\/div>\n<\/div>\n<\/div>\n<\/div>\n<\/div>\n<div class=\"td-block-row\">\n<div class=\"td-block-span6\">\n<div class=\"td_module_8 td_module_wrap\">\n<div class=\"item-details\">\n<h3 class=\"entry-title td-module-title\"><a href=\"https:\/\/r3media.ro\/hyundai-recheama-service-masini-electrice-inster-risc-incendiu\/\" rel=\"bookmark\" title=\"Hyundai recheam\u0103 \u00een service zeci de mii de ma\u0219ini electrice din cauza riscului de incendiu\">Hyundai recheam\u0103 \u00een service zeci de mii de ma\u0219ini electrice din cauza riscului de&#8230;<\/a><\/h3>\n<div class=\"td-module-meta-info\"><a href=\"https:\/\/r3media.ro\/category\/actualitate\/\" class=\"td-post-category\">ACTUALITATE<\/a><span class=\"td-post-author-name\"><a href=\"https:\/\/r3media.ro\/author\/oana\/\">Oana Ivan<\/a><span>&#8211;<\/span><\/span><span class=\"td-post-date\"><time class=\"entry-date updated td-module-date\" datetime=\"2026-08-02T08:34:05+03:00\">02\/08\/2026<\/time><\/span><\/div>\n<\/div>\n<\/div>\n<\/div>\n<div class=\"td-block-span6\">\n<div class=\"td_module_8 td_module_wrap\">\n<div class=\"item-details\">\n<h3 class=\"entry-title td-module-title\"><a href=\"https:\/\/r3media.ro\/dragostea-care-transcende-epoci-descult-in-parc-1967\/\" rel=\"bookmark\" title=\"Dragostea care transcende epoci \u2014 Descul\u021b \u00een parc (1967)\">Dragostea care transcende epoci \u2014 Descul\u021b \u00een parc (1967)<\/a><\/h3>\n<div class=\"td-module-meta-info\"><a href=\"https:\/\/r3media.ro\/category\/opinii\/\" class=\"td-post-category\">OPINII<\/a><span class=\"td-post-author-name\"><a href=\"https:\/\/r3media.ro\/author\/costi_balasoiu\/\">Constantin B\u0103l\u0103\u0219oiu<\/a><span>&#8211;<\/span><\/span><span class=\"td-post-date\"><time class=\"entry-date updated td-module-date\" datetime=\"2026-08-01T13:45:14+03:00\">01\/08\/2026<\/time><\/span><\/div>\n<\/div>\n<\/div>\n<\/div>\n<\/div>\n<\/div>\n<div class=\"td-load-more-wrap td-load-more-infinite-wrap\" id=\"infinite-lm-tdi_20\"><a href=\"https:\/\/r3media.ro\/noi-reguli-paris-utilizatori-trotinete-electrice-accidente-grave\/\" class=\"td_ajax_load_more td_ajax_load_more_js\" aria-label=\"\u00cenc\u0103rca\u021bi mai multe\" id=\"next-page-tdi_20\" data-td_block_id=\"tdi_20\">\u00cenc\u0103rca\u021bi mai multe<\/a><\/div>\n<\/div>\n<div class=\"td_block_wrap tdb_single_comments tdi_21 tdb-comm-layout2 td-pb-border-top td_block_template_1\" data-td-block-uid=\"tdi_21\">\n<div class=\"tdb-block-inner td-fix-index\">\n<div class=\"comments\" id=\"comments\">\n<div id=\"respond\" class=\"comment-respond\">\n<h3 id=\"reply-title\" class=\"comment-reply-title\">AI CEVA DE SPUS? <small><a rel=\"nofollow\" id=\"cancel-comment-reply-link\" href=\"https:\/\/r3media.ro\/noi-reguli-paris-utilizatori-trotinete-electrice-accidente-grave\/#respond\">Renun\u021ba\u021bi la r\u0103spuns<\/a><\/small><\/h3>\n<div class=\"comment-form-input-wrap td-form-comment\">\n<div class=\"td-warning-comment\">V\u0103 rug\u0103m s\u0103 introduce\u021bi comentariul dvs.!<\/div>\n<\/div>\n<div class=\"comment-form-input-wrap td-form-author\">\n<div class=\"td-warning-author\">Introduce\u021bi aici numele dvs.<\/div>\n<\/div>\n<div class=\"comment-form-input-wrap td-form-email\">\n<div class=\"td-warning-email-error\">A\u021bi introdus o adres\u0103 de e-mail incorect\u0103!<\/div>\n<div class=\"td-warning-email\">V\u0103 rug\u0103m s\u0103 introduce\u021bi adresa dvs. de e-mail aici<\/div>\n<\/div>\n<\/div>\n<\/div>\n<\/div>\n<\/div>\n<\/div>\n<\/div>\n<div class=\"vc_column tdi_23  wpb_column vc_column_container tdc-column td-pb-span4 td-is-sticky\">\n<div class=\"wpb_wrapper\" data-sticky-enabled-on=\"W3RydWUsdHJ1ZSx0cnVlLHRydWVd\" data-sticky-offset=\"20\" data-sticky-is-width-auto=\"W2ZhbHNlLGZhbHNlLGZhbHNlLGZhbHNlXQ==\">\n<div class=\"wpb_wrapper td_block_wrap vc_widget_sidebar tdi_25 \">\n<div class=\"td_block_wrap td_block_7 td_block_widget tdi_26 td-pb-border-top td_block_template_1 td-column-1 td_block_padding\" data-td-block-uid=\"tdi_26\">\n<div class=\"td-block-title-wrap\">\n<h4 class=\"block-title td-block-title\"><span class=\"td-pulldown-size\">Articole RELA\u021aIONATE<\/span><\/h4>\n<\/div>\n<div id=\"tdi_26\" class=\"td_block_inner\">\n<div class=\"td-block-span12\">\n<div class=\"td_module_6 td_module_wrap td-animation-stack\">\n<div class=\"td-module-thumb\"><a href=\"https:\/\/r3media.ro\/femeie-108-ani-franta-agresata-jefuita-autoritati-refuza-detalii-atacatori\/\" rel=\"bookmark\" class=\"td-image-wrap \" title=\"O femeie de 108 ani din Fran\u021ba a fost agresat\u0103 \u0219i jefuit\u0103. Autorit\u0103\u021bile refuz\u0103 s\u0103 dea detalii despre atacatori\"><img loading=\"lazy\" decoding=\"async\" class=\"entry-thumb\" src=\"https:\/\/r3media.ro\/wp-content\/uploads\/2026\/08\/femeie-batrana-100x70.jpg\" alt title=\"O femeie de 108 ani din Fran\u021ba a fost agresat\u0103 \u0219i jefuit\u0103. Autorit\u0103\u021bile refuz\u0103 s\u0103 dea detalii despre atacatori\" width=\"100\" height=\"70\"><\/a><\/div>\n<div class=\"item-details\">\n<h3 class=\"entry-title td-module-title\"><a href=\"https:\/\/r3media.ro\/femeie-108-ani-franta-agresata-jefuita-autoritati-refuza-detalii-atacatori\/\" rel=\"bookmark\" title=\"O femeie de 108 ani din Fran\u021ba a fost agresat\u0103 \u0219i jefuit\u0103. Autorit\u0103\u021bile refuz\u0103 s\u0103 dea detalii despre atacatori\">O femeie de 108 ani din Fran\u021ba a fost agresat\u0103 \u0219i&#8230;<\/a><\/h3>\n<div class=\"td-module-meta-info\"><span class=\"td-post-date\"><time class=\"entry-date updated td-module-date\" datetime=\"2026-08-15T12:33:30+03:00\">15\/08\/2026<\/time><\/span><\/div>\n<\/div>\n<\/div>\n<\/div>\n<div class=\"td-block-span12\">\n<div class=\"td_module_6 td_module_wrap td-animation-stack\">\n<div class=\"td-module-thumb\"><a href=\"https:\/\/r3media.ro\/video-david-popovici-aur-la-200-m-liber-la-europenele-de-la-paris-aici-e-romania\/\" rel=\"bookmark\" class=\"td-image-wrap \" title=\"VIDEO | David Popovici, aur la 200 m liber la Europenele de la Paris: Aici e Rom\u00e2nia!\"><img loading=\"lazy\" decoding=\"async\" class=\"entry-thumb\" src=\"https:\/\/r3media.ro\/wp-content\/uploads\/2026\/08\/david-popovici-100x70.jpeg\" alt title=\"VIDEO | David Popovici, aur la 200 m liber la Europenele de la Paris: Aici e Rom\u00e2nia!\" width=\"100\" height=\"70\"><\/a><\/div>\n<div class=\"item-details\">\n<h3 class=\"entry-title td-module-title\"><a href=\"https:\/\/r3media.ro\/video-david-popovici-aur-la-200-m-liber-la-europenele-de-la-paris-aici-e-romania\/\" rel=\"bookmark\" title=\"VIDEO | David Popovici, aur la 200 m liber la Europenele de la Paris: Aici e Rom\u00e2nia!\">VIDEO | David Popovici, aur la 200 m liber la Europenele&#8230;<\/a><\/h3>\n<div class=\"td-module-meta-info\"><span class=\"td-post-date\"><time class=\"entry-date updated td-module-date\" datetime=\"2026-08-15T11:27:28+03:00\">15\/08\/2026<\/time><\/span><\/div>\n<\/div>\n<\/div>\n<\/div>\n<div class=\"td-block-span12\">\n<div class=\"td_module_6 td_module_wrap td-animation-stack\">\n<div class=\"td-module-thumb\"><a href=\"https:\/\/r3media.ro\/15-august-adormirea-maicii-domnului-sf-maria-mare-ziua-marinei-romane\/\" rel=\"bookmark\" class=\"td-image-wrap \" title=\"Calendarul zilei 15 august: Adormirea Maicii Domnului (Sf. Maria Mare) \/ Ziua Marinei Rom\u00e2ne\"><img loading=\"lazy\" decoding=\"async\" class=\"entry-thumb\" src=\"https:\/\/r3media.ro\/wp-content\/uploads\/2021\/08\/adormirea-maicii-domnului-traditii-si-obiceiuri-de-sfanta-maria-mare-100x70.jpg\" alt title=\"Calendarul zilei 15 august: Adormirea Maicii Domnului (Sf. Maria Mare) \/ Ziua Marinei Rom\u00e2ne\" width=\"100\" height=\"70\"><\/a><\/div>\n<div class=\"item-details\">\n<h3 class=\"entry-title td-module-title\"><a href=\"https:\/\/r3media.ro\/15-august-adormirea-maicii-domnului-sf-maria-mare-ziua-marinei-romane\/\" rel=\"bookmark\" title=\"Calendarul zilei 15 august: Adormirea Maicii Domnului (Sf. Maria Mare) \/ Ziua Marinei Rom\u00e2ne\">Calendarul zilei 15 august: Adormirea Maicii Domnului (Sf. Maria Mare) \/&#8230;<\/a><\/h3>\n<div class=\"td-module-meta-info\"><span class=\"td-post-date\"><time class=\"entry-date updated td-module-date\" datetime=\"2026-08-14T23:00:03+03:00\">14\/08\/2026<\/time><\/span><\/div>\n<\/div>\n<\/div>\n<\/div>\n<div class=\"td-block-span12\">\n<div class=\"td_module_6 td_module_wrap td-animation-stack\">\n<div class=\"td-module-thumb\"><a href=\"https:\/\/r3media.ro\/gen-silviu-predoiu-guvern-roman-bruxelles\/\" rel=\"bookmark\" class=\"td-image-wrap \" title=\"Gen. Silviu Predoiu: Misiunea guvernului rom\u00e2n nu este s\u0103 ob\u021bin\u0103 note bune la Bruxelles. Nu este s\u0103 transforme fiecare decizie strategic\u0103 \u00eentr-o \u00eentrebare: \u201cAvem voie?\u201d\"><img loading=\"lazy\" decoding=\"async\" class=\"entry-thumb\" src=\"https:\/\/r3media.ro\/wp-content\/uploads\/2026\/08\/silviu-predoiu-e1786696790559-100x70.jpg\" alt title=\"Gen. Silviu Predoiu: Misiunea guvernului rom\u00e2n nu este s\u0103 ob\u021bin\u0103 note bune la Bruxelles. Nu este s\u0103 transforme fiecare decizie strategic\u0103 \u00eentr-o \u00eentrebare: \u201cAvem voie?\u201d\" width=\"100\" height=\"70\"><\/a><\/div>\n<div class=\"item-details\">\n<h3 class=\"entry-title td-module-title\"><a href=\"https:\/\/r3media.ro\/gen-silviu-predoiu-guvern-roman-bruxelles\/\" rel=\"bookmark\" title=\"Gen. Silviu Predoiu: Misiunea guvernului rom\u00e2n nu este s\u0103 ob\u021bin\u0103 note bune la Bruxelles. Nu este s\u0103 transforme fiecare decizie strategic\u0103 \u00eentr-o \u00eentrebare: \u201cAvem voie?\u201d\">Gen. Silviu Predoiu: Misiunea guvernului rom\u00e2n nu este s\u0103 ob\u021bin\u0103 note&#8230;<\/a><\/h3>\n<div class=\"td-module-meta-info\"><span class=\"td-post-date\"><time class=\"entry-date updated td-module-date\" datetime=\"2026-08-14T11:41:21+03:00\">14\/08\/2026<\/time><\/span><\/div>\n<\/div>\n<\/div>\n<\/div>\n<div class=\"td-block-span12\">\n<div class=\"td_module_6 td_module_wrap td-animation-stack\">\n<div class=\"td-module-thumb\"><a href=\"https:\/\/r3media.ro\/foto-masina-electrica-gunoi-foc-incendiu-baterie-litiu-ion\/\" rel=\"bookmark\" class=\"td-image-wrap \" title=\"FOTO | O ma\u0219in\u0103 electric\u0103 de gunoi a luat foc. Incendiul ar fi provenit de la o baterie litiu-ion pe care vehiculul a colectat-o\"><img loading=\"lazy\" decoding=\"async\" class=\"entry-thumb\" src=\"https:\/\/r3media.ro\/wp-content\/uploads\/2026\/08\/masina-de-gunoi-100x70.jpg\" alt title=\"FOTO | O ma\u0219in\u0103 electric\u0103 de gunoi a luat foc. Incendiul ar fi provenit de la o baterie litiu-ion pe care vehiculul a colectat-o\" width=\"100\" height=\"70\"><\/a><\/div>\n<div class=\"item-details\">\n<h3 class=\"entry-title td-module-title\"><a href=\"https:\/\/r3media.ro\/foto-masina-electrica-gunoi-foc-incendiu-baterie-litiu-ion\/\" rel=\"bookmark\" title=\"FOTO | O ma\u0219in\u0103 electric\u0103 de gunoi a luat foc. Incendiul ar fi provenit de la o baterie litiu-ion pe care vehiculul a colectat-o\">FOTO | O ma\u0219in\u0103 electric\u0103 de gunoi a luat foc. Incendiul&#8230;<\/a><\/h3>\n<div class=\"td-module-meta-info\"><span class=\"td-post-date\"><time class=\"entry-date updated td-module-date\" datetime=\"2026-08-14T11:40:55+03:00\">14\/08\/2026<\/time><\/span><\/div>\n<\/div>\n<\/div>\n<\/div>\n<div class=\"td-block-span12\">\n<div class=\"td_module_6 td_module_wrap td-animation-stack\">\n<div class=\"td-module-thumb\"><a href=\"https:\/\/r3media.ro\/tehnologia-thermo-signal-de-la-tefal-ce-indica-de-fapt\/\" rel=\"bookmark\" class=\"td-image-wrap \" title=\"Tehnologia Thermo-Signal de la Tefal: ce indic\u0103, de fapt\"><img loading=\"lazy\" decoding=\"async\" class=\"entry-thumb\" src=\"https:\/\/r3media.ro\/wp-content\/uploads\/2026\/08\/tehnologia_thermosignal_de_la_tefal_ce_indic_de_fapt-100x70.jpg\" alt title=\"Tehnologia Thermo-Signal de la Tefal: ce indic\u0103, de fapt\" width=\"100\" height=\"70\"><\/a><\/div>\n<div class=\"item-details\">\n<h3 class=\"entry-title td-module-title\"><a href=\"https:\/\/r3media.ro\/tehnologia-thermo-signal-de-la-tefal-ce-indica-de-fapt\/\" rel=\"bookmark\" title=\"Tehnologia Thermo-Signal de la Tefal: ce indic\u0103, de fapt\">Tehnologia Thermo-Signal de la Tefal: ce indic\u0103, de fapt<\/a><\/h3>\n<div class=\"td-module-meta-info\"><span class=\"td-post-date\"><time class=\"entry-date updated td-module-date\" datetime=\"2026-08-14T11:14:44+03:00\">14\/08\/2026<\/time><\/span><\/div>\n<\/div>\n<\/div>\n<\/div>\n<div class=\"td-block-span12\">\n<div class=\"td_module_6 td_module_wrap td-animation-stack\">\n<div class=\"td-module-thumb\"><a href=\"https:\/\/r3media.ro\/dumnezeu-nu-e-zen\/\" rel=\"bookmark\" class=\"td-image-wrap \" title=\"Dumnezeu nu e Zen\"><img loading=\"lazy\" decoding=\"async\" class=\"entry-thumb\" src=\"https:\/\/r3media.ro\/wp-content\/uploads\/2026\/08\/Spas_vsederzhitel_sinay-100x70.jpg\" alt title=\"Dumnezeu nu e Zen\" width=\"100\" height=\"70\"><\/a><\/div>\n<div class=\"item-details\">\n<h3 class=\"entry-title td-module-title\"><a href=\"https:\/\/r3media.ro\/dumnezeu-nu-e-zen\/\" rel=\"bookmark\" title=\"Dumnezeu nu e Zen\">Dumnezeu nu e Zen<\/a><\/h3>\n<div class=\"td-module-meta-info\"><span class=\"td-post-date\"><time class=\"entry-date updated td-module-date\" datetime=\"2026-08-14T10:54:41+03:00\">14\/08\/2026<\/time><\/span><\/div>\n<\/div>\n<\/div>\n<\/div>\n<\/div>\n<\/div>\n<aside class=\"td_block_template_1 widget widget_recent_comments\">\n<h4 class=\"block-title\"><span>INTR\u0102 \u00ceN DISCU\u021aIE!<\/span><\/h4>\n<ul id=\"recentcomments\">\n<li class=\"recentcomments\"><span class=\"comment-author-link\">Arsenie<\/span> la <a href=\"https:\/\/r3media.ro\/cornel-nistorescu-ambulanta-recea-cristur-stiri-false-interzicere\/#comment-40385\">Cornel Nistorescu, despre incidentul cu ambulan\u021ba de la Recea-Cristur: Statul rom\u00e2n a\u0219teapt\u0103 s\u0103 interzic\u0103 \u0219tirile false \u0219i, pe l\u00eeng\u0103, tot ce nu convine puterii<\/a><\/li>\n<li class=\"recentcomments\"><span class=\"comment-author-link\">Nicu<\/span> la <a href=\"https:\/\/r3media.ro\/gen-silviu-predoiu-guvern-roman-bruxelles\/#comment-40384\">Gen. Silviu Predoiu: Misiunea guvernului rom\u00e2n nu este s\u0103 ob\u021bin\u0103 note bune la Bruxelles. Nu este s\u0103 transforme fiecare decizie strategic\u0103 \u00eentr-o \u00eentrebare: \u201cAvem voie?\u201d<\/a><\/li>\n<li class=\"recentcomments\"><span class=\"comment-author-link\">Nicu<\/span> la <a href=\"https:\/\/r3media.ro\/sri-in-scoli-expert-scuza-monitorizare-radicalizare\/#comment-40383\">SRI \u00een \u0219coli. Expert: SRI \u0219i \u201eb\u0103e\u021bii\u201d vor folosi aceast\u0103 scuz\u0103 c\u0103 \u201emonitorizeaz\u0103 radicalizarea\u201d ca s\u0103 vin\u0103 dup\u0103 oricine bate la ochi<\/a><\/li>\n<li class=\"recentcomments\"><span class=\"comment-author-link\">Nicu<\/span> la <a href=\"https:\/\/r3media.ro\/radu-naum-david-popovici-dialog-rus\/#comment-40382\">Ziaristul Radu Naum consider\u0103 c\u0103 dialogul amical dintre David Popovici \u0219i adversarul s\u0103u rus ar fi fost \u201eopera\u021biune ruseasc\u0103\u201d de manipulare<\/a><\/li>\n<li class=\"recentcomments\"><span class=\"comment-author-link\">E.T.<\/span> la <a href=\"https:\/\/r3media.ro\/cornel-nistorescu-ambulanta-recea-cristur-stiri-false-interzicere\/#comment-40381\">Cornel Nistorescu, despre incidentul cu ambulan\u021ba de la Recea-Cristur: Statul rom\u00e2n a\u0219teapt\u0103 s\u0103 interzic\u0103 \u0219tirile false \u0219i, pe l\u00eeng\u0103, tot ce nu convine puterii<\/a><\/li>\n<li class=\"recentcomments\"><span class=\"comment-author-link\">E.T.<\/span> la <a href=\"https:\/\/r3media.ro\/sri-in-scoli-expert-scuza-monitorizare-radicalizare\/#comment-40380\">SRI \u00een \u0219coli. Expert: SRI \u0219i \u201eb\u0103e\u021bii\u201d vor folosi aceast\u0103 scuz\u0103 c\u0103 \u201emonitorizeaz\u0103 radicalizarea\u201d ca s\u0103 vin\u0103 dup\u0103 oricine bate la ochi<\/a><\/li>\n<li class=\"recentcomments\"><span class=\"comment-author-link\">E.T.<\/span> la <a href=\"https:\/\/r3media.ro\/video-david-popovici-paris-aur\/#comment-40379\">VIDEO | David Popovici, rege pentru a treia oar\u0103 la Paris: aur \u0219i record al competi\u021biei la 100 m liber<\/a><\/li>\n<\/ul>\n<\/aside>\n<aside class=\"td_block_template_1 widget widget_search\">\n<h4 class=\"block-title\"><span>CAUT\u0102 \u0218I VEI G\u0102SI<\/span><\/h4>\n<\/aside>\n<\/div>\n<\/div>\n<\/div>\n<\/div>\n<\/div>\n<\/div>\n<\/div>\n<p><span class=\"td-page-meta\"><\/span><span class=\"td-page-meta\"><span class=\"td-page-meta\"><\/span><\/span><span class=\"td-page-meta\"><\/span><\/article>\n<\/p>\n<div class=\"td_block_wrap tdb_single_content tdi_18 td-pb-border-top td_block_template_1 td-post-content tagdiv-type\" data-td-block-uid=\"tdi_18\">\n<div class=\"tdb-block-inner td-fix-index\">\n<p><strong>Persoanele din Paris car utilizeaz\u0103 <a href=\"https:\/\/r3media.ro\/tag\/trotinete-electrice\/\" target=\"_blank\" rel=\"noopener\">trotinete electrice<\/a> vor trebui de acum \u00eenainte s\u0103 respecte o serie de reguli. Nepurtarea c\u0103\u0219tii se sanc\u021bioneaz\u0103 cu o amend\u0103 de 135 de euro, \u00een timp ce utilizatorii care nu poart\u0103 vest\u0103 de \u00eenalt\u0103 vizibilitate sau echipament reflectorizant pot fi sanc\u021biona\u021bi cu amend\u0103 de 35 de euro, conform <a href=\"https:\/\/www.lemonde.fr\/en\/france\/article\/2026\/08\/08\/helmets-and-reflective-gear-become-mandatory-for-e-scooter-users-in-paris_6756295_7.html?srsltid=AfmBOoqfbyC3m6gDlJuArc8Jbvh34f2l3ro2nUThh0WLIdwtzDNG50oH\" target=\"_blank\" rel=\"noopener\">Le Monde<\/a>.<\/strong><\/p>\n<p>M\u0103surile au fost introduse dup\u0103 o cre\u0219tere semnificativ\u0103 a num\u0103rului de accidente produse de trotinete electrice. Regulile se aplic\u0103 oric\u0103rei persoane care folose\u0219te dispozitive de mobilitate motorizate, inclusiv trotinete electrice, Segway-uri \u0219i hoverboard-uri.<\/p>\n<p>Trotinetele electrice de \u00eenchiriat nu mai circul\u0103 pe str\u0103zile capitalei din 2023, c\u00e2nd <strong><a href=\"https:\/\/r3media.ro\/prima-capitala-din-europa-care-a-interzis-trotinetele-elctrice-inchiriabile-locuitorii-le-considera-insuportabile-si-au-votat-la-referendum-in-proportie-de-90-pentru-interzicerea-ac\/\" target=\"_blank\" rel=\"noopener\">Parisul a votat pentru interzicerea lor<\/a><\/strong> din motive de siguran\u021b\u0103. Totu\u0219i, dispozitivele private au r\u0103mas utilizate pe scar\u0103 larg\u0103.<\/p>\n<h2><strong>Utilizatorii de trotinete electrice din Paris vor trebui s\u0103-\u0219i sporeasc\u0103 siguran\u021ba pe vehicule<\/strong><\/h2>\n<p>Poli\u021bia a declarat c\u0103 ultima m\u0103sur\u0103 a fost determinat\u0103 de o cre\u0219tere a num\u0103rului de accidente care implic\u0103 aceste dispozitive, \u201eo propor\u021bie semnificativ\u0103\u201d provoc\u00e2nd leziuni craniene grave sau fatale. Decesele \u00een r\u00e2ndul a\u0219a-numi\u021bilor \u201eparticipan\u021bi la trafic neproteja\u021bi\u201d \u2013 \u00een special a celor care utilizeaz\u0103 dispozitive de mobilitate motorizate \u2013 au crescut brusc \u00een 2025, cu 79 de persoane ucise, fa\u021b\u0103 de 45 \u00een anul precedent, a declarat poli\u021bia din Paris, cit\u00e2nd date de la organismul francez de supraveghere a siguran\u021bei rutiere.<\/p>\n<p>Aproximativ 1.100 de utilizatori de trotinete electrice au fost, de asemenea, grav r\u0103ni\u021bi \u00een 2025. Cre\u0219terea a fost de 33% fa\u021b\u0103 de anul precedent, conform acelora\u0219i date.<\/p>\n<p>Nepurtarea c\u0103\u0219tii se sanc\u021bioneaz\u0103 cu o amend\u0103 de 135 de euro, \u00een timp ce cei f\u0103r\u0103 vest\u0103 de \u00eenalt\u0103 vizibilitate sau echipament reflectorizant se confrunt\u0103 cu o amend\u0103 de 35 de euro, a declarat poli\u021bia. Ordinul se aplic\u0103 \u00een permanen\u021b\u0103 pe toate drumurile publice.<\/p>\n<p>Alte ora\u0219e europene au luat m\u0103suri drastice \u00een ultimii ani \u00eempotriva vehiculelor cu dou\u0103 ro\u021bi. Madridul ade pild\u0103 <a href=\"https:\/\/r3media.ro\/madrid-interzice-trotinete-electrice-probleme-circulatie-parcare-utilizatori\/\" target=\"_blank\" rel=\"noopener\"><strong>a interzis \u00eenchirierea de trotinete electrice \u00een 2024<\/strong><\/a>. Totodat\u0103, Bruxellesul a anun\u021bat \u00een iunie c\u0103 va urma exemplul.<\/p>\n<h2><strong>Probleme cu trotinetele electrice \u0219i \u00een estul Europei<\/strong><\/h2>\n<p>\u00a0<\/p>\n<p>De c\u00e2teva zile, trotinetele electrice <strong><a href=\"https:\/\/r3media.ro\/trotinetele-electrice-interzise-cernauti\/\" target=\"_blank\" rel=\"noopener\">au fost interzise la Cern\u0103u\u021bi<\/a><\/strong> \u00een urma unei decizii a Consiliului Municipal din 10 august. \u00cen acela\u0219i timp, aceste vehicule <a href=\"https:\/\/r3media.ro\/trotinetele-electrice-ravagii-republica-moldova-accidente-conducatori-bauti\/\" target=\"_blank\" rel=\"noopener\"><strong>au devenit o problem\u0103<\/strong><\/a> \u0219i \u00een Republica Moldova, unde de la \u00eenceputul anului, aproape 1.700 de persoane au ajuns \u00een aten\u021bia Poli\u021biei.<\/p>\n<p>Statisticile arat\u0103 \u0219i un num\u0103r \u00eengrijor\u0103tor de accidente. \u00cen primele \u0219apte luni au avut loc peste 70 de accidente rutiere cu implicarea conduc\u0103torilor de trotinete electrice. \u00cen urma acestora, dou\u0103 persoane \u0219i-au pierdut via\u021ba, iar 54 au fost traumatizate.<\/p>\n<p>La fel, Grecia a decis s\u0103 ia <a href=\"https:\/\/r3media.ro\/grecia-interzice-trotinete-electrice-pentru-minori\/\" target=\"_blank\" rel=\"noopener\"><strong>m\u0103suri dure<\/strong><\/a>\u00a0\u00een ceea ce prive\u0219te utilizarea trotinetelor electrice de c\u0103tre minori. Din cauza num\u0103rului mare de accidente, utilizarea trotinetelor electrice este reglementat\u0103 prin reguli stricte care includ interzicerea acestora pentru persoanele sub 17 ani, limitarea vitezei maxime \u0219i amenzi mari pentru nerespectarea normelor.<\/p>\n<div class=\"crp_related     crp-masonry\">\n<h2>\u00ceN CONTEXT<\/h2>\n<ul>\n<li><a href=\"https:\/\/r3media.ro\/fara-tine-in-google-r3media-dispare-iata-ce-poti-face-in-10-secunde\/\" class=\"crp_link post-119031\"><span class=\"crp_title\">F\u0103r\u0103 tine \u00een Google, R3media dispare. Iat\u0103 ce po\u021bi face \u00een 10 secunde<\/span><\/a><\/li>\n<li><a href=\"https:\/\/r3media.ro\/cjue-state-membre-verificare-varsta-siteuri-pornografice-ue\/\" class=\"crp_link post-118805\"><span class=\"crp_title\">CJUE: Statele membre pot impune verificarea v\u00e2rstei pe site-urile pornografice din alte \u021b\u0103ri ale UE<\/span><\/a><\/li>\n<li><a href=\"https:\/\/r3media.ro\/razie-birou-x-paris-politie-franta-elite-uniunea-europeana-pumn-gura-oameni-libera-exprimare-retele-sociale\/\" class=\"crp_link post-115032\"><span class=\"crp_title\">Razie a poli\u021biei franceze la birourile X din Paris: Elitele din UE nu \u0219tiu ce s\u0103 mai fac\u0103\u2026<\/span><\/a><\/li>\n<li><a href=\"https:\/\/r3media.ro\/14-iulie-ziua-nationala-a-frantei\/\" class=\"crp_link post-50509\"><span class=\"crp_title\">Calendarul zilei 14 iulie: Ziua Na\u021bional\u0103 a Fran\u021bei<\/span><\/a><\/li>\n<li><a href=\"https:\/\/r3media.ro\/nicusor-dan-plecat-conferinta-de-presa-coalitia-de-vointa-presedintele-romaniei-conferinta-separat-ambasada-paris-liderii-europeni-americani-presa-internationala\/\" class=\"crp_link post-114684\"><span class=\"crp_title\">Nicu\u0219or Dan a plecat pe repede \u00eenainte de la conferin\u021ba de pres\u0103 a Coali\u021biei de Voin\u021b\u0103:\u2026<\/span><\/a><\/li>\n<li><a href=\"https:\/\/r3media.ro\/revolte-violente-franta-eliminare-cupa-mondiala-spania-video\/\" class=\"crp_link post-119975\"><span class=\"crp_title\">VIDEO | Revolte violente \u00een Fran\u021ba dup\u0103 eliminarea de la Cupa Mondial\u0103<\/span><\/a><\/li>\n<li><a href=\"https:\/\/r3media.ro\/macron-butoi-cu-pulbere-nationalisti-franta-blocam-totul-10-septembrie-plati-cardul-numerar-banci-magazine-mici-supermarketuri\/\" class=\"crp_link post-112959\"><span class=\"crp_title\">Macron st\u0103 pe un butoi cu pulbere | Na\u021bionali\u0219tii din Fran\u021ba se organizeaz\u0103 \u00een secret \u0219i\u2026<\/span><\/a><\/li>\n<li><a href=\"https:\/\/r3media.ro\/cine-este-cu-adevarat-francez\/\" class=\"crp_link post-119942\"><span class=\"crp_title\">Cine este cu adev\u0103rat francez?<\/span><\/a><\/li>\n<\/ul>\n<\/div>\n<\/div>\n<\/div>\n<p>[analyse_source url=&#8221;https:\/\/r3media.ro\/noi-reguli-paris-utilizatori-trotinete-electrice-accidente-grave\/&#8221;]<\/p>\n","protected":false},"excerpt":{"rendered":"<p>[analyse_image type=&#8221;featured&#8221; src=&#8221;https:\/\/r3media.ro\/wp-content\/uploads\/2025\/09\/control-judiciar-trotinetist-e1756835479843.pnghttps:\/\/r3media.ro\/wp-content\/uploads\/2025\/09\/control-judiciar-trotinetist-e1756835479843.png&#8221;] FEATUREDNoi reguli \u00een Paris pentru utilizatorii de trotinete electrice, din cauza num\u0103rului&#8230; FEATURED\u0218TIRI Noi reguli \u00een Paris pentru utilizatorii de trotinete electrice, din cauza num\u0103rului mare de accidente grave Oana Ivan 15\/08\/2026 Surs\u0103 &#8211; Unsplash Persoanele din Paris car utilizeaz\u0103 trotinete electrice vor trebui de acum \u00eenainte s\u0103 respecte o serie de [&hellip;]<\/p>\n","protected":false},"author":1,"featured_media":0,"comment_status":"open","ping_status":"","sticky":false,"template":"","format":"standard","meta":{"footnotes":""},"categories":[89],"tags":[226,93],"class_list":["post-2095160","post","type-post","status-publish","format-standard","hentry","category-romania","tag-crawlmanager","tag-r3media-ro"],"_links":{"self":[{"href":"https:\/\/analyse.optim.biz\/index.php?rest_route=\/wp\/v2\/posts\/2095160","targetHints":{"allow":["GET"]}}],"collection":[{"href":"https:\/\/analyse.optim.biz\/index.php?rest_route=\/wp\/v2\/posts"}],"about":[{"href":"https:\/\/analyse.optim.biz\/index.php?rest_route=\/wp\/v2\/types\/post"}],"author":[{"embeddable":true,"href":"https:\/\/analyse.optim.biz\/index.php?rest_route=\/wp\/v2\/users\/1"}],"replies":[{"embeddable":true,"href":"https:\/\/analyse.optim.biz\/index.php?rest_route=%2Fwp%2Fv2%2Fcomments&post=2095160"}],"version-history":[{"count":0,"href":"https:\/\/analyse.optim.biz\/index.php?rest_route=\/wp\/v2\/posts\/2095160\/revisions"}],"wp:attachment":[{"href":"https:\/\/analyse.optim.biz\/index.php?rest_route=%2Fwp%2Fv2%2Fmedia&parent=2095160"}],"wp:term":[{"taxonomy":"category","embeddable":true,"href":"https:\/\/analyse.optim.biz\/index.php?rest_route=%2Fwp%2Fv2%2Fcategories&post=2095160"},{"taxonomy":"post_tag","embeddable":true,"href":"https:\/\/analyse.optim.biz\/index.php?rest_route=%2Fwp%2Fv2%2Ftags&post=2095160"}],"curies":[{"name":"wp","href":"https:\/\/api.w.org\/{rel}","templated":true}]}}