{"id":2095143,"date":"2026-08-15T14:37:45","date_gmt":"2026-08-15T11:37:45","guid":{"rendered":"https:\/\/analyse.optim.biz\/?p=2095143"},"modified":"2026-08-15T14:37:45","modified_gmt":"2026-08-15T11:37:45","slug":"fostul-sef-csm-o-pune-pe-sefa-ccr-in-fata-precedentului-din-2018-atunci-a-demisionat-acum-timingul-intalnirii-cu-bolojan-nu-ajuta-deloc","status":"publish","type":"post","link":"https:\/\/analyse.optim.biz\/?p=2095143","title":{"rendered":"Fostul \u0219ef CSM o pune pe \u0219efa CCR \u00een fa\u021ba precedentului din 2018: \u201eAtunci a demisionat. Acum, timingul \u00eent\u00e2lnirii cu Bolojan nu ajut\u0103 deloc\u201d"},"content":{"rendered":"<p>[analyse_image type=&#8221;featured&#8221; src=&#8221;https:\/\/60m.ro\/wp-content\/uploads\/2026\/08\/simina-tanasescu-si-ilie-bolojan-jpg-1280&#215;720-1.jpeg&#8221;]<\/p>\n<div class=\"articleBody\" data-key=\"articleBody\">\nJudec\u0103torul Bogdan Mateescu, fost pre\u0219edinte al Consiliului Superior al Magistraturii \u0219i actual pre\u0219edinte al Cur\u021bii de Apel Pite\u0219ti, afirm\u0103 c\u0103 pre\u0219edinta Cur\u021bii Constitu\u021bionale,\u00a0Simina T\u0103n\u0103sescu, este datoare s\u0103 ofere explica\u021bii societ\u0103\u021bii dup\u0103 informa\u021biile privind \u00eent\u00e2lnirea neanun\u021bat\u0103 cu premierul demis Ilie Bolojan. Mateescu atrage aten\u021bia \u00een special asupra momentului \u00eentrevederii, cu numai c\u00e2teva zile \u00eenaintea unor decizii importante ale CCR, \u0219i aminte\u0219te c\u0103 T\u0103n\u0103sescu a demisionat \u00een 2018 din func\u021bia de consilier preziden\u021bial dup\u0103 o controvers\u0103 provocat\u0103 de o \u00eent\u00e2lnire cu un judec\u0103tor constitu\u021bional. \u00centre timp, \u0219efa CCR a reac\u021bionat, resping\u00e2nd categoric ideea c\u0103 ar fi discutat \u00een afara cadrului legal cauze aflate pe rolul Cur\u021bii, f\u0103r\u0103 \u00eens\u0103 s\u0103 nege c\u0103 \u00eent\u00e2lnirea cu Bolojan a avut loc.<\/p>\n<p>Bogdan Mateescu\u00a0intervine \u00een controversa potrivit c\u0103reia pre\u0219edinta Cur\u021bii Constitu\u021bionale, Simina T\u0103n\u0103sescu, s-a \u00eent\u00e2lnit vineri, 14 august, cu premierul demis Ilie Bolojan, pre\u0219edintele PNL, \u00een biroul pre\u0219edintelui Senatului, Mircea Abrudean. \u00cent\u00e2lnirea nu a fost anun\u021bat\u0103 public \u0219i s-a \u00eencheiat \u00een jurul orei 14.30, c\u00e2nd T\u0103n\u0103sescu \u0219i Bolojan au fost v\u0103zu\u021bi ie\u0219ind, pe r\u00e2nd, din biroul lui Abrudean.<\/p>\n<p>Fostul pre\u0219edinte al CSM apreciaz\u0103 c\u0103 o asemenea situa\u021bie trebuie l\u0103murit\u0103 public, tocmai pentru protejarea ideii de justi\u021bie constitu\u021bional\u0103 \u0219i a aparen\u021bei de echilibru \u00eentre puterile statului.<\/p>\n<p>\u201ePentru a ap\u0103ra ideea de justi\u021bie constitu\u021bional\u0103 ai c\u0103rei destinatari suntem cu to\u021bii \u0219i pentru a sublinia c\u0103 statul \u0103sta de drept nu \u00eenseamn\u0103 discu\u021bii obscure prin birourile demnitarilor participan\u021bi \u00een aparente conflicte constitu\u021bionale, pentru a p\u0103stra, astfel, cu totul \u0219i aparen\u021ba unui echilibru nespecific doar regimurilor totalitare, inclusiv dictaturilor cosmetizate \u00een aparen\u021ba unor democra\u021bii, cred \u0219i eu c\u0103 doamna prof. univ. dr. Simina T\u0103n\u0103sescu este datoare \u00eenainte de toate cu explica\u021bii \u00eentregii societ\u0103\u021bi\u201d, a scris Bogdan Mateescu.<\/p>\n<p>Mateescu aminte\u0219te demisia Siminei T\u0103n\u0103sescu din 2018<\/p>\n<p>Judec\u0103torul face apoi trimitere direct\u0103 la episodul din 2018, c\u00e2nd Simina T\u0103n\u0103sescu era consilier preziden\u021bial al lui Klaus Iohannis \u0219i a fost implicat\u0103 \u00eentr-o controvers\u0103 dup\u0103 o \u00eent\u00e2lnire cu judec\u0103torul CCR Petre L\u0103z\u0103roiu.<\/p>\n<p>\u201eAlt\u0103dat\u0103, tot \u00een urma unei discu\u021bii inadecvate cu un judec\u0103tor constitu\u021bional, domnia sa a \u00een\u021beles importan\u021ba func\u021biei de\u021binute \u0219i a dat un exemplu de demnitate, demision\u00e2nd. Demnitatea este o tr\u0103s\u0103tur\u0103 de caracter, iar nu ata\u0219at\u0103 vreunei (alte) func\u021bii\u201d, afirm\u0103 Mateescu.<\/p>\n<p>\u00cen iunie 2018, T\u0103n\u0103sescu, pe atunci consilier preziden\u021bial, s-a \u00eent\u00e2lnit cu Petre L\u0103z\u0103roiu, iar discu\u021bia a vizat inclusiv problema mandatului acestuia la CCR. Administra\u021bia Preziden\u021bial\u0103 a sus\u021binut la acel moment c\u0103 fusese o discu\u021bie tehnic\u0103 \u00eentre doi speciali\u0219ti \u00een drept constitu\u021bional \u0219i c\u0103 nu existaser\u0103 presiuni asupra judec\u0103torului.<\/p>\n<p>Simina T\u0103n\u0103sescu \u0219i-a dat \u00eens\u0103 demisia din func\u021bia de consilier preziden\u021bial la 20 iunie 2018. Cotroceniul explica atunci c\u0103, de\u0219i respingea acuza\u021biile privind existen\u021ba unor presiuni, era \u201einadmisibil\u201d s\u0103 planeze \u00een opinia public\u0103 suspiciunea unei posibile \u00eencerc\u0103ri de imixtiune \u00een activitatea Cur\u021bii Constitu\u021bionale.<\/p>\n<p>\u201e\u00cen joc este credibilitatea gardianului respect\u0103rii Legii fundamentale\u201d<\/p>\n<p>Bogdan Mateescu insist\u0103 c\u0103 actuala controvers\u0103 nu prive\u0219te doar imaginea personal\u0103 a pre\u0219edintei CCR, ci credibilitatea institu\u021biei care are rolul de garant al suprema\u021biei Constitu\u021biei.<\/p>\n<p>\u201eDe aceea orice specula\u021bie verosimil\u0103 d\u0103un\u0103toare trebuie \u00een mod necesar explicat\u0103 public de la acest nivel. Dar dincolo de demnitate, \u00een joc este credibilitatea gardianului respect\u0103rii Legii fundamentale \u00een \u021bara noastr\u0103, s\u0103 nu ne ascundem dup\u0103 deget\u201d, afirm\u0103 fostul \u0219ef al CSM.<\/p>\n<p>Mateescu atrage aten\u021bia \u00een mod special asupra momentului \u00een care a avut loc \u00eent\u00e2lnirea.<\/p>\n<p>\u201eEste, a\u0219adar, important ca to\u021bi s\u0103 \u0219tim dac\u0103 e real\u0103 \u00eent\u00e2lnirea avut\u0103, pentru c\u0103, \u00een caz afirmativ, timingul (fa\u021b\u0103 de momentul adopt\u0103rii unor decizii cu impact) nu ajut\u0103 deloc\u201d, mai scrie judec\u0103torul.<\/p>\n<p>\u00cent\u00e2lnirea a avut loc cu trei zile \u00eenainte de \u0219edin\u021ba de plen a CCR programat\u0103 pentru luni, 17 august. Potrivit ordinii de zi publicate de Curte, judec\u0103torii constitu\u021bionali urmeaz\u0103 s\u0103 analizeze atunci, \u00eentre altele, obiec\u021biile de neconstitu\u021bionalitate privind Legea pentru modificarea \u0219i completarea unor acte normative \u00een domeniul integrit\u0103\u021bii, formulate inclusiv de 27 de senatori.<\/p>\n<p>Legea integrit\u0103\u021bii a fost contestat\u0103 la CCR de senatori USR \u0219i PNL, iar asupra actului normativ exist\u0103 \u0219i o sesizare separat\u0103 a pre\u0219edintelui Nicu\u0219or Dan.<\/p>\n<p>Prima reac\u021bie a Siminei T\u0103n\u0103sescu: nu neag\u0103 \u00eent\u00e2lnirea, neag\u0103 discu\u021biile despre dosarele CCR<\/p>\n<p>Dup\u0103 apari\u021bia informa\u021biilor \u0219i a reac\u021biilor publice, Curtea Constitu\u021bional\u0103 a transmis s\u00e2mb\u0103t\u0103 o precizare \u00een numele pre\u0219edintei Simina T\u0103n\u0103sescu.<\/p>\n<p>\u201ePre\u0219edinta Cur\u021bii Constitu\u021bionale a Rom\u00e2niei, doamna prof. univ. dr. Elena-Simina T\u0103n\u0103sescu, respinge ferm \u0219i categoric orice specula\u021bie privind discutarea cauzelor aflate pe rolul Cur\u021bii \u00een afara cadrului strict legal\u201d, a transmis CCR.<\/p>\n<p>Precizarea nu afirm\u0103 \u00eens\u0103 c\u0103 \u00eent\u00e2lnirea cu Ilie Bolojan nu ar fi avut loc \u0219i nici nu ofer\u0103 explica\u021bii privind motivul \u00eentrevederii, cine a ini\u021biat-o sau subiectele discutate. Comunicatul nu \u00eel men\u021bioneaz\u0103, de altfel, pe Ilie Bolojan.<\/p>\n<p>Astfel, reac\u021bia \u0219efei CCR r\u0103spunde uneia dintre suspiciunile ap\u0103rute \u00een spa\u021biul public (aceea c\u0103 la \u00eentrevedere ar fi putut fi discutate cauze aflate pe rol), dar nu clarific\u0103 \u00eemprejur\u0103rile \u00eent\u00e2lnirii pe care Bogdan Mateescu le consider\u0103 relevante din perspectiva credibilit\u0103\u021bii institu\u021biei.\n<\/p><\/div>\n<p>[analyse_source url=&#8221;https:\/\/60m.ro\/fostul-sef-csm-o-pune-pe-sefa-ccr-in-fata-precedentului-din-2018-atunci-a-demisionat-acum-timingul-intalnirii-cu-bolojan-nu-ajuta-deloc\/&#8221;]<\/p>\n","protected":false},"excerpt":{"rendered":"<p>[analyse_image type=&#8221;featured&#8221; src=&#8221;https:\/\/60m.ro\/wp-content\/uploads\/2026\/08\/simina-tanasescu-si-ilie-bolojan-jpg-1280&#215;720-1.jpeg&#8221;] Judec\u0103torul Bogdan Mateescu, fost pre\u0219edinte al Consiliului Superior al Magistraturii \u0219i actual pre\u0219edinte al Cur\u021bii de Apel Pite\u0219ti, afirm\u0103 c\u0103 pre\u0219edinta Cur\u021bii Constitu\u021bionale,\u00a0Simina T\u0103n\u0103sescu, este datoare s\u0103 ofere explica\u021bii societ\u0103\u021bii dup\u0103 informa\u021biile privind \u00eent\u00e2lnirea neanun\u021bat\u0103 cu premierul demis Ilie Bolojan. Mateescu atrage aten\u021bia \u00een special asupra momentului \u00eentrevederii, cu numai c\u00e2teva zile [&hellip;]<\/p>\n","protected":false},"author":1,"featured_media":0,"comment_status":"open","ping_status":"","sticky":false,"template":"","format":"standard","meta":{"footnotes":""},"categories":[89],"tags":[100,226],"class_list":["post-2095143","post","type-post","status-publish","format-standard","hentry","category-romania","tag-60m-ro","tag-crawlmanager"],"_links":{"self":[{"href":"https:\/\/analyse.optim.biz\/index.php?rest_route=\/wp\/v2\/posts\/2095143","targetHints":{"allow":["GET"]}}],"collection":[{"href":"https:\/\/analyse.optim.biz\/index.php?rest_route=\/wp\/v2\/posts"}],"about":[{"href":"https:\/\/analyse.optim.biz\/index.php?rest_route=\/wp\/v2\/types\/post"}],"author":[{"embeddable":true,"href":"https:\/\/analyse.optim.biz\/index.php?rest_route=\/wp\/v2\/users\/1"}],"replies":[{"embeddable":true,"href":"https:\/\/analyse.optim.biz\/index.php?rest_route=%2Fwp%2Fv2%2Fcomments&post=2095143"}],"version-history":[{"count":0,"href":"https:\/\/analyse.optim.biz\/index.php?rest_route=\/wp\/v2\/posts\/2095143\/revisions"}],"wp:attachment":[{"href":"https:\/\/analyse.optim.biz\/index.php?rest_route=%2Fwp%2Fv2%2Fmedia&parent=2095143"}],"wp:term":[{"taxonomy":"category","embeddable":true,"href":"https:\/\/analyse.optim.biz\/index.php?rest_route=%2Fwp%2Fv2%2Fcategories&post=2095143"},{"taxonomy":"post_tag","embeddable":true,"href":"https:\/\/analyse.optim.biz\/index.php?rest_route=%2Fwp%2Fv2%2Ftags&post=2095143"}],"curies":[{"name":"wp","href":"https:\/\/api.w.org\/{rel}","templated":true}]}}