{"id":209497,"date":"2014-03-14T18:24:42","date_gmt":"2014-03-14T15:24:42","guid":{"rendered":"https:\/\/analyse.optim.biz\/?p=209497"},"modified":"2014-03-14T18:24:42","modified_gmt":"2014-03-14T15:24:42","slug":"sotii-si-iubite-ale-politicienilor-candidate-pe-locuri-sigure-in-parlamentul-european","status":"publish","type":"post","link":"https:\/\/analyse.optim.biz\/?p=209497","title":{"rendered":"So\u021bii \u0219i iubite ale politicienilor, candidate pe locuri sigure \u00een Parlamentul European"},"content":{"rendered":"<div class=\"entry data-app-meta data-app-meta-article\" data-embed-base-url-canonical=\"https:\/\/www.digi24.ro\/embed\/stiri\/actualitate\/politica\/sotii-si-iubite-ale-politicienilor-candidate-pe-locuri-sigure-in-parlamentul-european-214688\">\n<p data-index=\"1\">Liberalii propun printre primii 10 candida\u0163i eligibili cinci doamne. So\u0163ia liderului PNL, Adina V\u0103lean, se afl\u0103 pe locul doi pe list\u0103, fiind urmat\u0103 de Ramona M\u0103nescu, fost ministru al Transporturilor \u015fi so\u0163ia actualului secretar general interimar, Rare\u015f M\u0103nescu, primar al sectorului 6. Pe locul 10, dar cu \u015fanse s\u0103 prind\u0103 un loc ca supleant, a fost instalat\u0103 Claudiu Benchescu, logodnica vicepre\u015fedintelui Mihai Voicu.<\/p>\n<p data-index=\"2\">\u201e<span>Gradele de rudenie nu au fost un criteriu la stabilirea acestei liste. V\u0103 reaminesc c\u0103 at\u00e2t Adina Valean, care este so\u021bia mea, c\u00e2t \u0219i Ramona M\u0103nescu, care este so\u021bia lui Rare\u0219 M\u0103nescu, sunt din 2007 \u00een Parlamentul European. A\u021bi putea face o cercetare, s\u0103 \u00eentreba\u021bi, de exemplu, pe Guy Verhofstadt, pe Joseph Daul. Vede\u021bi c\u0103 s-ar putea s\u0103 nu \u0219tie de Antonescu, dar s\u0103 \u0219tie de Adina V\u0103lean\u201d, a spus Crin Antonescu. <\/span><\/p>\n<p data-index=\"3\">Daciana S\u00e2rbu, so\u0163ia pre\u015fedintelui PSD, Victor Ponta, a fost plasat\u0103 pe locul 7 pe lista de partid pentru europarlamentare. Ini\u0163ial, ea anun\u0163ase c\u0103 nu va mai candida, \u00eens\u0103 mai toate filialele PSD i-au acordat sprijinul pentru un nou mandat.<\/p>\n<p data-index=\"4\">Elena B\u0103sescu, fiica pre\u015fedintelui Traian B\u0103sescu, este deja vehiculat\u0103 ca secundul lui Cristian Preda pe listele Partidului Mi\u015fcarea Popular\u0103. \u015ei Elena Udrea \u00ee\u015fi dore\u015fte ca mezina \u015fefului statului s\u0103 accepte oficial candidatura pe locul deja rezervat. Traian B\u0103sescu \u00eens\u0103 refuz\u0103 s\u0103 comenteze subiectul.<\/p>\n<p data-index=\"5\">\u201e<span>Nu am sf\u0103tuit-o nimic, este major\u0103, va lua o decizie, dar ea \u0219tie c\u0103 oricum eu voi vota PMP, nu \u0219tiu ce va face ea\u201d, a spus pre\u0219edintele.<\/span><\/p>\n<p data-index=\"6\">Fra\u0163ii unor politicieni au ajuns \u015fi ei \u00een prim plan, direct pe listele de candidaturi. Mihai \u0162urcanu, fostul \u015fef al ANSVSA, demis dup\u0103 scandalul c\u0103rnii de cal, este fratele pre\u015fedintelui Consiliului Jude\u0163ean Boto\u015fani \u015fi a ob\u0163inut ultimul loc eligibil pe lista PNL.<\/p>\n<p data-index=\"7\">Modul de promovare \u00een politica rom\u00e2neasc\u0103 a fost remarcat \u015fi peste hotare.<\/p>\n<p data-index=\"8\">\u201e<span>Toate aceste numiri pe listele electorale ale nevestelor, rudelor sau prietenilor nu vor face dec\u00e2t s\u0103-i \u00eendep\u0103rteze \u015fi mai mult pe rom\u00e2ni de votul de la europarlamentare\u201d, avertizeaz\u0103 ziari\u015ftii de la EUObserver.<\/span><\/p>\n<\/div>\n<p> Source URL: https:\/\/www.digi24.ro\/stiri\/actualitate\/politica\/sotii-si-iubite-ale-politicienilor-candidate-pe-locuri-sigure-in-parlamentul-european-214688<\/p>\n","protected":false},"excerpt":{"rendered":"<p>Liberalii propun printre primii 10 candida\u0163i eligibili cinci doamne. So\u0163ia liderului PNL, Adina V\u0103lean, se afl\u0103 pe locul doi pe list\u0103, fiind urmat\u0103 de Ramona M\u0103nescu, fost ministru al Transporturilor \u015fi so\u0163ia actualului secretar general interimar, Rare\u015f M\u0103nescu, primar al sectorului 6. Pe locul 10, dar cu \u015fanse s\u0103 prind\u0103 un loc ca supleant, a [&hellip;]<\/p>\n","protected":false},"author":1,"featured_media":209498,"comment_status":"open","ping_status":"","sticky":false,"template":"","format":"standard","meta":{"footnotes":""},"categories":[2],"tags":[11],"class_list":["post-209497","post","type-post","status-publish","format-standard","has-post-thumbnail","hentry","category-politics","tag-digi24"],"_links":{"self":[{"href":"https:\/\/analyse.optim.biz\/index.php?rest_route=\/wp\/v2\/posts\/209497","targetHints":{"allow":["GET"]}}],"collection":[{"href":"https:\/\/analyse.optim.biz\/index.php?rest_route=\/wp\/v2\/posts"}],"about":[{"href":"https:\/\/analyse.optim.biz\/index.php?rest_route=\/wp\/v2\/types\/post"}],"author":[{"embeddable":true,"href":"https:\/\/analyse.optim.biz\/index.php?rest_route=\/wp\/v2\/users\/1"}],"replies":[{"embeddable":true,"href":"https:\/\/analyse.optim.biz\/index.php?rest_route=%2Fwp%2Fv2%2Fcomments&post=209497"}],"version-history":[{"count":0,"href":"https:\/\/analyse.optim.biz\/index.php?rest_route=\/wp\/v2\/posts\/209497\/revisions"}],"wp:featuredmedia":[{"embeddable":true,"href":"https:\/\/analyse.optim.biz\/index.php?rest_route=\/wp\/v2\/media\/209498"}],"wp:attachment":[{"href":"https:\/\/analyse.optim.biz\/index.php?rest_route=%2Fwp%2Fv2%2Fmedia&parent=209497"}],"wp:term":[{"taxonomy":"category","embeddable":true,"href":"https:\/\/analyse.optim.biz\/index.php?rest_route=%2Fwp%2Fv2%2Fcategories&post=209497"},{"taxonomy":"post_tag","embeddable":true,"href":"https:\/\/analyse.optim.biz\/index.php?rest_route=%2Fwp%2Fv2%2Ftags&post=209497"}],"curies":[{"name":"wp","href":"https:\/\/api.w.org\/{rel}","templated":true}]}}