{"id":2094915,"date":"2026-08-15T06:54:28","date_gmt":"2026-08-15T03:54:28","guid":{"rendered":"https:\/\/analyse.optim.biz\/?p=2094915"},"modified":"2026-08-15T06:54:28","modified_gmt":"2026-08-15T03:54:28","slug":"peste-300-de-tineri-sunt-asteptati-la-o-intalnire-cu-lideri-ai-pnl-suceava-si-cu-primari-din-acest-partid","status":"publish","type":"post","link":"https:\/\/analyse.optim.biz\/?p=2094915","title":{"rendered":"Peste 300 de tineri sunt a\u0219tepta\u021bi la o \u00eent\u00e2lnire cu lideri ai PNL Suceava \u0219i cu primari din acest partid &#8211;"},"content":{"rendered":"<p>[analyse_image type=&#8221;featured&#8221; src=&#8221;https:\/\/www.informatiata.ro\/wp-content\/uploads\/2026\/08\/FB_IMG_1786731184828-1024&#215;576.jpg&#8221;]<\/p>\n<div class=\"td-post-content tagdiv-type\">\n<div class=\"td-post-featured-image\"><a href=\"https:\/\/www.informatiata.ro\/wp-content\/uploads\/2026\/08\/FB_IMG_1786731184828.jpg\" data-caption><img loading=\"lazy\" decoding=\"async\" width=\"696\" height=\"392\" class=\"entry-thumb td-modal-image\" src=\"https:\/\/www.informatiata.ro\/wp-content\/uploads\/2026\/08\/FB_IMG_1786731184828-696x392.jpg\" alt title=\"PNL Suceava\"><img loading=\"lazy\" decoding=\"async\" width=\"696\" height=\"392\" class=\"entry-thumb td-modal-image\" src=\"https:\/\/www.informatiata.ro\/wp-content\/uploads\/2026\/08\/FB_IMG_1786731184828-696x392.jpg\" alt title=\"PNL Suceava\"><\/a><\/div>\n<p>Peste 300 de tineri sunt a\u0219tepta\u021bi la o \u00eent\u00e2lnire cu lideri ai PNL Suceava \u0219i cu primari din acest partid. Unul din organizatori este deputatul PNL de Suceava Ioan Balan.<\/p>\n<p>PNL Suceava organizeaz\u0103 duminic\u0103, 16 august 2026, \u00eencep\u00e2nd cu ora 18:00, cea mai a\u0219teptat\u0103 \u00eent\u00e2lnire cu tinerii suceveni. Evenimentul va avea loc la sediul jude\u021bean al PNL Suceava, din Aleea Trandafirilor nr. 4.<\/p>\n<div class=\"td-a-rec td-a-rec-id-content_inlineright  tdi_7 td_block_template_1\"><img loading=\"lazy\" decoding=\"async\" class=\"aligncenter size-full wp-image-65868\" src=\"https:\/\/www.informatiata.ro\/wp-content\/uploads\/2026\/08\/SAVCOM-5.gif\" alt width=\"299\" height=\"250\"><img loading=\"lazy\" decoding=\"async\" class=\"aligncenter size-full wp-image-65868\" src=\"https:\/\/www.informatiata.ro\/wp-content\/uploads\/2026\/08\/SAVCOM-5.gif\" alt width=\"299\" height=\"250\"><img loading=\"lazy\" decoding=\"async\" class=\"aligncenter size-full wp-image-65869\" src=\"https:\/\/www.informatiata.ro\/wp-content\/uploads\/2026\/08\/FACOS-4.gif\" alt width=\"300\" height=\"250\"><img loading=\"lazy\" decoding=\"async\" class=\"aligncenter size-full wp-image-65869\" src=\"https:\/\/www.informatiata.ro\/wp-content\/uploads\/2026\/08\/FACOS-4.gif\" alt width=\"300\" height=\"250\"><\/div>\n<p>Peste 300 de tineri sunt a\u0219tepta\u021bi la o \u00eent\u00e2lnire constructiv\u0103, la care vor participa conducerea PNL Suceava, primari, consilieri jude\u021beni \u0219i membri activi ai partidului.<\/p>\n<p>PNL Suceava \u00ee\u0219i propune s\u0103 creeze un cadru deschis \u0219i dinamic, \u00een care tinerii suceveni s\u0103 poat\u0103 discuta direct cu oameni implica\u021bi \u00een administra\u021bia local\u0103 \u0219i \u00een via\u021ba politic\u0103 a jude\u021bului despre problemele \u0219i oportunit\u0103\u021bile care le influen\u021beaz\u0103 viitorul.<\/p>\n<p>Temele de discu\u021bie vor porni de la preocup\u0103rile reale ale tinerei genera\u021bii: educa\u021bie, oportunit\u0103\u021bi profesionale, pia\u021ba muncii, noile tehnologii, antreprenoriat, implicare civic\u0103 \u0219i politic\u0103, dar \u0219i posibilitatea ca tinerii s\u0103 \u00ee\u0219i construiasc\u0103 un viitor \u00een jude\u021bul Suceava.<\/p>\n<p><strong>Angelica F\u0103dor, pre\u0219edintele PNL Suceava:<\/strong><\/p>\n<p>\u201ePNL Suceava are nevoie de energia, ideile \u0219i perspectiva noii genera\u021bii. Vrem ca tinerii s\u0103 fie parte activ\u0103 din via\u021ba comunit\u0103\u021bii. De aceea, \u00eei aducem \u00eempreun\u0103 cu primarii \u0219i reprezentan\u021bii no\u0219tri din administra\u021bie, pentru un dialog sincer despre ceea ce \u00eei preocup\u0103 \u0219i despre cum putem face comunit\u0103\u021bile noastre mai atractive pentru genera\u021biile care vin.<\/p>\n<p>PNL Suceava sus\u021bine cu \u00eencredere Organiza\u021bia de Tineret \u0219i proiectele ini\u021biate de tinerii liberali suceveni. Energia, implicarea \u0219i curajul lor de a propune idei noi reprezint\u0103 una dintre cele mai importante for\u021be ale organiza\u021biei liberale sucevene. Credem \u00een aceast\u0103 genera\u021bie \u0219i \u00een capacitatea ei de a deveni, prin munc\u0103 \u0219i implicare, noua echip\u0103 de oameni care va duce mai departe proiectele liberale \u00een Suceava.<\/p>\n<p>TNL Suceava \u00eenseamn\u0103 o genera\u021bie care nu a\u0219teapt\u0103 viitorul, ci este preg\u0103tit\u0103 s\u0103 \u00eel construiasc\u0103.\u201d<\/p>\n<p><strong>Ioan Balan, deputat PNL de Suceava:<\/strong><\/p>\n<p>\u201eCred c\u0103 una dintre cele mai importante responsabilit\u0103\u021bi ale noastre este s\u0103 \u00eei \u00eencuraj\u0103m pe tineri s\u0103 se implice \u0219i s\u0103 le ar\u0103t\u0103m c\u0103 vocea lor conteaz\u0103. Nu putem vorbi despre viitorul Sucevei f\u0103r\u0103 s\u0103 \u00eei avem la aceea\u0219i mas\u0103 pe cei care vor tr\u0103i, vor munci \u0219i vor construi aici \u00een urm\u0103toarele decenii.<\/p>\n<p>\u00cent\u00e2lnirea de duminic\u0103, de la sediul PNL Suceava, este tocmai despre acest dialog direct, f\u0103r\u0103 bariere \u0219i f\u0103r\u0103 discursuri formale: s\u0103 \u00eei ascult\u0103m, s\u0103 discut\u0103m despre problemele lor \u0219i s\u0103 vedem \u00eempreun\u0103 ce putem face concret.\u201d<\/p>\n<p>Evenimentul reprezint\u0103 \u0219i o oportunitate pentru tineri de a intra \u00een dialog direct cu primarii liberali din jude\u021b, de a afla, din experien\u021ba administra\u021biei locale, cum sunt construite \u0219i implementate proiectele pentru comunit\u0103\u021bi \u0219i de a propune, la r\u00e2ndul lor, solu\u021bii pentru problemele pe care le \u00eent\u00e2lnesc.<\/p>\n<p><strong>PNL Suceava depune eforturi constante pentru sus\u021binerea tinerilor \u0219i \u00eencurajarea implic\u0103rii acestora \u00een via\u021ba politic\u0103, administrativ\u0103 \u0219i civic\u0103 a jude\u021bului nostru.<\/strong><\/p>\n<div class=\"td-a-rec td-a-rec-id-content_bottom  td-rec-hide-on-m tdi_8 td_block_template_1\"><img loading=\"lazy\" decoding=\"async\" class=\"aligncenter size-full wp-image-65603\" src=\"https:\/\/www.informatiata.ro\/wp-content\/uploads\/2026\/07\/SAVCOM-19.gif\" alt width=\"299\" height=\"250\"><img loading=\"lazy\" decoding=\"async\" class=\"aligncenter size-full wp-image-65603\" src=\"https:\/\/www.informatiata.ro\/wp-content\/uploads\/2026\/07\/SAVCOM-19.gif\" alt width=\"299\" height=\"250\"><img loading=\"lazy\" decoding=\"async\" class=\"aligncenter size-full wp-image-65604\" src=\"https:\/\/www.informatiata.ro\/wp-content\/uploads\/2026\/07\/FACOS-16.gif\" alt width=\"300\" height=\"250\"><img loading=\"lazy\" decoding=\"async\" class=\"aligncenter size-full wp-image-65604\" src=\"https:\/\/www.informatiata.ro\/wp-content\/uploads\/2026\/07\/FACOS-16.gif\" alt width=\"300\" height=\"250\"><\/div>\n<\/div>\n<p>[analyse_source url=&#8221;https:\/\/www.informatiata.ro\/300-de-tineri-la-intalnire-cu-lideri-ai-pnl-sv\/&#8221;]<\/p>\n","protected":false},"excerpt":{"rendered":"<p>[analyse_image type=&#8221;featured&#8221; src=&#8221;https:\/\/www.informatiata.ro\/wp-content\/uploads\/2026\/08\/FB_IMG_1786731184828-1024&#215;576.jpg&#8221;] Peste 300 de tineri sunt a\u0219tepta\u021bi la o \u00eent\u00e2lnire cu lideri ai PNL Suceava \u0219i cu primari din acest partid. Unul din organizatori este deputatul PNL de Suceava Ioan Balan. PNL Suceava organizeaz\u0103 duminic\u0103, 16 august 2026, \u00eencep\u00e2nd cu ora 18:00, cea mai a\u0219teptat\u0103 \u00eent\u00e2lnire cu tinerii suceveni. Evenimentul va avea loc [&hellip;]<\/p>\n","protected":false},"author":1,"featured_media":0,"comment_status":"open","ping_status":"","sticky":false,"template":"","format":"standard","meta":{"footnotes":""},"categories":[89],"tags":[226,167],"class_list":["post-2094915","post","type-post","status-publish","format-standard","hentry","category-romania","tag-crawlmanager","tag-informatiata-ro"],"_links":{"self":[{"href":"https:\/\/analyse.optim.biz\/index.php?rest_route=\/wp\/v2\/posts\/2094915","targetHints":{"allow":["GET"]}}],"collection":[{"href":"https:\/\/analyse.optim.biz\/index.php?rest_route=\/wp\/v2\/posts"}],"about":[{"href":"https:\/\/analyse.optim.biz\/index.php?rest_route=\/wp\/v2\/types\/post"}],"author":[{"embeddable":true,"href":"https:\/\/analyse.optim.biz\/index.php?rest_route=\/wp\/v2\/users\/1"}],"replies":[{"embeddable":true,"href":"https:\/\/analyse.optim.biz\/index.php?rest_route=%2Fwp%2Fv2%2Fcomments&post=2094915"}],"version-history":[{"count":0,"href":"https:\/\/analyse.optim.biz\/index.php?rest_route=\/wp\/v2\/posts\/2094915\/revisions"}],"wp:attachment":[{"href":"https:\/\/analyse.optim.biz\/index.php?rest_route=%2Fwp%2Fv2%2Fmedia&parent=2094915"}],"wp:term":[{"taxonomy":"category","embeddable":true,"href":"https:\/\/analyse.optim.biz\/index.php?rest_route=%2Fwp%2Fv2%2Fcategories&post=2094915"},{"taxonomy":"post_tag","embeddable":true,"href":"https:\/\/analyse.optim.biz\/index.php?rest_route=%2Fwp%2Fv2%2Ftags&post=2094915"}],"curies":[{"name":"wp","href":"https:\/\/api.w.org\/{rel}","templated":true}]}}