{"id":209485,"date":"2014-03-15T09:25:27","date_gmt":"2014-03-15T06:25:27","guid":{"rendered":"https:\/\/analyse.optim.biz\/?p=209485"},"modified":"2014-03-15T09:25:27","modified_gmt":"2014-03-15T06:25:27","slug":"protest-fata-de-acciza-la-combustibil-peste-8-000-de-oameni-au-participat-la-mitingul-din-capitala","status":"publish","type":"post","link":"https:\/\/analyse.optim.biz\/?p=209485","title":{"rendered":"Protest fa\u0163\u0103 de acciza la combustibil. Peste 8.000 de oameni au participat la mitingul din Capital\u0103"},"content":{"rendered":"<div class=\"entry data-app-meta data-app-meta-article\" data-embed-base-url-canonical=\"https:\/\/www.digi24.ro\/embed\/stiri\/actualitate\/politica\/protest-fata-de-acciza-la-combustibil-peste-8-000-de-oameni-au-participat-la-mitingul-din-capitala-214837\">\n<p data-index=\"1\"><strong>Actualizare 15.50.<\/strong><strong>Protestul PMP s-a \u00eencheiat<\/strong> \u00een Pia\u0163a Victoriei, cu scand\u0103ri \u00eempotriva Guvernului.<\/p>\n<p data-index=\"2\">Participan\u0163ii la protest au stat aproximativ o jum\u0103tate de or\u0103 \u00een Pia\u0163a Victoriei. Ei au venit \u00een mar\u015f din Pia\u0163a George Enescu, traficul fiind restric\u0163ionat pe traseul parcurs de manifestan\u0163i.<\/p>\n<p data-index=\"3\">La miting le-au vorbit participan\u0163ilor mai mul\u0163i lideri ai PMP \u015fi ai Funda\u0163iei Mi\u015fcarea Popular\u0103, \u00eentre care Eugen Tomac \u015fi Elena Udrea.<\/p>\n<p data-index=\"4\"><strong>Actualizare 14.35.<\/strong> Protestatarii au ajuns la Pia\u0163a Victoriei<\/p>\n<p data-index=\"5\">\u00cen fruntea coloanei de manifestan\u0163i s-au aflat lideri ai PMP, \u00eentre care Eugen Tomac, Elena Udrea, Cristian Preda, ace\u015ftia \u0163in\u00e2nd un banner cu inscrip\u0163ia \u201ePonta v\u0103 arde cu pompa\u201d.<\/p>\n<p data-index=\"6\"><strong>\u201ePe tocuri sau \u00een adida\u015fi, suntem preg\u0103ti\u0163i s\u0103 facem ceva pentru \u0163ara aceasta\u201d,<\/strong> a spus Elena Udrea.<\/p>\n<p data-index=\"7\"><img decoding=\"async\" src=\"https:\/\/analyse.optim.biz\/wp-content\/uploads\/2024\/09\/c2g9ndi2nzvkmgnmnthhyzljmguymje3mjrlmtzkyjc1mde-thumb_.jpg\" data-skip-htmlfix=\"1\" title=\"c2g9ndi2nzvkmgnmnthhyzljmguymje3mjrlmtzkyjc1mde-thumb_\"><\/p>\n<p data-index=\"8\"><strong>(Foto: <a href=\"https:\/\/www.facebook.com\/EUdrea?fref=ts\" target=\"_blank\" data-skip-linkfix=\"1\" rel=\"noopener\">Facebook<\/a>)<\/strong><\/p>\n<p data-index=\"9\">Udrea a spus \u015fi c\u0103 de la 1 aprilie premierul Ponta s-a g\u00e2ndit s\u0103 scumpeasc\u0103 benzina \u015fi motorina pentru c\u0103 este \u201esub piciorul baronilor locali ai PSD\u201d \u015fi c\u0103 vor cre\u015fte toate pre\u0163urile, p\u00e2n\u0103 \u015fi \u201ela laptele praf al bebelu\u015filor\u201d.<\/p>\n<p data-index=\"10\">Participan\u0163ii la mitingul din fa\u0163a Ateneului Rom\u00e2n au vizionat \u015fi un <strong>mesaj video din partea lui Emil Boc<\/strong>, care a fost prezentat drept membru al Funda\u0163iei Mi\u015fcarea Popular\u0103.<\/p>\n<p data-index=\"11\">Pe scena amenajat\u0103 \u00een Pia\u0163a George Enescu au urcat <strong>lideri ai PMP \u015fi ai Funda\u0163iei Mi\u015fcarea Popular\u0103,<\/strong> majoritatea purt\u00e2nd c\u0103m\u0103\u015fi albe \u015fi blugi, \u00eentre ace\u015ftia num\u0103r\u00e2ndu-se Eugen Tomac, Elena Udrea, Cristian Preda, Marian Preda, Daniel Funeriu, Teodor Baconschi, Theodor Paleologu, Gheorghe \u015etefan, Florin Popescu.<\/p>\n<p data-index=\"12\">Liderul PMP a sus\u0163inut \u00een discursul s\u0103u c\u0103 \u201ePSD este cel mai corupt partid din Rom\u00e2nia\u201d \u015fi c\u0103 \u201eVictor Ponta este specialistul \u00een lovituri de stat care vrea s\u0103 se specializeze \u015fi \u00een lovituri asupra portofelului\u201d, pentru c\u0103 vrea s\u0103 scumpeasc\u0103 benzina.<\/p>\n<p data-index=\"13\">&#8220;Suntem aici pentru c\u0103 suntem \u00eempotriva Guvernului Ponta, \u00eempotriva accizei&#8221;, a mai spus Tomac.<\/p>\n<p data-index=\"14\">Pre\u015fedintele<strong><a href=\"https:\/\/www.digi24.ro\/Stiri\/Digi24\/Actualitate\/Stiri\/VIDEO+Traian+Basescu+a+semnat+petitia+impotriva+accizei+la+benzi\" target=\"_blank\" data-skip-linkfix=\"1\" rel=\"noopener\">Traian B\u0103sescu a semnat<\/a>,<\/strong> vineri, \u00een zona Eroilor, la unul din corturile de campanie ale PMP, peti\u0163ia pentru respingerea taxei suplimentare la carburant pe care Guvernul dore\u015fte s\u0103 o introduc\u0103. El a spus c\u0103 a promis c\u0103 va semna peti\u0163ia PMP \u00eempotriva taxei suplimentare la carburant, dar nu va participa la mitingul pe aceast\u0103 tem\u0103 pe care PMP \u00eel organizeaz\u0103 s\u00e2mb\u0103t\u0103.<\/p>\n<\/div>\n<p> Source URL: https:\/\/www.digi24.ro\/stiri\/actualitate\/politica\/protest-fata-de-acciza-la-combustibil-peste-8-000-de-oameni-au-participat-la-mitingul-din-capitala-214837<\/p>\n","protected":false},"excerpt":{"rendered":"<p>Actualizare 15.50.Protestul PMP s-a \u00eencheiat \u00een Pia\u0163a Victoriei, cu scand\u0103ri \u00eempotriva Guvernului. Participan\u0163ii la protest au stat aproximativ o jum\u0103tate de or\u0103 \u00een Pia\u0163a Victoriei. Ei au venit \u00een mar\u015f din Pia\u0163a George Enescu, traficul fiind restric\u0163ionat pe traseul parcurs de manifestan\u0163i. La miting le-au vorbit participan\u0163ilor mai mul\u0163i lideri ai PMP \u015fi ai Funda\u0163iei [&hellip;]<\/p>\n","protected":false},"author":1,"featured_media":209486,"comment_status":"open","ping_status":"","sticky":false,"template":"","format":"standard","meta":{"footnotes":""},"categories":[2],"tags":[11],"class_list":["post-209485","post","type-post","status-publish","format-standard","has-post-thumbnail","hentry","category-politics","tag-digi24"],"_links":{"self":[{"href":"https:\/\/analyse.optim.biz\/index.php?rest_route=\/wp\/v2\/posts\/209485","targetHints":{"allow":["GET"]}}],"collection":[{"href":"https:\/\/analyse.optim.biz\/index.php?rest_route=\/wp\/v2\/posts"}],"about":[{"href":"https:\/\/analyse.optim.biz\/index.php?rest_route=\/wp\/v2\/types\/post"}],"author":[{"embeddable":true,"href":"https:\/\/analyse.optim.biz\/index.php?rest_route=\/wp\/v2\/users\/1"}],"replies":[{"embeddable":true,"href":"https:\/\/analyse.optim.biz\/index.php?rest_route=%2Fwp%2Fv2%2Fcomments&post=209485"}],"version-history":[{"count":0,"href":"https:\/\/analyse.optim.biz\/index.php?rest_route=\/wp\/v2\/posts\/209485\/revisions"}],"wp:featuredmedia":[{"embeddable":true,"href":"https:\/\/analyse.optim.biz\/index.php?rest_route=\/wp\/v2\/media\/209486"}],"wp:attachment":[{"href":"https:\/\/analyse.optim.biz\/index.php?rest_route=%2Fwp%2Fv2%2Fmedia&parent=209485"}],"wp:term":[{"taxonomy":"category","embeddable":true,"href":"https:\/\/analyse.optim.biz\/index.php?rest_route=%2Fwp%2Fv2%2Fcategories&post=209485"},{"taxonomy":"post_tag","embeddable":true,"href":"https:\/\/analyse.optim.biz\/index.php?rest_route=%2Fwp%2Fv2%2Ftags&post=209485"}],"curies":[{"name":"wp","href":"https:\/\/api.w.org\/{rel}","templated":true}]}}