{"id":209482,"date":"2014-03-15T14:15:44","date_gmt":"2014-03-15T11:15:44","guid":{"rendered":"https:\/\/analyse.optim.biz\/?p=209482"},"modified":"2014-03-15T14:15:44","modified_gmt":"2014-03-15T11:15:44","slug":"partidul-jobbik-se-declara-socat-de-interdictia-intrarii-in-romania-a-politicienilor-sai","status":"publish","type":"post","link":"https:\/\/analyse.optim.biz\/?p=209482","title":{"rendered":"Partidul Jobbik se declar\u0103 \u201e\u015focat\u201d de interdic\u0163ia intr\u0103rii \u00een Rom\u00e2nia a politicienilor s\u0103i"},"content":{"rendered":"<div class=\"entry data-app-meta data-app-meta-article\" data-embed-base-url-canonical=\"https:\/\/www.digi24.ro\/embed\/stiri\/actualitate\/politica\/partidul-jobbik-se-declara-socat-de-interdictia-intrarii-in-romania-a-politicienilor-sai-214897\">\n<p data-index=\"1\">\u00a0<img decoding=\"async\" src=\"https:\/\/analyse.optim.biz\/wp-content\/uploads\/2024\/09\/yxnopwfjotqxzmrmnjrin2nkmtzmzty4otyyyjyymdm3ntgx-thumb_.jpg\" data-skip-htmlfix=\"1\" title=\"yxnopwfjotqxzmrmnjrin2nkmtzmzty4otyyyjyymdm3ntgx-thumb_\"><\/p>\n<p data-index=\"2\"><strong><a href=\"https:\/\/www.digi24.ro\/Stiri\/Digi24\/Actualitate\/Stiri\/Membri+a+patru+organizatii+maghiare+extremiste+printre+care+si+J\" target=\"_blank\" data-skip-linkfix=\"1\" rel=\"noopener\">Autorit\u0103\u0163ile din Rom\u00e2nia au interzis<\/a><\/strong> mai multor cet\u0103\u0163eni unguri s\u0103 p\u0103trund\u0103 pe teritoriul s\u0103u, evoc\u00e2nd un comportament extremist \u201edemonstrat \u00eempotriva Rom\u00e2niei\u201d.<\/p>\n<p data-index=\"3\">Sunt viza\u0163i membri \u015fi simpatizan\u0163i din cadrul unor organiza\u0163ii na\u0163ionaliste radicale ungure\u015fti ca Jobbik, \u201eMi\u015fcarea de Tineret \u015eaizeci \u015fi patru de jude\u0163e\u201d, Betyarsereg \u015fi Noua Gard\u0103, a anun\u0163at vineri Ministerul rom\u00e2n de Interne.<\/p>\n<p data-index=\"4\">Pal a declarat c\u0103 m\u0103sura adoptat\u0103 de c\u0103tre autorit\u0103\u0163ile din Rom\u00e2nia este \u201ede ne\u00een\u0163eles\u201d, ad\u0103ug\u00e2nd c\u0103 politicienii Jobbik nu au comis ac\u0163iuni sau infrac\u0163iuni care s\u0103 motiveze o asemenea interdic\u0163ie.<\/p>\n<p data-index=\"5\">El a anun\u0163at c\u0103 partidul va introduce \u201eproblema\u201d pe agend\u0103 dup\u0103 s\u0103rb\u0103torile publice de s\u00e2mb\u0103t\u0103.<\/p>\n<p data-index=\"6\">Un purt\u0103tor de cuv\u00e2nt al Ministerului rom\u00e2n de Interne, Monica Daibog, a refuzat s\u0103 prezinte numele persoanelor vizate \u015fi a precizat c\u0103 ministerul a ini\u0163iat o procedur\u0103 judiciar\u0103 prin care urmeaz\u0103 ca acestea s\u0103 fie declarate indezirabile.<\/p>\n<p data-index=\"7\">R\u0103spunz\u00e2nd unei \u00eentreb\u0103ri cu privire la liderul Jobbik Gabor Vona, ea a declarat c\u0103 \u00eempotriva acestuia au fost declan\u015fate proceduri penale.<\/p>\n<p data-index=\"8\">Pre\u015fedintele rom\u00e2n Traian B\u0103sescu a \u00eendemnat mar\u0163i la adoptarea unor m\u0103suri \u00eempotriva liderilor Jobbik \u015fi membrilor forma\u0163iunii din Rom\u00e2nia, \u00een urma unui miting \u00een favoarea acord\u0103rii autonomiei \u0162inutului Secuiesc, desf\u0103\u015furat luni la T\u00e2rgu Mure\u015f. Premierul rom\u00e2n Victor Ponta a declarat miercuri c\u0103 Rom\u00e2nia nu poate \u00eempiedica membrii unui anumit partid, care sunt totodat\u0103 cet\u0103\u0163eni UE, s\u0103 p\u0103trund\u0103 pe teritoriul Rom\u00e2niei, dar poate viza persoane.<\/p>\n<p data-index=\"9\">Vona a participat la mitingul de luni din Rom\u00e2nia.<\/p>\n<\/div>\n<p> Source URL: https:\/\/www.digi24.ro\/stiri\/actualitate\/politica\/partidul-jobbik-se-declara-socat-de-interdictia-intrarii-in-romania-a-politicienilor-sai-214897<\/p>\n","protected":false},"excerpt":{"rendered":"<p>\u00a0 Autorit\u0103\u0163ile din Rom\u00e2nia au interzis mai multor cet\u0103\u0163eni unguri s\u0103 p\u0103trund\u0103 pe teritoriul s\u0103u, evoc\u00e2nd un comportament extremist \u201edemonstrat \u00eempotriva Rom\u00e2niei\u201d. Sunt viza\u0163i membri \u015fi simpatizan\u0163i din cadrul unor organiza\u0163ii na\u0163ionaliste radicale ungure\u015fti ca Jobbik, \u201eMi\u015fcarea de Tineret \u015eaizeci \u015fi patru de jude\u0163e\u201d, Betyarsereg \u015fi Noua Gard\u0103, a anun\u0163at vineri Ministerul rom\u00e2n de Interne. [&hellip;]<\/p>\n","protected":false},"author":1,"featured_media":209483,"comment_status":"open","ping_status":"","sticky":false,"template":"","format":"standard","meta":{"footnotes":""},"categories":[2],"tags":[11],"class_list":["post-209482","post","type-post","status-publish","format-standard","has-post-thumbnail","hentry","category-politics","tag-digi24"],"_links":{"self":[{"href":"https:\/\/analyse.optim.biz\/index.php?rest_route=\/wp\/v2\/posts\/209482","targetHints":{"allow":["GET"]}}],"collection":[{"href":"https:\/\/analyse.optim.biz\/index.php?rest_route=\/wp\/v2\/posts"}],"about":[{"href":"https:\/\/analyse.optim.biz\/index.php?rest_route=\/wp\/v2\/types\/post"}],"author":[{"embeddable":true,"href":"https:\/\/analyse.optim.biz\/index.php?rest_route=\/wp\/v2\/users\/1"}],"replies":[{"embeddable":true,"href":"https:\/\/analyse.optim.biz\/index.php?rest_route=%2Fwp%2Fv2%2Fcomments&post=209482"}],"version-history":[{"count":0,"href":"https:\/\/analyse.optim.biz\/index.php?rest_route=\/wp\/v2\/posts\/209482\/revisions"}],"wp:featuredmedia":[{"embeddable":true,"href":"https:\/\/analyse.optim.biz\/index.php?rest_route=\/wp\/v2\/media\/209483"}],"wp:attachment":[{"href":"https:\/\/analyse.optim.biz\/index.php?rest_route=%2Fwp%2Fv2%2Fmedia&parent=209482"}],"wp:term":[{"taxonomy":"category","embeddable":true,"href":"https:\/\/analyse.optim.biz\/index.php?rest_route=%2Fwp%2Fv2%2Fcategories&post=209482"},{"taxonomy":"post_tag","embeddable":true,"href":"https:\/\/analyse.optim.biz\/index.php?rest_route=%2Fwp%2Fv2%2Ftags&post=209482"}],"curies":[{"name":"wp","href":"https:\/\/api.w.org\/{rel}","templated":true}]}}