{"id":2094786,"date":"2026-08-14T14:10:44","date_gmt":"2026-08-14T11:10:44","guid":{"rendered":"https:\/\/analyse.optim.biz\/?p=2094786"},"modified":"2026-08-14T14:10:44","modified_gmt":"2026-08-14T11:10:44","slug":"intrerupere-de-apa-in-blajova-luni-17-august-intervalul-anuntat-de-aquatim","status":"publish","type":"post","link":"https:\/\/analyse.optim.biz\/?p=2094786","title":{"rendered":"\u00centrerupere de ap\u0103 \u00een Blajova, luni, 17 august. Intervalul anun\u021bat de Aquatim"},"content":{"rendered":"<p>[analyse_image type=&#8221;featured&#8221; src=&#8221;https:\/\/orasul-timisoara.ro\/wp-content\/uploads\/2026\/07\/femeie-bea-apa.jpg&#8221;]<\/p>\n<article id=\"post-40275\" class=\"td-post-template-7 post-40275 post type-post status-publish format-standard has-post-thumbnail category-featured category-investitii-in-timisoara category-stiri-timisoara tag-apa-potabila-2 tag-apa-tulbure tag-aquatim tag-blajova tag-consumatori-aquatim tag-furnizare-apa-2 tag-gospodaria-de-apa tag-intrerupere-apa-2 tag-lucrari-mentenanta-2 tag-timis-2 td-container-wrap\">\n<div class=\"td-full-screen-header-image-wrap\">\n<div class=\"td-container td-post-header\">\n<div class=\"td-crumb-container\">\n<div class=\"entry-crumbs\"><span><a title=\"Vede\u021bi toate articolele \u00een Investitii in Timisoara\" class=\"entry-crumb\" href=\"https:\/\/orasul-timisoara.ro\/local-category\/investitii-in-timisoara\/\">Investitii in Timisoara<\/a><\/span><span class=\"td-bred-no-url-last\">\u00centrerupere de ap\u0103 \u00een Blajova, luni, 17 august. Intervalul anun\u021bat de Aquatim<\/span><\/div>\n<\/div>\n<div class=\"td-post-header-holder\">\n<div class=\"td-parallax-header\">\n<header class=\"td-post-title\">\n<ul class=\"td-category\">\n<li class=\"entry-category\"><a href=\"https:\/\/orasul-timisoara.ro\/local-category\/investitii-in-timisoara\/\">Investitii in Timisoara<\/a><\/li>\n<li class=\"entry-category\"><a href=\"https:\/\/orasul-timisoara.ro\/local-category\/stiri-timisoara\/\">\u0218tiri Locale<\/a><\/li>\n<\/ul>\n<h1 class=\"entry-title\">\u00centrerupere de ap\u0103 \u00een Blajova, luni, 17 august. Intervalul anun\u021bat de Aquatim<\/h1>\n<div class=\"td-module-meta-info\">\n<div class=\"td-post-author-name\">\n<div class=\"td-author-by\">De c\u0103tre<\/div>\n<p><a href=\"https:\/\/orasul-timisoara.ro\/author\/timisoara\/\">redactia<\/a><\/p>\n<div class=\"td-author-line\"> &#8211; <\/div>\n<\/div>\n<p><span class=\"td-post-date\"><time class=\"entry-date updated td-module-date\" datetime=\"2026-08-14T17:10:44+03:00\">14\/08\/2026<\/time><\/span><\/div>\n<\/header>\n<\/div>\n<\/div>\n<\/div>\n<div id=\"td-full-screen-header-image\" class=\"td-image-gradient-style7\"><img decoding=\"async\" class=\"td-backstretch\" src=\"https:\/\/orasul-timisoara.ro\/wp-content\/uploads\/2026\/07\/femeie-bea-apa.jpg\"><\/div>\n<\/div>\n<div class=\"td-container\">\n<div class=\"td-pb-row\">\n<div class=\"td-pb-span8 td-main-content\" role=\"main\">\n<div class=\"td-ss-main-content\">\n<div class=\"td-post-sharing-top\">\n<div class=\"td-post-sharing-classic\"><iframe title=\"topFacebookLike\" frameborder src=\"https:\/\/www.facebook.com\/plugins\/like.php?href=https:\/\/orasul-timisoara.ro\/local-40275\/&amp;layout=button_count&amp;show_faces=false&amp;width=105&amp;action=like&amp;colorscheme=light&amp;height=21\"><\/iframe><\/div>\n<div id=\"td_social_sharing_article_top\" class=\"td-post-sharing td-ps-bg td-ps-notext td-post-sharing-style1 \">\n<div class=\"td-post-sharing-visible\"><a class=\"td-social-sharing-button td-social-sharing-button-js td-social-network td-social-facebook\" href=\"https:\/\/www.facebook.com\/sharer.php?u=https%3A%2F%2Forasul-timisoara.ro%2Flocal-40275%2F\" title=\"Facebook\"><\/p>\n<div class=\"td-social-but-text\">Facebook<\/div>\n<p><\/a><a class=\"td-social-sharing-button td-social-sharing-button-js td-social-network td-social-twitter\" href=\"https:\/\/twitter.com\/intent\/tweet?text=%C3%8Entrerupere+de+ap%C4%83+%C3%AEn+Blajova%2C+luni%2C+17+august.+Intervalul+anun%C8%9Bat+de+Aquatim&amp;url=https%3A%2F%2Forasul-timisoara.ro%2Flocal-40275%2F&amp;via=orasultm\" title=\"Twitter\"><\/p>\n<div class=\"td-social-but-text\">Twitter<\/div>\n<p><\/a><a class=\"td-social-sharing-button td-social-sharing-button-js td-social-network td-social-whatsapp\" href=\"https:\/\/api.whatsapp.com\/send?text=%C3%8Entrerupere+de+ap%C4%83+%C3%AEn+Blajova%2C+luni%2C+17+august.+Intervalul+anun%C8%9Bat+de+Aquatim%20%0A%0A%20https:\/\/orasul-timisoara.ro\/local-40275\/\" title=\"WhatsApp\"><\/p>\n<div class=\"td-social-but-text\">WhatsApp<\/div>\n<p><\/a><a class=\"td-social-sharing-button td-social-sharing-button-js td-social-network td-social-linkedin\" href=\"https:\/\/www.linkedin.com\/shareArticle?mini=true&amp;url=https:\/\/orasul-timisoara.ro\/local-40275\/&amp;title=%C3%8Entrerupere+de+ap%C4%83+%C3%AEn+Blajova%2C+luni%2C+17+august.+Intervalul+anun%C8%9Bat+de+Aquatim\" title=\"Linkedin\"><\/p>\n<div class=\"td-social-but-text\">Linkedin<\/div>\n<p><\/a><a class=\"td-social-sharing-button td-social-sharing-button-js td-social-network td-social-reddit\" href=\"https:\/\/reddit.com\/submit?url=https:\/\/orasul-timisoara.ro\/local-40275\/&amp;title=%C3%8Entrerupere+de+ap%C4%83+%C3%AEn+Blajova%2C+luni%2C+17+august.+Intervalul+anun%C8%9Bat+de+Aquatim\" title=\"ReddIt\"><\/p>\n<div class=\"td-social-but-text\">ReddIt<\/div>\n<p><\/a><a class=\"td-social-sharing-button td-social-sharing-button-js td-social-network td-social-mail\" href=\"mailto:?subject=%C3%8Entrerupere%20de%20ap%C4%83%20%C3%AEn%20Blajova,%20luni,%2017%20august.%20Intervalul%20anun%C8%9Bat%20de%20Aquatim&amp;body=https:\/\/orasul-timisoara.ro\/local-40275\/\" title=\"Email\"><\/p>\n<div class=\"td-social-but-text\">Email<\/div>\n<p><\/a><a class=\"td-social-sharing-button td-social-sharing-button-js td-social-network td-social-print\" href=\"https:\/\/orasul-timisoara.ro\/local-40275\/\" title=\"Imprimare\"><\/p>\n<div class=\"td-social-but-text\">Imprimare<\/div>\n<p><\/a><\/div>\n<\/div>\n<\/div>\n<div class=\"td-post-content tagdiv-type\">\n<p class=\"wp-block-paragraph\">Locuitorii din Blajova vor r\u0103m\u00e2ne temporar f\u0103r\u0103 ap\u0103, luni, 17 august, \u00een intervalul 09:00\u201313:00. Aquatim anun\u021b\u0103 c\u0103 \u00eentreruperea este necesar\u0103 pentru efectuarea unor lucr\u0103ri de mentenan\u021b\u0103 la Gospod\u0103ria de Ap\u0103 din localitate.<\/p>\n<p class=\"wp-block-paragraph\">Operatorul recomand\u0103 consumatorilor s\u0103 \u00ee\u0219i asigure din timp cantitatea de ap\u0103 necesar\u0103 pentru perioada \u00een care furnizarea va fi oprit\u0103. Reluarea aliment\u0103rii se va face dup\u0103 finalizarea interven\u021biei, \u00eens\u0103 apa ar putea fi temporar tulbure la robinete.<\/p>\n<h2 class=\"wp-block-heading\">C\u00e2nd se opre\u0219te apa \u00een Blajova<\/h2>\n<p class=\"wp-block-paragraph\">Furnizarea apei va fi \u00eentrerupt\u0103 luni, 17 august, \u00eentre orele 09:00 \u0219i 13:00. Interven\u021bia este programat\u0103 pentru lucr\u0103ri de mentenan\u021b\u0103 la Gospod\u0103ria de Ap\u0103 din Blajova.<\/p>\n<p class=\"wp-block-paragraph\">\u00cen acest interval, consumatorii nu vor avea acces la alimentarea normal\u0103 cu ap\u0103, motiv pentru care Aquatim recomand\u0103 stocarea unei cantit\u0103\u021bi suficiente \u00eenainte de \u00eenceperea lucr\u0103rilor.<\/p>\n<h2 class=\"wp-block-heading\">Aquatim recomand\u0103 stocarea apei \u00eenainte de interven\u021bie<\/h2>\n<p class=\"wp-block-paragraph\">Pentru a limita disconfortul provocat de oprirea temporar\u0103, consumatorii sunt sf\u0103tui\u021bi s\u0103 \u00ee\u0219i preg\u0103teasc\u0103 din timp necesarul de ap\u0103 pentru perioada anun\u021bat\u0103.<\/p>\n<p class=\"wp-block-paragraph\">M\u0103sura este cu at\u00e2t mai important\u0103 pentru persoanele care au nevoie de ap\u0103 pentru activit\u0103\u021bile curente \u0219i nu pot a\u0219tepta reluarea furniz\u0103rii.<\/p>\n<h2 class=\"wp-block-heading\">Apa poate fi tulbure dup\u0103 reluarea aliment\u0103rii<\/h2>\n<p class=\"wp-block-paragraph\">Aquatim avertizeaz\u0103 c\u0103, dup\u0103 revenirea furniz\u0103rii \u00een regim normal, este posibil ca apa s\u0103 prezinte temporar un aspect tulbure.<\/p>\n<p class=\"wp-block-paragraph\">Operatorul precizeaz\u0103 c\u0103 aceast\u0103 perturbare va fi de scurt\u0103 durat\u0103. Consumatorii sunt sf\u0103tui\u021bi s\u0103 nu utilizeze apa \u00een scopuri menajere p\u00e2n\u0103 c\u00e2nd aceasta revine la limpezirea complet\u0103.<\/p>\n<p class=\"wp-block-paragraph\">Fenomenul poate ap\u0103rea \u00een perioada imediat urm\u0103toare relu\u0103rii aliment\u0103rii \u0219i este recomandat\u0103 a\u0219teptarea p\u00e2n\u0103 c\u00e2nd apa curge din nou limpede.<\/p>\n<h2 class=\"wp-block-heading\">Lucr\u0103ri de mentenan\u021b\u0103 la Gospod\u0103ria de Ap\u0103<\/h2>\n<p class=\"wp-block-paragraph\">Interven\u021bia programat\u0103 de Aquatim are ca obiect lucr\u0103ri de mentenan\u021b\u0103 la Gospod\u0103ria de Ap\u0103 din Blajova.<\/p>\n<p class=\"wp-block-paragraph\">Astfel de lucr\u0103ri sunt necesare pentru \u00eentre\u021binerea infrastructurii de alimentare \u0219i pentru buna func\u021bionare a sistemului de distribu\u021bie a apei.<\/p>\n<p class=\"wp-block-paragraph\">Furnizarea este programat\u0103 s\u0103 fie reluat\u0103 dup\u0103 \u00eencheierea interven\u021biei, \u00een afara intervalului \u00een care este anun\u021bat\u0103 \u00eentreruperea.<\/p>\n<h2 class=\"wp-block-heading\">Recomand\u0103ri pentru consumatorii din Blajova<\/h2>\n<p class=\"wp-block-paragraph\">Aquatim le recomand\u0103 locuitorilor s\u0103 \u00ee\u0219i asigure \u00eenainte de ora 09:00 cantit\u0103\u021bi suficiente de ap\u0103 pentru intervalul \u00een care furnizarea va fi \u00eentrerupt\u0103.<\/p>\n<p class=\"wp-block-paragraph\">Dup\u0103 reluarea aliment\u0103rii, consumatorii trebuie s\u0103 lase apa s\u0103 curg\u0103 p\u00e2n\u0103 la limpezirea complet\u0103 \u00eenainte de a o utiliza \u00een scopuri menajere.<\/p>\n<p class=\"wp-block-paragraph\">Interven\u021bia este programat\u0103 luni, 17 august, \u00eentre orele 09:00 \u0219i 13:00, iar operatorul recomand\u0103 consumatorilor s\u0103 \u021bin\u0103 cont de intervalul anun\u021bat pentru a evita eventualele nepl\u0103ceri.<\/p>\n<\/div>\n<footer>\n<div class=\"td-post-source-tags\">\n<ul class=\"td-tags td-post-small-box clearfix\">\n<li><span>ETICHETE<\/span><\/li>\n<li><a href=\"https:\/\/orasul-timisoara.ro\/local-tag\/apa-potabila-2\/\">ap\u0103 potabil\u0103<\/a><\/li>\n<li><a href=\"https:\/\/orasul-timisoara.ro\/local-tag\/apa-tulbure\/\">ap\u0103 tulbure<\/a><\/li>\n<li><a href=\"https:\/\/orasul-timisoara.ro\/local-tag\/aquatim\/\">aquatim<\/a><\/li>\n<li><a href=\"https:\/\/orasul-timisoara.ro\/local-tag\/blajova\/\">Blajova<\/a><\/li>\n<li><a href=\"https:\/\/orasul-timisoara.ro\/local-tag\/consumatori-aquatim\/\">consumatori Aquatim<\/a><\/li>\n<li><a href=\"https:\/\/orasul-timisoara.ro\/local-tag\/furnizare-apa-2\/\">furnizare ap\u0103<\/a><\/li>\n<li><a href=\"https:\/\/orasul-timisoara.ro\/local-tag\/gospodaria-de-apa\/\">Gospod\u0103ria de Ap\u0103<\/a><\/li>\n<li><a href=\"https:\/\/orasul-timisoara.ro\/local-tag\/intrerupere-apa-2\/\">\u00eentrerupere ap\u0103<\/a><\/li>\n<li><a href=\"https:\/\/orasul-timisoara.ro\/local-tag\/lucrari-mentenanta-2\/\">lucr\u0103ri mentenan\u021b\u0103<\/a><\/li>\n<li><a href=\"https:\/\/orasul-timisoara.ro\/local-tag\/timis-2\/\">timi\u0219<\/a><\/li>\n<\/ul>\n<\/div>\n<div class=\"td-post-sharing-bottom\">\n<div class=\"td-post-sharing-classic\"><iframe title=\"bottomFacebookLike\" frameborder src=\"https:\/\/www.facebook.com\/plugins\/like.php?href=https:\/\/orasul-timisoara.ro\/local-40275\/&amp;layout=button_count&amp;show_faces=false&amp;width=105&amp;action=like&amp;colorscheme=light&amp;height=21\"><\/iframe><\/div>\n<div id=\"td_social_sharing_article_bottom\" class=\"td-post-sharing td-ps-bg td-ps-notext td-post-sharing-style1 \">\n<div class=\"td-post-sharing-visible\"><a class=\"td-social-sharing-button td-social-sharing-button-js td-social-network td-social-facebook\" href=\"https:\/\/www.facebook.com\/sharer.php?u=https%3A%2F%2Forasul-timisoara.ro%2Flocal-40275%2F\" title=\"Facebook\"><\/p>\n<div class=\"td-social-but-text\">Facebook<\/div>\n<p><\/a><a class=\"td-social-sharing-button td-social-sharing-button-js td-social-network td-social-twitter\" href=\"https:\/\/twitter.com\/intent\/tweet?text=%C3%8Entrerupere+de+ap%C4%83+%C3%AEn+Blajova%2C+luni%2C+17+august.+Intervalul+anun%C8%9Bat+de+Aquatim&amp;url=https%3A%2F%2Forasul-timisoara.ro%2Flocal-40275%2F&amp;via=orasultm\" title=\"Twitter\"><\/p>\n<div class=\"td-social-but-text\">Twitter<\/div>\n<p><\/a><a class=\"td-social-sharing-button td-social-sharing-button-js td-social-network td-social-whatsapp\" href=\"https:\/\/api.whatsapp.com\/send?text=%C3%8Entrerupere+de+ap%C4%83+%C3%AEn+Blajova%2C+luni%2C+17+august.+Intervalul+anun%C8%9Bat+de+Aquatim%20%0A%0A%20https:\/\/orasul-timisoara.ro\/local-40275\/\" title=\"WhatsApp\"><\/p>\n<div class=\"td-social-but-text\">WhatsApp<\/div>\n<p><\/a><a class=\"td-social-sharing-button td-social-sharing-button-js td-social-network td-social-linkedin\" href=\"https:\/\/www.linkedin.com\/shareArticle?mini=true&amp;url=https:\/\/orasul-timisoara.ro\/local-40275\/&amp;title=%C3%8Entrerupere+de+ap%C4%83+%C3%AEn+Blajova%2C+luni%2C+17+august.+Intervalul+anun%C8%9Bat+de+Aquatim\" title=\"Linkedin\"><\/p>\n<div class=\"td-social-but-text\">Linkedin<\/div>\n<p><\/a><a class=\"td-social-sharing-button td-social-sharing-button-js td-social-network td-social-reddit\" href=\"https:\/\/reddit.com\/submit?url=https:\/\/orasul-timisoara.ro\/local-40275\/&amp;title=%C3%8Entrerupere+de+ap%C4%83+%C3%AEn+Blajova%2C+luni%2C+17+august.+Intervalul+anun%C8%9Bat+de+Aquatim\" title=\"ReddIt\"><\/p>\n<div class=\"td-social-but-text\">ReddIt<\/div>\n<p><\/a><a class=\"td-social-sharing-button td-social-sharing-button-js td-social-network td-social-mail\" href=\"mailto:?subject=%C3%8Entrerupere%20de%20ap%C4%83%20%C3%AEn%20Blajova,%20luni,%2017%20august.%20Intervalul%20anun%C8%9Bat%20de%20Aquatim&amp;body=https:\/\/orasul-timisoara.ro\/local-40275\/\" title=\"Email\"><\/p>\n<div class=\"td-social-but-text\">Email<\/div>\n<p><\/a><a class=\"td-social-sharing-button td-social-sharing-button-js td-social-network td-social-print\" href=\"https:\/\/orasul-timisoara.ro\/local-40275\/\" title=\"Imprimare\"><\/p>\n<div class=\"td-social-but-text\">Imprimare<\/div>\n<p><\/a><\/div>\n<\/div>\n<\/div>\n<div class=\"td-block-row td-post-next-prev\">\n<div class=\"td-block-span6 td-post-prev-post\">\n<div class=\"td-post-next-prev-content\"><span>Articolul precedent<\/span><a href=\"https:\/\/orasul-timisoara.ro\/local-40264\/\">Timi\u0219oara atrage tot mai mul\u021bi studen\u021bi c\u0103tre tehnologie, medicin\u0103 \u0219i AI<\/a><\/div>\n<\/div>\n<div class=\"td-block-span6 td-post-next-post\">\n<div class=\"td-post-next-prev-content\"><span>Articolul urm\u0103tor<\/span><a href=\"https:\/\/orasul-timisoara.ro\/local-40277\/\">Alfred Simonis: construc\u021bia noului stadion \u201eDan P\u0103ltini\u0219anu\u201d a fost deblocat\u0103 de Guvern. C\u00e2nd pot \u00eencepe lucr\u0103rile?<\/a><\/div>\n<\/div>\n<\/div>\n<div class=\"td-author-name vcard author\"><span class=\"fn\"><a href=\"https:\/\/orasul-timisoara.ro\/author\/timisoara\/\">redactia<\/a><\/span><\/div>\n<p><span class=\"td-page-meta\"><\/span><span class=\"td-page-meta\"><span class=\"td-page-meta\"><\/span><\/span><span class=\"td-page-meta\"><\/span><\/footer>\n<div class=\"td_block_wrap td_block_related_posts tdi_3 td_with_ajax_pagination td-pb-border-top td_block_template_8\" data-td-block-uid=\"tdi_3\">\n<h4 class=\"td-related-title td-block-title\"><a id=\"tdi_4\" class=\"td-related-left td-cur-simple-item\" data-td_filter_value data-td_block_id=\"tdi_3\" href=\"https:\/\/orasul-timisoara.ro\/local-40275\/\">ARTICOLE SIMILARE<\/a><a id=\"tdi_5\" class=\"td-related-right\" data-td_filter_value=\"td_related_more_from_author\" data-td_block_id=\"tdi_3\" href=\"https:\/\/orasul-timisoara.ro\/local-40275\/\">DE LA ACELA\u0218I AUTOR<\/a><\/h4>\n<div id=\"tdi_3\" class=\"td_block_inner\">\n<div class=\"td-related-row\">\n<div class=\"td-related-span4\">\n<div class=\"td_module_related_posts td-animation-stack td_mod_related_posts\">\n<div class=\"td-module-image\">\n<div class=\"td-module-thumb\"><a href=\"https:\/\/orasul-timisoara.ro\/local-40205\/\" rel=\"bookmark\" class=\"td-image-wrap \" title=\"Aquatim opre\u0219te apa \u00een patru localit\u0103\u021bi din Timi\u0219. Programul lucr\u0103rilor\"><img loading=\"lazy\" decoding=\"async\" class=\"entry-thumb\" src=\"https:\/\/orasul-timisoara.ro\/wp-content\/uploads\/2026\/07\/femeie-bea-apa-6-436x300.jpg\" alt title=\"Aquatim opre\u0219te apa \u00een patru localit\u0103\u021bi din Timi\u0219. Programul lucr\u0103rilor\" width=\"218\" height=\"150\"><\/a><\/div>\n<\/div>\n<div class=\"item-details\">\n<h3 class=\"entry-title td-module-title\"><a href=\"https:\/\/orasul-timisoara.ro\/local-40205\/\" rel=\"bookmark\" title=\"Aquatim opre\u0219te apa \u00een patru localit\u0103\u021bi din Timi\u0219. Programul lucr\u0103rilor\">Aquatim opre\u0219te apa \u00een patru localit\u0103\u021bi din Timi\u0219. Programul lucr\u0103rilor<\/a><\/h3>\n<\/div>\n<\/div>\n<\/div>\n<div class=\"td-related-span4\">\n<div class=\"td_module_related_posts td-animation-stack td_mod_related_posts\">\n<div class=\"td-module-image\">\n<div class=\"td-module-thumb\"><a href=\"https:\/\/orasul-timisoara.ro\/local-40157\/\" rel=\"bookmark\" class=\"td-image-wrap \" title=\"Noi \u00eentreruperi de ap\u0103 \u00een Timi\u0219oara pe 10 \u0219i 11 august. Str\u0103zile afectate\"><img loading=\"lazy\" decoding=\"async\" class=\"entry-thumb\" src=\"https:\/\/orasul-timisoara.ro\/wp-content\/uploads\/2026\/07\/femeie-bea-apa-4-1-436x300.jpg\" alt title=\"Noi \u00eentreruperi de ap\u0103 \u00een Timi\u0219oara pe 10 \u0219i 11 august. Str\u0103zile afectate\" width=\"218\" height=\"150\"><\/a><\/div>\n<\/div>\n<div class=\"item-details\">\n<h3 class=\"entry-title td-module-title\"><a href=\"https:\/\/orasul-timisoara.ro\/local-40157\/\" rel=\"bookmark\" title=\"Noi \u00eentreruperi de ap\u0103 \u00een Timi\u0219oara pe 10 \u0219i 11 august. Str\u0103zile afectate\">Noi \u00eentreruperi de ap\u0103 \u00een Timi\u0219oara pe 10 \u0219i 11 august. Str\u0103zile afectate<\/a><\/h3>\n<\/div>\n<\/div>\n<\/div>\n<div class=\"td-related-span4\">\n<div class=\"td_module_related_posts td-animation-stack td_mod_related_posts\">\n<div class=\"td-module-image\">\n<div class=\"td-module-thumb\"><a href=\"https:\/\/orasul-timisoara.ro\/local-40147\/\" rel=\"bookmark\" class=\"td-image-wrap \" title=\"Consum record de ap\u0103 \u00een Timi\u0219oara. Aquatim a distribuit peste 2,5 milioane de metri cubi \u00een iulie\"><img loading=\"lazy\" decoding=\"async\" class=\"entry-thumb\" src=\"https:\/\/orasul-timisoara.ro\/wp-content\/uploads\/2026\/07\/femeie-bea-apa-4-436x300.jpg\" alt title=\"Consum record de ap\u0103 \u00een Timi\u0219oara. Aquatim a distribuit peste 2,5 milioane de metri cubi \u00een iulie\" width=\"218\" height=\"150\"><\/a><\/div>\n<\/div>\n<div class=\"item-details\">\n<h3 class=\"entry-title td-module-title\"><a href=\"https:\/\/orasul-timisoara.ro\/local-40147\/\" rel=\"bookmark\" title=\"Consum record de ap\u0103 \u00een Timi\u0219oara. Aquatim a distribuit peste 2,5 milioane de metri cubi \u00een iulie\">Consum record de ap\u0103 \u00een Timi\u0219oara. Aquatim a distribuit peste 2,5 milioane de metri cubi \u00een iulie<\/a><\/h3>\n<\/div>\n<\/div>\n<\/div>\n<\/div>\n<\/div>\n<\/div>\n<div class=\"comments\" id=\"comments\">\n<div id=\"respond\" class=\"comment-respond\">\n<h3 id=\"reply-title\" class=\"comment-reply-title\">L\u0102SA\u021aI UN MESAJ<\/h3>\n<div class=\"comment-form-input-wrap td-form-comment\">\n<div class=\"td-warning-comment\">V\u0103 rug\u0103m s\u0103 introduce\u021bi comentariul dvs.!<\/div>\n<\/div>\n<div class=\"comment-form-input-wrap td-form-author\">\n<div class=\"td-warning-author\">Introduce\u021bi aici numele dvs.<\/div>\n<\/div>\n<div class=\"comment-form-input-wrap td-form-email\">\n<div class=\"td-warning-email-error\">A\u021bi introdus o adres\u0103 de e-mail incorect\u0103!<\/div>\n<div class=\"td-warning-email\">V\u0103 rug\u0103m s\u0103 introduce\u021bi adresa dvs. de e-mail aici<\/div>\n<\/div>\n<\/div>\n<p class=\"akismet_comment_form_privacy_notice\">Acest site folose\u0219te Akismet pentru a reduce spamul. <a href=\"https:\/\/akismet.com\/privacy\/\" target=\"_blank\" rel=\"nofollow noopener\">Afl\u0103 cum sunt procesate datele comentariilor tale<\/a>.<\/p>\n<\/div>\n<\/div>\n<\/div>\n<div class=\"td-pb-span4 td-main-sidebar\" role=\"complementary\">\n<div class=\"td-ss-main-sidebar\">\n<aside id=\"block-4\" class=\"td_block_template_8 widget block-4 widget_block widget_media_image\">\n<figure class=\"wp-block-image size-full\"><img loading=\"lazy\" decoding=\"async\" width=\"336\" height=\"280\" src=\"https:\/\/orasul-timisoara.ro\/wp-content\/uploads\/2024\/11\/ReTIM-Abonamentul-Verde-Google-Ads-336x280px.gif\" alt class=\"wp-image-29257\"><\/figure>\n<\/aside>\n<div class=\"td_block_wrap td_block_social_counter td_block_widget tdi_6 td-social-style5 td-social-boxed td-pb-border-top td_block_template_8\">\n<div class=\"td-block-title-wrap\">\n<h4 class=\"td-block-title\"><span>Urm\u0103re\u0219te-ne pe Social Media<\/span><\/h4>\n<\/div>\n<div class=\"td-social-list\">\n<div class=\"td_social_type td-pb-margin-side td_social_facebook\">\n<div class=\"td-social-box\"><span class=\"td_social_info td_social_info_counter\">344,595<\/span><span class=\"td_social_info td_social_info_name\">Fani<\/span><span class=\"td_social_button\"><a href=\"https:\/\/www.facebook.com\/247timisoara\" target=\"_blank\" rel=\"nofollow\">\u00cemi place<\/a><\/span><\/div>\n<\/div>\n<div class=\"td_social_type td-pb-margin-side td_social_instagram\">\n<div class=\"td-social-box\"><span class=\"td_social_info td_social_info_counter\">4,416<\/span><span class=\"td_social_info td_social_info_name\">Cititori<\/span><span class=\"td_social_button\"><a href=\"https:\/\/instagram.com\/orasultimisoararo\/\" target=\"_blank\" rel=\"nofollow\">Conecta\u021bi-v\u0103<\/a><\/span><\/div>\n<\/div>\n<div class=\"td_social_type td-pb-margin-side td_social_rss\">\n<div class=\"td-social-box\"><span class=\"td_social_info td_social_info_counter\">12,506<\/span><span class=\"td_social_info td_social_info_name\">Cititori<\/span><span class=\"td_social_button\"><a href=\"https:\/\/orasul-timisoara.ro\/feed\/\" target=\"_blank\" rel=\"nofollow\">Conecta\u021bi-v\u0103<\/a><\/span><\/div>\n<\/div>\n<div class=\"td_social_type td-pb-margin-side td_social_tiktok\">\n<div class=\"td-social-box\"><span class=\"td_social_info td_social_info_counter\">1,500<\/span><span class=\"td_social_info td_social_info_name\">Cititori<\/span><span class=\"td_social_button\"><a href=\"https:\/\/www.tiktok.com\/@orasultimisoara\" target=\"_blank\" rel=\"nofollow\">Conecta\u021bi-v\u0103<\/a><\/span><\/div>\n<\/div>\n<div class=\"td_social_type td-pb-margin-side td_social_twitter\">\n<div class=\"td-social-box\"><span class=\"td_social_info td_social_info_counter\">1,595<\/span><span class=\"td_social_info td_social_info_name\">Cititori<\/span><span class=\"td_social_button\"><a href=\"https:\/\/twitter.com\/orasultm\" target=\"_blank\" rel=\"nofollow\">Conecta\u021bi-v\u0103<\/a><\/span><\/div>\n<\/div>\n<div class=\"td_social_type td-pb-margin-side td_social_youtube\">\n<div class=\"td-social-box\"><span class=\"td_social_info td_social_info_counter\">3,506<\/span><span class=\"td_social_info td_social_info_name\">Abona\u021bi<\/span><span class=\"td_social_button\"><a href=\"https:\/\/www.youtube.com\/channel\/UCQNsQvs2XCSIm1Z-AHRturw?sub_confirmation=1\" target=\"_blank\" rel=\"nofollow\">Abona\u021bi-v\u0103<\/a><\/span><\/div>\n<\/div>\n<\/div>\n<\/div>\n<aside id=\"text-7\" class=\"td_block_template_8 widget text-7 widget_text\">\n<h4 class=\"td-block-title\"><span>C\u0103ut\u0103ri populare pe OTM<\/span><\/h4>\n<div class=\"textwidget\"><a href=\"https:\/\/orasul-timisoara.ro\/?s=timisoara\"><span>Timisoara<\/span><\/a><a href=\"https:\/\/orasul-timisoara.ro\/?s=calin+dobra\"><span>Calin Dobra<\/span><\/a><a href=\"https:\/\/orasul-timisoara.ro\/?s=primaria+timisoara\"><span>Primaria Timisoara<\/span><\/a><a href=\"https:\/\/orasul-timisoara.ro\/?s=dominic+fritz\"><span>Dominic Fritz<\/span><\/a><a href=\"https:\/\/orasul-timisoara.ro\/?s=nicolae+robu\"><span>Nicolae Robu<\/span><\/a><a href=\"https:\/\/orasul-timisoara.ro\/?s=consiliul+local+timisoara\">Consiliul Local Timisoara<\/a><a href=\"https:\/\/orasul-timisoara.ro\/?s=consiliul+judetean+timis\"><span>Consiliul Judetean Timis<\/span><\/a><a href=\"https:\/\/orasul-timisoara.ro\/?s=cjt\"><span>CJT<\/span><\/a><a href=\"https:\/\/orasul-timisoara.ro\/?s=Alfred+Simonis\"><span>Alfred Simonis<\/span><\/a><a href=\"https:\/\/orasul-timisoara.ro\/?s=PNL\"><span>PNL<\/span><\/a><a href=\"https:\/\/orasul-timisoara.ro\/?s=coronavirus\"><span>coronavirus<\/span><\/a><a href=\"https:\/\/orasul-timisoara.ro\/?s=teatru+timisoara\">teatru Timisoara<\/a><a href=\"https:\/\/orasul-timisoara.ro\/?s=restaurante\"><span>restaurante Timisoara<\/span><\/a><a href=\"https:\/\/orasul-timisoara.ro\/?s=diskoteka\"><span>Diskoteka<\/span><\/a><a href=\"https:\/\/orasul-timisoara.ro\/?s=iulius+town\"><span>Iulius Town<\/span><\/a><a href=\"https:\/\/orasul-timisoara.ro\/?s=iulius+mall\"><span>Iulius Mall<\/span><\/a><a href=\"https:\/\/orasul-timisoara.ro\/?s=stpt\"><span>STPT<\/span><\/a><a href=\"https:\/\/orasul-timisoara.ro\/?s=alin+nica\"><span>Alin Nica<\/span><\/a><a href=\"https:\/\/orasul-timisoara.ro\/?s=psd\"><span>PSD<\/span><\/a><a href=\"https:\/\/orasul-timisoara.ro\/?s=aeroport\"><span>Aeroportul International Timisoara<\/span><\/a><a href=\"https:\/\/orasul-timisoara.ro\/?s=babes\"><span>Spitalul Victor Babes Timisoara<\/span><\/a><a href=\"https:\/\/orasul-timisoara.ro\/?s=poli\"><span>Poli Timi\u0219oara<\/span><\/a><a href=\"https:\/\/orasul-timisoara.ro\/?s=carantina\"><span>carantina<\/span><\/a><a href=\"https:\/\/orasul-timisoara.ro\/?s=aquatim\"><span>Aquatim<\/span><\/a><a href=\"https:\/\/orasul-timisoara.ro\/local-category\/stiri-timisoara\/\"><span>Stiri Timisoara<\/span><\/a><a href=\"https:\/\/orasul-timisoara.ro\/local-category\/investitii-in-timisoara\/\"><span>Investi\u021bii in Timi\u0219oara<\/span><\/a><a href=\"https:\/\/orasul-timisoara.ro\/local-9463\/\"><span>shaorma<\/span><\/a><a href=\"https:\/\/orasul-timisoara.ro\/?s=trafic\"><span>trafic rutier<\/span><\/a><a href=\"https:\/\/orasul-timisoara.ro\/?s=politia\"><span>politia locala timisoara<\/span><\/a><a href=\"https:\/\/orasul-timisoara.ro\/?s=roxana\"><span>Roxana Iliescu<\/span><\/a><a href=\"https:\/\/orasul-timisoara.ro\/?s=colterm\"><span>Colterm<\/span><\/a><a href=\"https:\/\/orasul-timisoara.ro\/?s=latcau\"><span>Ruben La\u021bc\u0103u<\/span><\/a><a href=\"https:\/\/orasul-timisoara.ro\/?s=timis\"><span>\u0218tiri din Timi\u0219<\/span><\/a><a href=\"https:\/\/orasul-timisoara.ro\/?s=spital\"><span>Spitale din Timi\u0219oara<\/span><\/a><a href=\"https:\/\/orasul-timisoara.ro\/?s=tabara\"><span>Cosmin Tab\u0103r\u0103<\/span><\/a><\/div>\n<\/aside>\n<aside id=\"rss-2\" class=\"td_block_template_8 widget rss-2 widget_rss\">\n<h4 class=\"td-block-title\"><span><a class=\"rsswidget rss-widget-feed\" href=\"https:\/\/fashionfridays.ro\/feed\"><img decoding=\"async\" class=\"rss-widget-icon\" width=\"14\" height=\"14\" src=\"https:\/\/orasul-timisoara.ro\/wp-includes\/images\/rss.png\" alt=\"RSS\" loading=\"lazy\"><\/a><a class=\"rsswidget rss-widget-title\" href=\"https:\/\/fashionfridays.ro\/\">Fashion Fridays<\/a><\/span><\/h4>\n<ul>\n<li><a class=\"rsswidget\" href=\"https:\/\/fashionfridays.ro\/romania-devine-a-29-a-piata-vogue-o-noua-era-pentru-industria-locala-de-moda\/\">Rom\u00e2nia devine a 29-a pia\u021b\u0103 Vogue: o nou\u0103 er\u0103 pentru industria local\u0103 de mod\u0103<\/a>\n<div class=\"rssSummary\">Revista Vogue \u00ee\u0219i extinde prezen\u021ba global\u0103 \u0219i va fi lansat\u0103 oficial \u00een Rom\u00e2nia \u00een prim\u0103vara anului 2027, marc\u00e2nd intrarea pe cea de-a 29-a pia\u021b\u0103 interna\u021bional\u0103. Proiectul este realizat \u00een parteneriat cu AEMME Publishing, o companie media recent \u00eenfiin\u021bat\u0103, care va publica edi\u021bia local\u0103 sub licen\u021b\u0103. Noua edi\u021bie, Vogue Rom\u00e2nia, \u00ee\u0219i propune s\u0103 combine autoritatea global\u0103 [\u2026]<\/div>\n<\/li>\n<\/ul>\n<\/aside>\n<aside id=\"rss-4\" class=\"td_block_template_8 widget rss-4 widget_rss\">\n<h4 class=\"td-block-title\"><span><a class=\"rsswidget rss-widget-feed\" href=\"https:\/\/emasini.ro\/feed\"><img decoding=\"async\" class=\"rss-widget-icon\" width=\"14\" height=\"14\" src=\"https:\/\/orasul-timisoara.ro\/wp-includes\/images\/rss.png\" alt=\"RSS\" loading=\"lazy\"><\/a><a class=\"rsswidget rss-widget-title\" href=\"https:\/\/emasini.ro\/\">eMasini<\/a><\/span><\/h4>\n<ul>\n<li><a class=\"rsswidget\" href=\"https:\/\/emasini.ro\/bmw-testeaza-noul-i4-convertible-primul-cabrio-electric-accesibil-al-marcii\/\">BMW testeaz\u0103 noul i4 Convertible, primul cabrio electric accesibil al m\u0103rcii<\/a>\n<div class=\"rssSummary\">BMW accelereaz\u0103 dezvoltarea noii genera\u021bii de modele electrice bazate pe platforma Neue Klasse, iar unul dintre cele mai interesante proiecte aflate \u00een teste este viitorul BMW i4 Convertible. Prototipul camuflat a fost surprins pe \u0219osele, confirm\u00e2nd c\u0103 produc\u0103torul german preg\u0103te\u0219te o decapotabil\u0103 electric\u0103 destinat\u0103 unui segment \u00een care oferta este, \u00een prezent, extrem de limitat\u0103. [\u2026]<\/div>\n<\/li>\n<\/ul>\n<\/aside>\n<\/div>\n<\/div>\n<\/div>\n<\/div>\n<\/article>\n<div class=\"td-post-content tagdiv-type\">\n<p class=\"wp-block-paragraph\">Locuitorii din Blajova vor r\u0103m\u00e2ne temporar f\u0103r\u0103 ap\u0103, luni, 17 august, \u00een intervalul 09:00\u201313:00. Aquatim anun\u021b\u0103 c\u0103 \u00eentreruperea este necesar\u0103 pentru efectuarea unor lucr\u0103ri de mentenan\u021b\u0103 la Gospod\u0103ria de Ap\u0103 din localitate.<\/p>\n<p class=\"wp-block-paragraph\">Operatorul recomand\u0103 consumatorilor s\u0103 \u00ee\u0219i asigure din timp cantitatea de ap\u0103 necesar\u0103 pentru perioada \u00een care furnizarea va fi oprit\u0103. Reluarea aliment\u0103rii se va face dup\u0103 finalizarea interven\u021biei, \u00eens\u0103 apa ar putea fi temporar tulbure la robinete.<\/p>\n<h2 class=\"wp-block-heading\">C\u00e2nd se opre\u0219te apa \u00een Blajova<\/h2>\n<p class=\"wp-block-paragraph\">Furnizarea apei va fi \u00eentrerupt\u0103 luni, 17 august, \u00eentre orele 09:00 \u0219i 13:00. Interven\u021bia este programat\u0103 pentru lucr\u0103ri de mentenan\u021b\u0103 la Gospod\u0103ria de Ap\u0103 din Blajova.<\/p>\n<p class=\"wp-block-paragraph\">\u00cen acest interval, consumatorii nu vor avea acces la alimentarea normal\u0103 cu ap\u0103, motiv pentru care Aquatim recomand\u0103 stocarea unei cantit\u0103\u021bi suficiente \u00eenainte de \u00eenceperea lucr\u0103rilor.<\/p>\n<h2 class=\"wp-block-heading\">Aquatim recomand\u0103 stocarea apei \u00eenainte de interven\u021bie<\/h2>\n<p class=\"wp-block-paragraph\">Pentru a limita disconfortul provocat de oprirea temporar\u0103, consumatorii sunt sf\u0103tui\u021bi s\u0103 \u00ee\u0219i preg\u0103teasc\u0103 din timp necesarul de ap\u0103 pentru perioada anun\u021bat\u0103.<\/p>\n<p class=\"wp-block-paragraph\">M\u0103sura este cu at\u00e2t mai important\u0103 pentru persoanele care au nevoie de ap\u0103 pentru activit\u0103\u021bile curente \u0219i nu pot a\u0219tepta reluarea furniz\u0103rii.<\/p>\n<h2 class=\"wp-block-heading\">Apa poate fi tulbure dup\u0103 reluarea aliment\u0103rii<\/h2>\n<p class=\"wp-block-paragraph\">Aquatim avertizeaz\u0103 c\u0103, dup\u0103 revenirea furniz\u0103rii \u00een regim normal, este posibil ca apa s\u0103 prezinte temporar un aspect tulbure.<\/p>\n<p class=\"wp-block-paragraph\">Operatorul precizeaz\u0103 c\u0103 aceast\u0103 perturbare va fi de scurt\u0103 durat\u0103. Consumatorii sunt sf\u0103tui\u021bi s\u0103 nu utilizeze apa \u00een scopuri menajere p\u00e2n\u0103 c\u00e2nd aceasta revine la limpezirea complet\u0103.<\/p>\n<p class=\"wp-block-paragraph\">Fenomenul poate ap\u0103rea \u00een perioada imediat urm\u0103toare relu\u0103rii aliment\u0103rii \u0219i este recomandat\u0103 a\u0219teptarea p\u00e2n\u0103 c\u00e2nd apa curge din nou limpede.<\/p>\n<h2 class=\"wp-block-heading\">Lucr\u0103ri de mentenan\u021b\u0103 la Gospod\u0103ria de Ap\u0103<\/h2>\n<p class=\"wp-block-paragraph\">Interven\u021bia programat\u0103 de Aquatim are ca obiect lucr\u0103ri de mentenan\u021b\u0103 la Gospod\u0103ria de Ap\u0103 din Blajova.<\/p>\n<p class=\"wp-block-paragraph\">Astfel de lucr\u0103ri sunt necesare pentru \u00eentre\u021binerea infrastructurii de alimentare \u0219i pentru buna func\u021bionare a sistemului de distribu\u021bie a apei.<\/p>\n<p class=\"wp-block-paragraph\">Furnizarea este programat\u0103 s\u0103 fie reluat\u0103 dup\u0103 \u00eencheierea interven\u021biei, \u00een afara intervalului \u00een care este anun\u021bat\u0103 \u00eentreruperea.<\/p>\n<h2 class=\"wp-block-heading\">Recomand\u0103ri pentru consumatorii din Blajova<\/h2>\n<p class=\"wp-block-paragraph\">Aquatim le recomand\u0103 locuitorilor s\u0103 \u00ee\u0219i asigure \u00eenainte de ora 09:00 cantit\u0103\u021bi suficiente de ap\u0103 pentru intervalul \u00een care furnizarea va fi \u00eentrerupt\u0103.<\/p>\n<p class=\"wp-block-paragraph\">Dup\u0103 reluarea aliment\u0103rii, consumatorii trebuie s\u0103 lase apa s\u0103 curg\u0103 p\u00e2n\u0103 la limpezirea complet\u0103 \u00eenainte de a o utiliza \u00een scopuri menajere.<\/p>\n<p class=\"wp-block-paragraph\">Interven\u021bia este programat\u0103 luni, 17 august, \u00eentre orele 09:00 \u0219i 13:00, iar operatorul recomand\u0103 consumatorilor s\u0103 \u021bin\u0103 cont de intervalul anun\u021bat pentru a evita eventualele nepl\u0103ceri.<\/p>\n<\/div>\n<p>[analyse_source url=&#8221;https:\/\/orasul-timisoara.ro\/local-40275\/&#8221;]<\/p>\n","protected":false},"excerpt":{"rendered":"<p>[analyse_image type=&#8221;featured&#8221; src=&#8221;https:\/\/orasul-timisoara.ro\/wp-content\/uploads\/2026\/07\/femeie-bea-apa.jpg&#8221;] Investitii in Timisoara\u00centrerupere de ap\u0103 \u00een Blajova, luni, 17 august. Intervalul anun\u021bat de Aquatim Investitii in Timisoara \u0218tiri Locale \u00centrerupere de ap\u0103 \u00een Blajova, luni, 17 august. Intervalul anun\u021bat de Aquatim De c\u0103tre redactia &#8211; 14\/08\/2026 Facebook Twitter WhatsApp Linkedin ReddIt Email Imprimare Locuitorii din Blajova vor r\u0103m\u00e2ne temporar f\u0103r\u0103 ap\u0103, luni, [&hellip;]<\/p>\n","protected":false},"author":1,"featured_media":0,"comment_status":"open","ping_status":"","sticky":false,"template":"","format":"standard","meta":{"footnotes":""},"categories":[89],"tags":[226,189],"class_list":["post-2094786","post","type-post","status-publish","format-standard","hentry","category-romania","tag-crawlmanager","tag-orasul-timisoara-ro"],"_links":{"self":[{"href":"https:\/\/analyse.optim.biz\/index.php?rest_route=\/wp\/v2\/posts\/2094786","targetHints":{"allow":["GET"]}}],"collection":[{"href":"https:\/\/analyse.optim.biz\/index.php?rest_route=\/wp\/v2\/posts"}],"about":[{"href":"https:\/\/analyse.optim.biz\/index.php?rest_route=\/wp\/v2\/types\/post"}],"author":[{"embeddable":true,"href":"https:\/\/analyse.optim.biz\/index.php?rest_route=\/wp\/v2\/users\/1"}],"replies":[{"embeddable":true,"href":"https:\/\/analyse.optim.biz\/index.php?rest_route=%2Fwp%2Fv2%2Fcomments&post=2094786"}],"version-history":[{"count":0,"href":"https:\/\/analyse.optim.biz\/index.php?rest_route=\/wp\/v2\/posts\/2094786\/revisions"}],"wp:attachment":[{"href":"https:\/\/analyse.optim.biz\/index.php?rest_route=%2Fwp%2Fv2%2Fmedia&parent=2094786"}],"wp:term":[{"taxonomy":"category","embeddable":true,"href":"https:\/\/analyse.optim.biz\/index.php?rest_route=%2Fwp%2Fv2%2Fcategories&post=2094786"},{"taxonomy":"post_tag","embeddable":true,"href":"https:\/\/analyse.optim.biz\/index.php?rest_route=%2Fwp%2Fv2%2Ftags&post=2094786"}],"curies":[{"name":"wp","href":"https:\/\/api.w.org\/{rel}","templated":true}]}}