{"id":2094746,"date":"2026-08-14T08:14:44","date_gmt":"2026-08-14T05:14:44","guid":{"rendered":"https:\/\/analyse.optim.biz\/?p=2094746"},"modified":"2026-08-14T08:14:44","modified_gmt":"2026-08-14T05:14:44","slug":"tehnologia-thermo-signal-de-la-tefal-ce-indica-de-fapt","status":"publish","type":"post","link":"https:\/\/analyse.optim.biz\/?p=2094746","title":{"rendered":"Tehnologia Thermo-Signal de la Tefal: ce indic\u0103, de fapt"},"content":{"rendered":"<p>[analyse_image type=&#8221;featured&#8221; src=&#8221;https:\/\/r3media.ro\/wp-content\/uploads\/2026\/08\/tehnologia_thermosignal_de_la_tefal_ce_indic_de_fapt-e1786781772118.jpghttps:\/\/r3media.ro\/wp-content\/uploads\/2026\/08\/tehnologia_thermosignal_de_la_tefal_ce_indic_de_fapt-e1786781772118.jpg&#8221;]<\/p>\n<article id=\"template-id-109\" class=\"post-109 tdb_templates type-tdb_templates status-publish post\">\n<div id=\"tdi_2\" class=\"tdc-zone\">\n<div class=\"tdc_zone tdi_3  wpb_row td-pb-row\">\n<div id=\"tdi_4\" class=\"tdc-row\">\n<div class=\"vc_row tdi_5  wpb_row td-pb-row\">\n<div class=\"vc_column tdi_7  wpb_column vc_column_container tdc-column td-pb-span8\">\n<div class=\"wpb_wrapper\">\n<div class=\"td_block_wrap tdb_breadcrumbs tdi_8 td-pb-border-top td_block_template_1 tdb-breadcrumbs \" data-td-block-uid=\"tdi_8\">\n<div class=\"tdb-block-inner td-fix-index\"><span><a title=\"Vede\u021bi toate articolele \u00een \u0218TIRI\" class=\"tdb-entry-crumb\" href=\"https:\/\/r3media.ro\/category\/stiri\/\">\u0218TIRI<\/a><\/span><span class=\"tdb-bred-no-url-last\">Tehnologia Thermo-Signal de la Tefal: ce indic\u0103, de fapt<\/span><\/div>\n<\/div>\n<div class=\"td_block_wrap tdb_single_categories tdi_9 td-pb-border-top td_block_template_1 \" data-td-block-uid=\"tdi_9\">\n<div class=\"tdb-category td-fix-index\"><a class=\"tdb-entry-category\" href=\"https:\/\/r3media.ro\/category\/stiri\/\">\u0218TIRI<\/a><\/div>\n<\/div>\n<div class=\"td_block_wrap tdb_title tdi_10 tdb-single-title td-pb-border-top td_block_template_1\" data-td-block-uid=\"tdi_10\">\n<div class=\"tdb-block-inner td-fix-index\">\n<h1 class=\"tdb-title-text\">Tehnologia Thermo-Signal de la Tefal: ce indic\u0103, de fapt<\/h1>\n<\/div>\n<\/div>\n<div class=\"vc_row_inner tdi_12  vc_row vc_inner wpb_row td-pb-row\">\n<div class=\"vc_column_inner tdi_14  wpb_column vc_column_container tdc-inner-column td-pb-span12\">\n<div class=\"vc_column-inner\">\n<div class=\"wpb_wrapper\">\n<div class=\"td_block_wrap tdb_single_author tdi_15 td-pb-border-top td_block_template_1 tdb-post-meta\" data-td-block-uid=\"tdi_15\">\n<div class=\"tdb-block-inner td-fix-index\">\n<div class=\"tdb-author-name-wrap\"><a class=\"tdb-author-name\" href=\"https:\/\/r3media.ro\/author\/promo\/\">Promo<\/a><\/div>\n<\/div>\n<\/div>\n<div class=\"td_block_wrap tdb_single_date tdi_16 td-pb-border-top td_block_template_1 tdb-post-meta\" data-td-block-uid=\"tdi_16\">\n<div class=\"tdb-block-inner td-fix-index\"><time class=\"entry-date updated td-module-date\" datetime=\"2026-08-14T11:14:44+03:00\">14\/08\/2026<\/time><\/div>\n<\/div>\n<\/div>\n<\/div>\n<\/div>\n<\/div>\n<div class=\"td_block_wrap tdb_single_content tdi_18 td-pb-border-top td_block_template_1 td-post-content tagdiv-type\" data-td-block-uid=\"tdi_18\">\n<div class=\"tdb-block-inner td-fix-index\">\n<p><strong>Temperatura este unul dintre cele mai importante detalii atunci c\u00e2nd g\u0103te\u0219ti. O tigaie insuficient \u00eencins\u0103 poate face ca alimentele s\u0103 se lipeasc\u0103 sau s\u0103 se g\u0103teasc\u0103 neuniform, \u00een timp ce o tigaie supra\u00eenc\u0103lzit\u0103 poate afecta textura preparatelor \u0219i poate reduce durata de via\u021b\u0103 a stratului antiaderent. Tocmai de aceea, mul\u021bi pasiona\u021bi de g\u0103tit caut\u0103 solu\u021bii care s\u0103 \u00eei ajute s\u0103 ob\u021bin\u0103 rezultate constante, f\u0103r\u0103 s\u0103 fie nevoi\u021bi s\u0103 estimeze \u201edin ochi\u201d momentul potrivit pentru a \u00eencepe prepararea alimentelor.\u00a0 \u00a0\u00a0<\/strong><\/p>\n<p>\u00cen acest context, tehnologia Thermo-Signal a devenit una dintre caracteristicile reprezentative ale produselor Tefal. De\u0219i pare un detaliu simplu la prima vedere, indicatorul are rolul de a oferi un reper clar privind temperatura tig\u0103ii \u0219i contribuie la o experien\u021b\u0103 de g\u0103tit mai intuitiv\u0103.<\/p>\n<h2>Ce este tehnologia Thermo-Signal?<\/h2>\n<p>Thermo-Signal este un indicator termic integrat \u00een suprafa\u021ba interioar\u0103 a anumitor tig\u0103i. Acesta este amplasat \u00een centrul vasului \u0219i \u00ee\u0219i modific\u0103 aspectul pe m\u0103sur\u0103 ce tigaia se \u00eenc\u0103lze\u0219te.<\/p>\n<p>Atunci c\u00e2nd tigaia sau crati\u021ba este rece, indicatorul prezint\u0103 un model vizibil. Pe m\u0103sur\u0103 ce temperatura cre\u0219te, modelul se transform\u0103 treptat, iar \u00een momentul \u00een care oala atinge temperatura optim\u0103 pentru g\u0103tit, indicatorul devine complet ro\u0219u.<\/p>\n<p>Tehnologia este disponibil\u0103 pe numeroase modele din gama de oale \u0219i tig\u0103i de g\u0103tit <a href=\"https:\/\/www.trendyol.com\/ro\/tefal-x-b326\" target=\"_blank\" rel=\"noopener\">Tefal<\/a>, fiind conceput\u0103 pentru a oferi un reper vizual clar privind momentul optim pentru \u00eenceperea prepar\u0103rii alimentelor.<\/p>\n<h2>De ce este important\u0103 pre\u00eenc\u0103lzirea corect\u0103 a tig\u0103ii?<\/h2>\n<p>Mul\u021bi oameni se concentreaz\u0103 pe ingrediente, condimente sau tehnici de preparare \u0219i acord\u0103 mai pu\u021bin\u0103 aten\u021bie temperaturii vasului de g\u0103tit. \u00cen realitate, aceasta influen\u021beaz\u0103 semnificativ rezultatul final.<\/p>\n<p>O tigaie insuficient \u00eenc\u0103lzit\u0103 poate provoca:<\/p>\n<ul>\n<li>lipirea alimentelor;<\/li>\n<li>rumenirea neuniform\u0103;<\/li>\n<li>pierderea sucurilor din carne;<\/li>\n<li>timp de g\u0103tire mai mare.<\/li>\n<\/ul>\n<p>Pe de alt\u0103 parte, o tigaie prea \u00eencins\u0103 poate:<\/p>\n<ul>\n<li>arde suprafa\u021ba alimentelor;<\/li>\n<li>afecta textura preparatelor;<\/li>\n<li>degrada mai rapid stratul antiaderent;<\/li>\n<li>genera fum excesiv.<\/li>\n<\/ul>\n<p>Thermo-Signal elimin\u0103 o parte din aceste incertitudini \u0219i \u00ee\u021bi ofer\u0103 un punct de referin\u021b\u0103 u\u0219or de urm\u0103rit.<\/p>\n<h2>Ce indic\u0103, de fapt, Thermo-Signal?<\/h2>\n<p>Mul\u021bi utilizatori cred c\u0103 indicatorul arat\u0103 doar faptul c\u0103 tigaia este cald\u0103. \u00cen realitate, rolul s\u0103u este mai specific.<\/p>\n<p>Thermo-Signal indic\u0103 atingerea temperaturii recomandate pentru \u00eenceperea g\u0103titului. \u00cen aceast\u0103 etap\u0103:<\/p>\n<ul>\n<li>suprafa\u021ba este suficient de \u00eencins\u0103 pentru o rumenire eficient\u0103;<\/li>\n<li>ingredientele au \u0219anse mai mici s\u0103 se lipeasc\u0103;<\/li>\n<li>c\u0103ldura este distribuit\u0103 uniform;<\/li>\n<li>preparatele \u00ee\u0219i p\u0103streaz\u0103 mai bine textura.<\/li>\n<\/ul>\n<p>Acest lucru este util mai ales pentru preparate care necesit\u0103 o rumenire rapid\u0103 la exterior \u0219i o textur\u0103 suculent\u0103 la interior.<\/p>\n<p>De exemplu, atunci c\u00e2nd g\u0103te\u0219ti:<\/p>\n<ul>\n<li>piept de pui,<\/li>\n<li>file de pe\u0219te,<\/li>\n<li>burgeri,<\/li>\n<li>legume sotate,<\/li>\n<li>cl\u0103tite,<\/li>\n<li>omlete,<\/li>\n<\/ul>\n<p>momentul \u00een care adaugi ingredientele \u00een tigaie poate influen\u021ba semnificativ rezultatul final.<\/p>\n<h2>Cum folose\u0219ti corect o tigaie cu Thermo-Signal?<\/h2>\n<p>Unul dintre avantajele tehnologiei este simplitatea.\u00a0Procesul de utilizare poate fi rezumat \u00een c\u00e2\u021biva pa\u0219i:<\/p>\n<h3>1. A\u0219az\u0103 tigaia pe plit\u0103<\/h3>\n<p>Asigur\u0103-te c\u0103 diametrul zonei de g\u0103tit este compatibil cu dimensiunea tig\u0103ii.<\/p>\n<h3>2. Porne\u0219te sursa de c\u0103ldur\u0103<\/h3>\n<p>Pentru majoritatea preparatelor, temperatura medie este suficient\u0103.<\/p>\n<p>Nu este necesar s\u0103 folose\u0219ti focul maxim pentru a accelera procesul.<\/p>\n<h3>3. Urm\u0103re\u0219te indicatorul<\/h3>\n<p>Pe m\u0103sur\u0103 ce tigaia se \u00eenc\u0103lze\u0219te, Thermo-Signal \u00ee\u0219i schimb\u0103 aspectul.<\/p>\n<p>C\u00e2nd devine complet ro\u0219u, tigaia este preg\u0103tit\u0103 pentru utilizare.<\/p>\n<h3>4. Adaug\u0103 uleiul sau ingredientele<\/h3>\n<p>\u00cen func\u021bie de re\u021bet\u0103, po\u021bi ad\u0103uga o cantitate mic\u0103 de ulei sau po\u021bi \u00eencepe direct prepararea alimentelor.<\/p>\n<h3>5. Ajusteaz\u0103 temperatura<\/h3>\n<p>Dup\u0103 ce ai \u00eenceput g\u0103titul, redu temperatura dac\u0103 este necesar pentru a evita supra\u00eenc\u0103lzirea.<\/p>\n<h2>Pentru ce preparate este util Thermo-Signal?<\/h2>\n<p>Indicatorul poate fi folosit pentru aproape orice preparat realizat \u00eentr-o tigaie, \u00eens\u0103 exist\u0103 c\u00e2teva situa\u021bii \u00een care beneficiile sunt mai evidente.<\/p>\n<h3>Carne<\/h3>\n<p>Atunci c\u00e2nd g\u0103te\u0219ti carne, temperatura ini\u021bial\u0103 joac\u0103 un rol esen\u021bial.<\/p>\n<p>Dac\u0103 tigaia este prea rece:<\/p>\n<ul>\n<li>carnea las\u0103 lichid;<\/li>\n<li>rumenirea apare mai greu;<\/li>\n<li>textura poate deveni mai pu\u021bin pl\u0103cut\u0103.<\/li>\n<\/ul>\n<p>Cu ajutorul Thermo-Signal, \u00eencepi g\u0103titul \u00een momentul potrivit \u0219i ob\u021bii o crust\u0103 mai uniform\u0103.<\/p>\n<h3>Pe\u0219te<\/h3>\n<p>Fileurile delicate de pe\u0219te sunt mai sensibile la lipire.<\/p>\n<p>O tigaie \u00eenc\u0103lzit\u0103 corespunz\u0103tor contribuie la men\u021binerea integrit\u0103\u021bii preparatului \u0219i faciliteaz\u0103 \u00eentoarcerea acestuia.<\/p>\n<h3>Legume<\/h3>\n<p>Dovleceii, ciupercile, ardeii sau sparanghelul \u00ee\u0219i p\u0103streaz\u0103 mai bine textura atunci c\u00e2nd sunt g\u0103ti\u021bi pe o suprafa\u021b\u0103 bine \u00eencins\u0103.<\/p>\n<h3>Cl\u0103tite \u0219i omlete<\/h3>\n<p>Pentru preparatele de mic dejun, temperatura constant\u0103 este foarte important\u0103.<\/p>\n<p>O tigaie prea rece poate duce la lipire, iar una prea fierbinte poate rumeni excesiv exteriorul.<\/p>\n<h2>Care sunt avantajele tehnologiei Thermo-Signal?<\/h2>\n<p>Dincolo de indicatorul vizual \u00een sine, beneficiile apar \u00een utilizarea de zi cu zi.<\/p>\n<h3>G\u0103tit mai intuitiv<\/h3>\n<p>Nu mai este nevoie s\u0103 estimezi temperatura.\u00a0Prime\u0219ti un semnal clar c\u0103 tigaia este preg\u0103tit\u0103.<\/p>\n<h3>Rezultate mai constante<\/h3>\n<p>Atunci c\u00e2nd \u00eencepi g\u0103titul la temperatura potrivit\u0103, ob\u021bii rezultate similare de la o utilizare la alta.<\/p>\n<h3>Protejarea stratului antiaderent<\/h3>\n<p>Supra\u00eenc\u0103lzirea repetat\u0103 este una dintre cauzele principale ale degrad\u0103rii premature a suprafe\u021belor antiaderente.<\/p>\n<p>Indicatorul te ajut\u0103 s\u0103 evi\u021bi aceast\u0103 gre\u0219eal\u0103.<\/p>\n<h3>Economie de timp<\/h3>\n<p>Nu mai pierzi minute verific\u00e2nd dac\u0103 tigaia este suficient de \u00eencins\u0103.<\/p>\n<h3>Experien\u021b\u0103 mai pl\u0103cut\u0103 \u00een buc\u0103t\u0103rie<\/h3>\n<p>Pentru persoanele care g\u0103tesc frecvent, simplificarea unor pa\u0219i aparent mici poate face procesul mai eficient \u0219i mai confortabil.<\/p>\n<h2>Thermo-Signal func\u021bioneaz\u0103 pe orice tip de plit\u0103?<\/h2>\n<p>Indicatorul este conceput s\u0103 func\u021bioneze indiferent de sursa de c\u0103ldur\u0103 utilizat\u0103, \u00eens\u0103 compatibilitatea depinde de modelul tig\u0103ii.<\/p>\n<p>\u00cen func\u021bie de produs, po\u021bi g\u0103si variante compatibile cu:<\/p>\n<ul>\n<li>plite pe gaz;<\/li>\n<li>plite electrice;<\/li>\n<li>plite vitroceramice;<\/li>\n<li>plite cu induc\u021bie.<\/li>\n<\/ul>\n<p>\u00cenainte de cump\u0103rare, verific\u0103 \u00eentotdeauna specifica\u021biile tehnice pentru a te asigura c\u0103 modelul ales este compatibil cu plita pe care o ai acas\u0103.<\/p>\n<h2>Cum prelunge\u0219ti durata de via\u021b\u0103 a unei tig\u0103i cu Thermo-Signal?<\/h2>\n<p>La fel ca orice tigaie antiaderent\u0103, \u0219i modelele dotate cu aceast\u0103 tehnologie necesit\u0103 o utilizare corect\u0103.<\/p>\n<p>Pentru a le p\u0103stra \u00een stare bun\u0103 c\u00e2t mai mult timp:<\/p>\n<ul>\n<li>folose\u0219te ustensile din silicon, lemn sau materiale moi;<\/li>\n<li>evit\u0103 cu\u021bitele \u0219i obiectele metalice ascu\u021bite;<\/li>\n<li>nu \u00eenc\u0103lzi tigaia goal\u0103 pentru perioade foarte lungi;<\/li>\n<li>cur\u0103\u021b\u0103 suprafa\u021ba dup\u0103 r\u0103cire;<\/li>\n<li>evit\u0103 bure\u021bii abrazivi;<\/li>\n<li>depoziteaz\u0103 tigaia astfel \u00eenc\u00e2t s\u0103 nu intre \u00een contact direct cu alte vase.<\/li>\n<\/ul>\n<p>De asemenea, este recomandat s\u0103 folose\u0219ti temperaturi moderate pentru majoritatea preparatelor.<\/p>\n<h2>Merit\u0103 s\u0103 alegi o tigaie cu Thermo-Signal?<\/h2>\n<p>Dac\u0103 g\u0103te\u0219ti frecvent \u0219i \u00ee\u021bi dore\u0219ti un proces mai simplu, r\u0103spunsul este da.<\/p>\n<p>Tehnologia nu transform\u0103 automat orice preparat \u00eentr-un succes culinar, \u00eens\u0103 ofer\u0103 un reper util care elimin\u0103 una dintre cele mai comune surse de eroare: temperatura incorect\u0103 de pornire.<\/p>\n<p>Pentru persoanele aflate la \u00eenceput \u00een buc\u0103t\u0103rie, indicatorul poate aduce mai mult\u0103 \u00eencredere \u0219i rezultate mai previzibile. Pentru cei care g\u0103tesc deja regulat, reprezint\u0103 un instrument practic care contribuie la eficien\u021b\u0103 \u0219i consisten\u021b\u0103.<\/p>\n<p>\u00cen cele din urm\u0103, Thermo-Signal este un detaliu simplu, dar util, care te ajut\u0103 s\u0103 \u00een\u021belegi mai bine momentul potrivit pentru a \u00eencepe g\u0103titul. Combinat\u0103 cu o tigaie de calitate \u0219i cu obiceiuri corecte de utilizare, aceast\u0103 tehnologie poate contribui la preparate mai bine g\u0103tite \u0219i la o experien\u021b\u0103 mai pl\u0103cut\u0103 \u00een buc\u0103t\u0103rie, zi de zi.<\/p>\n<\/div>\n<\/div>\n<div class=\"td_block_wrap td_block_9 tdi_20 td_with_ajax_pagination td-pb-border-top td_block_template_1 td-column-2 td_block_padding td_block_bot_line\" data-td-block-uid=\"tdi_20\">\n<div class=\"td-block-title-wrap\">\n<h4 class=\"block-title td-block-title\"><span class=\"td-pulldown-size\">CITE\u0218TE MAI MULT<\/span><\/h4>\n<\/div>\n<div id=\"tdi_20\" class=\"td_block_inner\">\n<div class=\"td-block-row\">\n<div class=\"td-block-span6\">\n<div class=\"td_module_8 td_module_wrap\">\n<div class=\"item-details\">\n<h3 class=\"entry-title td-module-title\"><a href=\"https:\/\/r3media.ro\/presedintele-serbiei-razboiul-din-ucraina\/\" rel=\"bookmark\" title=\"Pre\u0219edintele Serbiei nu crede c\u0103 r\u0103zboiul din Ucraina se termin\u0103 cur\u00e2nd: Cred c\u0103 ne afl\u0103m la \u00eenceputul unui r\u0103zboi mult, mult mai mare\">Pre\u0219edintele Serbiei nu crede c\u0103 r\u0103zboiul din Ucraina se termin\u0103 cur\u00e2nd: Cred c\u0103 ne&#8230;<\/a><\/h3>\n<div class=\"td-module-meta-info\"><a href=\"https:\/\/r3media.ro\/category\/actualitate\/\" class=\"td-post-category\">ACTUALITATE<\/a><span class=\"td-post-author-name\"><a href=\"https:\/\/r3media.ro\/author\/teodor_stan\/\">Teodor Stan<\/a><span>&#8211;<\/span><\/span><span class=\"td-post-date\"><time class=\"entry-date updated td-module-date\" datetime=\"2026-08-10T12:22:44+03:00\">10\/08\/2026<\/time><\/span><\/div>\n<\/div>\n<\/div>\n<\/div>\n<div class=\"td-block-span6\">\n<div class=\"td_module_8 td_module_wrap\">\n<div class=\"item-details\">\n<h3 class=\"entry-title td-module-title\"><a href=\"https:\/\/r3media.ro\/fara-apa-fara-curent-fara-viitor-cum-au-sacrificat-pro-europenii-romania-pe-altarul-ecologiei-ieftine\/\" rel=\"bookmark\" title=\"F\u0103r\u0103 ap\u0103, f\u0103r\u0103 curent, f\u0103r\u0103 viitor: cum au sacrificat pro-europenii Rom\u00e2nia pe altarul ecologiei ieftine\">F\u0103r\u0103 ap\u0103, f\u0103r\u0103 curent, f\u0103r\u0103 viitor: cum au sacrificat pro-europenii Rom\u00e2nia pe altarul ecologiei&#8230;<\/a><\/h3>\n<div class=\"td-module-meta-info\"><a href=\"https:\/\/r3media.ro\/category\/actualitate\/\" class=\"td-post-category\">ACTUALITATE<\/a><span class=\"td-post-author-name\"><a href=\"https:\/\/r3media.ro\/author\/paul_lazar\/\">Paul-Daniel Laz\u0103r<\/a><span>&#8211;<\/span><\/span><span class=\"td-post-date\"><time class=\"entry-date updated td-module-date\" datetime=\"2026-08-08T22:30:54+03:00\">08\/08\/2026<\/time><\/span><\/div>\n<\/div>\n<\/div>\n<\/div>\n<\/div>\n<div class=\"td-block-row\">\n<div class=\"td-block-span6\">\n<div class=\"td_module_8 td_module_wrap\">\n<div class=\"item-details\">\n<h3 class=\"entry-title td-module-title\"><a href=\"https:\/\/r3media.ro\/show-iluzie-si-realitate-de-la-the-truman-show-la-son-of-a-rich\/\" rel=\"bookmark\" title=\"Show, iluzie \u0219i realitate: de la The Truman Show la Son of a Rich\">Show, iluzie \u0219i realitate: de la The Truman Show la Son of a Rich<\/a><\/h3>\n<div class=\"td-module-meta-info\"><a href=\"https:\/\/r3media.ro\/category\/actualitate\/\" class=\"td-post-category\">ACTUALITATE<\/a><span class=\"td-post-author-name\"><a href=\"https:\/\/r3media.ro\/author\/costi_balasoiu\/\">Constantin B\u0103l\u0103\u0219oiu<\/a><span>&#8211;<\/span><\/span><span class=\"td-post-date\"><time class=\"entry-date updated td-module-date\" datetime=\"2026-08-08T15:30:25+03:00\">08\/08\/2026<\/time><\/span><\/div>\n<\/div>\n<\/div>\n<\/div>\n<div class=\"td-block-span6\">\n<div class=\"td_module_8 td_module_wrap\">\n<div class=\"item-details\">\n<h3 class=\"entry-title td-module-title\"><a href=\"https:\/\/r3media.ro\/fani-stapanul-inelelor-surpriza-sezonul-3-sauron\/\" rel=\"bookmark\" title=\"Fanii \u201eSt\u0103p\u00e2nul Inelelor\u201c ar putea avea o surpriz\u0103 \u00een sezonul 3 din serialul \u201eInelele Puterii\u201c. Sauron se va confrunta cu o creatur\u0103 de temut\">Fanii \u201eSt\u0103p\u00e2nul Inelelor\u201c ar putea avea o surpriz\u0103 \u00een sezonul 3 din serialul \u201eInelele&#8230;<\/a><\/h3>\n<div class=\"td-module-meta-info\"><a href=\"https:\/\/r3media.ro\/category\/actualitate\/\" class=\"td-post-category\">ACTUALITATE<\/a><span class=\"td-post-author-name\"><a href=\"https:\/\/r3media.ro\/author\/oana\/\">Oana Ivan<\/a><span>&#8211;<\/span><\/span><span class=\"td-post-date\"><time class=\"entry-date updated td-module-date\" datetime=\"2026-08-08T00:19:31+03:00\">08\/08\/2026<\/time><\/span><\/div>\n<\/div>\n<\/div>\n<\/div>\n<\/div>\n<div class=\"td-block-row\">\n<div class=\"td-block-span6\">\n<div class=\"td_module_8 td_module_wrap\">\n<div class=\"item-details\">\n<h3 class=\"entry-title td-module-title\"><a href=\"https:\/\/r3media.ro\/david-popovici-fair-play-sportivi-rusi-competitii\/\" rel=\"bookmark\" title=\"David Popovici, fair-play la revenirea sportivilor ru\u0219i \u00een competi\u021bii: Le urez succes, sper s\u0103 fiu mai bun dec\u00e2t ei\">David Popovici, fair-play la revenirea sportivilor ru\u0219i \u00een competi\u021bii: Le urez succes, sper s\u0103&#8230;<\/a><\/h3>\n<div class=\"td-module-meta-info\"><a href=\"https:\/\/r3media.ro\/category\/actualitate\/\" class=\"td-post-category\">ACTUALITATE<\/a><span class=\"td-post-author-name\"><a href=\"https:\/\/r3media.ro\/author\/redactia\/\">Redac\u021bia<\/a><span>&#8211;<\/span><\/span><span class=\"td-post-date\"><time class=\"entry-date updated td-module-date\" datetime=\"2026-08-07T15:07:51+03:00\">07\/08\/2026<\/time><\/span><\/div>\n<\/div>\n<\/div>\n<\/div>\n<div class=\"td-block-span6\">\n<div class=\"td_module_8 td_module_wrap\">\n<div class=\"item-details\">\n<h3 class=\"entry-title td-module-title\"><a href=\"https:\/\/r3media.ro\/kia-recheama-service-prima-generatie-masini-electrice-e-niro-risc-incendiu\/\" rel=\"bookmark\" title=\"Kia recheam\u0103 \u00een service prima genera\u021bie de ma\u0219ini electrice e-Niro din cauza riscului de incendiu\">Kia recheam\u0103 \u00een service prima genera\u021bie de ma\u0219ini electrice e-Niro din cauza riscului de&#8230;<\/a><\/h3>\n<div class=\"td-module-meta-info\"><a href=\"https:\/\/r3media.ro\/category\/actualitate\/\" class=\"td-post-category\">ACTUALITATE<\/a><span class=\"td-post-author-name\"><a href=\"https:\/\/r3media.ro\/author\/oana\/\">Oana Ivan<\/a><span>&#8211;<\/span><\/span><span class=\"td-post-date\"><time class=\"entry-date updated td-module-date\" datetime=\"2026-08-06T17:07:42+03:00\">06\/08\/2026<\/time><\/span><\/div>\n<\/div>\n<\/div>\n<\/div>\n<\/div>\n<div class=\"td-block-row\">\n<div class=\"td-block-span6\">\n<div class=\"td_module_8 td_module_wrap\">\n<div class=\"item-details\">\n<h3 class=\"entry-title td-module-title\"><a href=\"https:\/\/r3media.ro\/drona-gasita-mare-mamaia-zona-loft-video\/\" rel=\"bookmark\" title=\"VIDEO | O dron\u0103 a fost g\u0103sit\u0103 \u00een mare, \u00een Mamaia, \u00een zona Loft\">VIDEO | O dron\u0103 a fost g\u0103sit\u0103 \u00een mare, \u00een Mamaia, \u00een zona Loft<\/a><\/h3>\n<div class=\"td-module-meta-info\"><a href=\"https:\/\/r3media.ro\/category\/actualitate\/\" class=\"td-post-category\">ACTUALITATE<\/a><span class=\"td-post-author-name\"><a href=\"https:\/\/r3media.ro\/author\/oana\/\">Oana Ivan<\/a><span>&#8211;<\/span><\/span><span class=\"td-post-date\"><time class=\"entry-date updated td-module-date\" datetime=\"2026-08-05T21:48:11+03:00\">05\/08\/2026<\/time><\/span><\/div>\n<\/div>\n<\/div>\n<\/div>\n<div class=\"td-block-span6\">\n<div class=\"td_module_8 td_module_wrap\">\n<div class=\"item-details\">\n<h3 class=\"entry-title td-module-title\"><a href=\"https:\/\/r3media.ro\/cand-incepe-scoala-in-2026-structura-an-nou-scolar\/\" rel=\"bookmark\" title=\"C\u00e2nd \u00eencepe \u0219coala \u00een 2026: Structura noului an \u0219colar, vacan\u021bele \u0219i zilele libere\">C\u00e2nd \u00eencepe \u0219coala \u00een 2026: Structura noului an \u0219colar, vacan\u021bele \u0219i zilele libere<\/a><\/h3>\n<div class=\"td-module-meta-info\"><a href=\"https:\/\/r3media.ro\/category\/actualitate\/\" class=\"td-post-category\">ACTUALITATE<\/a><span class=\"td-post-author-name\"><a href=\"https:\/\/r3media.ro\/author\/oana\/\">Oana Ivan<\/a><span>&#8211;<\/span><\/span><span class=\"td-post-date\"><time class=\"entry-date updated td-module-date\" datetime=\"2026-08-03T22:23:20+03:00\">03\/08\/2026<\/time><\/span><\/div>\n<\/div>\n<\/div>\n<\/div>\n<\/div>\n<div class=\"td-block-row\">\n<div class=\"td-block-span6\">\n<div class=\"td_module_8 td_module_wrap\">\n<div class=\"item-details\">\n<h3 class=\"entry-title td-module-title\"><a href=\"https:\/\/r3media.ro\/tara-europa-norvegia-masini-electrice-inmatriculate-cota-ridicata\/\" rel=\"bookmark\" title=\"\u021aara din Europa unde aproape toate ma\u0219inile \u00eenmatriculate sune electrice. Cota a ajuns la 97,6% \u00een iulie\">\u021aara din Europa unde aproape toate ma\u0219inile \u00eenmatriculate sune electrice. Cota a ajuns la&#8230;<\/a><\/h3>\n<div class=\"td-module-meta-info\"><a href=\"https:\/\/r3media.ro\/category\/actualitate\/\" class=\"td-post-category\">ACTUALITATE<\/a><span class=\"td-post-author-name\"><a href=\"https:\/\/r3media.ro\/author\/oana\/\">Oana Ivan<\/a><span>&#8211;<\/span><\/span><span class=\"td-post-date\"><time class=\"entry-date updated td-module-date\" datetime=\"2026-08-03T17:01:21+03:00\">03\/08\/2026<\/time><\/span><\/div>\n<\/div>\n<\/div>\n<\/div>\n<div class=\"td-block-span6\">\n<div class=\"td_module_8 td_module_wrap\">\n<div class=\"item-details\">\n<h3 class=\"entry-title td-module-title\"><a href=\"https:\/\/r3media.ro\/puterea-mitologica-instalata-a-romaniei\/\" rel=\"bookmark\" title=\"Puterea mitologic\u0103 instalat\u0103 a Rom\u00e2niei\">Puterea mitologic\u0103 instalat\u0103 a Rom\u00e2niei<\/a><\/h3>\n<div class=\"td-module-meta-info\"><a href=\"https:\/\/r3media.ro\/category\/opinii\/\" class=\"td-post-category\">OPINII<\/a><span class=\"td-post-author-name\"><a href=\"https:\/\/r3media.ro\/author\/tru\/\">TRU (Traian Ungureanu)<\/a><span>&#8211;<\/span><\/span><span class=\"td-post-date\"><time class=\"entry-date updated td-module-date\" datetime=\"2026-08-02T22:08:04+03:00\">02\/08\/2026<\/time><\/span><\/div>\n<\/div>\n<\/div>\n<\/div>\n<\/div>\n<div class=\"td-block-row\">\n<div class=\"td-block-span6\">\n<div class=\"td_module_8 td_module_wrap\">\n<div class=\"item-details\">\n<h3 class=\"entry-title td-module-title\"><a href=\"https:\/\/r3media.ro\/hyundai-recheama-service-masini-electrice-inster-risc-incendiu\/\" rel=\"bookmark\" title=\"Hyundai recheam\u0103 \u00een service zeci de mii de ma\u0219ini electrice din cauza riscului de incendiu\">Hyundai recheam\u0103 \u00een service zeci de mii de ma\u0219ini electrice din cauza riscului de&#8230;<\/a><\/h3>\n<div class=\"td-module-meta-info\"><a href=\"https:\/\/r3media.ro\/category\/actualitate\/\" class=\"td-post-category\">ACTUALITATE<\/a><span class=\"td-post-author-name\"><a href=\"https:\/\/r3media.ro\/author\/oana\/\">Oana Ivan<\/a><span>&#8211;<\/span><\/span><span class=\"td-post-date\"><time class=\"entry-date updated td-module-date\" datetime=\"2026-08-02T08:34:05+03:00\">02\/08\/2026<\/time><\/span><\/div>\n<\/div>\n<\/div>\n<\/div>\n<div class=\"td-block-span6\">\n<div class=\"td_module_8 td_module_wrap\">\n<div class=\"item-details\">\n<h3 class=\"entry-title td-module-title\"><a href=\"https:\/\/r3media.ro\/dragostea-care-transcende-epoci-descult-in-parc-1967\/\" rel=\"bookmark\" title=\"Dragostea care transcende epoci \u2014 Descul\u021b \u00een parc (1967)\">Dragostea care transcende epoci \u2014 Descul\u021b \u00een parc (1967)<\/a><\/h3>\n<div class=\"td-module-meta-info\"><a href=\"https:\/\/r3media.ro\/category\/opinii\/\" class=\"td-post-category\">OPINII<\/a><span class=\"td-post-author-name\"><a href=\"https:\/\/r3media.ro\/author\/costi_balasoiu\/\">Constantin B\u0103l\u0103\u0219oiu<\/a><span>&#8211;<\/span><\/span><span class=\"td-post-date\"><time class=\"entry-date updated td-module-date\" datetime=\"2026-08-01T13:45:14+03:00\">01\/08\/2026<\/time><\/span><\/div>\n<\/div>\n<\/div>\n<\/div>\n<\/div>\n<\/div>\n<div class=\"td-load-more-wrap td-load-more-infinite-wrap\" id=\"infinite-lm-tdi_20\"><a href=\"https:\/\/r3media.ro\/tehnologia-thermo-signal-de-la-tefal-ce-indica-de-fapt\/\" class=\"td_ajax_load_more td_ajax_load_more_js\" aria-label=\"\u00cenc\u0103rca\u021bi mai multe\" id=\"next-page-tdi_20\" data-td_block_id=\"tdi_20\">\u00cenc\u0103rca\u021bi mai multe<\/a><\/div>\n<\/div>\n<div class=\"td_block_wrap tdb_single_comments tdi_21 tdb-comm-layout2 td-pb-border-top td_block_template_1\" data-td-block-uid=\"tdi_21\">\n<div class=\"tdb-block-inner td-fix-index\">\n<div class=\"comments\" id=\"comments\">\n<div id=\"respond\" class=\"comment-respond\">\n<h3 id=\"reply-title\" class=\"comment-reply-title\">AI CEVA DE SPUS? <small><a rel=\"nofollow\" id=\"cancel-comment-reply-link\" href=\"https:\/\/r3media.ro\/tehnologia-thermo-signal-de-la-tefal-ce-indica-de-fapt\/#respond\">Renun\u021ba\u021bi la r\u0103spuns<\/a><\/small><\/h3>\n<div class=\"comment-form-input-wrap td-form-comment\">\n<div class=\"td-warning-comment\">V\u0103 rug\u0103m s\u0103 introduce\u021bi comentariul dvs.!<\/div>\n<\/div>\n<div class=\"comment-form-input-wrap td-form-author\">\n<div class=\"td-warning-author\">Introduce\u021bi aici numele dvs.<\/div>\n<\/div>\n<div class=\"comment-form-input-wrap td-form-email\">\n<div class=\"td-warning-email-error\">A\u021bi introdus o adres\u0103 de e-mail incorect\u0103!<\/div>\n<div class=\"td-warning-email\">V\u0103 rug\u0103m s\u0103 introduce\u021bi adresa dvs. de e-mail aici<\/div>\n<\/div>\n<\/div>\n<\/div>\n<\/div>\n<\/div>\n<\/div>\n<\/div>\n<div class=\"vc_column tdi_23  wpb_column vc_column_container tdc-column td-pb-span4 td-is-sticky\">\n<div class=\"wpb_wrapper\" data-sticky-enabled-on=\"W3RydWUsdHJ1ZSx0cnVlLHRydWVd\" data-sticky-offset=\"20\" data-sticky-is-width-auto=\"W2ZhbHNlLGZhbHNlLGZhbHNlLGZhbHNlXQ==\">\n<div class=\"wpb_wrapper td_block_wrap vc_widget_sidebar tdi_25 \">\n<div class=\"td_block_wrap td_block_7 td_block_widget tdi_26 td-pb-border-top td_block_template_1 td-column-1 td_block_padding\" data-td-block-uid=\"tdi_26\">\n<div class=\"td-block-title-wrap\">\n<h4 class=\"block-title td-block-title\"><span class=\"td-pulldown-size\">Articole RELA\u021aIONATE<\/span><\/h4>\n<\/div>\n<div id=\"tdi_26\" class=\"td_block_inner\">\n<div class=\"td-block-span12\">\n<div class=\"td_module_6 td_module_wrap td-animation-stack\">\n<div class=\"td-module-thumb\"><a href=\"https:\/\/r3media.ro\/video-david-popovici-aur-la-200-m-liber-la-europenele-de-la-paris-aici-e-romania\/\" rel=\"bookmark\" class=\"td-image-wrap \" title=\"VIDEO | David Popovici, aur la 200 m liber la Europenele de la Paris: Aici e Rom\u00e2nia!\"><img loading=\"lazy\" decoding=\"async\" class=\"entry-thumb\" src=\"https:\/\/r3media.ro\/wp-content\/uploads\/2026\/08\/david-popovici-100x70.jpeg\" alt title=\"VIDEO | David Popovici, aur la 200 m liber la Europenele de la Paris: Aici e Rom\u00e2nia!\" width=\"100\" height=\"70\"><\/a><\/div>\n<div class=\"item-details\">\n<h3 class=\"entry-title td-module-title\"><a href=\"https:\/\/r3media.ro\/video-david-popovici-aur-la-200-m-liber-la-europenele-de-la-paris-aici-e-romania\/\" rel=\"bookmark\" title=\"VIDEO | David Popovici, aur la 200 m liber la Europenele de la Paris: Aici e Rom\u00e2nia!\">VIDEO | David Popovici, aur la 200 m liber la Europenele&#8230;<\/a><\/h3>\n<div class=\"td-module-meta-info\"><span class=\"td-post-date\"><time class=\"entry-date updated td-module-date\" datetime=\"2026-08-15T11:27:28+03:00\">15\/08\/2026<\/time><\/span><\/div>\n<\/div>\n<\/div>\n<\/div>\n<div class=\"td-block-span12\">\n<div class=\"td_module_6 td_module_wrap td-animation-stack\">\n<div class=\"td-module-thumb\"><a href=\"https:\/\/r3media.ro\/15-august-adormirea-maicii-domnului-sf-maria-mare-ziua-marinei-romane\/\" rel=\"bookmark\" class=\"td-image-wrap \" title=\"Calendarul zilei 15 august: Adormirea Maicii Domnului (Sf. Maria Mare) \/ Ziua Marinei Rom\u00e2ne\"><img loading=\"lazy\" decoding=\"async\" class=\"entry-thumb\" src=\"https:\/\/r3media.ro\/wp-content\/uploads\/2021\/08\/adormirea-maicii-domnului-traditii-si-obiceiuri-de-sfanta-maria-mare-100x70.jpg\" alt title=\"Calendarul zilei 15 august: Adormirea Maicii Domnului (Sf. Maria Mare) \/ Ziua Marinei Rom\u00e2ne\" width=\"100\" height=\"70\"><\/a><\/div>\n<div class=\"item-details\">\n<h3 class=\"entry-title td-module-title\"><a href=\"https:\/\/r3media.ro\/15-august-adormirea-maicii-domnului-sf-maria-mare-ziua-marinei-romane\/\" rel=\"bookmark\" title=\"Calendarul zilei 15 august: Adormirea Maicii Domnului (Sf. Maria Mare) \/ Ziua Marinei Rom\u00e2ne\">Calendarul zilei 15 august: Adormirea Maicii Domnului (Sf. Maria Mare) \/&#8230;<\/a><\/h3>\n<div class=\"td-module-meta-info\"><span class=\"td-post-date\"><time class=\"entry-date updated td-module-date\" datetime=\"2026-08-14T23:00:03+03:00\">14\/08\/2026<\/time><\/span><\/div>\n<\/div>\n<\/div>\n<\/div>\n<div class=\"td-block-span12\">\n<div class=\"td_module_6 td_module_wrap td-animation-stack\">\n<div class=\"td-module-thumb\"><a href=\"https:\/\/r3media.ro\/gen-silviu-predoiu-guvern-roman-bruxelles\/\" rel=\"bookmark\" class=\"td-image-wrap \" title=\"Gen. Silviu Predoiu: Misiunea guvernului rom\u00e2n nu este s\u0103 ob\u021bin\u0103 note bune la Bruxelles. Nu este s\u0103 transforme fiecare decizie strategic\u0103 \u00eentr-o \u00eentrebare: \u201cAvem voie?\u201d\"><img loading=\"lazy\" decoding=\"async\" class=\"entry-thumb\" src=\"https:\/\/r3media.ro\/wp-content\/uploads\/2026\/08\/silviu-predoiu-e1786696790559-100x70.jpg\" alt title=\"Gen. Silviu Predoiu: Misiunea guvernului rom\u00e2n nu este s\u0103 ob\u021bin\u0103 note bune la Bruxelles. Nu este s\u0103 transforme fiecare decizie strategic\u0103 \u00eentr-o \u00eentrebare: \u201cAvem voie?\u201d\" width=\"100\" height=\"70\"><\/a><\/div>\n<div class=\"item-details\">\n<h3 class=\"entry-title td-module-title\"><a href=\"https:\/\/r3media.ro\/gen-silviu-predoiu-guvern-roman-bruxelles\/\" rel=\"bookmark\" title=\"Gen. Silviu Predoiu: Misiunea guvernului rom\u00e2n nu este s\u0103 ob\u021bin\u0103 note bune la Bruxelles. Nu este s\u0103 transforme fiecare decizie strategic\u0103 \u00eentr-o \u00eentrebare: \u201cAvem voie?\u201d\">Gen. Silviu Predoiu: Misiunea guvernului rom\u00e2n nu este s\u0103 ob\u021bin\u0103 note&#8230;<\/a><\/h3>\n<div class=\"td-module-meta-info\"><span class=\"td-post-date\"><time class=\"entry-date updated td-module-date\" datetime=\"2026-08-14T11:41:21+03:00\">14\/08\/2026<\/time><\/span><\/div>\n<\/div>\n<\/div>\n<\/div>\n<div class=\"td-block-span12\">\n<div class=\"td_module_6 td_module_wrap td-animation-stack\">\n<div class=\"td-module-thumb\"><a href=\"https:\/\/r3media.ro\/foto-masina-electrica-gunoi-foc-incendiu-baterie-litiu-ion\/\" rel=\"bookmark\" class=\"td-image-wrap \" title=\"FOTO | O ma\u0219in\u0103 electric\u0103 de gunoi a luat foc. Incendiul ar fi provenit de la o baterie litiu-ion pe care vehiculul a colectat-o\"><img loading=\"lazy\" decoding=\"async\" class=\"entry-thumb\" src=\"https:\/\/r3media.ro\/wp-content\/uploads\/2026\/08\/masina-de-gunoi-100x70.jpg\" alt title=\"FOTO | O ma\u0219in\u0103 electric\u0103 de gunoi a luat foc. Incendiul ar fi provenit de la o baterie litiu-ion pe care vehiculul a colectat-o\" width=\"100\" height=\"70\"><\/a><\/div>\n<div class=\"item-details\">\n<h3 class=\"entry-title td-module-title\"><a href=\"https:\/\/r3media.ro\/foto-masina-electrica-gunoi-foc-incendiu-baterie-litiu-ion\/\" rel=\"bookmark\" title=\"FOTO | O ma\u0219in\u0103 electric\u0103 de gunoi a luat foc. Incendiul ar fi provenit de la o baterie litiu-ion pe care vehiculul a colectat-o\">FOTO | O ma\u0219in\u0103 electric\u0103 de gunoi a luat foc. Incendiul&#8230;<\/a><\/h3>\n<div class=\"td-module-meta-info\"><span class=\"td-post-date\"><time class=\"entry-date updated td-module-date\" datetime=\"2026-08-14T11:40:55+03:00\">14\/08\/2026<\/time><\/span><\/div>\n<\/div>\n<\/div>\n<\/div>\n<div class=\"td-block-span12\">\n<div class=\"td_module_6 td_module_wrap td-animation-stack\">\n<div class=\"td-module-thumb\"><a href=\"https:\/\/r3media.ro\/dumnezeu-nu-e-zen\/\" rel=\"bookmark\" class=\"td-image-wrap \" title=\"Dumnezeu nu e Zen\"><img loading=\"lazy\" decoding=\"async\" class=\"entry-thumb\" src=\"https:\/\/r3media.ro\/wp-content\/uploads\/2026\/08\/Spas_vsederzhitel_sinay-100x70.jpg\" alt title=\"Dumnezeu nu e Zen\" width=\"100\" height=\"70\"><\/a><\/div>\n<div class=\"item-details\">\n<h3 class=\"entry-title td-module-title\"><a href=\"https:\/\/r3media.ro\/dumnezeu-nu-e-zen\/\" rel=\"bookmark\" title=\"Dumnezeu nu e Zen\">Dumnezeu nu e Zen<\/a><\/h3>\n<div class=\"td-module-meta-info\"><span class=\"td-post-date\"><time class=\"entry-date updated td-module-date\" datetime=\"2026-08-14T10:54:41+03:00\">14\/08\/2026<\/time><\/span><\/div>\n<\/div>\n<\/div>\n<\/div>\n<div class=\"td-block-span12\">\n<div class=\"td_module_6 td_module_wrap td-animation-stack\">\n<div class=\"td-module-thumb\"><a href=\"https:\/\/r3media.ro\/calendarul-zilei-14-august-inainte-praznuirea-adormirii-maicii-domnului-sf-proroc-miheia\/\" rel=\"bookmark\" class=\"td-image-wrap \" title=\"Calendarul zilei 14 august: \u00cenainte-pr\u0103znuirea Adormirii Maicii Domnului; Sf. Proroc Miheia\"><img loading=\"lazy\" decoding=\"async\" class=\"entry-thumb\" src=\"https:\/\/r3media.ro\/wp-content\/uploads\/2026\/08\/14-AUG-mheia-100x70.jpg\" alt title=\"Calendarul zilei 14 august: \u00cenainte-pr\u0103znuirea Adormirii Maicii Domnului; Sf. Proroc Miheia\" width=\"100\" height=\"70\"><\/a><\/div>\n<div class=\"item-details\">\n<h3 class=\"entry-title td-module-title\"><a href=\"https:\/\/r3media.ro\/calendarul-zilei-14-august-inainte-praznuirea-adormirii-maicii-domnului-sf-proroc-miheia\/\" rel=\"bookmark\" title=\"Calendarul zilei 14 august: \u00cenainte-pr\u0103znuirea Adormirii Maicii Domnului; Sf. Proroc Miheia\">Calendarul zilei 14 august: \u00cenainte-pr\u0103znuirea Adormirii Maicii Domnului; Sf. Proroc Miheia<\/a><\/h3>\n<div class=\"td-module-meta-info\"><span class=\"td-post-date\"><time class=\"entry-date updated td-module-date\" datetime=\"2026-08-13T22:58:08+03:00\">13\/08\/2026<\/time><\/span><\/div>\n<\/div>\n<\/div>\n<\/div>\n<div class=\"td-block-span12\">\n<div class=\"td_module_6 td_module_wrap td-animation-stack\">\n<div class=\"td-module-thumb\"><a href=\"https:\/\/r3media.ro\/calendarul-zilei-14-august-moartea-sergiu-celibidache\/\" rel=\"bookmark\" class=\"td-image-wrap \" title=\"Calendarul zilei 14 august: 30 ani de la moartea marelui dirijor Sergiu Celibidache\"><img loading=\"lazy\" decoding=\"async\" class=\"entry-thumb\" src=\"https:\/\/r3media.ro\/wp-content\/uploads\/2022\/08\/sddefault-4-100x70.jpg\" alt title=\"Calendarul zilei 14 august: 30 ani de la moartea marelui dirijor Sergiu Celibidache\" width=\"100\" height=\"70\"><\/a><\/div>\n<div class=\"item-details\">\n<h3 class=\"entry-title td-module-title\"><a href=\"https:\/\/r3media.ro\/calendarul-zilei-14-august-moartea-sergiu-celibidache\/\" rel=\"bookmark\" title=\"Calendarul zilei 14 august: 30 ani de la moartea marelui dirijor Sergiu Celibidache\">Calendarul zilei 14 august: 30 ani de la moartea marelui dirijor&#8230;<\/a><\/h3>\n<div class=\"td-module-meta-info\"><span class=\"td-post-date\"><time class=\"entry-date updated td-module-date\" datetime=\"2026-08-13T21:34:06+03:00\">13\/08\/2026<\/time><\/span><\/div>\n<\/div>\n<\/div>\n<\/div>\n<\/div>\n<\/div>\n<aside class=\"td_block_template_1 widget widget_recent_comments\">\n<h4 class=\"block-title\"><span>INTR\u0102 \u00ceN DISCU\u021aIE!<\/span><\/h4>\n<ul id=\"recentcomments\">\n<li class=\"recentcomments\"><span class=\"comment-author-link\">Arsenie<\/span> la <a href=\"https:\/\/r3media.ro\/cornel-nistorescu-ambulanta-recea-cristur-stiri-false-interzicere\/#comment-40385\">Cornel Nistorescu, despre incidentul cu ambulan\u021ba de la Recea-Cristur: Statul rom\u00e2n a\u0219teapt\u0103 s\u0103 interzic\u0103 \u0219tirile false \u0219i, pe l\u00eeng\u0103, tot ce nu convine puterii<\/a><\/li>\n<li class=\"recentcomments\"><span class=\"comment-author-link\">Nicu<\/span> la <a href=\"https:\/\/r3media.ro\/gen-silviu-predoiu-guvern-roman-bruxelles\/#comment-40384\">Gen. Silviu Predoiu: Misiunea guvernului rom\u00e2n nu este s\u0103 ob\u021bin\u0103 note bune la Bruxelles. Nu este s\u0103 transforme fiecare decizie strategic\u0103 \u00eentr-o \u00eentrebare: \u201cAvem voie?\u201d<\/a><\/li>\n<li class=\"recentcomments\"><span class=\"comment-author-link\">Nicu<\/span> la <a href=\"https:\/\/r3media.ro\/sri-in-scoli-expert-scuza-monitorizare-radicalizare\/#comment-40383\">SRI \u00een \u0219coli. Expert: SRI \u0219i \u201eb\u0103e\u021bii\u201d vor folosi aceast\u0103 scuz\u0103 c\u0103 \u201emonitorizeaz\u0103 radicalizarea\u201d ca s\u0103 vin\u0103 dup\u0103 oricine bate la ochi<\/a><\/li>\n<li class=\"recentcomments\"><span class=\"comment-author-link\">Nicu<\/span> la <a href=\"https:\/\/r3media.ro\/radu-naum-david-popovici-dialog-rus\/#comment-40382\">Ziaristul Radu Naum consider\u0103 c\u0103 dialogul amical dintre David Popovici \u0219i adversarul s\u0103u rus ar fi fost \u201eopera\u021biune ruseasc\u0103\u201d de manipulare<\/a><\/li>\n<li class=\"recentcomments\"><span class=\"comment-author-link\">E.T.<\/span> la <a href=\"https:\/\/r3media.ro\/cornel-nistorescu-ambulanta-recea-cristur-stiri-false-interzicere\/#comment-40381\">Cornel Nistorescu, despre incidentul cu ambulan\u021ba de la Recea-Cristur: Statul rom\u00e2n a\u0219teapt\u0103 s\u0103 interzic\u0103 \u0219tirile false \u0219i, pe l\u00eeng\u0103, tot ce nu convine puterii<\/a><\/li>\n<li class=\"recentcomments\"><span class=\"comment-author-link\">E.T.<\/span> la <a href=\"https:\/\/r3media.ro\/sri-in-scoli-expert-scuza-monitorizare-radicalizare\/#comment-40380\">SRI \u00een \u0219coli. Expert: SRI \u0219i \u201eb\u0103e\u021bii\u201d vor folosi aceast\u0103 scuz\u0103 c\u0103 \u201emonitorizeaz\u0103 radicalizarea\u201d ca s\u0103 vin\u0103 dup\u0103 oricine bate la ochi<\/a><\/li>\n<li class=\"recentcomments\"><span class=\"comment-author-link\">E.T.<\/span> la <a href=\"https:\/\/r3media.ro\/video-david-popovici-paris-aur\/#comment-40379\">VIDEO | David Popovici, rege pentru a treia oar\u0103 la Paris: aur \u0219i record al competi\u021biei la 100 m liber<\/a><\/li>\n<\/ul>\n<\/aside>\n<aside class=\"td_block_template_1 widget widget_search\">\n<h4 class=\"block-title\"><span>CAUT\u0102 \u0218I VEI G\u0102SI<\/span><\/h4>\n<\/aside>\n<\/div>\n<\/div>\n<\/div>\n<\/div>\n<\/div>\n<\/div>\n<\/div>\n<p><span class=\"td-page-meta\"><\/span><span class=\"td-page-meta\"><span class=\"td-page-meta\"><\/span><\/span><span class=\"td-page-meta\"><\/span><\/article>\n<\/p>\n<div class=\"td_block_wrap tdb_single_content tdi_18 td-pb-border-top td_block_template_1 td-post-content tagdiv-type\" data-td-block-uid=\"tdi_18\">\n<div class=\"tdb-block-inner td-fix-index\">\n<p><strong>Temperatura este unul dintre cele mai importante detalii atunci c\u00e2nd g\u0103te\u0219ti. O tigaie insuficient \u00eencins\u0103 poate face ca alimentele s\u0103 se lipeasc\u0103 sau s\u0103 se g\u0103teasc\u0103 neuniform, \u00een timp ce o tigaie supra\u00eenc\u0103lzit\u0103 poate afecta textura preparatelor \u0219i poate reduce durata de via\u021b\u0103 a stratului antiaderent. Tocmai de aceea, mul\u021bi pasiona\u021bi de g\u0103tit caut\u0103 solu\u021bii care s\u0103 \u00eei ajute s\u0103 ob\u021bin\u0103 rezultate constante, f\u0103r\u0103 s\u0103 fie nevoi\u021bi s\u0103 estimeze \u201edin ochi\u201d momentul potrivit pentru a \u00eencepe prepararea alimentelor.\u00a0 \u00a0\u00a0<\/strong><\/p>\n<p>\u00cen acest context, tehnologia Thermo-Signal a devenit una dintre caracteristicile reprezentative ale produselor Tefal. De\u0219i pare un detaliu simplu la prima vedere, indicatorul are rolul de a oferi un reper clar privind temperatura tig\u0103ii \u0219i contribuie la o experien\u021b\u0103 de g\u0103tit mai intuitiv\u0103.<\/p>\n<h2>Ce este tehnologia Thermo-Signal?<\/h2>\n<p>Thermo-Signal este un indicator termic integrat \u00een suprafa\u021ba interioar\u0103 a anumitor tig\u0103i. Acesta este amplasat \u00een centrul vasului \u0219i \u00ee\u0219i modific\u0103 aspectul pe m\u0103sur\u0103 ce tigaia se \u00eenc\u0103lze\u0219te.<\/p>\n<p>Atunci c\u00e2nd tigaia sau crati\u021ba este rece, indicatorul prezint\u0103 un model vizibil. Pe m\u0103sur\u0103 ce temperatura cre\u0219te, modelul se transform\u0103 treptat, iar \u00een momentul \u00een care oala atinge temperatura optim\u0103 pentru g\u0103tit, indicatorul devine complet ro\u0219u.<\/p>\n<p>Tehnologia este disponibil\u0103 pe numeroase modele din gama de oale \u0219i tig\u0103i de g\u0103tit <a href=\"https:\/\/www.trendyol.com\/ro\/tefal-x-b326\" target=\"_blank\" rel=\"noopener\">Tefal<\/a>, fiind conceput\u0103 pentru a oferi un reper vizual clar privind momentul optim pentru \u00eenceperea prepar\u0103rii alimentelor.<\/p>\n<h2>De ce este important\u0103 pre\u00eenc\u0103lzirea corect\u0103 a tig\u0103ii?<\/h2>\n<p>Mul\u021bi oameni se concentreaz\u0103 pe ingrediente, condimente sau tehnici de preparare \u0219i acord\u0103 mai pu\u021bin\u0103 aten\u021bie temperaturii vasului de g\u0103tit. \u00cen realitate, aceasta influen\u021beaz\u0103 semnificativ rezultatul final.<\/p>\n<p>O tigaie insuficient \u00eenc\u0103lzit\u0103 poate provoca:<\/p>\n<ul>\n<li>lipirea alimentelor;<\/li>\n<li>rumenirea neuniform\u0103;<\/li>\n<li>pierderea sucurilor din carne;<\/li>\n<li>timp de g\u0103tire mai mare.<\/li>\n<\/ul>\n<p>Pe de alt\u0103 parte, o tigaie prea \u00eencins\u0103 poate:<\/p>\n<ul>\n<li>arde suprafa\u021ba alimentelor;<\/li>\n<li>afecta textura preparatelor;<\/li>\n<li>degrada mai rapid stratul antiaderent;<\/li>\n<li>genera fum excesiv.<\/li>\n<\/ul>\n<p>Thermo-Signal elimin\u0103 o parte din aceste incertitudini \u0219i \u00ee\u021bi ofer\u0103 un punct de referin\u021b\u0103 u\u0219or de urm\u0103rit.<\/p>\n<h2>Ce indic\u0103, de fapt, Thermo-Signal?<\/h2>\n<p>Mul\u021bi utilizatori cred c\u0103 indicatorul arat\u0103 doar faptul c\u0103 tigaia este cald\u0103. \u00cen realitate, rolul s\u0103u este mai specific.<\/p>\n<p>Thermo-Signal indic\u0103 atingerea temperaturii recomandate pentru \u00eenceperea g\u0103titului. \u00cen aceast\u0103 etap\u0103:<\/p>\n<ul>\n<li>suprafa\u021ba este suficient de \u00eencins\u0103 pentru o rumenire eficient\u0103;<\/li>\n<li>ingredientele au \u0219anse mai mici s\u0103 se lipeasc\u0103;<\/li>\n<li>c\u0103ldura este distribuit\u0103 uniform;<\/li>\n<li>preparatele \u00ee\u0219i p\u0103streaz\u0103 mai bine textura.<\/li>\n<\/ul>\n<p>Acest lucru este util mai ales pentru preparate care necesit\u0103 o rumenire rapid\u0103 la exterior \u0219i o textur\u0103 suculent\u0103 la interior.<\/p>\n<p>De exemplu, atunci c\u00e2nd g\u0103te\u0219ti:<\/p>\n<ul>\n<li>piept de pui,<\/li>\n<li>file de pe\u0219te,<\/li>\n<li>burgeri,<\/li>\n<li>legume sotate,<\/li>\n<li>cl\u0103tite,<\/li>\n<li>omlete,<\/li>\n<\/ul>\n<p>momentul \u00een care adaugi ingredientele \u00een tigaie poate influen\u021ba semnificativ rezultatul final.<\/p>\n<h2>Cum folose\u0219ti corect o tigaie cu Thermo-Signal?<\/h2>\n<p>Unul dintre avantajele tehnologiei este simplitatea.\u00a0Procesul de utilizare poate fi rezumat \u00een c\u00e2\u021biva pa\u0219i:<\/p>\n<h3>1. A\u0219az\u0103 tigaia pe plit\u0103<\/h3>\n<p>Asigur\u0103-te c\u0103 diametrul zonei de g\u0103tit este compatibil cu dimensiunea tig\u0103ii.<\/p>\n<h3>2. Porne\u0219te sursa de c\u0103ldur\u0103<\/h3>\n<p>Pentru majoritatea preparatelor, temperatura medie este suficient\u0103.<\/p>\n<p>Nu este necesar s\u0103 folose\u0219ti focul maxim pentru a accelera procesul.<\/p>\n<h3>3. Urm\u0103re\u0219te indicatorul<\/h3>\n<p>Pe m\u0103sur\u0103 ce tigaia se \u00eenc\u0103lze\u0219te, Thermo-Signal \u00ee\u0219i schimb\u0103 aspectul.<\/p>\n<p>C\u00e2nd devine complet ro\u0219u, tigaia este preg\u0103tit\u0103 pentru utilizare.<\/p>\n<h3>4. Adaug\u0103 uleiul sau ingredientele<\/h3>\n<p>\u00cen func\u021bie de re\u021bet\u0103, po\u021bi ad\u0103uga o cantitate mic\u0103 de ulei sau po\u021bi \u00eencepe direct prepararea alimentelor.<\/p>\n<h3>5. Ajusteaz\u0103 temperatura<\/h3>\n<p>Dup\u0103 ce ai \u00eenceput g\u0103titul, redu temperatura dac\u0103 este necesar pentru a evita supra\u00eenc\u0103lzirea.<\/p>\n<h2>Pentru ce preparate este util Thermo-Signal?<\/h2>\n<p>Indicatorul poate fi folosit pentru aproape orice preparat realizat \u00eentr-o tigaie, \u00eens\u0103 exist\u0103 c\u00e2teva situa\u021bii \u00een care beneficiile sunt mai evidente.<\/p>\n<h3>Carne<\/h3>\n<p>Atunci c\u00e2nd g\u0103te\u0219ti carne, temperatura ini\u021bial\u0103 joac\u0103 un rol esen\u021bial.<\/p>\n<p>Dac\u0103 tigaia este prea rece:<\/p>\n<ul>\n<li>carnea las\u0103 lichid;<\/li>\n<li>rumenirea apare mai greu;<\/li>\n<li>textura poate deveni mai pu\u021bin pl\u0103cut\u0103.<\/li>\n<\/ul>\n<p>Cu ajutorul Thermo-Signal, \u00eencepi g\u0103titul \u00een momentul potrivit \u0219i ob\u021bii o crust\u0103 mai uniform\u0103.<\/p>\n<h3>Pe\u0219te<\/h3>\n<p>Fileurile delicate de pe\u0219te sunt mai sensibile la lipire.<\/p>\n<p>O tigaie \u00eenc\u0103lzit\u0103 corespunz\u0103tor contribuie la men\u021binerea integrit\u0103\u021bii preparatului \u0219i faciliteaz\u0103 \u00eentoarcerea acestuia.<\/p>\n<h3>Legume<\/h3>\n<p>Dovleceii, ciupercile, ardeii sau sparanghelul \u00ee\u0219i p\u0103streaz\u0103 mai bine textura atunci c\u00e2nd sunt g\u0103ti\u021bi pe o suprafa\u021b\u0103 bine \u00eencins\u0103.<\/p>\n<h3>Cl\u0103tite \u0219i omlete<\/h3>\n<p>Pentru preparatele de mic dejun, temperatura constant\u0103 este foarte important\u0103.<\/p>\n<p>O tigaie prea rece poate duce la lipire, iar una prea fierbinte poate rumeni excesiv exteriorul.<\/p>\n<h2>Care sunt avantajele tehnologiei Thermo-Signal?<\/h2>\n<p>Dincolo de indicatorul vizual \u00een sine, beneficiile apar \u00een utilizarea de zi cu zi.<\/p>\n<h3>G\u0103tit mai intuitiv<\/h3>\n<p>Nu mai este nevoie s\u0103 estimezi temperatura.\u00a0Prime\u0219ti un semnal clar c\u0103 tigaia este preg\u0103tit\u0103.<\/p>\n<h3>Rezultate mai constante<\/h3>\n<p>Atunci c\u00e2nd \u00eencepi g\u0103titul la temperatura potrivit\u0103, ob\u021bii rezultate similare de la o utilizare la alta.<\/p>\n<h3>Protejarea stratului antiaderent<\/h3>\n<p>Supra\u00eenc\u0103lzirea repetat\u0103 este una dintre cauzele principale ale degrad\u0103rii premature a suprafe\u021belor antiaderente.<\/p>\n<p>Indicatorul te ajut\u0103 s\u0103 evi\u021bi aceast\u0103 gre\u0219eal\u0103.<\/p>\n<h3>Economie de timp<\/h3>\n<p>Nu mai pierzi minute verific\u00e2nd dac\u0103 tigaia este suficient de \u00eencins\u0103.<\/p>\n<h3>Experien\u021b\u0103 mai pl\u0103cut\u0103 \u00een buc\u0103t\u0103rie<\/h3>\n<p>Pentru persoanele care g\u0103tesc frecvent, simplificarea unor pa\u0219i aparent mici poate face procesul mai eficient \u0219i mai confortabil.<\/p>\n<h2>Thermo-Signal func\u021bioneaz\u0103 pe orice tip de plit\u0103?<\/h2>\n<p>Indicatorul este conceput s\u0103 func\u021bioneze indiferent de sursa de c\u0103ldur\u0103 utilizat\u0103, \u00eens\u0103 compatibilitatea depinde de modelul tig\u0103ii.<\/p>\n<p>\u00cen func\u021bie de produs, po\u021bi g\u0103si variante compatibile cu:<\/p>\n<ul>\n<li>plite pe gaz;<\/li>\n<li>plite electrice;<\/li>\n<li>plite vitroceramice;<\/li>\n<li>plite cu induc\u021bie.<\/li>\n<\/ul>\n<p>\u00cenainte de cump\u0103rare, verific\u0103 \u00eentotdeauna specifica\u021biile tehnice pentru a te asigura c\u0103 modelul ales este compatibil cu plita pe care o ai acas\u0103.<\/p>\n<h2>Cum prelunge\u0219ti durata de via\u021b\u0103 a unei tig\u0103i cu Thermo-Signal?<\/h2>\n<p>La fel ca orice tigaie antiaderent\u0103, \u0219i modelele dotate cu aceast\u0103 tehnologie necesit\u0103 o utilizare corect\u0103.<\/p>\n<p>Pentru a le p\u0103stra \u00een stare bun\u0103 c\u00e2t mai mult timp:<\/p>\n<ul>\n<li>folose\u0219te ustensile din silicon, lemn sau materiale moi;<\/li>\n<li>evit\u0103 cu\u021bitele \u0219i obiectele metalice ascu\u021bite;<\/li>\n<li>nu \u00eenc\u0103lzi tigaia goal\u0103 pentru perioade foarte lungi;<\/li>\n<li>cur\u0103\u021b\u0103 suprafa\u021ba dup\u0103 r\u0103cire;<\/li>\n<li>evit\u0103 bure\u021bii abrazivi;<\/li>\n<li>depoziteaz\u0103 tigaia astfel \u00eenc\u00e2t s\u0103 nu intre \u00een contact direct cu alte vase.<\/li>\n<\/ul>\n<p>De asemenea, este recomandat s\u0103 folose\u0219ti temperaturi moderate pentru majoritatea preparatelor.<\/p>\n<h2>Merit\u0103 s\u0103 alegi o tigaie cu Thermo-Signal?<\/h2>\n<p>Dac\u0103 g\u0103te\u0219ti frecvent \u0219i \u00ee\u021bi dore\u0219ti un proces mai simplu, r\u0103spunsul este da.<\/p>\n<p>Tehnologia nu transform\u0103 automat orice preparat \u00eentr-un succes culinar, \u00eens\u0103 ofer\u0103 un reper util care elimin\u0103 una dintre cele mai comune surse de eroare: temperatura incorect\u0103 de pornire.<\/p>\n<p>Pentru persoanele aflate la \u00eenceput \u00een buc\u0103t\u0103rie, indicatorul poate aduce mai mult\u0103 \u00eencredere \u0219i rezultate mai previzibile. Pentru cei care g\u0103tesc deja regulat, reprezint\u0103 un instrument practic care contribuie la eficien\u021b\u0103 \u0219i consisten\u021b\u0103.<\/p>\n<p>\u00cen cele din urm\u0103, Thermo-Signal este un detaliu simplu, dar util, care te ajut\u0103 s\u0103 \u00een\u021belegi mai bine momentul potrivit pentru a \u00eencepe g\u0103titul. Combinat\u0103 cu o tigaie de calitate \u0219i cu obiceiuri corecte de utilizare, aceast\u0103 tehnologie poate contribui la preparate mai bine g\u0103tite \u0219i la o experien\u021b\u0103 mai pl\u0103cut\u0103 \u00een buc\u0103t\u0103rie, zi de zi.<\/p>\n<\/div>\n<\/div>\n<p>[analyse_source url=&#8221;https:\/\/r3media.ro\/tehnologia-thermo-signal-de-la-tefal-ce-indica-de-fapt\/&#8221;]<\/p>\n","protected":false},"excerpt":{"rendered":"<p>[analyse_image type=&#8221;featured&#8221; src=&#8221;https:\/\/r3media.ro\/wp-content\/uploads\/2026\/08\/tehnologia_thermosignal_de_la_tefal_ce_indic_de_fapt-e1786781772118.jpghttps:\/\/r3media.ro\/wp-content\/uploads\/2026\/08\/tehnologia_thermosignal_de_la_tefal_ce_indic_de_fapt-e1786781772118.jpg&#8221;] \u0218TIRITehnologia Thermo-Signal de la Tefal: ce indic\u0103, de fapt \u0218TIRI Tehnologia Thermo-Signal de la Tefal: ce indic\u0103, de fapt Promo 14\/08\/2026 Temperatura este unul dintre cele mai importante detalii atunci c\u00e2nd g\u0103te\u0219ti. O tigaie insuficient \u00eencins\u0103 poate face ca alimentele s\u0103 se lipeasc\u0103 sau s\u0103 se g\u0103teasc\u0103 neuniform, \u00een timp ce o [&hellip;]<\/p>\n","protected":false},"author":1,"featured_media":0,"comment_status":"open","ping_status":"","sticky":false,"template":"","format":"standard","meta":{"footnotes":""},"categories":[89],"tags":[226,93],"class_list":["post-2094746","post","type-post","status-publish","format-standard","hentry","category-romania","tag-crawlmanager","tag-r3media-ro"],"_links":{"self":[{"href":"https:\/\/analyse.optim.biz\/index.php?rest_route=\/wp\/v2\/posts\/2094746","targetHints":{"allow":["GET"]}}],"collection":[{"href":"https:\/\/analyse.optim.biz\/index.php?rest_route=\/wp\/v2\/posts"}],"about":[{"href":"https:\/\/analyse.optim.biz\/index.php?rest_route=\/wp\/v2\/types\/post"}],"author":[{"embeddable":true,"href":"https:\/\/analyse.optim.biz\/index.php?rest_route=\/wp\/v2\/users\/1"}],"replies":[{"embeddable":true,"href":"https:\/\/analyse.optim.biz\/index.php?rest_route=%2Fwp%2Fv2%2Fcomments&post=2094746"}],"version-history":[{"count":0,"href":"https:\/\/analyse.optim.biz\/index.php?rest_route=\/wp\/v2\/posts\/2094746\/revisions"}],"wp:attachment":[{"href":"https:\/\/analyse.optim.biz\/index.php?rest_route=%2Fwp%2Fv2%2Fmedia&parent=2094746"}],"wp:term":[{"taxonomy":"category","embeddable":true,"href":"https:\/\/analyse.optim.biz\/index.php?rest_route=%2Fwp%2Fv2%2Fcategories&post=2094746"},{"taxonomy":"post_tag","embeddable":true,"href":"https:\/\/analyse.optim.biz\/index.php?rest_route=%2Fwp%2Fv2%2Ftags&post=2094746"}],"curies":[{"name":"wp","href":"https:\/\/api.w.org\/{rel}","templated":true}]}}