{"id":2094743,"date":"2026-08-14T07:54:41","date_gmt":"2026-08-14T04:54:41","guid":{"rendered":"https:\/\/analyse.optim.biz\/?p=2094743"},"modified":"2026-08-14T07:54:41","modified_gmt":"2026-08-14T04:54:41","slug":"dumnezeu-nu-e-zen","status":"publish","type":"post","link":"https:\/\/analyse.optim.biz\/?p=2094743","title":{"rendered":"Dumnezeu nu e Zen"},"content":{"rendered":"<p>[analyse_image type=&#8221;featured&#8221; src=&#8221;https:\/\/r3media.ro\/wp-content\/uploads\/2026\/08\/Spas_vsederzhitel_sinay-scaled-e1786781480163.jpghttps:\/\/r3media.ro\/wp-content\/uploads\/2026\/08\/Spas_vsederzhitel_sinay-scaled-e1786781480163.jpg&#8221;]<\/p>\n<article id=\"template-id-109\" class=\"post-109 tdb_templates type-tdb_templates status-publish post\">\n<div id=\"tdi_2\" class=\"tdc-zone\">\n<div class=\"tdc_zone tdi_3  wpb_row td-pb-row\">\n<div id=\"tdi_4\" class=\"tdc-row\">\n<div class=\"vc_row tdi_5  wpb_row td-pb-row\">\n<div class=\"vc_column tdi_7  wpb_column vc_column_container tdc-column td-pb-span8\">\n<div class=\"wpb_wrapper\">\n<div class=\"td_block_wrap tdb_breadcrumbs tdi_8 td-pb-border-top td_block_template_1 tdb-breadcrumbs \" data-td-block-uid=\"tdi_8\">\n<div class=\"tdb-block-inner td-fix-index\"><span><a title=\"Vede\u021bi toate articolele \u00een FEATURED\" class=\"tdb-entry-crumb\" href=\"https:\/\/r3media.ro\/category\/featured\/\">FEATURED<\/a><\/span><span class=\"tdb-bred-no-url-last\">Dumnezeu nu e Zen<\/span><\/div>\n<\/div>\n<div class=\"td_block_wrap tdb_single_categories tdi_9 td-pb-border-top td_block_template_1 \" data-td-block-uid=\"tdi_9\">\n<div class=\"tdb-category td-fix-index\"><a class=\"tdb-entry-category\" href=\"https:\/\/r3media.ro\/category\/featured\/\">FEATURED<\/a><a class=\"tdb-entry-category\" href=\"https:\/\/r3media.ro\/category\/opinii\/\">OPINII<\/a><a class=\"tdb-entry-category\" href=\"https:\/\/r3media.ro\/category\/stiri\/\">\u0218TIRI<\/a><\/div>\n<\/div>\n<div class=\"td_block_wrap tdb_title tdi_10 tdb-single-title td-pb-border-top td_block_template_1\" data-td-block-uid=\"tdi_10\">\n<div class=\"tdb-block-inner td-fix-index\">\n<h1 class=\"tdb-title-text\">Dumnezeu nu e Zen<\/h1>\n<\/div>\n<\/div>\n<div class=\"vc_row_inner tdi_12  vc_row vc_inner wpb_row td-pb-row\">\n<div class=\"vc_column_inner tdi_14  wpb_column vc_column_container tdc-inner-column td-pb-span12\">\n<div class=\"vc_column-inner\">\n<div class=\"wpb_wrapper\">\n<div class=\"td_block_wrap tdb_single_author tdi_15 td-pb-border-top td_block_template_1 tdb-post-meta\" data-td-block-uid=\"tdi_15\">\n<div class=\"tdb-block-inner td-fix-index\">\n<div class=\"tdb-author-name-wrap\"><a class=\"tdb-author-name\" href=\"https:\/\/r3media.ro\/author\/buturuga\/\">Buturug\u0103 Anghel<\/a><\/div>\n<\/div>\n<\/div>\n<div class=\"td_block_wrap tdb_single_date tdi_16 td-pb-border-top td_block_template_1 tdb-post-meta\" data-td-block-uid=\"tdi_16\">\n<div class=\"tdb-block-inner td-fix-index\"><time class=\"entry-date updated td-module-date\" datetime=\"2026-08-14T10:54:41+03:00\">14\/08\/2026<\/time><\/div>\n<\/div>\n<\/div>\n<\/div>\n<\/div>\n<\/div>\n<div class=\"td_block_wrap tdb_single_featured_image tdi_17 tdb-content-horiz-left td-pb-border-top td_block_template_1\" data-td-block-uid=\"tdi_17\">\n<div class=\"tdb-block-inner td-fix-index\">\n<figure><figcaption class=\"tdb-caption-text\">De la Necunoscut &#8211; https:\/\/icons.pstgu.ru\/icon\/2036, Domeniu public, https:\/\/commons.wikimedia.org\/w\/index.php?curid=489650<\/figcaption><\/figure>\n<\/div>\n<\/div>\n<div class=\"td_block_wrap tdb_single_content tdi_18 td-pb-border-top td_block_template_1 td-post-content tagdiv-type\" data-td-block-uid=\"tdi_18\">\n<div class=\"tdb-block-inner td-fix-index\">\n<p><strong>Unul din profe\u021bii mici prefera\u021bi, <a href=\"https:\/\/r3media.ro\/calendarul-zilei-14-august-inainte-praznuirea-adormirii-maicii-domnului-sf-proroc-miheia\/\" target=\"_blank\" rel=\"noopener\">Miheia<\/a>, ast\u0103zi pomenit, ni-L arat\u0103 pe Dumnezeu \u00eentr-o ipostaz\u0103 deloc \u201eonorabil\u0103.\u201d V\u0103z\u00e2nd nedreptatea \u0219i idolatria alor S\u0103i, Dumnezeu, care vorbe\u0219te prin profet, zice:<\/strong><\/p>\n<p>\u201eM\u0103 voi t\u00e2ngui \u0219i voi urla, voi merge descul\u021b \u0219i gol; voi scoate urlete ca \u0219acalii \u0219i \u021bipete ca stru\u021bii, c\u0103ci rana ei este f\u0103r\u0103 de leac\u201d (Cap. 1, v. 8-9). Gol, adic\u0103 expus; descul\u021b, t\u0103indu-\u0219i t\u0103lpile \u00een pietre. Url\u00e2nd, \u021bip\u00e2nd, pentru c\u0103 \u00eendemnurile de p\u00e2n\u0103 acum au fost ignorate, cuvintele bl\u00e2nde c\u0103lcate \u00een picioare. Ce-\u021bi mai r\u0103m\u00e2ne de f\u0103cut dec\u00e2t s\u0103 latri ca un \u0219acal la lun\u0103, c\u00e2nd cel\u0103lalt face exact ce aduce pr\u0103bu\u0219irea sa?<\/p>\n<p>\u00cen fa\u021ba nenorocirii liber alese, \u00een pofida pove\u021belor, \u00eendemnelor, poruncilor, Dumnezeu nu e Zen. Nu se a\u0219eaz\u0103 filosofic \u0219i nirvanic \u00een lotus, nu face exerci\u021bii de respira\u021bie, ci manifest\u0103 durere \u0219i exasperare. E un Dumnezeu care se afl\u0103 pe culmile disper\u0103rii.<\/p>\n<p>E acela\u0219i Dumnezeu c\u0103ruia, \u00eentrupat, i se face mil\u0103 de mul\u021bimi, vindec\u00e2ndu-le, hr\u0103nindu-le concret, nu doar cu predici. Un Dumnezeu care se revolt\u0103 din cauza orbirii \u0219i neiubirii fariseilor, pentru c\u0103 se uit\u0103 la regula s\u00e2mbetei, iar nu la suferin\u021ba uman\u0103. Care se m\u00e2hne\u0219te v\u0103z\u00e2nd necredin\u021ba tuturor \u0219i reaua credin\u021b\u0103 a celor din v\u00e2rf, \u0219i care se tulbur\u0103 c\u00e2nd unul din cercul restr\u00e2ns al celor 12 apostoli \u00cel vinde.<\/p>\n<p>Este un Dumnezeu care pl\u00e2nge \u00een fa\u021ba mor\u021bii prietenului s\u0103u \u0219i \u00een fa\u021ba iminentei distrugeri a Ierusalimului. \u0218i care se m\u00e2nie pe farisei \u0219i c\u0103rturari, \u201enebuni \u0219i orbi\u201d care trag pe ceilal\u021bi dup\u0103 ei \u00een gheen\u0103.<\/p>\n<p>\u0218i de ce nu e Dumnezeu Zen? Oare de ce url\u0103, se t\u00e2nguie, de ce se \u201ecompromite\u201d golindu-se de dumnezeirea Sa? Ce \u0219tie Dumnezeu de ce poate ajunge omul \u0219i ce i se poate \u00eent\u00e2mpla de \u00ce\u0219i p\u0103r\u0103se\u0219te m\u0103re\u021bia Sa \u0219i merge descul\u021b pentru a fi crucificat?<\/p>\n<div class=\"crp_related     crp-masonry\">\n<h2>\u00ceN CONTEXT<\/h2>\n<ul>\n<li><a href=\"https:\/\/r3media.ro\/nihilism-si-teologie-intre-occident-si-rasarit\/\" class=\"crp_link post-115028\"><span class=\"crp_title\">Nihilism \u0219i teologie: \u00eentre Occident \u0219i R\u0103s\u0103rit<\/span><\/a><\/li>\n<li><a href=\"https:\/\/r3media.ro\/dati-cezarului-ce-este-al-cezarului\/\" class=\"crp_link post-116013\"><span class=\"crp_title\">Da\u021bi Cezarului ce este al Cezarului<\/span><\/a><\/li>\n<li><a href=\"https:\/\/r3media.ro\/dreptul-profan-ramas-in-pronuntare\/\" class=\"crp_link post-116403\"><span class=\"crp_title\">Dreptul profan, r\u0103mas \u00een pronun\u021bare<\/span><\/a><\/li>\n<li><a href=\"https:\/\/r3media.ro\/ce-ne-facem-cu-martorii-lui-iehova\/\" class=\"crp_link post-118858\"><span class=\"crp_title\">Ce ne facem cu Martorii lui Iehova?<\/span><\/a><\/li>\n<li><a href=\"https:\/\/r3media.ro\/calendarul-zilei-6-octombrie-petre-tutea\/\" class=\"crp_link post-2891\"><span class=\"crp_title\">Calendarul zilei 6 octombrie | Petre \u021au\u021bea, 123 de ani de la na\u0219tere. 22 de citate\u2026<\/span><\/a><\/li>\n<li><a href=\"https:\/\/r3media.ro\/tinere-hristos-este-cheia\/\" class=\"crp_link post-115629\"><span class=\"crp_title\">Tinere, Hristos este Cheia!<\/span><\/a><\/li>\n<li><a href=\"https:\/\/r3media.ro\/nimic-nu-poate-exista-fara-dumnezeu\/\" class=\"crp_link post-118850\"><span class=\"crp_title\">Nimic nu poate exista f\u0103r\u0103 Dumnezeu!<\/span><\/a><\/li>\n<li><a href=\"https:\/\/r3media.ro\/sceptici-scepticism-de-la-sfantul-toma-la-ateul-modern\/\" class=\"crp_link post-115541\"><span class=\"crp_title\">Sceptici, scepticism: de la Sf\u00e2ntul Toma la ateul modern<\/span><\/a><\/li>\n<\/ul>\n<\/div>\n<\/div>\n<\/div>\n<div class=\"td_block_wrap tdb_single_tags tdi_19 td-pb-border-top td_block_template_1\" data-td-block-uid=\"tdi_19\">\n<div class=\"tdb-block-inner td-fix-index\">\n<ul class=\"tdb-tags\">\n<li><span>SUBIECTE FIERBIN\u021aI<\/span><\/li>\n<li><a href=\"https:\/\/r3media.ro\/tag\/crestinism\/\">crestinism<\/a><\/li>\n<li><a href=\"https:\/\/r3media.ro\/tag\/ortodoxie\/\">ortodoxie<\/a><\/li>\n<\/ul>\n<\/div>\n<\/div>\n<div class=\"td_block_wrap td_block_9 tdi_20 td_with_ajax_pagination td-pb-border-top td_block_template_1 td-column-2 td_block_padding td_block_bot_line\" data-td-block-uid=\"tdi_20\">\n<div class=\"td-block-title-wrap\">\n<h4 class=\"block-title td-block-title\"><span class=\"td-pulldown-size\">CITE\u0218TE MAI MULT<\/span><\/h4>\n<\/div>\n<div id=\"tdi_20\" class=\"td_block_inner\">\n<div class=\"td-block-row\">\n<div class=\"td-block-span6\">\n<div class=\"td_module_8 td_module_wrap\">\n<div class=\"item-details\">\n<h3 class=\"entry-title td-module-title\"><a href=\"https:\/\/r3media.ro\/presedintele-serbiei-razboiul-din-ucraina\/\" rel=\"bookmark\" title=\"Pre\u0219edintele Serbiei nu crede c\u0103 r\u0103zboiul din Ucraina se termin\u0103 cur\u00e2nd: Cred c\u0103 ne afl\u0103m la \u00eenceputul unui r\u0103zboi mult, mult mai mare\">Pre\u0219edintele Serbiei nu crede c\u0103 r\u0103zboiul din Ucraina se termin\u0103 cur\u00e2nd: Cred c\u0103 ne&#8230;<\/a><\/h3>\n<div class=\"td-module-meta-info\"><a href=\"https:\/\/r3media.ro\/category\/actualitate\/\" class=\"td-post-category\">ACTUALITATE<\/a><span class=\"td-post-author-name\"><a href=\"https:\/\/r3media.ro\/author\/teodor_stan\/\">Teodor Stan<\/a><span>&#8211;<\/span><\/span><span class=\"td-post-date\"><time class=\"entry-date updated td-module-date\" datetime=\"2026-08-10T12:22:44+03:00\">10\/08\/2026<\/time><\/span><\/div>\n<\/div>\n<\/div>\n<\/div>\n<div class=\"td-block-span6\">\n<div class=\"td_module_8 td_module_wrap\">\n<div class=\"item-details\">\n<h3 class=\"entry-title td-module-title\"><a href=\"https:\/\/r3media.ro\/fara-apa-fara-curent-fara-viitor-cum-au-sacrificat-pro-europenii-romania-pe-altarul-ecologiei-ieftine\/\" rel=\"bookmark\" title=\"F\u0103r\u0103 ap\u0103, f\u0103r\u0103 curent, f\u0103r\u0103 viitor: cum au sacrificat pro-europenii Rom\u00e2nia pe altarul ecologiei ieftine\">F\u0103r\u0103 ap\u0103, f\u0103r\u0103 curent, f\u0103r\u0103 viitor: cum au sacrificat pro-europenii Rom\u00e2nia pe altarul ecologiei&#8230;<\/a><\/h3>\n<div class=\"td-module-meta-info\"><a href=\"https:\/\/r3media.ro\/category\/actualitate\/\" class=\"td-post-category\">ACTUALITATE<\/a><span class=\"td-post-author-name\"><a href=\"https:\/\/r3media.ro\/author\/paul_lazar\/\">Paul-Daniel Laz\u0103r<\/a><span>&#8211;<\/span><\/span><span class=\"td-post-date\"><time class=\"entry-date updated td-module-date\" datetime=\"2026-08-08T22:30:54+03:00\">08\/08\/2026<\/time><\/span><\/div>\n<\/div>\n<\/div>\n<\/div>\n<\/div>\n<div class=\"td-block-row\">\n<div class=\"td-block-span6\">\n<div class=\"td_module_8 td_module_wrap\">\n<div class=\"item-details\">\n<h3 class=\"entry-title td-module-title\"><a href=\"https:\/\/r3media.ro\/show-iluzie-si-realitate-de-la-the-truman-show-la-son-of-a-rich\/\" rel=\"bookmark\" title=\"Show, iluzie \u0219i realitate: de la The Truman Show la Son of a Rich\">Show, iluzie \u0219i realitate: de la The Truman Show la Son of a Rich<\/a><\/h3>\n<div class=\"td-module-meta-info\"><a href=\"https:\/\/r3media.ro\/category\/actualitate\/\" class=\"td-post-category\">ACTUALITATE<\/a><span class=\"td-post-author-name\"><a href=\"https:\/\/r3media.ro\/author\/costi_balasoiu\/\">Constantin B\u0103l\u0103\u0219oiu<\/a><span>&#8211;<\/span><\/span><span class=\"td-post-date\"><time class=\"entry-date updated td-module-date\" datetime=\"2026-08-08T15:30:25+03:00\">08\/08\/2026<\/time><\/span><\/div>\n<\/div>\n<\/div>\n<\/div>\n<div class=\"td-block-span6\">\n<div class=\"td_module_8 td_module_wrap\">\n<div class=\"item-details\">\n<h3 class=\"entry-title td-module-title\"><a href=\"https:\/\/r3media.ro\/fani-stapanul-inelelor-surpriza-sezonul-3-sauron\/\" rel=\"bookmark\" title=\"Fanii \u201eSt\u0103p\u00e2nul Inelelor\u201c ar putea avea o surpriz\u0103 \u00een sezonul 3 din serialul \u201eInelele Puterii\u201c. Sauron se va confrunta cu o creatur\u0103 de temut\">Fanii \u201eSt\u0103p\u00e2nul Inelelor\u201c ar putea avea o surpriz\u0103 \u00een sezonul 3 din serialul \u201eInelele&#8230;<\/a><\/h3>\n<div class=\"td-module-meta-info\"><a href=\"https:\/\/r3media.ro\/category\/actualitate\/\" class=\"td-post-category\">ACTUALITATE<\/a><span class=\"td-post-author-name\"><a href=\"https:\/\/r3media.ro\/author\/oana\/\">Oana Ivan<\/a><span>&#8211;<\/span><\/span><span class=\"td-post-date\"><time class=\"entry-date updated td-module-date\" datetime=\"2026-08-08T00:19:31+03:00\">08\/08\/2026<\/time><\/span><\/div>\n<\/div>\n<\/div>\n<\/div>\n<\/div>\n<div class=\"td-block-row\">\n<div class=\"td-block-span6\">\n<div class=\"td_module_8 td_module_wrap\">\n<div class=\"item-details\">\n<h3 class=\"entry-title td-module-title\"><a href=\"https:\/\/r3media.ro\/david-popovici-fair-play-sportivi-rusi-competitii\/\" rel=\"bookmark\" title=\"David Popovici, fair-play la revenirea sportivilor ru\u0219i \u00een competi\u021bii: Le urez succes, sper s\u0103 fiu mai bun dec\u00e2t ei\">David Popovici, fair-play la revenirea sportivilor ru\u0219i \u00een competi\u021bii: Le urez succes, sper s\u0103&#8230;<\/a><\/h3>\n<div class=\"td-module-meta-info\"><a href=\"https:\/\/r3media.ro\/category\/actualitate\/\" class=\"td-post-category\">ACTUALITATE<\/a><span class=\"td-post-author-name\"><a href=\"https:\/\/r3media.ro\/author\/redactia\/\">Redac\u021bia<\/a><span>&#8211;<\/span><\/span><span class=\"td-post-date\"><time class=\"entry-date updated td-module-date\" datetime=\"2026-08-07T15:07:51+03:00\">07\/08\/2026<\/time><\/span><\/div>\n<\/div>\n<\/div>\n<\/div>\n<div class=\"td-block-span6\">\n<div class=\"td_module_8 td_module_wrap\">\n<div class=\"item-details\">\n<h3 class=\"entry-title td-module-title\"><a href=\"https:\/\/r3media.ro\/kia-recheama-service-prima-generatie-masini-electrice-e-niro-risc-incendiu\/\" rel=\"bookmark\" title=\"Kia recheam\u0103 \u00een service prima genera\u021bie de ma\u0219ini electrice e-Niro din cauza riscului de incendiu\">Kia recheam\u0103 \u00een service prima genera\u021bie de ma\u0219ini electrice e-Niro din cauza riscului de&#8230;<\/a><\/h3>\n<div class=\"td-module-meta-info\"><a href=\"https:\/\/r3media.ro\/category\/actualitate\/\" class=\"td-post-category\">ACTUALITATE<\/a><span class=\"td-post-author-name\"><a href=\"https:\/\/r3media.ro\/author\/oana\/\">Oana Ivan<\/a><span>&#8211;<\/span><\/span><span class=\"td-post-date\"><time class=\"entry-date updated td-module-date\" datetime=\"2026-08-06T17:07:42+03:00\">06\/08\/2026<\/time><\/span><\/div>\n<\/div>\n<\/div>\n<\/div>\n<\/div>\n<div class=\"td-block-row\">\n<div class=\"td-block-span6\">\n<div class=\"td_module_8 td_module_wrap\">\n<div class=\"item-details\">\n<h3 class=\"entry-title td-module-title\"><a href=\"https:\/\/r3media.ro\/drona-gasita-mare-mamaia-zona-loft-video\/\" rel=\"bookmark\" title=\"VIDEO | O dron\u0103 a fost g\u0103sit\u0103 \u00een mare, \u00een Mamaia, \u00een zona Loft\">VIDEO | O dron\u0103 a fost g\u0103sit\u0103 \u00een mare, \u00een Mamaia, \u00een zona Loft<\/a><\/h3>\n<div class=\"td-module-meta-info\"><a href=\"https:\/\/r3media.ro\/category\/actualitate\/\" class=\"td-post-category\">ACTUALITATE<\/a><span class=\"td-post-author-name\"><a href=\"https:\/\/r3media.ro\/author\/oana\/\">Oana Ivan<\/a><span>&#8211;<\/span><\/span><span class=\"td-post-date\"><time class=\"entry-date updated td-module-date\" datetime=\"2026-08-05T21:48:11+03:00\">05\/08\/2026<\/time><\/span><\/div>\n<\/div>\n<\/div>\n<\/div>\n<div class=\"td-block-span6\">\n<div class=\"td_module_8 td_module_wrap\">\n<div class=\"item-details\">\n<h3 class=\"entry-title td-module-title\"><a href=\"https:\/\/r3media.ro\/cand-incepe-scoala-in-2026-structura-an-nou-scolar\/\" rel=\"bookmark\" title=\"C\u00e2nd \u00eencepe \u0219coala \u00een 2026: Structura noului an \u0219colar, vacan\u021bele \u0219i zilele libere\">C\u00e2nd \u00eencepe \u0219coala \u00een 2026: Structura noului an \u0219colar, vacan\u021bele \u0219i zilele libere<\/a><\/h3>\n<div class=\"td-module-meta-info\"><a href=\"https:\/\/r3media.ro\/category\/actualitate\/\" class=\"td-post-category\">ACTUALITATE<\/a><span class=\"td-post-author-name\"><a href=\"https:\/\/r3media.ro\/author\/oana\/\">Oana Ivan<\/a><span>&#8211;<\/span><\/span><span class=\"td-post-date\"><time class=\"entry-date updated td-module-date\" datetime=\"2026-08-03T22:23:20+03:00\">03\/08\/2026<\/time><\/span><\/div>\n<\/div>\n<\/div>\n<\/div>\n<\/div>\n<div class=\"td-block-row\">\n<div class=\"td-block-span6\">\n<div class=\"td_module_8 td_module_wrap\">\n<div class=\"item-details\">\n<h3 class=\"entry-title td-module-title\"><a href=\"https:\/\/r3media.ro\/tara-europa-norvegia-masini-electrice-inmatriculate-cota-ridicata\/\" rel=\"bookmark\" title=\"\u021aara din Europa unde aproape toate ma\u0219inile \u00eenmatriculate sune electrice. Cota a ajuns la 97,6% \u00een iulie\">\u021aara din Europa unde aproape toate ma\u0219inile \u00eenmatriculate sune electrice. Cota a ajuns la&#8230;<\/a><\/h3>\n<div class=\"td-module-meta-info\"><a href=\"https:\/\/r3media.ro\/category\/actualitate\/\" class=\"td-post-category\">ACTUALITATE<\/a><span class=\"td-post-author-name\"><a href=\"https:\/\/r3media.ro\/author\/oana\/\">Oana Ivan<\/a><span>&#8211;<\/span><\/span><span class=\"td-post-date\"><time class=\"entry-date updated td-module-date\" datetime=\"2026-08-03T17:01:21+03:00\">03\/08\/2026<\/time><\/span><\/div>\n<\/div>\n<\/div>\n<\/div>\n<div class=\"td-block-span6\">\n<div class=\"td_module_8 td_module_wrap\">\n<div class=\"item-details\">\n<h3 class=\"entry-title td-module-title\"><a href=\"https:\/\/r3media.ro\/puterea-mitologica-instalata-a-romaniei\/\" rel=\"bookmark\" title=\"Puterea mitologic\u0103 instalat\u0103 a Rom\u00e2niei\">Puterea mitologic\u0103 instalat\u0103 a Rom\u00e2niei<\/a><\/h3>\n<div class=\"td-module-meta-info\"><a href=\"https:\/\/r3media.ro\/category\/opinii\/\" class=\"td-post-category\">OPINII<\/a><span class=\"td-post-author-name\"><a href=\"https:\/\/r3media.ro\/author\/tru\/\">TRU (Traian Ungureanu)<\/a><span>&#8211;<\/span><\/span><span class=\"td-post-date\"><time class=\"entry-date updated td-module-date\" datetime=\"2026-08-02T22:08:04+03:00\">02\/08\/2026<\/time><\/span><\/div>\n<\/div>\n<\/div>\n<\/div>\n<\/div>\n<div class=\"td-block-row\">\n<div class=\"td-block-span6\">\n<div class=\"td_module_8 td_module_wrap\">\n<div class=\"item-details\">\n<h3 class=\"entry-title td-module-title\"><a href=\"https:\/\/r3media.ro\/hyundai-recheama-service-masini-electrice-inster-risc-incendiu\/\" rel=\"bookmark\" title=\"Hyundai recheam\u0103 \u00een service zeci de mii de ma\u0219ini electrice din cauza riscului de incendiu\">Hyundai recheam\u0103 \u00een service zeci de mii de ma\u0219ini electrice din cauza riscului de&#8230;<\/a><\/h3>\n<div class=\"td-module-meta-info\"><a href=\"https:\/\/r3media.ro\/category\/actualitate\/\" class=\"td-post-category\">ACTUALITATE<\/a><span class=\"td-post-author-name\"><a href=\"https:\/\/r3media.ro\/author\/oana\/\">Oana Ivan<\/a><span>&#8211;<\/span><\/span><span class=\"td-post-date\"><time class=\"entry-date updated td-module-date\" datetime=\"2026-08-02T08:34:05+03:00\">02\/08\/2026<\/time><\/span><\/div>\n<\/div>\n<\/div>\n<\/div>\n<div class=\"td-block-span6\">\n<div class=\"td_module_8 td_module_wrap\">\n<div class=\"item-details\">\n<h3 class=\"entry-title td-module-title\"><a href=\"https:\/\/r3media.ro\/dragostea-care-transcende-epoci-descult-in-parc-1967\/\" rel=\"bookmark\" title=\"Dragostea care transcende epoci \u2014 Descul\u021b \u00een parc (1967)\">Dragostea care transcende epoci \u2014 Descul\u021b \u00een parc (1967)<\/a><\/h3>\n<div class=\"td-module-meta-info\"><a href=\"https:\/\/r3media.ro\/category\/opinii\/\" class=\"td-post-category\">OPINII<\/a><span class=\"td-post-author-name\"><a href=\"https:\/\/r3media.ro\/author\/costi_balasoiu\/\">Constantin B\u0103l\u0103\u0219oiu<\/a><span>&#8211;<\/span><\/span><span class=\"td-post-date\"><time class=\"entry-date updated td-module-date\" datetime=\"2026-08-01T13:45:14+03:00\">01\/08\/2026<\/time><\/span><\/div>\n<\/div>\n<\/div>\n<\/div>\n<\/div>\n<\/div>\n<div class=\"td-load-more-wrap td-load-more-infinite-wrap\" id=\"infinite-lm-tdi_20\"><a href=\"https:\/\/r3media.ro\/dumnezeu-nu-e-zen\/\" class=\"td_ajax_load_more td_ajax_load_more_js\" aria-label=\"\u00cenc\u0103rca\u021bi mai multe\" id=\"next-page-tdi_20\" data-td_block_id=\"tdi_20\">\u00cenc\u0103rca\u021bi mai multe<\/a><\/div>\n<\/div>\n<div class=\"td_block_wrap tdb_single_comments tdi_21 tdb-comm-layout2 td-pb-border-top td_block_template_1\" data-td-block-uid=\"tdi_21\">\n<div class=\"tdb-block-inner td-fix-index\">\n<div class=\"comments\" id=\"comments\">\n<div id=\"respond\" class=\"comment-respond\">\n<h3 id=\"reply-title\" class=\"comment-reply-title\">AI CEVA DE SPUS? <small><a rel=\"nofollow\" id=\"cancel-comment-reply-link\" href=\"https:\/\/r3media.ro\/dumnezeu-nu-e-zen\/#respond\">Renun\u021ba\u021bi la r\u0103spuns<\/a><\/small><\/h3>\n<div class=\"comment-form-input-wrap td-form-comment\">\n<div class=\"td-warning-comment\">V\u0103 rug\u0103m s\u0103 introduce\u021bi comentariul dvs.!<\/div>\n<\/div>\n<div class=\"comment-form-input-wrap td-form-author\">\n<div class=\"td-warning-author\">Introduce\u021bi aici numele dvs.<\/div>\n<\/div>\n<div class=\"comment-form-input-wrap td-form-email\">\n<div class=\"td-warning-email-error\">A\u021bi introdus o adres\u0103 de e-mail incorect\u0103!<\/div>\n<div class=\"td-warning-email\">V\u0103 rug\u0103m s\u0103 introduce\u021bi adresa dvs. de e-mail aici<\/div>\n<\/div>\n<\/div>\n<\/div>\n<\/div>\n<\/div>\n<\/div>\n<\/div>\n<div class=\"vc_column tdi_23  wpb_column vc_column_container tdc-column td-pb-span4 td-is-sticky\">\n<div class=\"wpb_wrapper\" data-sticky-enabled-on=\"W3RydWUsdHJ1ZSx0cnVlLHRydWVd\" data-sticky-offset=\"20\" data-sticky-is-width-auto=\"W2ZhbHNlLGZhbHNlLGZhbHNlLGZhbHNlXQ==\">\n<div class=\"wpb_wrapper td_block_wrap vc_widget_sidebar tdi_25 \">\n<div class=\"td_block_wrap td_block_7 td_block_widget tdi_26 td-pb-border-top td_block_template_1 td-column-1 td_block_padding\" data-td-block-uid=\"tdi_26\">\n<div class=\"td-block-title-wrap\">\n<h4 class=\"block-title td-block-title\"><span class=\"td-pulldown-size\">Articole RELA\u021aIONATE<\/span><\/h4>\n<\/div>\n<div id=\"tdi_26\" class=\"td_block_inner\">\n<div class=\"td-block-span12\">\n<div class=\"td_module_6 td_module_wrap td-animation-stack\">\n<div class=\"td-module-thumb\"><a href=\"https:\/\/r3media.ro\/video-david-popovici-aur-la-200-m-liber-la-europenele-de-la-paris-aici-e-romania\/\" rel=\"bookmark\" class=\"td-image-wrap \" title=\"VIDEO | David Popovici, aur la 200 m liber la Europenele de la Paris: Aici e Rom\u00e2nia!\"><img loading=\"lazy\" decoding=\"async\" class=\"entry-thumb\" src=\"https:\/\/r3media.ro\/wp-content\/uploads\/2026\/08\/david-popovici-100x70.jpeg\" alt title=\"VIDEO | David Popovici, aur la 200 m liber la Europenele de la Paris: Aici e Rom\u00e2nia!\" width=\"100\" height=\"70\"><\/a><\/div>\n<div class=\"item-details\">\n<h3 class=\"entry-title td-module-title\"><a href=\"https:\/\/r3media.ro\/video-david-popovici-aur-la-200-m-liber-la-europenele-de-la-paris-aici-e-romania\/\" rel=\"bookmark\" title=\"VIDEO | David Popovici, aur la 200 m liber la Europenele de la Paris: Aici e Rom\u00e2nia!\">VIDEO | David Popovici, aur la 200 m liber la Europenele&#8230;<\/a><\/h3>\n<div class=\"td-module-meta-info\"><span class=\"td-post-date\"><time class=\"entry-date updated td-module-date\" datetime=\"2026-08-15T11:27:28+03:00\">15\/08\/2026<\/time><\/span><\/div>\n<\/div>\n<\/div>\n<\/div>\n<div class=\"td-block-span12\">\n<div class=\"td_module_6 td_module_wrap td-animation-stack\">\n<div class=\"td-module-thumb\"><a href=\"https:\/\/r3media.ro\/15-august-adormirea-maicii-domnului-sf-maria-mare-ziua-marinei-romane\/\" rel=\"bookmark\" class=\"td-image-wrap \" title=\"Calendarul zilei 15 august: Adormirea Maicii Domnului (Sf. Maria Mare) \/ Ziua Marinei Rom\u00e2ne\"><img loading=\"lazy\" decoding=\"async\" class=\"entry-thumb\" src=\"https:\/\/r3media.ro\/wp-content\/uploads\/2021\/08\/adormirea-maicii-domnului-traditii-si-obiceiuri-de-sfanta-maria-mare-100x70.jpg\" alt title=\"Calendarul zilei 15 august: Adormirea Maicii Domnului (Sf. Maria Mare) \/ Ziua Marinei Rom\u00e2ne\" width=\"100\" height=\"70\"><\/a><\/div>\n<div class=\"item-details\">\n<h3 class=\"entry-title td-module-title\"><a href=\"https:\/\/r3media.ro\/15-august-adormirea-maicii-domnului-sf-maria-mare-ziua-marinei-romane\/\" rel=\"bookmark\" title=\"Calendarul zilei 15 august: Adormirea Maicii Domnului (Sf. Maria Mare) \/ Ziua Marinei Rom\u00e2ne\">Calendarul zilei 15 august: Adormirea Maicii Domnului (Sf. Maria Mare) \/&#8230;<\/a><\/h3>\n<div class=\"td-module-meta-info\"><span class=\"td-post-date\"><time class=\"entry-date updated td-module-date\" datetime=\"2026-08-14T23:00:03+03:00\">14\/08\/2026<\/time><\/span><\/div>\n<\/div>\n<\/div>\n<\/div>\n<div class=\"td-block-span12\">\n<div class=\"td_module_6 td_module_wrap td-animation-stack\">\n<div class=\"td-module-thumb\"><a href=\"https:\/\/r3media.ro\/gen-silviu-predoiu-guvern-roman-bruxelles\/\" rel=\"bookmark\" class=\"td-image-wrap \" title=\"Gen. Silviu Predoiu: Misiunea guvernului rom\u00e2n nu este s\u0103 ob\u021bin\u0103 note bune la Bruxelles. Nu este s\u0103 transforme fiecare decizie strategic\u0103 \u00eentr-o \u00eentrebare: \u201cAvem voie?\u201d\"><img loading=\"lazy\" decoding=\"async\" class=\"entry-thumb\" src=\"https:\/\/r3media.ro\/wp-content\/uploads\/2026\/08\/silviu-predoiu-e1786696790559-100x70.jpg\" alt title=\"Gen. Silviu Predoiu: Misiunea guvernului rom\u00e2n nu este s\u0103 ob\u021bin\u0103 note bune la Bruxelles. Nu este s\u0103 transforme fiecare decizie strategic\u0103 \u00eentr-o \u00eentrebare: \u201cAvem voie?\u201d\" width=\"100\" height=\"70\"><\/a><\/div>\n<div class=\"item-details\">\n<h3 class=\"entry-title td-module-title\"><a href=\"https:\/\/r3media.ro\/gen-silviu-predoiu-guvern-roman-bruxelles\/\" rel=\"bookmark\" title=\"Gen. Silviu Predoiu: Misiunea guvernului rom\u00e2n nu este s\u0103 ob\u021bin\u0103 note bune la Bruxelles. Nu este s\u0103 transforme fiecare decizie strategic\u0103 \u00eentr-o \u00eentrebare: \u201cAvem voie?\u201d\">Gen. Silviu Predoiu: Misiunea guvernului rom\u00e2n nu este s\u0103 ob\u021bin\u0103 note&#8230;<\/a><\/h3>\n<div class=\"td-module-meta-info\"><span class=\"td-post-date\"><time class=\"entry-date updated td-module-date\" datetime=\"2026-08-14T11:41:21+03:00\">14\/08\/2026<\/time><\/span><\/div>\n<\/div>\n<\/div>\n<\/div>\n<div class=\"td-block-span12\">\n<div class=\"td_module_6 td_module_wrap td-animation-stack\">\n<div class=\"td-module-thumb\"><a href=\"https:\/\/r3media.ro\/foto-masina-electrica-gunoi-foc-incendiu-baterie-litiu-ion\/\" rel=\"bookmark\" class=\"td-image-wrap \" title=\"FOTO | O ma\u0219in\u0103 electric\u0103 de gunoi a luat foc. Incendiul ar fi provenit de la o baterie litiu-ion pe care vehiculul a colectat-o\"><img loading=\"lazy\" decoding=\"async\" class=\"entry-thumb\" src=\"https:\/\/r3media.ro\/wp-content\/uploads\/2026\/08\/masina-de-gunoi-100x70.jpg\" alt title=\"FOTO | O ma\u0219in\u0103 electric\u0103 de gunoi a luat foc. Incendiul ar fi provenit de la o baterie litiu-ion pe care vehiculul a colectat-o\" width=\"100\" height=\"70\"><\/a><\/div>\n<div class=\"item-details\">\n<h3 class=\"entry-title td-module-title\"><a href=\"https:\/\/r3media.ro\/foto-masina-electrica-gunoi-foc-incendiu-baterie-litiu-ion\/\" rel=\"bookmark\" title=\"FOTO | O ma\u0219in\u0103 electric\u0103 de gunoi a luat foc. Incendiul ar fi provenit de la o baterie litiu-ion pe care vehiculul a colectat-o\">FOTO | O ma\u0219in\u0103 electric\u0103 de gunoi a luat foc. Incendiul&#8230;<\/a><\/h3>\n<div class=\"td-module-meta-info\"><span class=\"td-post-date\"><time class=\"entry-date updated td-module-date\" datetime=\"2026-08-14T11:40:55+03:00\">14\/08\/2026<\/time><\/span><\/div>\n<\/div>\n<\/div>\n<\/div>\n<div class=\"td-block-span12\">\n<div class=\"td_module_6 td_module_wrap td-animation-stack\">\n<div class=\"td-module-thumb\"><a href=\"https:\/\/r3media.ro\/tehnologia-thermo-signal-de-la-tefal-ce-indica-de-fapt\/\" rel=\"bookmark\" class=\"td-image-wrap \" title=\"Tehnologia Thermo-Signal de la Tefal: ce indic\u0103, de fapt\"><img loading=\"lazy\" decoding=\"async\" class=\"entry-thumb\" src=\"https:\/\/r3media.ro\/wp-content\/uploads\/2026\/08\/tehnologia_thermosignal_de_la_tefal_ce_indic_de_fapt-100x70.jpg\" alt title=\"Tehnologia Thermo-Signal de la Tefal: ce indic\u0103, de fapt\" width=\"100\" height=\"70\"><\/a><\/div>\n<div class=\"item-details\">\n<h3 class=\"entry-title td-module-title\"><a href=\"https:\/\/r3media.ro\/tehnologia-thermo-signal-de-la-tefal-ce-indica-de-fapt\/\" rel=\"bookmark\" title=\"Tehnologia Thermo-Signal de la Tefal: ce indic\u0103, de fapt\">Tehnologia Thermo-Signal de la Tefal: ce indic\u0103, de fapt<\/a><\/h3>\n<div class=\"td-module-meta-info\"><span class=\"td-post-date\"><time class=\"entry-date updated td-module-date\" datetime=\"2026-08-14T11:14:44+03:00\">14\/08\/2026<\/time><\/span><\/div>\n<\/div>\n<\/div>\n<\/div>\n<div class=\"td-block-span12\">\n<div class=\"td_module_6 td_module_wrap td-animation-stack\">\n<div class=\"td-module-thumb\"><a href=\"https:\/\/r3media.ro\/calendarul-zilei-14-august-inainte-praznuirea-adormirii-maicii-domnului-sf-proroc-miheia\/\" rel=\"bookmark\" class=\"td-image-wrap \" title=\"Calendarul zilei 14 august: \u00cenainte-pr\u0103znuirea Adormirii Maicii Domnului; Sf. Proroc Miheia\"><img loading=\"lazy\" decoding=\"async\" class=\"entry-thumb\" src=\"https:\/\/r3media.ro\/wp-content\/uploads\/2026\/08\/14-AUG-mheia-100x70.jpg\" alt title=\"Calendarul zilei 14 august: \u00cenainte-pr\u0103znuirea Adormirii Maicii Domnului; Sf. Proroc Miheia\" width=\"100\" height=\"70\"><\/a><\/div>\n<div class=\"item-details\">\n<h3 class=\"entry-title td-module-title\"><a href=\"https:\/\/r3media.ro\/calendarul-zilei-14-august-inainte-praznuirea-adormirii-maicii-domnului-sf-proroc-miheia\/\" rel=\"bookmark\" title=\"Calendarul zilei 14 august: \u00cenainte-pr\u0103znuirea Adormirii Maicii Domnului; Sf. Proroc Miheia\">Calendarul zilei 14 august: \u00cenainte-pr\u0103znuirea Adormirii Maicii Domnului; Sf. Proroc Miheia<\/a><\/h3>\n<div class=\"td-module-meta-info\"><span class=\"td-post-date\"><time class=\"entry-date updated td-module-date\" datetime=\"2026-08-13T22:58:08+03:00\">13\/08\/2026<\/time><\/span><\/div>\n<\/div>\n<\/div>\n<\/div>\n<div class=\"td-block-span12\">\n<div class=\"td_module_6 td_module_wrap td-animation-stack\">\n<div class=\"td-module-thumb\"><a href=\"https:\/\/r3media.ro\/calendarul-zilei-14-august-moartea-sergiu-celibidache\/\" rel=\"bookmark\" class=\"td-image-wrap \" title=\"Calendarul zilei 14 august: 30 ani de la moartea marelui dirijor Sergiu Celibidache\"><img loading=\"lazy\" decoding=\"async\" class=\"entry-thumb\" src=\"https:\/\/r3media.ro\/wp-content\/uploads\/2022\/08\/sddefault-4-100x70.jpg\" alt title=\"Calendarul zilei 14 august: 30 ani de la moartea marelui dirijor Sergiu Celibidache\" width=\"100\" height=\"70\"><\/a><\/div>\n<div class=\"item-details\">\n<h3 class=\"entry-title td-module-title\"><a href=\"https:\/\/r3media.ro\/calendarul-zilei-14-august-moartea-sergiu-celibidache\/\" rel=\"bookmark\" title=\"Calendarul zilei 14 august: 30 ani de la moartea marelui dirijor Sergiu Celibidache\">Calendarul zilei 14 august: 30 ani de la moartea marelui dirijor&#8230;<\/a><\/h3>\n<div class=\"td-module-meta-info\"><span class=\"td-post-date\"><time class=\"entry-date updated td-module-date\" datetime=\"2026-08-13T21:34:06+03:00\">13\/08\/2026<\/time><\/span><\/div>\n<\/div>\n<\/div>\n<\/div>\n<\/div>\n<\/div>\n<aside class=\"td_block_template_1 widget widget_recent_comments\">\n<h4 class=\"block-title\"><span>INTR\u0102 \u00ceN DISCU\u021aIE!<\/span><\/h4>\n<ul id=\"recentcomments\">\n<li class=\"recentcomments\"><span class=\"comment-author-link\">Arsenie<\/span> la <a href=\"https:\/\/r3media.ro\/cornel-nistorescu-ambulanta-recea-cristur-stiri-false-interzicere\/#comment-40385\">Cornel Nistorescu, despre incidentul cu ambulan\u021ba de la Recea-Cristur: Statul rom\u00e2n a\u0219teapt\u0103 s\u0103 interzic\u0103 \u0219tirile false \u0219i, pe l\u00eeng\u0103, tot ce nu convine puterii<\/a><\/li>\n<li class=\"recentcomments\"><span class=\"comment-author-link\">Nicu<\/span> la <a href=\"https:\/\/r3media.ro\/gen-silviu-predoiu-guvern-roman-bruxelles\/#comment-40384\">Gen. Silviu Predoiu: Misiunea guvernului rom\u00e2n nu este s\u0103 ob\u021bin\u0103 note bune la Bruxelles. Nu este s\u0103 transforme fiecare decizie strategic\u0103 \u00eentr-o \u00eentrebare: \u201cAvem voie?\u201d<\/a><\/li>\n<li class=\"recentcomments\"><span class=\"comment-author-link\">Nicu<\/span> la <a href=\"https:\/\/r3media.ro\/sri-in-scoli-expert-scuza-monitorizare-radicalizare\/#comment-40383\">SRI \u00een \u0219coli. Expert: SRI \u0219i \u201eb\u0103e\u021bii\u201d vor folosi aceast\u0103 scuz\u0103 c\u0103 \u201emonitorizeaz\u0103 radicalizarea\u201d ca s\u0103 vin\u0103 dup\u0103 oricine bate la ochi<\/a><\/li>\n<li class=\"recentcomments\"><span class=\"comment-author-link\">Nicu<\/span> la <a href=\"https:\/\/r3media.ro\/radu-naum-david-popovici-dialog-rus\/#comment-40382\">Ziaristul Radu Naum consider\u0103 c\u0103 dialogul amical dintre David Popovici \u0219i adversarul s\u0103u rus ar fi fost \u201eopera\u021biune ruseasc\u0103\u201d de manipulare<\/a><\/li>\n<li class=\"recentcomments\"><span class=\"comment-author-link\">E.T.<\/span> la <a href=\"https:\/\/r3media.ro\/cornel-nistorescu-ambulanta-recea-cristur-stiri-false-interzicere\/#comment-40381\">Cornel Nistorescu, despre incidentul cu ambulan\u021ba de la Recea-Cristur: Statul rom\u00e2n a\u0219teapt\u0103 s\u0103 interzic\u0103 \u0219tirile false \u0219i, pe l\u00eeng\u0103, tot ce nu convine puterii<\/a><\/li>\n<li class=\"recentcomments\"><span class=\"comment-author-link\">E.T.<\/span> la <a href=\"https:\/\/r3media.ro\/sri-in-scoli-expert-scuza-monitorizare-radicalizare\/#comment-40380\">SRI \u00een \u0219coli. Expert: SRI \u0219i \u201eb\u0103e\u021bii\u201d vor folosi aceast\u0103 scuz\u0103 c\u0103 \u201emonitorizeaz\u0103 radicalizarea\u201d ca s\u0103 vin\u0103 dup\u0103 oricine bate la ochi<\/a><\/li>\n<li class=\"recentcomments\"><span class=\"comment-author-link\">E.T.<\/span> la <a href=\"https:\/\/r3media.ro\/video-david-popovici-paris-aur\/#comment-40379\">VIDEO | David Popovici, rege pentru a treia oar\u0103 la Paris: aur \u0219i record al competi\u021biei la 100 m liber<\/a><\/li>\n<\/ul>\n<\/aside>\n<aside class=\"td_block_template_1 widget widget_search\">\n<h4 class=\"block-title\"><span>CAUT\u0102 \u0218I VEI G\u0102SI<\/span><\/h4>\n<\/aside>\n<\/div>\n<\/div>\n<\/div>\n<\/div>\n<\/div>\n<\/div>\n<\/div>\n<p><span class=\"td-page-meta\"><\/span><span class=\"td-page-meta\"><span class=\"td-page-meta\"><\/span><\/span><span class=\"td-page-meta\"><\/span><\/article>\n<\/p>\n<div class=\"td_block_wrap tdb_single_content tdi_18 td-pb-border-top td_block_template_1 td-post-content tagdiv-type\" data-td-block-uid=\"tdi_18\">\n<div class=\"tdb-block-inner td-fix-index\">\n<p><strong>Unul din profe\u021bii mici prefera\u021bi, <a href=\"https:\/\/r3media.ro\/calendarul-zilei-14-august-inainte-praznuirea-adormirii-maicii-domnului-sf-proroc-miheia\/\" target=\"_blank\" rel=\"noopener\">Miheia<\/a>, ast\u0103zi pomenit, ni-L arat\u0103 pe Dumnezeu \u00eentr-o ipostaz\u0103 deloc \u201eonorabil\u0103.\u201d V\u0103z\u00e2nd nedreptatea \u0219i idolatria alor S\u0103i, Dumnezeu, care vorbe\u0219te prin profet, zice:<\/strong><\/p>\n<p>\u201eM\u0103 voi t\u00e2ngui \u0219i voi urla, voi merge descul\u021b \u0219i gol; voi scoate urlete ca \u0219acalii \u0219i \u021bipete ca stru\u021bii, c\u0103ci rana ei este f\u0103r\u0103 de leac\u201d (Cap. 1, v. 8-9). Gol, adic\u0103 expus; descul\u021b, t\u0103indu-\u0219i t\u0103lpile \u00een pietre. Url\u00e2nd, \u021bip\u00e2nd, pentru c\u0103 \u00eendemnurile de p\u00e2n\u0103 acum au fost ignorate, cuvintele bl\u00e2nde c\u0103lcate \u00een picioare. Ce-\u021bi mai r\u0103m\u00e2ne de f\u0103cut dec\u00e2t s\u0103 latri ca un \u0219acal la lun\u0103, c\u00e2nd cel\u0103lalt face exact ce aduce pr\u0103bu\u0219irea sa?<\/p>\n<p>\u00cen fa\u021ba nenorocirii liber alese, \u00een pofida pove\u021belor, \u00eendemnelor, poruncilor, Dumnezeu nu e Zen. Nu se a\u0219eaz\u0103 filosofic \u0219i nirvanic \u00een lotus, nu face exerci\u021bii de respira\u021bie, ci manifest\u0103 durere \u0219i exasperare. E un Dumnezeu care se afl\u0103 pe culmile disper\u0103rii.<\/p>\n<p>E acela\u0219i Dumnezeu c\u0103ruia, \u00eentrupat, i se face mil\u0103 de mul\u021bimi, vindec\u00e2ndu-le, hr\u0103nindu-le concret, nu doar cu predici. Un Dumnezeu care se revolt\u0103 din cauza orbirii \u0219i neiubirii fariseilor, pentru c\u0103 se uit\u0103 la regula s\u00e2mbetei, iar nu la suferin\u021ba uman\u0103. Care se m\u00e2hne\u0219te v\u0103z\u00e2nd necredin\u021ba tuturor \u0219i reaua credin\u021b\u0103 a celor din v\u00e2rf, \u0219i care se tulbur\u0103 c\u00e2nd unul din cercul restr\u00e2ns al celor 12 apostoli \u00cel vinde.<\/p>\n<p>Este un Dumnezeu care pl\u00e2nge \u00een fa\u021ba mor\u021bii prietenului s\u0103u \u0219i \u00een fa\u021ba iminentei distrugeri a Ierusalimului. \u0218i care se m\u00e2nie pe farisei \u0219i c\u0103rturari, \u201enebuni \u0219i orbi\u201d care trag pe ceilal\u021bi dup\u0103 ei \u00een gheen\u0103.<\/p>\n<p>\u0218i de ce nu e Dumnezeu Zen? Oare de ce url\u0103, se t\u00e2nguie, de ce se \u201ecompromite\u201d golindu-se de dumnezeirea Sa? Ce \u0219tie Dumnezeu de ce poate ajunge omul \u0219i ce i se poate \u00eent\u00e2mpla de \u00ce\u0219i p\u0103r\u0103se\u0219te m\u0103re\u021bia Sa \u0219i merge descul\u021b pentru a fi crucificat?<\/p>\n<div class=\"crp_related     crp-masonry\">\n<h2>\u00ceN CONTEXT<\/h2>\n<ul>\n<li><a href=\"https:\/\/r3media.ro\/nihilism-si-teologie-intre-occident-si-rasarit\/\" class=\"crp_link post-115028\"><span class=\"crp_title\">Nihilism \u0219i teologie: \u00eentre Occident \u0219i R\u0103s\u0103rit<\/span><\/a><\/li>\n<li><a href=\"https:\/\/r3media.ro\/dati-cezarului-ce-este-al-cezarului\/\" class=\"crp_link post-116013\"><span class=\"crp_title\">Da\u021bi Cezarului ce este al Cezarului<\/span><\/a><\/li>\n<li><a href=\"https:\/\/r3media.ro\/dreptul-profan-ramas-in-pronuntare\/\" class=\"crp_link post-116403\"><span class=\"crp_title\">Dreptul profan, r\u0103mas \u00een pronun\u021bare<\/span><\/a><\/li>\n<li><a href=\"https:\/\/r3media.ro\/ce-ne-facem-cu-martorii-lui-iehova\/\" class=\"crp_link post-118858\"><span class=\"crp_title\">Ce ne facem cu Martorii lui Iehova?<\/span><\/a><\/li>\n<li><a href=\"https:\/\/r3media.ro\/calendarul-zilei-6-octombrie-petre-tutea\/\" class=\"crp_link post-2891\"><span class=\"crp_title\">Calendarul zilei 6 octombrie | Petre \u021au\u021bea, 123 de ani de la na\u0219tere. 22 de citate\u2026<\/span><\/a><\/li>\n<li><a href=\"https:\/\/r3media.ro\/tinere-hristos-este-cheia\/\" class=\"crp_link post-115629\"><span class=\"crp_title\">Tinere, Hristos este Cheia!<\/span><\/a><\/li>\n<li><a href=\"https:\/\/r3media.ro\/nimic-nu-poate-exista-fara-dumnezeu\/\" class=\"crp_link post-118850\"><span class=\"crp_title\">Nimic nu poate exista f\u0103r\u0103 Dumnezeu!<\/span><\/a><\/li>\n<li><a href=\"https:\/\/r3media.ro\/sceptici-scepticism-de-la-sfantul-toma-la-ateul-modern\/\" class=\"crp_link post-115541\"><span class=\"crp_title\">Sceptici, scepticism: de la Sf\u00e2ntul Toma la ateul modern<\/span><\/a><\/li>\n<\/ul>\n<\/div>\n<\/div>\n<\/div>\n<p>[analyse_source url=&#8221;https:\/\/r3media.ro\/dumnezeu-nu-e-zen\/&#8221;]<\/p>\n","protected":false},"excerpt":{"rendered":"<p>[analyse_image type=&#8221;featured&#8221; src=&#8221;https:\/\/r3media.ro\/wp-content\/uploads\/2026\/08\/Spas_vsederzhitel_sinay-scaled-e1786781480163.jpghttps:\/\/r3media.ro\/wp-content\/uploads\/2026\/08\/Spas_vsederzhitel_sinay-scaled-e1786781480163.jpg&#8221;] FEATUREDDumnezeu nu e Zen FEATUREDOPINII\u0218TIRI Dumnezeu nu e Zen Buturug\u0103 Anghel 14\/08\/2026 De la Necunoscut &#8211; https:\/\/icons.pstgu.ru\/icon\/2036, Domeniu public, https:\/\/commons.wikimedia.org\/w\/index.php?curid=489650 Unul din profe\u021bii mici prefera\u021bi, Miheia, ast\u0103zi pomenit, ni-L arat\u0103 pe Dumnezeu \u00eentr-o ipostaz\u0103 deloc \u201eonorabil\u0103.\u201d V\u0103z\u00e2nd nedreptatea \u0219i idolatria alor S\u0103i, Dumnezeu, care vorbe\u0219te prin profet, zice: \u201eM\u0103 voi t\u00e2ngui \u0219i [&hellip;]<\/p>\n","protected":false},"author":1,"featured_media":0,"comment_status":"open","ping_status":"","sticky":false,"template":"","format":"standard","meta":{"footnotes":""},"categories":[89],"tags":[226,93],"class_list":["post-2094743","post","type-post","status-publish","format-standard","hentry","category-romania","tag-crawlmanager","tag-r3media-ro"],"_links":{"self":[{"href":"https:\/\/analyse.optim.biz\/index.php?rest_route=\/wp\/v2\/posts\/2094743","targetHints":{"allow":["GET"]}}],"collection":[{"href":"https:\/\/analyse.optim.biz\/index.php?rest_route=\/wp\/v2\/posts"}],"about":[{"href":"https:\/\/analyse.optim.biz\/index.php?rest_route=\/wp\/v2\/types\/post"}],"author":[{"embeddable":true,"href":"https:\/\/analyse.optim.biz\/index.php?rest_route=\/wp\/v2\/users\/1"}],"replies":[{"embeddable":true,"href":"https:\/\/analyse.optim.biz\/index.php?rest_route=%2Fwp%2Fv2%2Fcomments&post=2094743"}],"version-history":[{"count":0,"href":"https:\/\/analyse.optim.biz\/index.php?rest_route=\/wp\/v2\/posts\/2094743\/revisions"}],"wp:attachment":[{"href":"https:\/\/analyse.optim.biz\/index.php?rest_route=%2Fwp%2Fv2%2Fmedia&parent=2094743"}],"wp:term":[{"taxonomy":"category","embeddable":true,"href":"https:\/\/analyse.optim.biz\/index.php?rest_route=%2Fwp%2Fv2%2Fcategories&post=2094743"},{"taxonomy":"post_tag","embeddable":true,"href":"https:\/\/analyse.optim.biz\/index.php?rest_route=%2Fwp%2Fv2%2Ftags&post=2094743"}],"curies":[{"name":"wp","href":"https:\/\/api.w.org\/{rel}","templated":true}]}}