{"id":2094741,"date":"2026-08-14T20:00:03","date_gmt":"2026-08-14T17:00:03","guid":{"rendered":"https:\/\/analyse.optim.biz\/?p=2094741"},"modified":"2026-08-14T20:00:03","modified_gmt":"2026-08-14T17:00:03","slug":"calendarul-zilei-15-august-adormirea-maicii-domnului-sf-maria-mare-ziua-marinei-romane","status":"publish","type":"post","link":"https:\/\/analyse.optim.biz\/?p=2094741","title":{"rendered":"Calendarul zilei 15 august: Adormirea Maicii Domnului (Sf. Maria Mare) \/ Ziua Marinei Rom\u00e2ne"},"content":{"rendered":"<p>[analyse_image type=&#8221;featured&#8221; src=&#8221;https:\/\/r3media.ro\/wp-content\/uploads\/2021\/08\/adormirea-maicii-domnului-traditii-si-obiceiuri-de-sfanta-maria-mare.jpghttps:\/\/r3media.ro\/wp-content\/uploads\/2021\/08\/adormirea-maicii-domnului-traditii-si-obiceiuri-de-sfanta-maria-mare.jpg&#8221;]<\/p>\n<article id=\"template-id-109\" class=\"post-109 tdb_templates type-tdb_templates status-publish post\">\n<div id=\"tdi_2\" class=\"tdc-zone\">\n<div class=\"tdc_zone tdi_3  wpb_row td-pb-row\">\n<div id=\"tdi_4\" class=\"tdc-row\">\n<div class=\"vc_row tdi_5  wpb_row td-pb-row\">\n<div class=\"vc_column tdi_7  wpb_column vc_column_container tdc-column td-pb-span8\">\n<div class=\"wpb_wrapper\">\n<div class=\"td_block_wrap tdb_breadcrumbs tdi_8 td-pb-border-top td_block_template_1 tdb-breadcrumbs \" data-td-block-uid=\"tdi_8\">\n<div class=\"tdb-block-inner td-fix-index\"><span><a title=\"Vede\u021bi toate articolele \u00een PRIM PLAN\" class=\"tdb-entry-crumb\" href=\"https:\/\/r3media.ro\/category\/stiri-prim-plan\/\">PRIM PLAN<\/a><\/span><span class=\"tdb-bred-no-url-last\">Calendarul zilei 15 august: Adormirea Maicii Domnului (Sf. Maria Mare) \/ Ziua&#8230;<\/span><\/div>\n<\/div>\n<div class=\"td_block_wrap tdb_single_categories tdi_9 td-pb-border-top td_block_template_1 \" data-td-block-uid=\"tdi_9\">\n<div class=\"tdb-category td-fix-index\"><a class=\"tdb-entry-category\" href=\"https:\/\/r3media.ro\/category\/stiri-prim-plan\/\">PRIM PLAN<\/a><a class=\"tdb-entry-category\" href=\"https:\/\/r3media.ro\/category\/stiri\/\">\u0218TIRI<\/a><\/div>\n<\/div>\n<div class=\"td_block_wrap tdb_title tdi_10 tdb-single-title td-pb-border-top td_block_template_1\" data-td-block-uid=\"tdi_10\">\n<div class=\"tdb-block-inner td-fix-index\">\n<h1 class=\"tdb-title-text\">Calendarul zilei 15 august: Adormirea Maicii Domnului (Sf. Maria Mare) \/ Ziua Marinei Rom\u00e2ne<\/h1>\n<\/div>\n<\/div>\n<div class=\"vc_row_inner tdi_12  vc_row vc_inner wpb_row td-pb-row\">\n<div class=\"vc_column_inner tdi_14  wpb_column vc_column_container tdc-inner-column td-pb-span12\">\n<div class=\"vc_column-inner\">\n<div class=\"wpb_wrapper\">\n<div class=\"td_block_wrap tdb_single_author tdi_15 td-pb-border-top td_block_template_1 tdb-post-meta\" data-td-block-uid=\"tdi_15\">\n<div class=\"tdb-block-inner td-fix-index\">\n<div class=\"tdb-author-name-wrap\"><a class=\"tdb-author-name\" href=\"https:\/\/r3media.ro\/author\/redactia\/\">Redac\u021bia<\/a><\/div>\n<\/div>\n<\/div>\n<div class=\"td_block_wrap tdb_single_date tdi_16 td-pb-border-top td_block_template_1 tdb-post-meta\" data-td-block-uid=\"tdi_16\">\n<div class=\"tdb-block-inner td-fix-index\"><time class=\"entry-date updated td-module-date\" datetime=\"2026-08-14T23:00:03+03:00\">14\/08\/2026<\/time><\/div>\n<\/div>\n<\/div>\n<\/div>\n<\/div>\n<\/div>\n<div class=\"td_block_wrap tdb_single_content tdi_18 td-pb-border-top td_block_template_1 td-post-content tagdiv-type\" data-td-block-uid=\"tdi_18\">\n<div class=\"tdb-block-inner td-fix-index\">\n<p><strong>Pe 15 august, cre\u0219tinii ortodoc\u0219i s\u0103rb\u0103toresc Adormirea Maicii Domnului sau Sf. Maria Mare, a\u0219a cum mai este cunoscut\u0103 \u00een popor.<\/strong><\/p>\n<p>Aceast\u0103 s\u0103rb\u0103toare comemoreaz\u0103 adormirea \u0219i prosl\u0103virea prin ridicarea cu trupul la cer a Maicii M\u00e2ntuitorului. S\u0103rb\u0103toarea m\u0103rturise\u0219te c\u0103 Maica Domnului \u201ea fost luat\u0103\u201d de Dumnezeu \u00een \u00eemp\u0103r\u0103\u021bia cereasc\u0103 a lui Hristos, \u00een deplin\u0103tatea vie\u021bii ei suflete\u0219ti \u0219i trupe\u0219ti.<\/p>\n<p>\u00cen conformitate cu Sf\u00e2nta Tradi\u021bie, Maica Domnului a murit ca orice fiin\u021b\u0103 omeneasc\u0103, \u201eadormind\u201d, a\u0219a cum indic\u0103 \u0219i numele s\u0103rb\u0103torii. Ea a murit a\u0219a cum mor to\u021bi oamenii, nu \u00een mod \u201evoluntar\u201d ca Fiul ei, ci prin necesitatea naturii ei umane muritoare care este indisolubil legat\u0103 de stric\u0103ciunea acestei lumi.<\/p>\n<p>Apostolii au fost adu\u0219i \u00een mod miraculos la acest eveniment \u0219i au fost cu to\u021bii prezen\u021bi, cu excep\u021bia Sf\u00e2ntului Apostol Toma, atunci c\u00e2nd Maica Domnului a trecut din aceast\u0103 via\u021b\u0103. Apoi, ea a fost \u00eenmorm\u00e2ntat\u0103. Apostolul Toma a ajuns c\u00e2teva zile mai t\u00e2rziu; dorind s\u0103 o vad\u0103 \u00eenc\u0103 o dat\u0103, i-a convins pe ceilal\u021bi s\u0103 deschid\u0103 morm\u00e2ntul Maicii Domnului. Atunci Apostolii au descoperit c\u0103 trupul Ei nu mai era \u00een morm\u00e2nt. Acest moment este pentru noi p\u00e2rga (primul rod) al \u00eenvierii de ob\u0219te a credincio\u0219ilor, care va avea loc dup\u0103 a doua venire a lui Hristos.<\/p>\n<p>Praznicul poart\u0103 numele de Adormirea Maicii Domnului, pomenind trecerea ei din aceast\u0103 via\u021b\u0103, cuv\u00e2ntul \u201eAdormire\u201d traduc\u00e2nd grecescul Koimisis, care \u00eenseamn\u0103 adormirea \u00eentru moarte (de aici vine \u0219i cuv\u00e2ntul cimitir). Biserica Romano-Catolic\u0103 prefer\u0103 s\u0103 numeasc\u0103 acest eveniment ridicare la cer (lat. assumptio, literal \u201eprimire\u201d [\u00een cer]) \u00eentruc\u00e2t, \u021bin\u00e2nd seama de dispari\u021bia trupului Maicii Domnului din morm\u00e2nt, consider\u0103 c\u0103 Ea a fost \u00een\u0103l\u021bat\u0103 cu trupul la Cer.<\/p>\n<p>La fel ca \u0219i \u00een cazul Na\u0219terii Sfintei Fecioare, sau \u00een cazul Intr\u0103rii \u00een Biseric\u0103, nici pentru Adormirea Maicii Domnului nu exist\u0103 referin\u021be istorice sau biblice pentru aceast\u0103 s\u0103rb\u0103toare. Biserica Ortodox\u0103 propov\u0103duie\u0219te c\u0103 Maica Domnului este f\u0103r\u0103 de p\u0103cat, dar \u0219i c\u0103 Fecioara Maria a avut nevoie cu adev\u0103rat s\u0103 fie m\u00e2ntuit\u0103 de Hristos \u2013 m\u00e2ntuit\u0103 de \u00eencerc\u0103ri, suferin\u021be \u0219i moarte din lumea aceasta. Ea a murit cu adev\u0103rat \u0219i apoi a fost luat\u0103 la Cer de Fiul ei, ca Maic\u0103 a Vie\u021bii, \u0219i ia deja parte la via\u021ba f\u0103r\u0103 de sf\u00e2r\u0219it din \u00cemp\u0103r\u0103\u021bia Cerurilor. Aceast\u0103 via\u021b\u0103 \u00een rai este preg\u0103tit\u0103 \u0219i promis\u0103 tuturor celor care \u201eascult\u0103 Cuv\u00e2ntul lui Dumnezeu \u0219i \u00eel p\u0103streaz\u0103\u201d (Luca 11,27-28).<\/p>\n<p>Praznicul Adormirii Maicii Domnului este unul din cele mai \u00eendr\u0103gite s\u0103rb\u0103tori pentru credincio\u0219ii ortodoc\u0219i rom\u00e2ni, mai ales datorit\u0103 evlaviei deosebite a rom\u00e2nilor fa\u021b\u0103 de N\u0103sc\u0103toarea de Dumnezeu. Un foarte mare num\u0103r de biserici \u0219i de m\u0103n\u0103stiri poart\u0103 acest hram. \u00cen multe locuri, cu aceast\u0103 ocazie se organizeaz\u0103 pelerinaje la m\u0103n\u0103stirile care \u00ee\u0219i s\u0103rb\u0103toresc astfel ocrotitoarea. Sate \u0219i comunit\u0103\u021bi \u00eentregi vin \u00eempreun\u0103 \u00een aceste pelerinaje.<\/p>\n<p>Credincio\u0219ii vin \u00eenc\u0103 din preziua Praznicului, \u00een 14 septembrie \u0219i particip\u0103 la slujbe, care \u00een multe locuri au un fast deosebit. Astfel, slujba Vecerniei se prelunge\u0219te cu o Priveghere care \u00een unele locuri dureaz\u0103 p\u00e2n\u0103 foarte t\u00e2rziu \u00een noapte sau chiar toat\u0103 noaptea.<\/p>\n<p>La slujba de \u00eenaintepr\u0103znuire se mai c\u00e2nt\u0103 \u00een multe biserici \u0219i m\u0103n\u0103stiri din Rom\u00e2nia \u0219i Prohodul Maicii Domnului, o c\u00e2ntare special alc\u0103tuit\u0103 pentru noaptea dinaintea praznicului, construit\u0103 dup\u0103 modelul Prohodului Domnului \u0219i pus\u0103 pe linia melodic\u0103 a celor trei st\u0103ri ale acestuia.<\/p>\n<p>\u00cen pauzele dintre slujbe, credincio\u0219ii c\u00e2nt\u0103, \u00een unele locuri, \u0219i alte c\u00e2nt\u0103ri (extra-liturgice) \u00eenchinate Maicii Domnului, numite \u00een Ardeal pricesne, care exprim\u0103 grija N\u0103sc\u0103toarei de Dumnezeu pentru oameni, precum \u0219i afec\u021biunea profund\u0103 a credincio\u0219ilor fa\u021b\u0103 de Cea pe care o numesc M\u0103icu\u021ba Domnului. Unele dintre acestea sunt de o surprinz\u0103toare familiaritate: \u201eAm venit, M\u0103icu\u021b\u0103, s\u0103 ne mai vedem \/ \u0219i s\u0103-\u021bi spunem dorul pe care-l avem\u2026\u201d<\/p>\n<p>Poate cel mai cunoscut pelerinaj de Adormirea Maicii Domnului este, \u00een Rom\u00e2nia, cel de la M\u0103n\u0103stirea Nicula, p\u0103str\u0103toarea unei cunoscute Icoane f\u0103c\u0103toare de minuni a Maicii Domnului. Aici credincio\u0219ii se adun\u0103 cu sutele de mii. Foarte mul\u021bi, \u00een semn de evlavie fa\u021b\u0103 de Maica Domnului, al c\u0103rei ajutor \u00eel cer \u0219i \u00eel primesc, fac, la vremea praznicului, \u00eenconjurul bisericii (o dat\u0103 sau de trei ori) \u00een genunchi, a\u0219tept\u00e2nd apoi cu r\u0103bdare ore \u0219i chiar zile la r\u00e2nd pentru a ajunge s\u0103 se \u00eenchine Icoanei Maicii Domnului.<\/p>\n<p>\u00cen afara slujbelor, \u00een ziua praznicului se organizeaz\u0103 \u00een multe locuri, pe l\u00e2ng\u0103 m\u0103n\u0103stiri sau \u0219i \u00een ora\u0219e, t\u00e2rguri \u0219i serb\u0103ri populare.<\/p>\n<p>Tot \u00een aceast\u0103 zi este pr\u0103znuit\u0103 \u0219i Ziua Marinei Rom\u00e2ne. \u00cenceput\u0103 \u00een 1902, Ziua Marinei este serbat\u0103 de ziua Maicii Domnului, considerat\u0103 protectoarea marinarilor din \u00eentreaga lume.<\/p>\n<p>Tradi\u0163ia s\u0103rb\u0103toririi Marinei Rom\u00e2ne la 15 august a fost reluat\u0103 dup\u0103 1990. Ziua Marinei Rom\u00e2ne a fost instituit\u0103 prin Legea nr. 382 din 28 septembrie 2004 \u015fi \u00een anul 2009 aceast\u0103 zi a fost declarat\u0103 s\u0103rb\u0103toare na\u0163ional\u0103.<\/p>\n<div class=\"crp_related     crp-masonry\">\n<h2>\u00ceN CONTEXT<\/h2>\n<ul>\n<li><a href=\"https:\/\/r3media.ro\/8-septembrie-nasterea-maicii-domnului-sau-sfanta-maria-mica\/\" class=\"crp_link post-803\"><span class=\"crp_title\">Calendarul zilei 8 septembrie: Na\u0219terea Maicii Domnului sau Sf\u00e2nta Maria Mic\u0103<\/span><\/a><\/li>\n<li><a href=\"https:\/\/r3media.ro\/calendarul-zilei-25-septembrie-nasterea-mariei-tanase-probabil-cea-mai-mare-voce-a-muzicii-romanesti\/\" class=\"crp_link post-54931\"><span class=\"crp_title\">Calendarul zilei 25 septembrie: 112 ani de la na\u0219terea Mariei T\u0103nase, probabil cea mai mare\u2026<\/span><\/a><\/li>\n<li><a href=\"https:\/\/r3media.ro\/calendarul-zilei-25-martie-buna-vestire-si-ziua-politiei-romane\/\" class=\"crp_link post-16813\"><span class=\"crp_title\">Calendarul zilei 25 martie: Buna Vestire \u0219i Ziua Poli\u021biei Rom\u00e2ne<\/span><\/a><\/li>\n<li><a href=\"https:\/\/r3media.ro\/10-mai-ziua-independentei-romaniei-ziua-aromanilor-ziua-regalitatii\/\" class=\"crp_link post-20081\"><span class=\"crp_title\">Calendarul zilei: 10 mai, Ziua Independen\u021bei Romaniei, Ziua Rom\u00e2nilor din Balcani sau Ziua\u2026<\/span><\/a><\/li>\n<li><a href=\"https:\/\/r3media.ro\/calendarul-zilei-7-ianuarie-sfantul-ioan-botezatorul-craciunul-pe-calendarul-vechi\/\" class=\"crp_link post-10400\"><span class=\"crp_title\">Calendarul zilei 7 ianuarie: Sf\u00e2ntul Ioan Botez\u0103torul. Cr\u0103ciunul pe calendarul vechi<\/span><\/a><\/li>\n<li><a href=\"https:\/\/r3media.ro\/18-iulie-moartea-reginei-maria\/\" class=\"crp_link post-4882\"><span class=\"crp_title\">Calendarul zilei 18 iulie: 88 de ani de la moartea Reginei Maria, singura femeie onorat\u0103 pe\u2026<\/span><\/a><\/li>\n<li><a href=\"https:\/\/r3media.ro\/calendarul-zilei-14-noiembrie-lasatul-secului-pentru-postul-nasterii-domnului-bartolomeu-anania-explica-de-ce-postim-inainte-de-craciun\/\" class=\"crp_link post-6264\"><span class=\"crp_title\">Calendarul zilei 14 noiembrie: L\u0103satul secului pentru Postul Na\u0219terii Domnului. Bartolomeu\u2026<\/span><\/a><\/li>\n<li><a href=\"https:\/\/r3media.ro\/22-iulie-sfanta-mironosita-si-intocmai-cu-apostolii-maria-magdalena-si-sfantul-preot-marturisitor-ilie-lacatusu\/\" class=\"crp_link post-111886\"><span class=\"crp_title\">Calendarul zilei 22 iulie: Sf\u00e2nta Mironosi\u021b\u0103 \u0219i \u00centocmai cu Apostolii Maria Magdalena \u0219i\u2026<\/span><\/a><\/li>\n<\/ul>\n<\/div>\n<\/div>\n<\/div>\n<div class=\"td_block_wrap tdb_single_tags tdi_19 td-pb-border-top td_block_template_1\" data-td-block-uid=\"tdi_19\">\n<div class=\"tdb-block-inner td-fix-index\">\n<ul class=\"tdb-tags\">\n<li><span>SUBIECTE FIERBIN\u021aI<\/span><\/li>\n<li><a href=\"https:\/\/r3media.ro\/tag\/adormirea-maicii-domnului\/\">adormirea maicii domnului<\/a><\/li>\n<li><a href=\"https:\/\/r3media.ro\/tag\/calendar-ortodox\/\">calendar ortodox<\/a><\/li>\n<li><a href=\"https:\/\/r3media.ro\/tag\/calendarul-zilei\/\">calendarul zilei<\/a><\/li>\n<li><a href=\"https:\/\/r3media.ro\/tag\/calendarul-zilei-15-august\/\">calendarul zilei 15 august<\/a><\/li>\n<li><a href=\"https:\/\/r3media.ro\/tag\/ziua-marinei-romane\/\">ziua marinei romane<\/a><\/li>\n<\/ul>\n<\/div>\n<\/div>\n<div class=\"td_block_wrap td_block_9 tdi_20 td_with_ajax_pagination td-pb-border-top td_block_template_1 td-column-2 td_block_padding td_block_bot_line\" data-td-block-uid=\"tdi_20\">\n<div class=\"td-block-title-wrap\">\n<h4 class=\"block-title td-block-title\"><span class=\"td-pulldown-size\">CITE\u0218TE MAI MULT<\/span><\/h4>\n<\/div>\n<div id=\"tdi_20\" class=\"td_block_inner\">\n<div class=\"td-block-row\">\n<div class=\"td-block-span6\">\n<div class=\"td_module_8 td_module_wrap\">\n<div class=\"item-details\">\n<h3 class=\"entry-title td-module-title\"><a href=\"https:\/\/r3media.ro\/presedintele-serbiei-razboiul-din-ucraina\/\" rel=\"bookmark\" title=\"Pre\u0219edintele Serbiei nu crede c\u0103 r\u0103zboiul din Ucraina se termin\u0103 cur\u00e2nd: Cred c\u0103 ne afl\u0103m la \u00eenceputul unui r\u0103zboi mult, mult mai mare\">Pre\u0219edintele Serbiei nu crede c\u0103 r\u0103zboiul din Ucraina se termin\u0103 cur\u00e2nd: Cred c\u0103 ne&#8230;<\/a><\/h3>\n<div class=\"td-module-meta-info\"><a href=\"https:\/\/r3media.ro\/category\/actualitate\/\" class=\"td-post-category\">ACTUALITATE<\/a><span class=\"td-post-author-name\"><a href=\"https:\/\/r3media.ro\/author\/teodor_stan\/\">Teodor Stan<\/a><span>&#8211;<\/span><\/span><span class=\"td-post-date\"><time class=\"entry-date updated td-module-date\" datetime=\"2026-08-10T12:22:44+03:00\">10\/08\/2026<\/time><\/span><\/div>\n<\/div>\n<\/div>\n<\/div>\n<div class=\"td-block-span6\">\n<div class=\"td_module_8 td_module_wrap\">\n<div class=\"item-details\">\n<h3 class=\"entry-title td-module-title\"><a href=\"https:\/\/r3media.ro\/fara-apa-fara-curent-fara-viitor-cum-au-sacrificat-pro-europenii-romania-pe-altarul-ecologiei-ieftine\/\" rel=\"bookmark\" title=\"F\u0103r\u0103 ap\u0103, f\u0103r\u0103 curent, f\u0103r\u0103 viitor: cum au sacrificat pro-europenii Rom\u00e2nia pe altarul ecologiei ieftine\">F\u0103r\u0103 ap\u0103, f\u0103r\u0103 curent, f\u0103r\u0103 viitor: cum au sacrificat pro-europenii Rom\u00e2nia pe altarul ecologiei&#8230;<\/a><\/h3>\n<div class=\"td-module-meta-info\"><a href=\"https:\/\/r3media.ro\/category\/actualitate\/\" class=\"td-post-category\">ACTUALITATE<\/a><span class=\"td-post-author-name\"><a href=\"https:\/\/r3media.ro\/author\/paul_lazar\/\">Paul-Daniel Laz\u0103r<\/a><span>&#8211;<\/span><\/span><span class=\"td-post-date\"><time class=\"entry-date updated td-module-date\" datetime=\"2026-08-08T22:30:54+03:00\">08\/08\/2026<\/time><\/span><\/div>\n<\/div>\n<\/div>\n<\/div>\n<\/div>\n<div class=\"td-block-row\">\n<div class=\"td-block-span6\">\n<div class=\"td_module_8 td_module_wrap\">\n<div class=\"item-details\">\n<h3 class=\"entry-title td-module-title\"><a href=\"https:\/\/r3media.ro\/show-iluzie-si-realitate-de-la-the-truman-show-la-son-of-a-rich\/\" rel=\"bookmark\" title=\"Show, iluzie \u0219i realitate: de la The Truman Show la Son of a Rich\">Show, iluzie \u0219i realitate: de la The Truman Show la Son of a Rich<\/a><\/h3>\n<div class=\"td-module-meta-info\"><a href=\"https:\/\/r3media.ro\/category\/actualitate\/\" class=\"td-post-category\">ACTUALITATE<\/a><span class=\"td-post-author-name\"><a href=\"https:\/\/r3media.ro\/author\/costi_balasoiu\/\">Constantin B\u0103l\u0103\u0219oiu<\/a><span>&#8211;<\/span><\/span><span class=\"td-post-date\"><time class=\"entry-date updated td-module-date\" datetime=\"2026-08-08T15:30:25+03:00\">08\/08\/2026<\/time><\/span><\/div>\n<\/div>\n<\/div>\n<\/div>\n<div class=\"td-block-span6\">\n<div class=\"td_module_8 td_module_wrap\">\n<div class=\"item-details\">\n<h3 class=\"entry-title td-module-title\"><a href=\"https:\/\/r3media.ro\/fani-stapanul-inelelor-surpriza-sezonul-3-sauron\/\" rel=\"bookmark\" title=\"Fanii \u201eSt\u0103p\u00e2nul Inelelor\u201c ar putea avea o surpriz\u0103 \u00een sezonul 3 din serialul \u201eInelele Puterii\u201c. Sauron se va confrunta cu o creatur\u0103 de temut\">Fanii \u201eSt\u0103p\u00e2nul Inelelor\u201c ar putea avea o surpriz\u0103 \u00een sezonul 3 din serialul \u201eInelele&#8230;<\/a><\/h3>\n<div class=\"td-module-meta-info\"><a href=\"https:\/\/r3media.ro\/category\/actualitate\/\" class=\"td-post-category\">ACTUALITATE<\/a><span class=\"td-post-author-name\"><a href=\"https:\/\/r3media.ro\/author\/oana\/\">Oana Ivan<\/a><span>&#8211;<\/span><\/span><span class=\"td-post-date\"><time class=\"entry-date updated td-module-date\" datetime=\"2026-08-08T00:19:31+03:00\">08\/08\/2026<\/time><\/span><\/div>\n<\/div>\n<\/div>\n<\/div>\n<\/div>\n<div class=\"td-block-row\">\n<div class=\"td-block-span6\">\n<div class=\"td_module_8 td_module_wrap\">\n<div class=\"item-details\">\n<h3 class=\"entry-title td-module-title\"><a href=\"https:\/\/r3media.ro\/david-popovici-fair-play-sportivi-rusi-competitii\/\" rel=\"bookmark\" title=\"David Popovici, fair-play la revenirea sportivilor ru\u0219i \u00een competi\u021bii: Le urez succes, sper s\u0103 fiu mai bun dec\u00e2t ei\">David Popovici, fair-play la revenirea sportivilor ru\u0219i \u00een competi\u021bii: Le urez succes, sper s\u0103&#8230;<\/a><\/h3>\n<div class=\"td-module-meta-info\"><a href=\"https:\/\/r3media.ro\/category\/actualitate\/\" class=\"td-post-category\">ACTUALITATE<\/a><span class=\"td-post-author-name\"><a href=\"https:\/\/r3media.ro\/author\/redactia\/\">Redac\u021bia<\/a><span>&#8211;<\/span><\/span><span class=\"td-post-date\"><time class=\"entry-date updated td-module-date\" datetime=\"2026-08-07T15:07:51+03:00\">07\/08\/2026<\/time><\/span><\/div>\n<\/div>\n<\/div>\n<\/div>\n<div class=\"td-block-span6\">\n<div class=\"td_module_8 td_module_wrap\">\n<div class=\"item-details\">\n<h3 class=\"entry-title td-module-title\"><a href=\"https:\/\/r3media.ro\/kia-recheama-service-prima-generatie-masini-electrice-e-niro-risc-incendiu\/\" rel=\"bookmark\" title=\"Kia recheam\u0103 \u00een service prima genera\u021bie de ma\u0219ini electrice e-Niro din cauza riscului de incendiu\">Kia recheam\u0103 \u00een service prima genera\u021bie de ma\u0219ini electrice e-Niro din cauza riscului de&#8230;<\/a><\/h3>\n<div class=\"td-module-meta-info\"><a href=\"https:\/\/r3media.ro\/category\/actualitate\/\" class=\"td-post-category\">ACTUALITATE<\/a><span class=\"td-post-author-name\"><a href=\"https:\/\/r3media.ro\/author\/oana\/\">Oana Ivan<\/a><span>&#8211;<\/span><\/span><span class=\"td-post-date\"><time class=\"entry-date updated td-module-date\" datetime=\"2026-08-06T17:07:42+03:00\">06\/08\/2026<\/time><\/span><\/div>\n<\/div>\n<\/div>\n<\/div>\n<\/div>\n<div class=\"td-block-row\">\n<div class=\"td-block-span6\">\n<div class=\"td_module_8 td_module_wrap\">\n<div class=\"item-details\">\n<h3 class=\"entry-title td-module-title\"><a href=\"https:\/\/r3media.ro\/drona-gasita-mare-mamaia-zona-loft-video\/\" rel=\"bookmark\" title=\"VIDEO | O dron\u0103 a fost g\u0103sit\u0103 \u00een mare, \u00een Mamaia, \u00een zona Loft\">VIDEO | O dron\u0103 a fost g\u0103sit\u0103 \u00een mare, \u00een Mamaia, \u00een zona Loft<\/a><\/h3>\n<div class=\"td-module-meta-info\"><a href=\"https:\/\/r3media.ro\/category\/actualitate\/\" class=\"td-post-category\">ACTUALITATE<\/a><span class=\"td-post-author-name\"><a href=\"https:\/\/r3media.ro\/author\/oana\/\">Oana Ivan<\/a><span>&#8211;<\/span><\/span><span class=\"td-post-date\"><time class=\"entry-date updated td-module-date\" datetime=\"2026-08-05T21:48:11+03:00\">05\/08\/2026<\/time><\/span><\/div>\n<\/div>\n<\/div>\n<\/div>\n<div class=\"td-block-span6\">\n<div class=\"td_module_8 td_module_wrap\">\n<div class=\"item-details\">\n<h3 class=\"entry-title td-module-title\"><a href=\"https:\/\/r3media.ro\/cand-incepe-scoala-in-2026-structura-an-nou-scolar\/\" rel=\"bookmark\" title=\"C\u00e2nd \u00eencepe \u0219coala \u00een 2026: Structura noului an \u0219colar, vacan\u021bele \u0219i zilele libere\">C\u00e2nd \u00eencepe \u0219coala \u00een 2026: Structura noului an \u0219colar, vacan\u021bele \u0219i zilele libere<\/a><\/h3>\n<div class=\"td-module-meta-info\"><a href=\"https:\/\/r3media.ro\/category\/actualitate\/\" class=\"td-post-category\">ACTUALITATE<\/a><span class=\"td-post-author-name\"><a href=\"https:\/\/r3media.ro\/author\/oana\/\">Oana Ivan<\/a><span>&#8211;<\/span><\/span><span class=\"td-post-date\"><time class=\"entry-date updated td-module-date\" datetime=\"2026-08-03T22:23:20+03:00\">03\/08\/2026<\/time><\/span><\/div>\n<\/div>\n<\/div>\n<\/div>\n<\/div>\n<div class=\"td-block-row\">\n<div class=\"td-block-span6\">\n<div class=\"td_module_8 td_module_wrap\">\n<div class=\"item-details\">\n<h3 class=\"entry-title td-module-title\"><a href=\"https:\/\/r3media.ro\/tara-europa-norvegia-masini-electrice-inmatriculate-cota-ridicata\/\" rel=\"bookmark\" title=\"\u021aara din Europa unde aproape toate ma\u0219inile \u00eenmatriculate sune electrice. Cota a ajuns la 97,6% \u00een iulie\">\u021aara din Europa unde aproape toate ma\u0219inile \u00eenmatriculate sune electrice. Cota a ajuns la&#8230;<\/a><\/h3>\n<div class=\"td-module-meta-info\"><a href=\"https:\/\/r3media.ro\/category\/actualitate\/\" class=\"td-post-category\">ACTUALITATE<\/a><span class=\"td-post-author-name\"><a href=\"https:\/\/r3media.ro\/author\/oana\/\">Oana Ivan<\/a><span>&#8211;<\/span><\/span><span class=\"td-post-date\"><time class=\"entry-date updated td-module-date\" datetime=\"2026-08-03T17:01:21+03:00\">03\/08\/2026<\/time><\/span><\/div>\n<\/div>\n<\/div>\n<\/div>\n<div class=\"td-block-span6\">\n<div class=\"td_module_8 td_module_wrap\">\n<div class=\"item-details\">\n<h3 class=\"entry-title td-module-title\"><a href=\"https:\/\/r3media.ro\/puterea-mitologica-instalata-a-romaniei\/\" rel=\"bookmark\" title=\"Puterea mitologic\u0103 instalat\u0103 a Rom\u00e2niei\">Puterea mitologic\u0103 instalat\u0103 a Rom\u00e2niei<\/a><\/h3>\n<div class=\"td-module-meta-info\"><a href=\"https:\/\/r3media.ro\/category\/opinii\/\" class=\"td-post-category\">OPINII<\/a><span class=\"td-post-author-name\"><a href=\"https:\/\/r3media.ro\/author\/tru\/\">TRU (Traian Ungureanu)<\/a><span>&#8211;<\/span><\/span><span class=\"td-post-date\"><time class=\"entry-date updated td-module-date\" datetime=\"2026-08-02T22:08:04+03:00\">02\/08\/2026<\/time><\/span><\/div>\n<\/div>\n<\/div>\n<\/div>\n<\/div>\n<div class=\"td-block-row\">\n<div class=\"td-block-span6\">\n<div class=\"td_module_8 td_module_wrap\">\n<div class=\"item-details\">\n<h3 class=\"entry-title td-module-title\"><a href=\"https:\/\/r3media.ro\/hyundai-recheama-service-masini-electrice-inster-risc-incendiu\/\" rel=\"bookmark\" title=\"Hyundai recheam\u0103 \u00een service zeci de mii de ma\u0219ini electrice din cauza riscului de incendiu\">Hyundai recheam\u0103 \u00een service zeci de mii de ma\u0219ini electrice din cauza riscului de&#8230;<\/a><\/h3>\n<div class=\"td-module-meta-info\"><a href=\"https:\/\/r3media.ro\/category\/actualitate\/\" class=\"td-post-category\">ACTUALITATE<\/a><span class=\"td-post-author-name\"><a href=\"https:\/\/r3media.ro\/author\/oana\/\">Oana Ivan<\/a><span>&#8211;<\/span><\/span><span class=\"td-post-date\"><time class=\"entry-date updated td-module-date\" datetime=\"2026-08-02T08:34:05+03:00\">02\/08\/2026<\/time><\/span><\/div>\n<\/div>\n<\/div>\n<\/div>\n<div class=\"td-block-span6\">\n<div class=\"td_module_8 td_module_wrap\">\n<div class=\"item-details\">\n<h3 class=\"entry-title td-module-title\"><a href=\"https:\/\/r3media.ro\/dragostea-care-transcende-epoci-descult-in-parc-1967\/\" rel=\"bookmark\" title=\"Dragostea care transcende epoci \u2014 Descul\u021b \u00een parc (1967)\">Dragostea care transcende epoci \u2014 Descul\u021b \u00een parc (1967)<\/a><\/h3>\n<div class=\"td-module-meta-info\"><a href=\"https:\/\/r3media.ro\/category\/opinii\/\" class=\"td-post-category\">OPINII<\/a><span class=\"td-post-author-name\"><a href=\"https:\/\/r3media.ro\/author\/costi_balasoiu\/\">Constantin B\u0103l\u0103\u0219oiu<\/a><span>&#8211;<\/span><\/span><span class=\"td-post-date\"><time class=\"entry-date updated td-module-date\" datetime=\"2026-08-01T13:45:14+03:00\">01\/08\/2026<\/time><\/span><\/div>\n<\/div>\n<\/div>\n<\/div>\n<\/div>\n<\/div>\n<div class=\"td-load-more-wrap td-load-more-infinite-wrap\" id=\"infinite-lm-tdi_20\"><a href=\"https:\/\/r3media.ro\/15-august-adormirea-maicii-domnului-sf-maria-mare-ziua-marinei-romane\/\" class=\"td_ajax_load_more td_ajax_load_more_js\" aria-label=\"\u00cenc\u0103rca\u021bi mai multe\" id=\"next-page-tdi_20\" data-td_block_id=\"tdi_20\">\u00cenc\u0103rca\u021bi mai multe<\/a><\/div>\n<\/div>\n<div class=\"td_block_wrap tdb_single_comments tdi_21 tdb-comm-layout2 td-pb-border-top td_block_template_1\" data-td-block-uid=\"tdi_21\">\n<div class=\"tdb-block-inner td-fix-index\">\n<div class=\"comments\" id=\"comments\">\n<div id=\"respond\" class=\"comment-respond\">\n<h3 id=\"reply-title\" class=\"comment-reply-title\">AI CEVA DE SPUS? <small><a rel=\"nofollow\" id=\"cancel-comment-reply-link\" href=\"https:\/\/r3media.ro\/15-august-adormirea-maicii-domnului-sf-maria-mare-ziua-marinei-romane\/#respond\">Renun\u021ba\u021bi la r\u0103spuns<\/a><\/small><\/h3>\n<div class=\"comment-form-input-wrap td-form-comment\">\n<div class=\"td-warning-comment\">V\u0103 rug\u0103m s\u0103 introduce\u021bi comentariul dvs.!<\/div>\n<\/div>\n<div class=\"comment-form-input-wrap td-form-author\">\n<div class=\"td-warning-author\">Introduce\u021bi aici numele dvs.<\/div>\n<\/div>\n<div class=\"comment-form-input-wrap td-form-email\">\n<div class=\"td-warning-email-error\">A\u021bi introdus o adres\u0103 de e-mail incorect\u0103!<\/div>\n<div class=\"td-warning-email\">V\u0103 rug\u0103m s\u0103 introduce\u021bi adresa dvs. de e-mail aici<\/div>\n<\/div>\n<\/div>\n<\/div>\n<\/div>\n<\/div>\n<\/div>\n<\/div>\n<div class=\"vc_column tdi_23  wpb_column vc_column_container tdc-column td-pb-span4 td-is-sticky\">\n<div class=\"wpb_wrapper\" data-sticky-enabled-on=\"W3RydWUsdHJ1ZSx0cnVlLHRydWVd\" data-sticky-offset=\"20\" data-sticky-is-width-auto=\"W2ZhbHNlLGZhbHNlLGZhbHNlLGZhbHNlXQ==\">\n<div class=\"wpb_wrapper td_block_wrap vc_widget_sidebar tdi_25 \">\n<div class=\"td_block_wrap td_block_7 td_block_widget tdi_26 td-pb-border-top td_block_template_1 td-column-1 td_block_padding\" data-td-block-uid=\"tdi_26\">\n<div class=\"td-block-title-wrap\">\n<h4 class=\"block-title td-block-title\"><span class=\"td-pulldown-size\">Articole RELA\u021aIONATE<\/span><\/h4>\n<\/div>\n<div id=\"tdi_26\" class=\"td_block_inner\">\n<div class=\"td-block-span12\">\n<div class=\"td_module_6 td_module_wrap td-animation-stack\">\n<div class=\"td-module-thumb\"><a href=\"https:\/\/r3media.ro\/video-david-popovici-aur-la-200-m-liber-la-europenele-de-la-paris-aici-e-romania\/\" rel=\"bookmark\" class=\"td-image-wrap \" title=\"VIDEO | David Popovici, aur la 200 m liber la Europenele de la Paris: Aici e Rom\u00e2nia!\"><img loading=\"lazy\" decoding=\"async\" class=\"entry-thumb\" src=\"https:\/\/r3media.ro\/wp-content\/uploads\/2026\/08\/david-popovici-100x70.jpeg\" alt title=\"VIDEO | David Popovici, aur la 200 m liber la Europenele de la Paris: Aici e Rom\u00e2nia!\" width=\"100\" height=\"70\"><\/a><\/div>\n<div class=\"item-details\">\n<h3 class=\"entry-title td-module-title\"><a href=\"https:\/\/r3media.ro\/video-david-popovici-aur-la-200-m-liber-la-europenele-de-la-paris-aici-e-romania\/\" rel=\"bookmark\" title=\"VIDEO | David Popovici, aur la 200 m liber la Europenele de la Paris: Aici e Rom\u00e2nia!\">VIDEO | David Popovici, aur la 200 m liber la Europenele&#8230;<\/a><\/h3>\n<div class=\"td-module-meta-info\"><span class=\"td-post-date\"><time class=\"entry-date updated td-module-date\" datetime=\"2026-08-15T11:27:28+03:00\">15\/08\/2026<\/time><\/span><\/div>\n<\/div>\n<\/div>\n<\/div>\n<div class=\"td-block-span12\">\n<div class=\"td_module_6 td_module_wrap td-animation-stack\">\n<div class=\"td-module-thumb\"><a href=\"https:\/\/r3media.ro\/gen-silviu-predoiu-guvern-roman-bruxelles\/\" rel=\"bookmark\" class=\"td-image-wrap \" title=\"Gen. Silviu Predoiu: Misiunea guvernului rom\u00e2n nu este s\u0103 ob\u021bin\u0103 note bune la Bruxelles. Nu este s\u0103 transforme fiecare decizie strategic\u0103 \u00eentr-o \u00eentrebare: \u201cAvem voie?\u201d\"><img loading=\"lazy\" decoding=\"async\" class=\"entry-thumb\" src=\"https:\/\/r3media.ro\/wp-content\/uploads\/2026\/08\/silviu-predoiu-e1786696790559-100x70.jpg\" alt title=\"Gen. Silviu Predoiu: Misiunea guvernului rom\u00e2n nu este s\u0103 ob\u021bin\u0103 note bune la Bruxelles. Nu este s\u0103 transforme fiecare decizie strategic\u0103 \u00eentr-o \u00eentrebare: \u201cAvem voie?\u201d\" width=\"100\" height=\"70\"><\/a><\/div>\n<div class=\"item-details\">\n<h3 class=\"entry-title td-module-title\"><a href=\"https:\/\/r3media.ro\/gen-silviu-predoiu-guvern-roman-bruxelles\/\" rel=\"bookmark\" title=\"Gen. Silviu Predoiu: Misiunea guvernului rom\u00e2n nu este s\u0103 ob\u021bin\u0103 note bune la Bruxelles. Nu este s\u0103 transforme fiecare decizie strategic\u0103 \u00eentr-o \u00eentrebare: \u201cAvem voie?\u201d\">Gen. Silviu Predoiu: Misiunea guvernului rom\u00e2n nu este s\u0103 ob\u021bin\u0103 note&#8230;<\/a><\/h3>\n<div class=\"td-module-meta-info\"><span class=\"td-post-date\"><time class=\"entry-date updated td-module-date\" datetime=\"2026-08-14T11:41:21+03:00\">14\/08\/2026<\/time><\/span><\/div>\n<\/div>\n<\/div>\n<\/div>\n<div class=\"td-block-span12\">\n<div class=\"td_module_6 td_module_wrap td-animation-stack\">\n<div class=\"td-module-thumb\"><a href=\"https:\/\/r3media.ro\/foto-masina-electrica-gunoi-foc-incendiu-baterie-litiu-ion\/\" rel=\"bookmark\" class=\"td-image-wrap \" title=\"FOTO | O ma\u0219in\u0103 electric\u0103 de gunoi a luat foc. Incendiul ar fi provenit de la o baterie litiu-ion pe care vehiculul a colectat-o\"><img loading=\"lazy\" decoding=\"async\" class=\"entry-thumb\" src=\"https:\/\/r3media.ro\/wp-content\/uploads\/2026\/08\/masina-de-gunoi-100x70.jpg\" alt title=\"FOTO | O ma\u0219in\u0103 electric\u0103 de gunoi a luat foc. Incendiul ar fi provenit de la o baterie litiu-ion pe care vehiculul a colectat-o\" width=\"100\" height=\"70\"><\/a><\/div>\n<div class=\"item-details\">\n<h3 class=\"entry-title td-module-title\"><a href=\"https:\/\/r3media.ro\/foto-masina-electrica-gunoi-foc-incendiu-baterie-litiu-ion\/\" rel=\"bookmark\" title=\"FOTO | O ma\u0219in\u0103 electric\u0103 de gunoi a luat foc. Incendiul ar fi provenit de la o baterie litiu-ion pe care vehiculul a colectat-o\">FOTO | O ma\u0219in\u0103 electric\u0103 de gunoi a luat foc. Incendiul&#8230;<\/a><\/h3>\n<div class=\"td-module-meta-info\"><span class=\"td-post-date\"><time class=\"entry-date updated td-module-date\" datetime=\"2026-08-14T11:40:55+03:00\">14\/08\/2026<\/time><\/span><\/div>\n<\/div>\n<\/div>\n<\/div>\n<div class=\"td-block-span12\">\n<div class=\"td_module_6 td_module_wrap td-animation-stack\">\n<div class=\"td-module-thumb\"><a href=\"https:\/\/r3media.ro\/tehnologia-thermo-signal-de-la-tefal-ce-indica-de-fapt\/\" rel=\"bookmark\" class=\"td-image-wrap \" title=\"Tehnologia Thermo-Signal de la Tefal: ce indic\u0103, de fapt\"><img loading=\"lazy\" decoding=\"async\" class=\"entry-thumb\" src=\"https:\/\/r3media.ro\/wp-content\/uploads\/2026\/08\/tehnologia_thermosignal_de_la_tefal_ce_indic_de_fapt-100x70.jpg\" alt title=\"Tehnologia Thermo-Signal de la Tefal: ce indic\u0103, de fapt\" width=\"100\" height=\"70\"><\/a><\/div>\n<div class=\"item-details\">\n<h3 class=\"entry-title td-module-title\"><a href=\"https:\/\/r3media.ro\/tehnologia-thermo-signal-de-la-tefal-ce-indica-de-fapt\/\" rel=\"bookmark\" title=\"Tehnologia Thermo-Signal de la Tefal: ce indic\u0103, de fapt\">Tehnologia Thermo-Signal de la Tefal: ce indic\u0103, de fapt<\/a><\/h3>\n<div class=\"td-module-meta-info\"><span class=\"td-post-date\"><time class=\"entry-date updated td-module-date\" datetime=\"2026-08-14T11:14:44+03:00\">14\/08\/2026<\/time><\/span><\/div>\n<\/div>\n<\/div>\n<\/div>\n<div class=\"td-block-span12\">\n<div class=\"td_module_6 td_module_wrap td-animation-stack\">\n<div class=\"td-module-thumb\"><a href=\"https:\/\/r3media.ro\/dumnezeu-nu-e-zen\/\" rel=\"bookmark\" class=\"td-image-wrap \" title=\"Dumnezeu nu e Zen\"><img loading=\"lazy\" decoding=\"async\" class=\"entry-thumb\" src=\"https:\/\/r3media.ro\/wp-content\/uploads\/2026\/08\/Spas_vsederzhitel_sinay-100x70.jpg\" alt title=\"Dumnezeu nu e Zen\" width=\"100\" height=\"70\"><\/a><\/div>\n<div class=\"item-details\">\n<h3 class=\"entry-title td-module-title\"><a href=\"https:\/\/r3media.ro\/dumnezeu-nu-e-zen\/\" rel=\"bookmark\" title=\"Dumnezeu nu e Zen\">Dumnezeu nu e Zen<\/a><\/h3>\n<div class=\"td-module-meta-info\"><span class=\"td-post-date\"><time class=\"entry-date updated td-module-date\" datetime=\"2026-08-14T10:54:41+03:00\">14\/08\/2026<\/time><\/span><\/div>\n<\/div>\n<\/div>\n<\/div>\n<div class=\"td-block-span12\">\n<div class=\"td_module_6 td_module_wrap td-animation-stack\">\n<div class=\"td-module-thumb\"><a href=\"https:\/\/r3media.ro\/calendarul-zilei-14-august-inainte-praznuirea-adormirii-maicii-domnului-sf-proroc-miheia\/\" rel=\"bookmark\" class=\"td-image-wrap \" title=\"Calendarul zilei 14 august: \u00cenainte-pr\u0103znuirea Adormirii Maicii Domnului; Sf. Proroc Miheia\"><img loading=\"lazy\" decoding=\"async\" class=\"entry-thumb\" src=\"https:\/\/r3media.ro\/wp-content\/uploads\/2026\/08\/14-AUG-mheia-100x70.jpg\" alt title=\"Calendarul zilei 14 august: \u00cenainte-pr\u0103znuirea Adormirii Maicii Domnului; Sf. Proroc Miheia\" width=\"100\" height=\"70\"><\/a><\/div>\n<div class=\"item-details\">\n<h3 class=\"entry-title td-module-title\"><a href=\"https:\/\/r3media.ro\/calendarul-zilei-14-august-inainte-praznuirea-adormirii-maicii-domnului-sf-proroc-miheia\/\" rel=\"bookmark\" title=\"Calendarul zilei 14 august: \u00cenainte-pr\u0103znuirea Adormirii Maicii Domnului; Sf. Proroc Miheia\">Calendarul zilei 14 august: \u00cenainte-pr\u0103znuirea Adormirii Maicii Domnului; Sf. Proroc Miheia<\/a><\/h3>\n<div class=\"td-module-meta-info\"><span class=\"td-post-date\"><time class=\"entry-date updated td-module-date\" datetime=\"2026-08-13T22:58:08+03:00\">13\/08\/2026<\/time><\/span><\/div>\n<\/div>\n<\/div>\n<\/div>\n<div class=\"td-block-span12\">\n<div class=\"td_module_6 td_module_wrap td-animation-stack\">\n<div class=\"td-module-thumb\"><a href=\"https:\/\/r3media.ro\/calendarul-zilei-14-august-moartea-sergiu-celibidache\/\" rel=\"bookmark\" class=\"td-image-wrap \" title=\"Calendarul zilei 14 august: 30 ani de la moartea marelui dirijor Sergiu Celibidache\"><img loading=\"lazy\" decoding=\"async\" class=\"entry-thumb\" src=\"https:\/\/r3media.ro\/wp-content\/uploads\/2022\/08\/sddefault-4-100x70.jpg\" alt title=\"Calendarul zilei 14 august: 30 ani de la moartea marelui dirijor Sergiu Celibidache\" width=\"100\" height=\"70\"><\/a><\/div>\n<div class=\"item-details\">\n<h3 class=\"entry-title td-module-title\"><a href=\"https:\/\/r3media.ro\/calendarul-zilei-14-august-moartea-sergiu-celibidache\/\" rel=\"bookmark\" title=\"Calendarul zilei 14 august: 30 ani de la moartea marelui dirijor Sergiu Celibidache\">Calendarul zilei 14 august: 30 ani de la moartea marelui dirijor&#8230;<\/a><\/h3>\n<div class=\"td-module-meta-info\"><span class=\"td-post-date\"><time class=\"entry-date updated td-module-date\" datetime=\"2026-08-13T21:34:06+03:00\">13\/08\/2026<\/time><\/span><\/div>\n<\/div>\n<\/div>\n<\/div>\n<\/div>\n<\/div>\n<aside class=\"td_block_template_1 widget widget_recent_comments\">\n<h4 class=\"block-title\"><span>INTR\u0102 \u00ceN DISCU\u021aIE!<\/span><\/h4>\n<ul id=\"recentcomments\">\n<li class=\"recentcomments\"><span class=\"comment-author-link\">Arsenie<\/span> la <a href=\"https:\/\/r3media.ro\/cornel-nistorescu-ambulanta-recea-cristur-stiri-false-interzicere\/#comment-40385\">Cornel Nistorescu, despre incidentul cu ambulan\u021ba de la Recea-Cristur: Statul rom\u00e2n a\u0219teapt\u0103 s\u0103 interzic\u0103 \u0219tirile false \u0219i, pe l\u00eeng\u0103, tot ce nu convine puterii<\/a><\/li>\n<li class=\"recentcomments\"><span class=\"comment-author-link\">Nicu<\/span> la <a href=\"https:\/\/r3media.ro\/gen-silviu-predoiu-guvern-roman-bruxelles\/#comment-40384\">Gen. Silviu Predoiu: Misiunea guvernului rom\u00e2n nu este s\u0103 ob\u021bin\u0103 note bune la Bruxelles. Nu este s\u0103 transforme fiecare decizie strategic\u0103 \u00eentr-o \u00eentrebare: \u201cAvem voie?\u201d<\/a><\/li>\n<li class=\"recentcomments\"><span class=\"comment-author-link\">Nicu<\/span> la <a href=\"https:\/\/r3media.ro\/sri-in-scoli-expert-scuza-monitorizare-radicalizare\/#comment-40383\">SRI \u00een \u0219coli. Expert: SRI \u0219i \u201eb\u0103e\u021bii\u201d vor folosi aceast\u0103 scuz\u0103 c\u0103 \u201emonitorizeaz\u0103 radicalizarea\u201d ca s\u0103 vin\u0103 dup\u0103 oricine bate la ochi<\/a><\/li>\n<li class=\"recentcomments\"><span class=\"comment-author-link\">Nicu<\/span> la <a href=\"https:\/\/r3media.ro\/radu-naum-david-popovici-dialog-rus\/#comment-40382\">Ziaristul Radu Naum consider\u0103 c\u0103 dialogul amical dintre David Popovici \u0219i adversarul s\u0103u rus ar fi fost \u201eopera\u021biune ruseasc\u0103\u201d de manipulare<\/a><\/li>\n<li class=\"recentcomments\"><span class=\"comment-author-link\">E.T.<\/span> la <a href=\"https:\/\/r3media.ro\/cornel-nistorescu-ambulanta-recea-cristur-stiri-false-interzicere\/#comment-40381\">Cornel Nistorescu, despre incidentul cu ambulan\u021ba de la Recea-Cristur: Statul rom\u00e2n a\u0219teapt\u0103 s\u0103 interzic\u0103 \u0219tirile false \u0219i, pe l\u00eeng\u0103, tot ce nu convine puterii<\/a><\/li>\n<li class=\"recentcomments\"><span class=\"comment-author-link\">E.T.<\/span> la <a href=\"https:\/\/r3media.ro\/sri-in-scoli-expert-scuza-monitorizare-radicalizare\/#comment-40380\">SRI \u00een \u0219coli. Expert: SRI \u0219i \u201eb\u0103e\u021bii\u201d vor folosi aceast\u0103 scuz\u0103 c\u0103 \u201emonitorizeaz\u0103 radicalizarea\u201d ca s\u0103 vin\u0103 dup\u0103 oricine bate la ochi<\/a><\/li>\n<li class=\"recentcomments\"><span class=\"comment-author-link\">E.T.<\/span> la <a href=\"https:\/\/r3media.ro\/video-david-popovici-paris-aur\/#comment-40379\">VIDEO | David Popovici, rege pentru a treia oar\u0103 la Paris: aur \u0219i record al competi\u021biei la 100 m liber<\/a><\/li>\n<\/ul>\n<\/aside>\n<aside class=\"td_block_template_1 widget widget_search\">\n<h4 class=\"block-title\"><span>CAUT\u0102 \u0218I VEI G\u0102SI<\/span><\/h4>\n<\/aside>\n<\/div>\n<\/div>\n<\/div>\n<\/div>\n<\/div>\n<\/div>\n<\/div>\n<p><span class=\"td-page-meta\"><\/span><span class=\"td-page-meta\"><span class=\"td-page-meta\"><\/span><\/span><span class=\"td-page-meta\"><\/span><\/article>\n<\/p>\n<div class=\"td_block_wrap tdb_single_content tdi_18 td-pb-border-top td_block_template_1 td-post-content tagdiv-type\" data-td-block-uid=\"tdi_18\">\n<div class=\"tdb-block-inner td-fix-index\">\n<p><strong>Pe 15 august, cre\u0219tinii ortodoc\u0219i s\u0103rb\u0103toresc Adormirea Maicii Domnului sau Sf. Maria Mare, a\u0219a cum mai este cunoscut\u0103 \u00een popor.<\/strong><\/p>\n<p>Aceast\u0103 s\u0103rb\u0103toare comemoreaz\u0103 adormirea \u0219i prosl\u0103virea prin ridicarea cu trupul la cer a Maicii M\u00e2ntuitorului. S\u0103rb\u0103toarea m\u0103rturise\u0219te c\u0103 Maica Domnului \u201ea fost luat\u0103\u201d de Dumnezeu \u00een \u00eemp\u0103r\u0103\u021bia cereasc\u0103 a lui Hristos, \u00een deplin\u0103tatea vie\u021bii ei suflete\u0219ti \u0219i trupe\u0219ti.<\/p>\n<p>\u00cen conformitate cu Sf\u00e2nta Tradi\u021bie, Maica Domnului a murit ca orice fiin\u021b\u0103 omeneasc\u0103, \u201eadormind\u201d, a\u0219a cum indic\u0103 \u0219i numele s\u0103rb\u0103torii. Ea a murit a\u0219a cum mor to\u021bi oamenii, nu \u00een mod \u201evoluntar\u201d ca Fiul ei, ci prin necesitatea naturii ei umane muritoare care este indisolubil legat\u0103 de stric\u0103ciunea acestei lumi.<\/p>\n<p>Apostolii au fost adu\u0219i \u00een mod miraculos la acest eveniment \u0219i au fost cu to\u021bii prezen\u021bi, cu excep\u021bia Sf\u00e2ntului Apostol Toma, atunci c\u00e2nd Maica Domnului a trecut din aceast\u0103 via\u021b\u0103. Apoi, ea a fost \u00eenmorm\u00e2ntat\u0103. Apostolul Toma a ajuns c\u00e2teva zile mai t\u00e2rziu; dorind s\u0103 o vad\u0103 \u00eenc\u0103 o dat\u0103, i-a convins pe ceilal\u021bi s\u0103 deschid\u0103 morm\u00e2ntul Maicii Domnului. Atunci Apostolii au descoperit c\u0103 trupul Ei nu mai era \u00een morm\u00e2nt. Acest moment este pentru noi p\u00e2rga (primul rod) al \u00eenvierii de ob\u0219te a credincio\u0219ilor, care va avea loc dup\u0103 a doua venire a lui Hristos.<\/p>\n<p>Praznicul poart\u0103 numele de Adormirea Maicii Domnului, pomenind trecerea ei din aceast\u0103 via\u021b\u0103, cuv\u00e2ntul \u201eAdormire\u201d traduc\u00e2nd grecescul Koimisis, care \u00eenseamn\u0103 adormirea \u00eentru moarte (de aici vine \u0219i cuv\u00e2ntul cimitir). Biserica Romano-Catolic\u0103 prefer\u0103 s\u0103 numeasc\u0103 acest eveniment ridicare la cer (lat. assumptio, literal \u201eprimire\u201d [\u00een cer]) \u00eentruc\u00e2t, \u021bin\u00e2nd seama de dispari\u021bia trupului Maicii Domnului din morm\u00e2nt, consider\u0103 c\u0103 Ea a fost \u00een\u0103l\u021bat\u0103 cu trupul la Cer.<\/p>\n<p>La fel ca \u0219i \u00een cazul Na\u0219terii Sfintei Fecioare, sau \u00een cazul Intr\u0103rii \u00een Biseric\u0103, nici pentru Adormirea Maicii Domnului nu exist\u0103 referin\u021be istorice sau biblice pentru aceast\u0103 s\u0103rb\u0103toare. Biserica Ortodox\u0103 propov\u0103duie\u0219te c\u0103 Maica Domnului este f\u0103r\u0103 de p\u0103cat, dar \u0219i c\u0103 Fecioara Maria a avut nevoie cu adev\u0103rat s\u0103 fie m\u00e2ntuit\u0103 de Hristos \u2013 m\u00e2ntuit\u0103 de \u00eencerc\u0103ri, suferin\u021be \u0219i moarte din lumea aceasta. Ea a murit cu adev\u0103rat \u0219i apoi a fost luat\u0103 la Cer de Fiul ei, ca Maic\u0103 a Vie\u021bii, \u0219i ia deja parte la via\u021ba f\u0103r\u0103 de sf\u00e2r\u0219it din \u00cemp\u0103r\u0103\u021bia Cerurilor. Aceast\u0103 via\u021b\u0103 \u00een rai este preg\u0103tit\u0103 \u0219i promis\u0103 tuturor celor care \u201eascult\u0103 Cuv\u00e2ntul lui Dumnezeu \u0219i \u00eel p\u0103streaz\u0103\u201d (Luca 11,27-28).<\/p>\n<p>Praznicul Adormirii Maicii Domnului este unul din cele mai \u00eendr\u0103gite s\u0103rb\u0103tori pentru credincio\u0219ii ortodoc\u0219i rom\u00e2ni, mai ales datorit\u0103 evlaviei deosebite a rom\u00e2nilor fa\u021b\u0103 de N\u0103sc\u0103toarea de Dumnezeu. Un foarte mare num\u0103r de biserici \u0219i de m\u0103n\u0103stiri poart\u0103 acest hram. \u00cen multe locuri, cu aceast\u0103 ocazie se organizeaz\u0103 pelerinaje la m\u0103n\u0103stirile care \u00ee\u0219i s\u0103rb\u0103toresc astfel ocrotitoarea. Sate \u0219i comunit\u0103\u021bi \u00eentregi vin \u00eempreun\u0103 \u00een aceste pelerinaje.<\/p>\n<p>Credincio\u0219ii vin \u00eenc\u0103 din preziua Praznicului, \u00een 14 septembrie \u0219i particip\u0103 la slujbe, care \u00een multe locuri au un fast deosebit. Astfel, slujba Vecerniei se prelunge\u0219te cu o Priveghere care \u00een unele locuri dureaz\u0103 p\u00e2n\u0103 foarte t\u00e2rziu \u00een noapte sau chiar toat\u0103 noaptea.<\/p>\n<p>La slujba de \u00eenaintepr\u0103znuire se mai c\u00e2nt\u0103 \u00een multe biserici \u0219i m\u0103n\u0103stiri din Rom\u00e2nia \u0219i Prohodul Maicii Domnului, o c\u00e2ntare special alc\u0103tuit\u0103 pentru noaptea dinaintea praznicului, construit\u0103 dup\u0103 modelul Prohodului Domnului \u0219i pus\u0103 pe linia melodic\u0103 a celor trei st\u0103ri ale acestuia.<\/p>\n<p>\u00cen pauzele dintre slujbe, credincio\u0219ii c\u00e2nt\u0103, \u00een unele locuri, \u0219i alte c\u00e2nt\u0103ri (extra-liturgice) \u00eenchinate Maicii Domnului, numite \u00een Ardeal pricesne, care exprim\u0103 grija N\u0103sc\u0103toarei de Dumnezeu pentru oameni, precum \u0219i afec\u021biunea profund\u0103 a credincio\u0219ilor fa\u021b\u0103 de Cea pe care o numesc M\u0103icu\u021ba Domnului. Unele dintre acestea sunt de o surprinz\u0103toare familiaritate: \u201eAm venit, M\u0103icu\u021b\u0103, s\u0103 ne mai vedem \/ \u0219i s\u0103-\u021bi spunem dorul pe care-l avem\u2026\u201d<\/p>\n<p>Poate cel mai cunoscut pelerinaj de Adormirea Maicii Domnului este, \u00een Rom\u00e2nia, cel de la M\u0103n\u0103stirea Nicula, p\u0103str\u0103toarea unei cunoscute Icoane f\u0103c\u0103toare de minuni a Maicii Domnului. Aici credincio\u0219ii se adun\u0103 cu sutele de mii. Foarte mul\u021bi, \u00een semn de evlavie fa\u021b\u0103 de Maica Domnului, al c\u0103rei ajutor \u00eel cer \u0219i \u00eel primesc, fac, la vremea praznicului, \u00eenconjurul bisericii (o dat\u0103 sau de trei ori) \u00een genunchi, a\u0219tept\u00e2nd apoi cu r\u0103bdare ore \u0219i chiar zile la r\u00e2nd pentru a ajunge s\u0103 se \u00eenchine Icoanei Maicii Domnului.<\/p>\n<p>\u00cen afara slujbelor, \u00een ziua praznicului se organizeaz\u0103 \u00een multe locuri, pe l\u00e2ng\u0103 m\u0103n\u0103stiri sau \u0219i \u00een ora\u0219e, t\u00e2rguri \u0219i serb\u0103ri populare.<\/p>\n<p>Tot \u00een aceast\u0103 zi este pr\u0103znuit\u0103 \u0219i Ziua Marinei Rom\u00e2ne. \u00cenceput\u0103 \u00een 1902, Ziua Marinei este serbat\u0103 de ziua Maicii Domnului, considerat\u0103 protectoarea marinarilor din \u00eentreaga lume.<\/p>\n<p>Tradi\u0163ia s\u0103rb\u0103toririi Marinei Rom\u00e2ne la 15 august a fost reluat\u0103 dup\u0103 1990. Ziua Marinei Rom\u00e2ne a fost instituit\u0103 prin Legea nr. 382 din 28 septembrie 2004 \u015fi \u00een anul 2009 aceast\u0103 zi a fost declarat\u0103 s\u0103rb\u0103toare na\u0163ional\u0103.<\/p>\n<div class=\"crp_related     crp-masonry\">\n<h2>\u00ceN CONTEXT<\/h2>\n<ul>\n<li><a href=\"https:\/\/r3media.ro\/8-septembrie-nasterea-maicii-domnului-sau-sfanta-maria-mica\/\" class=\"crp_link post-803\"><span class=\"crp_title\">Calendarul zilei 8 septembrie: Na\u0219terea Maicii Domnului sau Sf\u00e2nta Maria Mic\u0103<\/span><\/a><\/li>\n<li><a href=\"https:\/\/r3media.ro\/calendarul-zilei-25-septembrie-nasterea-mariei-tanase-probabil-cea-mai-mare-voce-a-muzicii-romanesti\/\" class=\"crp_link post-54931\"><span class=\"crp_title\">Calendarul zilei 25 septembrie: 112 ani de la na\u0219terea Mariei T\u0103nase, probabil cea mai mare\u2026<\/span><\/a><\/li>\n<li><a href=\"https:\/\/r3media.ro\/calendarul-zilei-25-martie-buna-vestire-si-ziua-politiei-romane\/\" class=\"crp_link post-16813\"><span class=\"crp_title\">Calendarul zilei 25 martie: Buna Vestire \u0219i Ziua Poli\u021biei Rom\u00e2ne<\/span><\/a><\/li>\n<li><a href=\"https:\/\/r3media.ro\/10-mai-ziua-independentei-romaniei-ziua-aromanilor-ziua-regalitatii\/\" class=\"crp_link post-20081\"><span class=\"crp_title\">Calendarul zilei: 10 mai, Ziua Independen\u021bei Romaniei, Ziua Rom\u00e2nilor din Balcani sau Ziua\u2026<\/span><\/a><\/li>\n<li><a href=\"https:\/\/r3media.ro\/calendarul-zilei-7-ianuarie-sfantul-ioan-botezatorul-craciunul-pe-calendarul-vechi\/\" class=\"crp_link post-10400\"><span class=\"crp_title\">Calendarul zilei 7 ianuarie: Sf\u00e2ntul Ioan Botez\u0103torul. Cr\u0103ciunul pe calendarul vechi<\/span><\/a><\/li>\n<li><a href=\"https:\/\/r3media.ro\/18-iulie-moartea-reginei-maria\/\" class=\"crp_link post-4882\"><span class=\"crp_title\">Calendarul zilei 18 iulie: 88 de ani de la moartea Reginei Maria, singura femeie onorat\u0103 pe\u2026<\/span><\/a><\/li>\n<li><a href=\"https:\/\/r3media.ro\/calendarul-zilei-14-noiembrie-lasatul-secului-pentru-postul-nasterii-domnului-bartolomeu-anania-explica-de-ce-postim-inainte-de-craciun\/\" class=\"crp_link post-6264\"><span class=\"crp_title\">Calendarul zilei 14 noiembrie: L\u0103satul secului pentru Postul Na\u0219terii Domnului. Bartolomeu\u2026<\/span><\/a><\/li>\n<li><a href=\"https:\/\/r3media.ro\/22-iulie-sfanta-mironosita-si-intocmai-cu-apostolii-maria-magdalena-si-sfantul-preot-marturisitor-ilie-lacatusu\/\" class=\"crp_link post-111886\"><span class=\"crp_title\">Calendarul zilei 22 iulie: Sf\u00e2nta Mironosi\u021b\u0103 \u0219i \u00centocmai cu Apostolii Maria Magdalena \u0219i\u2026<\/span><\/a><\/li>\n<\/ul>\n<\/div>\n<\/div>\n<\/div>\n<p>[analyse_source url=&#8221;https:\/\/r3media.ro\/15-august-adormirea-maicii-domnului-sf-maria-mare-ziua-marinei-romane\/&#8221;]<\/p>\n","protected":false},"excerpt":{"rendered":"<p>[analyse_image type=&#8221;featured&#8221; src=&#8221;https:\/\/r3media.ro\/wp-content\/uploads\/2021\/08\/adormirea-maicii-domnului-traditii-si-obiceiuri-de-sfanta-maria-mare.jpghttps:\/\/r3media.ro\/wp-content\/uploads\/2021\/08\/adormirea-maicii-domnului-traditii-si-obiceiuri-de-sfanta-maria-mare.jpg&#8221;] PRIM PLANCalendarul zilei 15 august: Adormirea Maicii Domnului (Sf. Maria Mare) \/ Ziua&#8230; PRIM PLAN\u0218TIRI Calendarul zilei 15 august: Adormirea Maicii Domnului (Sf. Maria Mare) \/ Ziua Marinei Rom\u00e2ne Redac\u021bia 14\/08\/2026 Pe 15 august, cre\u0219tinii ortodoc\u0219i s\u0103rb\u0103toresc Adormirea Maicii Domnului sau Sf. Maria Mare, a\u0219a cum mai este cunoscut\u0103 \u00een popor. Aceast\u0103 [&hellip;]<\/p>\n","protected":false},"author":1,"featured_media":0,"comment_status":"open","ping_status":"","sticky":false,"template":"","format":"standard","meta":{"footnotes":""},"categories":[89],"tags":[226,93],"class_list":["post-2094741","post","type-post","status-publish","format-standard","hentry","category-romania","tag-crawlmanager","tag-r3media-ro"],"_links":{"self":[{"href":"https:\/\/analyse.optim.biz\/index.php?rest_route=\/wp\/v2\/posts\/2094741","targetHints":{"allow":["GET"]}}],"collection":[{"href":"https:\/\/analyse.optim.biz\/index.php?rest_route=\/wp\/v2\/posts"}],"about":[{"href":"https:\/\/analyse.optim.biz\/index.php?rest_route=\/wp\/v2\/types\/post"}],"author":[{"embeddable":true,"href":"https:\/\/analyse.optim.biz\/index.php?rest_route=\/wp\/v2\/users\/1"}],"replies":[{"embeddable":true,"href":"https:\/\/analyse.optim.biz\/index.php?rest_route=%2Fwp%2Fv2%2Fcomments&post=2094741"}],"version-history":[{"count":0,"href":"https:\/\/analyse.optim.biz\/index.php?rest_route=\/wp\/v2\/posts\/2094741\/revisions"}],"wp:attachment":[{"href":"https:\/\/analyse.optim.biz\/index.php?rest_route=%2Fwp%2Fv2%2Fmedia&parent=2094741"}],"wp:term":[{"taxonomy":"category","embeddable":true,"href":"https:\/\/analyse.optim.biz\/index.php?rest_route=%2Fwp%2Fv2%2Fcategories&post=2094741"},{"taxonomy":"post_tag","embeddable":true,"href":"https:\/\/analyse.optim.biz\/index.php?rest_route=%2Fwp%2Fv2%2Ftags&post=2094741"}],"curies":[{"name":"wp","href":"https:\/\/api.w.org\/{rel}","templated":true}]}}