{"id":209460,"date":"2014-03-16T00:51:09","date_gmt":"2014-03-15T21:51:09","guid":{"rendered":"https:\/\/analyse.optim.biz\/?p=209460"},"modified":"2014-03-16T00:51:09","modified_gmt":"2014-03-15T21:51:09","slug":"schimbare-de-planuri-in-cazul-achizitionarii-avionului-pentru-demnitari","status":"publish","type":"post","link":"https:\/\/analyse.optim.biz\/?p=209460","title":{"rendered":"Schimbare de planuri \u00een cazul achizi\u0163ion\u0103rii avionului pentru demnitari"},"content":{"rendered":"<div class=\"entry data-app-meta data-app-meta-article\" data-embed-base-url-canonical=\"https:\/\/www.digi24.ro\/embed\/stiri\/actualitate\/politica\/schimbare-de-planuri-in-cazul-achizitionarii-avionului-pentru-demnitari-214992\">\n<p data-index=\"1\">\u00cen noiembrie 2013, premierul Victor Ponta a cerut o comisie interministerial\u0103 care s\u0103 negocieze cu Executivul italian pentru<a href=\"https:\/\/www.digi24.ro\/Stiri\/Digi24\/Actualitate\/Stiri\/Air+Force+One+de+Romania+este+in+impas\" target=\"_blank\" data-skip-linkfix=\"1\" rel=\"noopener\"> achizi\u0163ionarea aeronavei destinate demnitarilor<\/a>. Pasul a fost f\u0103cut dup\u0103 ce oficiali ai Guvernului au semnalat c\u0103 Rom\u00e2nia este singura \u0163ar\u0103 din Uniunea Europeana care nu are o astfel de aeronav\u0103.<\/p>\n<p data-index=\"2\">Executivul trebuie s\u0103 \u00eenchirieze un avion mai mare tot de la TAROM pentru zborurile oficiale. Anul trecut, un <a href=\"https:\/\/www.digi24.ro\/Stiri\/Digi24\/Actualitate\/Stiri\/T++Basescu++Categoric+nu+voi+mai+utiliza+o+aeronava+TAROM+\" target=\"_blank\" data-skip-linkfix=\"1\" rel=\"noopener\">motiv de disput\u0103<\/a> \u00eentre pre\u0219edinte \u0219i premier a fost chiar aeronava preziden\u021bial\u0103, considerat\u0103 prea veche \u0219i prea costisitoare.<\/p>\n<\/div>\n<p> Source URL: https:\/\/www.digi24.ro\/stiri\/actualitate\/politica\/schimbare-de-planuri-in-cazul-achizitionarii-avionului-pentru-demnitari-214992<\/p>\n","protected":false},"excerpt":{"rendered":"<p>\u00cen noiembrie 2013, premierul Victor Ponta a cerut o comisie interministerial\u0103 care s\u0103 negocieze cu Executivul italian pentru achizi\u0163ionarea aeronavei destinate demnitarilor. Pasul a fost f\u0103cut dup\u0103 ce oficiali ai Guvernului au semnalat c\u0103 Rom\u00e2nia este singura \u0163ar\u0103 din Uniunea Europeana care nu are o astfel de aeronav\u0103. Executivul trebuie s\u0103 \u00eenchirieze un avion mai [&hellip;]<\/p>\n","protected":false},"author":1,"featured_media":209461,"comment_status":"open","ping_status":"","sticky":false,"template":"","format":"standard","meta":{"footnotes":""},"categories":[2],"tags":[11],"class_list":["post-209460","post","type-post","status-publish","format-standard","has-post-thumbnail","hentry","category-politics","tag-digi24"],"_links":{"self":[{"href":"https:\/\/analyse.optim.biz\/index.php?rest_route=\/wp\/v2\/posts\/209460","targetHints":{"allow":["GET"]}}],"collection":[{"href":"https:\/\/analyse.optim.biz\/index.php?rest_route=\/wp\/v2\/posts"}],"about":[{"href":"https:\/\/analyse.optim.biz\/index.php?rest_route=\/wp\/v2\/types\/post"}],"author":[{"embeddable":true,"href":"https:\/\/analyse.optim.biz\/index.php?rest_route=\/wp\/v2\/users\/1"}],"replies":[{"embeddable":true,"href":"https:\/\/analyse.optim.biz\/index.php?rest_route=%2Fwp%2Fv2%2Fcomments&post=209460"}],"version-history":[{"count":0,"href":"https:\/\/analyse.optim.biz\/index.php?rest_route=\/wp\/v2\/posts\/209460\/revisions"}],"wp:featuredmedia":[{"embeddable":true,"href":"https:\/\/analyse.optim.biz\/index.php?rest_route=\/wp\/v2\/media\/209461"}],"wp:attachment":[{"href":"https:\/\/analyse.optim.biz\/index.php?rest_route=%2Fwp%2Fv2%2Fmedia&parent=209460"}],"wp:term":[{"taxonomy":"category","embeddable":true,"href":"https:\/\/analyse.optim.biz\/index.php?rest_route=%2Fwp%2Fv2%2Fcategories&post=209460"},{"taxonomy":"post_tag","embeddable":true,"href":"https:\/\/analyse.optim.biz\/index.php?rest_route=%2Fwp%2Fv2%2Ftags&post=209460"}],"curies":[{"name":"wp","href":"https:\/\/api.w.org\/{rel}","templated":true}]}}