{"id":2094583,"date":"2026-08-14T08:17:26","date_gmt":"2026-08-14T05:17:26","guid":{"rendered":"https:\/\/analyse.optim.biz\/?p=2094583"},"modified":"2026-08-14T08:17:26","modified_gmt":"2026-08-14T05:17:26","slug":"adrian-caciu-replica-pentru-ilie-bolojan-a-aparut-desteptul-vietii-ia-te-de-mana-cu-sfarma-piatra-de-miruta-si-lasa-ne","status":"publish","type":"post","link":"https:\/\/analyse.optim.biz\/?p=2094583","title":{"rendered":"Adrian C\u00e2ciu, replic\u0103 pentru Ilie Bolojan. A ap\u0103rut de\u0219teptul vie\u021bii! Ia-te de m\u00e2n\u0103 cu Sfarm\u0103-Piatr\u0103 de Miru\u021b\u0103 \u0219i las\u0103-ne!"},"content":{"rendered":"<p>[analyse_image type=&#8221;featured&#8221; src=&#8221;https:\/\/60m.ro\/wp-content\/uploads\/2026\/08\/media-174652345171595900.webp&#8221;]<\/p>\n<div class=\"articleBody\" data-key=\"articleBody\">\nFostul ministru de Finan\u021be, Adrian C\u00e2ciu, \u00eei d\u0103 replica premierului interimar Ilie Bolojan, cel care anun\u021base c\u0103 a semnat pentru \u00eenceperea lucr\u0103rilor de dragare pe Dun\u0103re. C\u00e2ciu arat\u0103 faptul c\u0103\u00a0Bolojan\u00a0se pl\u00e2nge din cauza faptului c\u0103 nu s-au efectuat lucr\u0103rile \u00een ultimii 10 ani, dar \u00een ultimul an \u0219i jum\u0103tate a fost premier \u0219i n-a mi\u0219cat un deget, iar acum c\u00e2nd situa\u021bia de criz\u0103 este deja o realitate ne anun\u021b\u0103 c\u0103 vor \u00eencepe lucr\u0103ri care vor fi gata peste al\u021bi 3 ani.<\/p>\n<p>Adrian C\u00e2ciu: Bolojane, ia-te de m\u00e2n\u0103 cu Sfarm\u0103-Piatr\u0103 de Miru\u021b\u0103 \u0219i las\u0103-ne!<\/p>\n<p>\u201dSta\u021bi c\u0103 a ap\u0103rut desteptul vie\u021bii, bolojanu(rile).<\/p>\n<p>Rezolva el situa\u021bia de la bra\u021bul Bala.<\/p>\n<p>\u00ceN 3 ANI!<\/p>\n<p>Adica, prin 2029!<\/p>\n<p>Dup\u0103 ce a dat punctaj la to\u021bi cormoranii politici sau\/\u0219i la tot felul de pesc\u0103ru\u0219i din presa bolojenist\u0103 prin care s\u0103 atace ca nu s-a f\u0103cut nimic pe bra\u021bul Bala \u0219i s-a bagat proiectul in sertar, vine el si rezolva.<\/p>\n<p>\u00cen 3 ani de aici \u00eencolo!<\/p>\n<p>Evident, \u00een falsitatea care \u00eel caracterizeaza \u00eei cearta pe alti c\u0103 nu l-au realizat \u00eentr-un an \u0219i jumatate, pentru ca, uite, &#8220;realist&#8221; \u00eel face el.<\/p>\n<p>\u00cen 3 ani!<\/p>\n<p>De\u0219tept r\u0103u, v-am zis! Nu ai v\u0103zut a\u0219a ceva!<\/p>\n<p>Noaptea min\u021bii!<\/p>\n<p>Ia-te de m\u00e2n\u0103 cu Sfarm\u0103-Piatr\u0103 de Miru\u021ba \u0219i l\u0103sati-ne!\u201d, scrie Adrian C\u00e2ciu.<\/p>\n<p>Bolojan: Am semnat azi decizia de constituire a grupului interministerial pentru deblocarea proiectului Bala 2<\/p>\n<p>Premierul interimar Ilie Bolojan a anun\u021bat vineri c\u0103 sistemul energetic na\u021bional este stabil dup\u0103 oprirea controlat\u0103 a Unit\u0103\u021bii 2 a Centralei Nuclearoelectrice de la Cernavod\u0103, m\u0103sur\u0103 impus\u0103 de sc\u0103derea debitului Dun\u0103rii. De asemenea, premierul a anun\u021bat c\u0103 a semnat ordinul pentru a debloca lucr\u0103rile de pe bra\u021bul Bala.<\/p>\n<p>\u201dSistemul energetic este stabil dup\u0103 ce ieri, din cauza sc\u0103derii debitului Dun\u0103rii, a fost necesar\u0103 oprirea controlat\u0103 a Unit\u0103\u021bii 2 a Centralei de la Cernavod\u0103.<\/p>\n<p>Toate estim\u0103rile arat\u0103 c\u0103 nu exist\u0103 riscuri pentru alimentarea cu energie la nivel na\u021bional.<\/p>\n<p>Pe termen scurt, \u00eempreun\u0103 cu Dispecerul Energetic Na\u021bional, am luat m\u0103suri ca energia nuclear\u0103 lips\u0103, circa 650 MW, aproape 10% din totalul consumului la nivel na\u021bional, s\u0103 fie compensat\u0103 prin produc\u021bie hidro, eolian\u0103, pe c\u0103rbune \u0219i importuri.<\/p>\n<p>Mul\u021bumesc celor implica\u021bi \u00een acest efort \u0219i tuturor rom\u00e2nilor care au \u00een\u021beles s\u0103-\u0219i reduc\u0103 seara consumul.<\/p>\n<p>Am notificat Comisia European\u0103 cu privire la situa\u021bia de criz\u0103 \u0219i avem o capacitate transfrontalier\u0103 de import de aproximativ 4.000 MW.<\/p>\n<p>Dar Rom\u00e2nia are nevoie nu doar de stingerea incendiilor. Are nevoie \u0219i de m\u0103suri pe termen lung.<\/p>\n<p>\u00cen domeniul energiei, deciziile privind investi\u021biile \u0219i politicile publice \u00ee\u0219i arat\u0103 rezultatele \u00een 2\u20133 ani. C\u00e2nd nu faci ce trebuie ani de zile, nu exist\u0103 solu\u021bii magice pentru a rezolva problemele de pe o zi pe alta.<\/p>\n<p>Situa\u021bia dificil\u0103 \u00een care ne afl\u0103m, \u00een urma \u00eenchiderii ambelor grupuri de la Cernavod\u0103, este consecin\u021ba secetei din bazinul Dun\u0103rii, dar \u0219i rezultatul multor ani \u00een care s-au acumulat lipsa de viziune, deciziile proaste \u0219i fuga de r\u0103spundere.<\/p>\n<p>De exemplu, dac\u0103 lucr\u0103rile proiectate \u0219i avizate pentru cre\u0219terea debitului Dun\u0103rii spre Cernavod\u0103 ar fi fost prioritizate \u0219i nu am\u00e2nate cu anii, am fi avut centrala nuclear\u0103 \u00een func\u021biune \u0219i aproape 20% din necesarul de energie asigurat de aceasta.<\/p>\n<p>C\u00e2nd ai o func\u021bie de r\u0103spundere, g\u00e2nde\u0219ti pe termen lung, faci ceea ce trebuie, nu ceea ce d\u0103 bine. A\u0219a am ac\u021bionat \u00een to\u021bi anii din administra\u021bie. A\u0219a fac \u0219i acum.<\/p>\n<p>Am semnat azi decizia de constituire a grupului interministerial pentru deblocarea proiectului Bala 2, menit s\u0103 asigure debitul necesar func\u021bion\u0103rii f\u0103r\u0103 probleme a unit\u0103\u021bilor de la Cernavod\u0103.<\/p>\n<p>Proiectul cuprinde o serie de lucr\u0103ri hidrotehnice, lucr\u0103ri de dragare \u0219i lucr\u0103ri pentru siguran\u021ba naviga\u021biei. Conform datelor din proiect, realizarea investi\u021biei ar permite cre\u0219terea nivelului apei pe Dun\u0103rea Veche cu peste un metru \u0219i aproape o dublare a debitului.<\/p>\n<p>Studiul de fezabilitate a fost \u00eenceput \u00een urm\u0103 cu 10 ani. Din 2024, proiectul are toate avizele \u0219i aprob\u0103rile, inclusiv Hot\u0103r\u00e2rea de Guvern privind indicatorii. Din p\u0103cate, Ministerul Transporturilor nu l-a considerat prioritar \u0219i nu l-a finan\u021bat.<\/p>\n<p>\u00cel prioritiz\u0103m, \u00eel debloc\u0103m, reverific\u0103m solu\u021biile propuse, aducem pre\u021burile la zi \u0219i asigur\u0103m finan\u021barea. Administra\u021bia Fluvial\u0103 de la Gala\u021bi va organiza licita\u021bia pentru proiectare \u0219i execu\u021bie. Realist, \u00een 3 ani, am putea finaliza lucr\u0103rile \u0219i asigura apa de r\u0103cire at\u00e2t pentru reactoarele 1 \u0219i 2, c\u00e2t \u0219i pentru reactoarele 3 \u0219i 4.<\/p>\n<p>Rom\u00e2nia are nevoie de solu\u021bii reale, cinstite, de viziune pe termen lung \u0219i adev\u0103r, nu de populism \u0219i minciun\u0103. Doar a\u0219a putem avea un sistem energetic sigur \u0219i stabil.\u201d, scrie Ilie Bolojan.<\/p>\n<\/div>\n<p>[analyse_source url=&#8221;https:\/\/60m.ro\/adrian-caciu-replica-pentru-ilie-bolojan-a-aparut-desteptul-vietii-ia-te-de-mana-cu-sfarma-piatra-de-miruta-si-lasa-ne\/&#8221;]<\/p>\n","protected":false},"excerpt":{"rendered":"<p>[analyse_image type=&#8221;featured&#8221; src=&#8221;https:\/\/60m.ro\/wp-content\/uploads\/2026\/08\/media-174652345171595900.webp&#8221;] Fostul ministru de Finan\u021be, Adrian C\u00e2ciu, \u00eei d\u0103 replica premierului interimar Ilie Bolojan, cel care anun\u021base c\u0103 a semnat pentru \u00eenceperea lucr\u0103rilor de dragare pe Dun\u0103re. C\u00e2ciu arat\u0103 faptul c\u0103\u00a0Bolojan\u00a0se pl\u00e2nge din cauza faptului c\u0103 nu s-au efectuat lucr\u0103rile \u00een ultimii 10 ani, dar \u00een ultimul an \u0219i jum\u0103tate a fost premier [&hellip;]<\/p>\n","protected":false},"author":1,"featured_media":0,"comment_status":"open","ping_status":"","sticky":false,"template":"","format":"standard","meta":{"footnotes":""},"categories":[89],"tags":[100,226],"class_list":["post-2094583","post","type-post","status-publish","format-standard","hentry","category-romania","tag-60m-ro","tag-crawlmanager"],"_links":{"self":[{"href":"https:\/\/analyse.optim.biz\/index.php?rest_route=\/wp\/v2\/posts\/2094583","targetHints":{"allow":["GET"]}}],"collection":[{"href":"https:\/\/analyse.optim.biz\/index.php?rest_route=\/wp\/v2\/posts"}],"about":[{"href":"https:\/\/analyse.optim.biz\/index.php?rest_route=\/wp\/v2\/types\/post"}],"author":[{"embeddable":true,"href":"https:\/\/analyse.optim.biz\/index.php?rest_route=\/wp\/v2\/users\/1"}],"replies":[{"embeddable":true,"href":"https:\/\/analyse.optim.biz\/index.php?rest_route=%2Fwp%2Fv2%2Fcomments&post=2094583"}],"version-history":[{"count":0,"href":"https:\/\/analyse.optim.biz\/index.php?rest_route=\/wp\/v2\/posts\/2094583\/revisions"}],"wp:attachment":[{"href":"https:\/\/analyse.optim.biz\/index.php?rest_route=%2Fwp%2Fv2%2Fmedia&parent=2094583"}],"wp:term":[{"taxonomy":"category","embeddable":true,"href":"https:\/\/analyse.optim.biz\/index.php?rest_route=%2Fwp%2Fv2%2Fcategories&post=2094583"},{"taxonomy":"post_tag","embeddable":true,"href":"https:\/\/analyse.optim.biz\/index.php?rest_route=%2Fwp%2Fv2%2Ftags&post=2094583"}],"curies":[{"name":"wp","href":"https:\/\/api.w.org\/{rel}","templated":true}]}}