{"id":209457,"date":"2014-03-16T11:13:11","date_gmt":"2014-03-16T08:13:11","guid":{"rendered":"https:\/\/analyse.optim.biz\/?p=209457"},"modified":"2014-03-16T11:13:11","modified_gmt":"2014-03-16T08:13:11","slug":"mircea-geoana-despre-prezidentiale-inteleg-dilema-lui-v-ponta-e-tanar-daca-nu-va-candida-numele-meu-este-pe-liste","status":"publish","type":"post","link":"https:\/\/analyse.optim.biz\/?p=209457","title":{"rendered":"Mircea Geoan\u0103, despre preziden\u0163iale: \u00cen\u0163eleg dilema lui V. Ponta, e t\u00e2n\u0103r. Dac\u0103 nu va candida, numele meu este pe liste"},"content":{"rendered":"<div class=\"entry data-app-meta data-app-meta-article\" data-embed-base-url-canonical=\"https:\/\/www.digi24.ro\/embed\/stiri\/actualitate\/politica\/mircea-geoana-despre-prezidentiale-inteleg-dilema-lui-v-ponta-e-tanar-daca-nu-va-candida-numele-meu-este-pe-liste-215087\">\n<p data-index=\"1\"><img decoding=\"async\" src=\"https:\/\/analyse.optim.biz\/wp-content\/uploads\/2024\/09\/lmpwzyz3ptgwmczoyxnopthkmmi5zwi1zmfhzjzhzjcwzdrjyjnkngmwmtu5ngvi-thumb_.jpg\" data-skip-htmlfix=\"1\" title=\"lmpwzyz3ptgwmczoyxnopthkmmi5zwi1zmfhzjzhzjcwzdrjyjnkngmwmtu5ngvi-thumb_\"><\/p>\n<p data-index=\"2\">\u201e<span>Eu sunt absolut convins de faptul c\u0103 PSD trebuie s\u0103 aib\u0103 candidat la prezieden\u0163iale. (&#8230;) Ar fi nenatural, nefiresc ca PSD s\u0103 nu aib\u0103 candidat\u201d, a spus Mircea Geoan\u0103, la o emisiune TV.<\/span><\/p>\n<p data-index=\"3\">El a men\u0163ionat c\u0103 \u00een acest moment \u00een PSD sunt dou\u0103 nume &#8211; Victor Ponta \u015fi Mircea Geoan\u0103- cu atributele \u015fi sus\u0163inerea necesare pentru o candidatur\u0103 la Pre\u015fedin\u0163ie.<\/p>\n<p data-index=\"4\">\u201e<span>Deci este decizia lui Victor Ponta, ca lider al partidului, dup\u0103 alegerile europarlamentare, ce vrea s\u0103 fac\u0103 cu cariera \u015fi cu via\u0163a sa politic\u0103. Este un om t\u00e2n\u0103r \u015fi faptul c\u0103 a fost destul de rezervat cu privire la candidatur\u0103 este legitim, trebuie \u00een\u0163eles. La 41 de ani te po\u0163i g\u00e2ndi c\u0103 este preferabil s\u0103 r\u0103m\u00e2i prim-ministru \u015fi \u015fef de partid \u00een loc s\u0103 te duci la o func\u0163ie, mai important\u0103 dec\u00e2t cea de prim-ministru, dar care, dup\u0103 5 sau 10 ani, practic, cariera politic\u0103 \u0163i se va fi \u00eencheiat. Este legitim ca Victor Ponta s\u0103 aib\u0103 aceast\u0103 dilem\u0103, nu e nimic nefiresc, pentru c\u0103 nu am avut niciodat\u0103 un lider at\u00e2t de t\u00e2n\u0103r la PSD\u201d, a mai spus senatorul social-democrat.<\/span><\/p>\n<p data-index=\"5\">\u00centrebat dac\u0103, \u00een situa\u0163ia \u00een care Victor Ponta nu va participa la competi\u0163ia electoral\u0103, va candida el, Geoan\u0103 a r\u0103spuns: \u201eEste decizia partidului, nu este decizia mea\u201d. La insistene\u0163ele moderatorilor, care au men\u0163ionat c\u0103 \u00een primul r\u00e2nd trebuie s\u0103 vrea el, Geoan\u0103 a spus: \u201eMai exist\u0103 vreo urm\u0103 de \u00eendoial\u0103 fa\u0163\u0103 de cineva care a candidat \u015fi a ob\u0163inut at\u00e2t de multe voturi \u015fi care a c\u00e2\u015ftigat alegerile \u00een Rom\u00e2nia c\u0103 nu este un obiectiv firesc pentru mine? Da! Dar acest lucru nu \u00eenseamn\u0103 c\u0103 dorin\u0163a noastr\u0103 de a da viitorul pre\u015fedinte al Rom\u00e2niei trebuie s\u0103 se loveasc\u0103 de orgoliile noastre personale \u015fi de concurs de frumuse\u0163e\u201d.<\/p>\n<p data-index=\"6\">\u201e\u015ei dac\u0103 Victor Ponta decide c\u0103 vrea s\u0103 candideze, \u00eel vom sprijini cu to\u0163ii, dac\u0103 el hot\u0103r\u0103\u015fte s\u0103 nu candideze, ne \u00eendrept\u0103m c\u0103tre urm\u0103torul candidat, numele meu este acolo, este explicit spus chiar de c\u0103tre pre\u015fedintele partidului\u201d, a continuat el.<\/p>\n<\/div>\n<p> Source URL: https:\/\/www.digi24.ro\/stiri\/actualitate\/politica\/mircea-geoana-despre-prezidentiale-inteleg-dilema-lui-v-ponta-e-tanar-daca-nu-va-candida-numele-meu-este-pe-liste-215087<\/p>\n","protected":false},"excerpt":{"rendered":"<p>\u201eEu sunt absolut convins de faptul c\u0103 PSD trebuie s\u0103 aib\u0103 candidat la prezieden\u0163iale. (&#8230;) Ar fi nenatural, nefiresc ca PSD s\u0103 nu aib\u0103 candidat\u201d, a spus Mircea Geoan\u0103, la o emisiune TV. El a men\u0163ionat c\u0103 \u00een acest moment \u00een PSD sunt dou\u0103 nume &#8211; Victor Ponta \u015fi Mircea Geoan\u0103- cu atributele \u015fi sus\u0163inerea [&hellip;]<\/p>\n","protected":false},"author":1,"featured_media":209458,"comment_status":"open","ping_status":"","sticky":false,"template":"","format":"standard","meta":{"footnotes":""},"categories":[2],"tags":[11],"class_list":["post-209457","post","type-post","status-publish","format-standard","has-post-thumbnail","hentry","category-politics","tag-digi24"],"_links":{"self":[{"href":"https:\/\/analyse.optim.biz\/index.php?rest_route=\/wp\/v2\/posts\/209457","targetHints":{"allow":["GET"]}}],"collection":[{"href":"https:\/\/analyse.optim.biz\/index.php?rest_route=\/wp\/v2\/posts"}],"about":[{"href":"https:\/\/analyse.optim.biz\/index.php?rest_route=\/wp\/v2\/types\/post"}],"author":[{"embeddable":true,"href":"https:\/\/analyse.optim.biz\/index.php?rest_route=\/wp\/v2\/users\/1"}],"replies":[{"embeddable":true,"href":"https:\/\/analyse.optim.biz\/index.php?rest_route=%2Fwp%2Fv2%2Fcomments&post=209457"}],"version-history":[{"count":0,"href":"https:\/\/analyse.optim.biz\/index.php?rest_route=\/wp\/v2\/posts\/209457\/revisions"}],"wp:featuredmedia":[{"embeddable":true,"href":"https:\/\/analyse.optim.biz\/index.php?rest_route=\/wp\/v2\/media\/209458"}],"wp:attachment":[{"href":"https:\/\/analyse.optim.biz\/index.php?rest_route=%2Fwp%2Fv2%2Fmedia&parent=209457"}],"wp:term":[{"taxonomy":"category","embeddable":true,"href":"https:\/\/analyse.optim.biz\/index.php?rest_route=%2Fwp%2Fv2%2Fcategories&post=209457"},{"taxonomy":"post_tag","embeddable":true,"href":"https:\/\/analyse.optim.biz\/index.php?rest_route=%2Fwp%2Fv2%2Ftags&post=209457"}],"curies":[{"name":"wp","href":"https:\/\/api.w.org\/{rel}","templated":true}]}}