{"id":2094566,"date":"2026-08-14T06:44:51","date_gmt":"2026-08-14T03:44:51","guid":{"rendered":"https:\/\/analyse.optim.biz\/?p=2094566"},"modified":"2026-08-14T06:44:51","modified_gmt":"2026-08-14T03:44:51","slug":"soferul-care-a-provocat-accidentul-cu-2-morti-din-centrul-brasovului-retinut","status":"publish","type":"post","link":"https:\/\/analyse.optim.biz\/?p=2094566","title":{"rendered":"\u0218oferul care a provocat accidentul cu 2 mor\u021bi din centrul Bra\u0219ovului, re\u021binut!"},"content":{"rendered":"<p>[analyse_image type=&#8221;featured&#8221; src=&#8221;https:\/\/60m.ro\/wp-content\/uploads\/2026\/08\/accident-grav-brasov.webp&#8221;]<\/p>\n<div class=\"articleBody\" data-key=\"articleBody\">\n\u0218oferul din Bra\u0219ov care a provocat accidentul soldat cu doi mor\u021bi \u0219i r\u0103nirea grav\u0103 a unei alte persoane a fost re\u021binut, vineri diminea\u021b\u0103, dup\u0103 ultimele descoperiri ale Poli\u021biei.<\/p>\n<p>Potrivit surselor citate de Realitatea Plus, poli\u021bi\u0219tii bra\u0219oveni au descoperit c\u0103 b\u0103rbatul \u0219tia, de fapt, boala de care sufer\u0103, dar \u00eentrerupsese tratamentul pentru epilepsie.<\/p>\n<p>\u00cen primul interviu acordat dup\u0103 tragedie, conduc\u0103torul auto a afirmat c\u0103 a refuzat s\u0103 r\u0103m\u00e2n\u0103 \u00eenternat, de\u0219i a suferit \u0219i el leziuni destul de grave, invoc\u00e2nd c\u0103 &#8220;nu merit\u0103 s\u0103 fie tratat&#8221;.\n<\/p><\/div>\n<p>[analyse_source url=&#8221;https:\/\/60m.ro\/soferul-care-a-provocat-accidentul-cu-2-morti-din-centrul-brasovului-retinut\/&#8221;]<\/p>\n","protected":false},"excerpt":{"rendered":"<p>[analyse_image type=&#8221;featured&#8221; src=&#8221;https:\/\/60m.ro\/wp-content\/uploads\/2026\/08\/accident-grav-brasov.webp&#8221;] \u0218oferul din Bra\u0219ov care a provocat accidentul soldat cu doi mor\u021bi \u0219i r\u0103nirea grav\u0103 a unei alte persoane a fost re\u021binut, vineri diminea\u021b\u0103, dup\u0103 ultimele descoperiri ale Poli\u021biei. Potrivit surselor citate de Realitatea Plus, poli\u021bi\u0219tii bra\u0219oveni au descoperit c\u0103 b\u0103rbatul \u0219tia, de fapt, boala de care sufer\u0103, dar \u00eentrerupsese tratamentul pentru epilepsie. [&hellip;]<\/p>\n","protected":false},"author":1,"featured_media":0,"comment_status":"open","ping_status":"","sticky":false,"template":"","format":"standard","meta":{"footnotes":""},"categories":[89],"tags":[100,226],"class_list":["post-2094566","post","type-post","status-publish","format-standard","hentry","category-romania","tag-60m-ro","tag-crawlmanager"],"_links":{"self":[{"href":"https:\/\/analyse.optim.biz\/index.php?rest_route=\/wp\/v2\/posts\/2094566","targetHints":{"allow":["GET"]}}],"collection":[{"href":"https:\/\/analyse.optim.biz\/index.php?rest_route=\/wp\/v2\/posts"}],"about":[{"href":"https:\/\/analyse.optim.biz\/index.php?rest_route=\/wp\/v2\/types\/post"}],"author":[{"embeddable":true,"href":"https:\/\/analyse.optim.biz\/index.php?rest_route=\/wp\/v2\/users\/1"}],"replies":[{"embeddable":true,"href":"https:\/\/analyse.optim.biz\/index.php?rest_route=%2Fwp%2Fv2%2Fcomments&post=2094566"}],"version-history":[{"count":0,"href":"https:\/\/analyse.optim.biz\/index.php?rest_route=\/wp\/v2\/posts\/2094566\/revisions"}],"wp:attachment":[{"href":"https:\/\/analyse.optim.biz\/index.php?rest_route=%2Fwp%2Fv2%2Fmedia&parent=2094566"}],"wp:term":[{"taxonomy":"category","embeddable":true,"href":"https:\/\/analyse.optim.biz\/index.php?rest_route=%2Fwp%2Fv2%2Fcategories&post=2094566"},{"taxonomy":"post_tag","embeddable":true,"href":"https:\/\/analyse.optim.biz\/index.php?rest_route=%2Fwp%2Fv2%2Ftags&post=2094566"}],"curies":[{"name":"wp","href":"https:\/\/api.w.org\/{rel}","templated":true}]}}