{"id":209454,"date":"2014-03-16T11:21:34","date_gmt":"2014-03-16T08:21:34","guid":{"rendered":"https:\/\/analyse.optim.biz\/?p=209454"},"modified":"2014-03-16T11:21:34","modified_gmt":"2014-03-16T08:21:34","slug":"traian-basescu-la-restaurant-dupa-mitingul-miscarii-populare","status":"publish","type":"post","link":"https:\/\/analyse.optim.biz\/?p=209454","title":{"rendered":"Traian B\u0103sescu, la restaurant, dup\u0103 mitingul Mi\u015fc\u0103rii Populare"},"content":{"rendered":"<div class=\"entry data-app-meta data-app-meta-article\" data-embed-base-url-canonical=\"https:\/\/www.digi24.ro\/embed\/stiri\/actualitate\/politica\/traian-basescu-la-restaurant-dupa-mitingul-miscarii-populare-215091\">\n<p data-index=\"1\"><img decoding=\"async\" src=\"https:\/\/analyse.optim.biz\/wp-content\/uploads\/2024\/09\/odawjmhhc2g9zmm0mgjhm2vjztiwzwzjnjblnzq1oti5zwrimmvmyty-thumb_.jpg\" data-skip-htmlfix=\"1\" title=\"odawjmhhc2g9zmm0mgjhm2vjztiwzwzjnjblnzq1oti5zwrimmvmyty-thumb_\"><\/p>\n<p data-index=\"2\">\u201eB\u0103sescu \u015fi Adrian Papahagi, dup\u0103 mitingul Mi\u015fc\u0103rii Populare\u201d, a notat Preda l\u00e2ng\u0103 aceast\u0103 fotografie, \u00een care poate fi v\u0103zut \u015fi Theodor Paleologu, cadrul fiind acela al unui restaurant.<\/p>\n<p data-index=\"3\">\u201eAdev\u0103ratul lux: un europarlamentar ca fotograf&#8221;, a comentat Adrian Papahagi, la pu\u0163in timp dup\u0103 ce a fost postat\u0103 aceast\u0103 imagine. \u201eL\u0103sa\u021bi specula\u021biile. Ne-am str\u00e2ns m\u00e2na cu mare simpatie \u0219i c\u0103ldur\u0103, ca de-obicei\u201d, a mai scris Papahagi, r\u0103spunz\u00e2nd unora dintre cei care au postat la r\u00e2ndul lor comentarii pe pagina de Facebook a lui Preda.<\/p>\n<p data-index=\"4\"><strong><a href=\"https:\/\/www.digi24.ro\/Stiri\/Digi24\/Actualitate\/Politica\/PMP+organizeaza+astazi+un+protest+in+Capitala+fata+de+acciza+la+\" target=\"_blank\" data-skip-linkfix=\"1\" rel=\"noopener\">Partidul Mi\u015fcarea Popular\u0103<\/a><\/strong> a organizat, s\u00e2mb\u0103t\u0103, \u00een Capital\u0103, un protest fa\u0163\u0103 de introducerea accizei suplimentare la combustibil, mitingul din Pia\u0163a George Enescu, la care au luat cuv\u00e2ntul reprezentan\u0163i ai PMP \u015fi ai Funda\u0163iei Mi\u015fcarea Popular\u0103, continu\u00e2nd cu un mar\u015f p\u00e2n\u0103 \u00een Pia\u0163a Victoriei, \u00een fa\u0163a sediului Guvernului.<\/p>\n<p data-index=\"5\">\u00centre cei care au urcat pe scena amenajat\u0103 \u00een Pia\u0163a George Enescu s-au num\u0103rat Eugen Tomac, Elena Udrea, Cristian Preda, Marian Preda, Daniel Funeriu, Teodor Baconschi, Theodor Paleologu, Gheorghe \u015etefan, Florin Popescu, Adrian Papahagi.<\/p>\n<p data-index=\"6\">Pre\u015fedintele <strong>Traian B\u0103sescu<\/strong> a semnat, vineri, \u00een zona Eroilor, la unul din corturile de campanie ale PMP, peti\u0163ia pentru respingerea taxei suplimentare la carburant pe care Guvernul dore\u015fte s\u0103 o introduc\u0103. El a spus c\u0103 a promis c\u0103 va semna peti\u0163ia PMP \u00eempotriva taxei suplimentare la carburant, dar nu va participa la mitingul pe aceast\u0103 tem\u0103 organizat s\u00e2mb\u0103t\u0103 de PMP.<\/p>\n<\/div>\n<p> Source URL: https:\/\/www.digi24.ro\/stiri\/actualitate\/politica\/traian-basescu-la-restaurant-dupa-mitingul-miscarii-populare-215091<\/p>\n","protected":false},"excerpt":{"rendered":"<p>\u201eB\u0103sescu \u015fi Adrian Papahagi, dup\u0103 mitingul Mi\u015fc\u0103rii Populare\u201d, a notat Preda l\u00e2ng\u0103 aceast\u0103 fotografie, \u00een care poate fi v\u0103zut \u015fi Theodor Paleologu, cadrul fiind acela al unui restaurant. \u201eAdev\u0103ratul lux: un europarlamentar ca fotograf&#8221;, a comentat Adrian Papahagi, la pu\u0163in timp dup\u0103 ce a fost postat\u0103 aceast\u0103 imagine. \u201eL\u0103sa\u021bi specula\u021biile. Ne-am str\u00e2ns m\u00e2na cu mare [&hellip;]<\/p>\n","protected":false},"author":1,"featured_media":209455,"comment_status":"open","ping_status":"","sticky":false,"template":"","format":"standard","meta":{"footnotes":""},"categories":[2],"tags":[11],"class_list":["post-209454","post","type-post","status-publish","format-standard","has-post-thumbnail","hentry","category-politics","tag-digi24"],"_links":{"self":[{"href":"https:\/\/analyse.optim.biz\/index.php?rest_route=\/wp\/v2\/posts\/209454","targetHints":{"allow":["GET"]}}],"collection":[{"href":"https:\/\/analyse.optim.biz\/index.php?rest_route=\/wp\/v2\/posts"}],"about":[{"href":"https:\/\/analyse.optim.biz\/index.php?rest_route=\/wp\/v2\/types\/post"}],"author":[{"embeddable":true,"href":"https:\/\/analyse.optim.biz\/index.php?rest_route=\/wp\/v2\/users\/1"}],"replies":[{"embeddable":true,"href":"https:\/\/analyse.optim.biz\/index.php?rest_route=%2Fwp%2Fv2%2Fcomments&post=209454"}],"version-history":[{"count":0,"href":"https:\/\/analyse.optim.biz\/index.php?rest_route=\/wp\/v2\/posts\/209454\/revisions"}],"wp:featuredmedia":[{"embeddable":true,"href":"https:\/\/analyse.optim.biz\/index.php?rest_route=\/wp\/v2\/media\/209455"}],"wp:attachment":[{"href":"https:\/\/analyse.optim.biz\/index.php?rest_route=%2Fwp%2Fv2%2Fmedia&parent=209454"}],"wp:term":[{"taxonomy":"category","embeddable":true,"href":"https:\/\/analyse.optim.biz\/index.php?rest_route=%2Fwp%2Fv2%2Fcategories&post=209454"},{"taxonomy":"post_tag","embeddable":true,"href":"https:\/\/analyse.optim.biz\/index.php?rest_route=%2Fwp%2Fv2%2Ftags&post=209454"}],"curies":[{"name":"wp","href":"https:\/\/api.w.org\/{rel}","templated":true}]}}