{"id":2094539,"date":"2026-08-14T10:12:58","date_gmt":"2026-08-14T07:12:58","guid":{"rendered":"https:\/\/analyse.optim.biz\/?p=2094539"},"modified":"2026-08-14T10:12:58","modified_gmt":"2026-08-14T07:12:58","slug":"o-drona-s-a-prabusit-langa-luncavita-la-5-km-de-granita-cu-ucraina-alerta-aeriana-a-incetat","status":"publish","type":"post","link":"https:\/\/analyse.optim.biz\/?p=2094539","title":{"rendered":"O dron\u0103 s-a pr\u0103bu\u0219it l\u00e2ng\u0103 Luncavi\u021ba, la 5 km de grani\u021ba cu Ucraina \/ Alerta aerian\u0103 a \u00eencetat"},"content":{"rendered":"<p>[analyse_image type=&#8221;featured&#8221; src=&#8221;https:\/\/60m.ro\/wp-content\/uploads\/2026\/08\/screenshot-2026-07-23-123743-1024&#215;631-1.webp&#8221;]<\/p>\n<div class=\"articleBody\" data-key=\"articleBody\">\nUPDATE: MApN confirm\u0103 c\u0103 drona s-a pr\u0103bu\u0219it \u00een apropiere de Luncavi\u021ba. Alerta aerian\u0103 a \u00eencetat<\/p>\n<p>Ministerul Ap\u0103r\u0103rii Na\u021bionale a fost informat, vineri, despre o dron\u0103 c\u0103zut\u0103 \u00een zona localit\u0103\u021bii Luncavi\u021ba, jude\u021bul Tulcea, la aproximativ 5 kilometri de frontiera cu Ucraina.<\/p>\n<p>Potrivit MApN, drona nu a fost detectat\u0103 de sistemele de supraveghere radar, \u00eentruc\u00e2t aceasta a evoluat la o \u00een\u0103l\u021bime foarte mic\u0103.<\/p>\n<p>Drona s-a pr\u0103bu\u0219it \u00eentr-o zon\u0103 \u00eemp\u0103durit\u0103 \u0219i, conform informa\u021biilor preliminare, nu au fost \u00eenregistrate victime sau pagube materiale.<\/p>\n<p>O echip\u0103 a Ministerului Ap\u0103r\u0103rii Na\u021bionale, cu un elicopter IAR PUMA 330 SOCAT, urmeaz\u0103 s\u0103 cerceteze zona pentru verificarea situa\u021biei \u0219i stabilirea circumstan\u021belor incidentului.<\/p>\n<p>Alerta aerian\u0103 instituit\u0103 \u00een nordul jude\u021bului Tulcea a \u00eencetat la ora 12:30.<\/p>\n<p>UPDATE: C\u0103ut\u0103ri \u00een zona Greci din Tulcea pentru identificarea locului \u00een care s-ar fi pr\u0103bu\u0219it drona<\/p>\n<p>Echipele ISU Tulcea \u0219i rangeri din zon\u0103 continu\u0103 c\u0103ut\u0103rile pentru identificarea exact\u0103 a locului \u00een care s-ar fi pr\u0103bu\u0219it drona observat\u0103 \u00een apropierea localit\u0103\u021bii Luncavi\u021ba, jude\u021bul Tulcea.<\/p>\n<p>Potrivit informa\u021biilor transmise de ISU Tulcea, drona ar fi fost observat\u0103 \u00een apropierea localit\u0103\u021bii Luncavi\u021ba \u0219i s-ar fi pr\u0103bu\u0219it \u00een zona Cet\u0103\u021buia, \u00een apropierea unei cariere. \u00cen urma pr\u0103bu\u0219irii ar fi avut loc o explozie, urmat\u0103 de un incendiu.<\/p>\n<p>La fa\u021ba locului a fost trimis un echipaj format din cinci subofi\u021beri din cadrul Sec\u021biei de Pompieri M\u0103cin, cu o autospecial\u0103 de stingere. \u00cen prezent, incendiul nu mai este vizibil, iar pompierii efectueaz\u0103 verific\u0103ri \u0219i c\u0103ut\u0103ri pentru a localiza exact zona \u00een care ar fi ajuns drona.<\/p>\n<p>Ulterior, \u00een opera\u021biunea de c\u0103utare au fost implicate \u0219i echipe ale ISU Tulcea \u2013 Sec\u021bia M\u0103cin, precum \u0219i rangeri din zon\u0103. Verific\u0103rile se desf\u0103\u0219oar\u0103 \u00een partea localit\u0103\u021bii Greci, \u00een jude\u021bul Tulcea.<\/p>\n<p>\u00cen acest moment, misiunea este \u00een desf\u0103\u0219urare, iar autorit\u0103\u021bile \u00eencearc\u0103 s\u0103 stabileasc\u0103 locul exact al pr\u0103bu\u0219irii \u0219i circumstan\u021bele incidentului. ISU Tulcea a precizat c\u0103 va reveni cu informa\u021bii pe m\u0103sur\u0103 ce acestea vor fi disponibile.<\/p>\n<p>\u0218tirea ini\u021bial\u0103<\/p>\n<p>Un mesaj RO-Alert a fost emis, vineri, pentru zona de est a jude\u021bului Gala\u021bi \u0219i pentru jude\u021bul Tulcea, prin care popula\u021bia este avertizat\u0103 cu privire la posibilitatea c\u0103derii unor obiecte din spa\u021biul aerian.<\/p>\n<p>\u201eP\u0103stra\u021bi-v\u0103 calmul! Ad\u0103posti\u021bi-v\u0103 \u00een beciuri sau ad\u0103posturi de protec\u021bie civil\u0103. \u00cen lipsa unui ad\u0103post, r\u0103m\u00e2ne\u021bi \u00een interiorul casei, departe de geamuri \u0219i pere\u021bi exteriori\u201d, se arat\u0103 \u00een mesajul transmis de IGSU. Durata estimat\u0103 a alertei este de 90 de minute.<\/p>\n<p>P\u00e2n\u0103 \u00een acest moment, nu exist\u0103 informa\u021bii privind p\u0103trunderea unei drone pe teritoriul jude\u021bului Gala\u021bi. De asemenea, pe dispeceratul 112 Gala\u021bi nu au fost \u00eenregistrate apeluri referitoare la drone sau la alte evenimente conexe.<\/p>\n<p>Autorit\u0103\u021bile monitorizeaz\u0103 situa\u021bia.<\/p>\n<p>Gala\u021bi, vizat \u0219i \u00een trecut de incidente cu drone<\/p>\n<p>Zona Gala\u021biului a mai fost vizat\u0103 de alerte \u00een contextul atacurilor ruse\u0219ti asupra unor obiective din Ucraina, \u00een apropierea frontierei Rom\u00e2niei.<\/p>\n<p>Pe 29 mai 2026, o dron\u0103 ruseasc\u0103 de tip Geran-2 a intrat \u00een spa\u021biul aerian rom\u00e2nesc \u0219i s-a pr\u0103bu\u0219it peste un bloc de locuin\u021be din municipiul Gala\u021bi.<\/p>\n<p>\u00cen urma incidentului, dou\u0103 persoane au fost r\u0103nite.\n<\/p><\/div>\n<p>[analyse_source url=&#8221;https:\/\/60m.ro\/o-drona-s-a-prabusit-langa-luncavita-la-5-km-de-granita-cu-ucraina-alerta-aeriana-a-incetat\/&#8221;]<\/p>\n","protected":false},"excerpt":{"rendered":"<p>[analyse_image type=&#8221;featured&#8221; src=&#8221;https:\/\/60m.ro\/wp-content\/uploads\/2026\/08\/screenshot-2026-07-23-123743-1024&#215;631-1.webp&#8221;] UPDATE: MApN confirm\u0103 c\u0103 drona s-a pr\u0103bu\u0219it \u00een apropiere de Luncavi\u021ba. Alerta aerian\u0103 a \u00eencetat Ministerul Ap\u0103r\u0103rii Na\u021bionale a fost informat, vineri, despre o dron\u0103 c\u0103zut\u0103 \u00een zona localit\u0103\u021bii Luncavi\u021ba, jude\u021bul Tulcea, la aproximativ 5 kilometri de frontiera cu Ucraina. Potrivit MApN, drona nu a fost detectat\u0103 de sistemele de supraveghere radar, [&hellip;]<\/p>\n","protected":false},"author":1,"featured_media":0,"comment_status":"open","ping_status":"","sticky":false,"template":"","format":"standard","meta":{"footnotes":""},"categories":[89],"tags":[100,226],"class_list":["post-2094539","post","type-post","status-publish","format-standard","hentry","category-romania","tag-60m-ro","tag-crawlmanager"],"_links":{"self":[{"href":"https:\/\/analyse.optim.biz\/index.php?rest_route=\/wp\/v2\/posts\/2094539","targetHints":{"allow":["GET"]}}],"collection":[{"href":"https:\/\/analyse.optim.biz\/index.php?rest_route=\/wp\/v2\/posts"}],"about":[{"href":"https:\/\/analyse.optim.biz\/index.php?rest_route=\/wp\/v2\/types\/post"}],"author":[{"embeddable":true,"href":"https:\/\/analyse.optim.biz\/index.php?rest_route=\/wp\/v2\/users\/1"}],"replies":[{"embeddable":true,"href":"https:\/\/analyse.optim.biz\/index.php?rest_route=%2Fwp%2Fv2%2Fcomments&post=2094539"}],"version-history":[{"count":0,"href":"https:\/\/analyse.optim.biz\/index.php?rest_route=\/wp\/v2\/posts\/2094539\/revisions"}],"wp:attachment":[{"href":"https:\/\/analyse.optim.biz\/index.php?rest_route=%2Fwp%2Fv2%2Fmedia&parent=2094539"}],"wp:term":[{"taxonomy":"category","embeddable":true,"href":"https:\/\/analyse.optim.biz\/index.php?rest_route=%2Fwp%2Fv2%2Fcategories&post=2094539"},{"taxonomy":"post_tag","embeddable":true,"href":"https:\/\/analyse.optim.biz\/index.php?rest_route=%2Fwp%2Fv2%2Ftags&post=2094539"}],"curies":[{"name":"wp","href":"https:\/\/api.w.org\/{rel}","templated":true}]}}