{"id":2094525,"date":"2026-08-14T18:55:26","date_gmt":"2026-08-14T15:55:26","guid":{"rendered":"https:\/\/analyse.optim.biz\/?p=2094525"},"modified":"2026-08-14T18:55:26","modified_gmt":"2026-08-14T15:55:26","slug":"tabara-urbana-vacanta-de-vara-2026-deschisa-in-parcul-tineretului","status":"publish","type":"post","link":"https:\/\/analyse.optim.biz\/?p=2094525","title":{"rendered":"\u201eTab\u0103ra Urban\u0103, Vacan\u021ba de var\u0103 2026\u201d deschis\u0103 \u00een Parcul Tineretului"},"content":{"rendered":"<p>[analyse_image type=&#8221;featured&#8221; src=&#8221;https:\/\/www.tvbuzau.ro\/wp-content\/uploads\/2026\/08\/maxresdefault-3.jpghttps:\/\/www.tvbuzau.ro\/wp-content\/uploads\/2026\/08\/maxresdefault-3.jpg&#8221;]<\/p>\n<div class=\"td-ss-main-content\">\n<article id=\"post-120048\" class=\"post-120048 post type-post status-publish format-video has-post-thumbnail hentry category-actualitate post_format-post-format-video\">\n<div class=\"td-post-header\">\n<ul class=\"td-category\">\n<li class=\"entry-category\"><a href=\"https:\/\/www.tvbuzau.ro\/category\/actualitate\/\">Actualitate<\/a><\/li>\n<\/ul>\n<header class=\"td-post-title\">\n<h1 class=\"entry-title\">\u201eTab\u0103ra Urban\u0103, Vacan\u021ba de var\u0103 2026\u201d deschis\u0103 \u00een Parcul Tineretului<\/h1>\n<div class=\"td-module-meta-info\">\n<div class=\"td-post-author-name\">De c\u0103tre <a href=\"https:\/\/www.tvbuzau.ro\/author\/mihai-vasilescu\/\">TV Buz\u0103u<\/a> &#8211; <\/div>\n<p><span class=\"td-post-date\"><time class=\"entry-date updated td-module-date\" datetime=\"2026-08-14T18:55:26+00:00\">august 14, 2026<\/time><\/span><\/p>\n<div class=\"td-post-comments\"><a href=\"https:\/\/www.tvbuzau.ro\/tabara-urbana-vacanta-de-vara-2026-deschisa-in-parcul-tineretului\/#respond\">0<\/a><\/div>\n<div class=\"td-post-views\"><span class=\"td-nr-views-120048\">13<\/span><\/div>\n<\/div>\n<\/header>\n<\/div>\n<div class=\"td-post-sharing td-post-sharing-top td-with-like\">\n<div class=\"td-default-sharing\"><a class=\"td-social-sharing-buttons td-social-facebook\" href=\"http:\/\/www.facebook.com\/sharer.php?u=https%3A%2F%2Fwww.tvbuzau.ro%2Ftabara-urbana-vacanta-de-vara-2026-deschisa-in-parcul-tineretului%2F\"><\/p>\n<div class=\"td-social-but-text\">Distribui\u021bi pe Facebook<\/div>\n<p><\/a><a class=\"td-social-sharing-buttons td-social-twitter\" href=\"https:\/\/twitter.com\/intent\/tweet?text=%E2%80%9ETab%C4%83ra+Urban%C4%83%2C+Vacan%C8%9Ba+de+var%C4%83+2026%E2%80%9D+deschis%C4%83+%C3%AEn+Parcul+Tineretului&amp;url=https%3A%2F%2Fwww.tvbuzau.ro%2Ftabara-urbana-vacanta-de-vara-2026-deschisa-in-parcul-tineretului%2F&amp;via=TV+Buz%C4%83u\"><\/p>\n<div class=\"td-social-but-text\">Distribui\u021bi pe Twitter<\/div>\n<p><\/a><\/div>\n<div class=\"td-classic-sharing\">\n<ul>\n<li class=\"td-classic-facebook\"><iframe frameborder src=\"https:\/\/www.facebook.com\/plugins\/like.php?href=https:\/\/www.tvbuzau.ro\/tabara-urbana-vacanta-de-vara-2026-deschisa-in-parcul-tineretului\/&amp;layout=button_count&amp;show_faces=false&amp;width=105&amp;action=like&amp;colorscheme=light&amp;height=21\"><\/iframe><\/li>\n<li class=\"td-classic-twitter\"><a href=\"https:\/\/twitter.com\/share\" class=\"twitter-share-button\" data-url=\"https:\/\/www.tvbuzau.ro\/tabara-urbana-vacanta-de-vara-2026-deschisa-in-parcul-tineretului\/\" data-text=\"\u201eTab\u0103ra Urban\u0103, Vacan\u021ba de var\u0103 2026\u201d deschis\u0103 \u00een Parcul Tineretului\" data-via data-lang=\"en\">tweet<\/a><\/li>\n<\/ul>\n<\/div>\n<\/div>\n<div class=\"td-post-content\">\n<div class=\"td-featured-image-rec\">\n<div class=\"wpb_video_wrapper\">\n                    <iframe loading=\"lazy\" id=\"td_youtube_player\" width=\"600\" height=\"560\" src=\"https:\/\/www.youtube.com\/embed\/dPubsEYFqNA?enablejsapi=1&amp;feature=oembed&amp;wmode=opaque&amp;vq=hd720\" frameborder allowfullscreen><\/iframe><\/p><\/div>\n<\/div>\n<p>Despre permacultur\u0103 \u015fi hran\u0103 s\u0103n\u0103toas\u0103<br \/>\nLa Buz\u0103u, \u00een Parcul Marghiloman, la Centrul Educa\u021bional pentru Permacultur\u0103 \u0219i Hran\u0103 S\u0103n\u0103toas\u0103 s-au deschis ,,Casa Gr\u0103dinarului\u201d \u015fi ,,Tab\u0103ra Urban\u0103, Vacan\u021ba de var\u0103 2026\u201d, ce se va desf\u0103\u0219ura p\u00e2n\u0103 \u00een data de 4 septembrie.<br \/>\nCei 200 de copii \u00eenscri\u0219i vor \u00eenv\u0103\u021ba s\u0103 descopere natura, s\u0103 \u00eenve\u021be prin experien\u021b\u0103 \u0219i s\u0103 creeze un viitor verde.<br \/>\nPrim\u0103ria Buz\u0103u a ini\u021biat de mai mul\u021bi ani, proiecte \u00een domeniul educa\u021biei, care s\u0103 completeze ceea ce deruleaz\u0103 oficial Ministerul Educa\u021biei \u0219i Cercet\u0103rii. Printre ele ,,\u0218coala din Parc\u201d, ,,Buz\u0103ul cite\u0219te\u201d, ,,Back to school\u201d, ,,Personalit\u0103\u021bi buzoiene de ieri \u0219i de azi\u201d, ,,Adservio \u2013 platforma complet\u0103 pentru manangement \u0219colar\u201d.<br \/>\nProiectul a fost inaugurat \u00een acest an, pe 25 martie, \u00een prezen\u021ba fostul pre\u0219edinte al Academiei Rom\u00e2ne, academicianul Ioan Aurel Pop \u0219i a actualului pre\u0219edinte al Academiei Rom\u00e2ne, academicianul Marius Andruh.<\/p>\n<div class=\"post-views post-120048 entry-meta\"><span class=\"post-views-label\">Post Views: <\/span><span class=\"post-views-count\">121<\/span><\/div>\n<\/div>\n<footer>\n<div class=\"td-post-sharing td-post-sharing-bottom td-with-like\"><span class=\"td-post-share-title\">DISTRIBUI\u021aI<\/span><\/p>\n<div class=\"td-default-sharing\"><a class=\"td-social-sharing-buttons td-social-facebook\" href=\"http:\/\/www.facebook.com\/sharer.php?u=https%3A%2F%2Fwww.tvbuzau.ro%2Ftabara-urbana-vacanta-de-vara-2026-deschisa-in-parcul-tineretului%2F\"><\/p>\n<div class=\"td-social-but-text\">Facebook<\/div>\n<p><\/a><a class=\"td-social-sharing-buttons td-social-twitter\" href=\"https:\/\/twitter.com\/intent\/tweet?text=%E2%80%9ETab%C4%83ra+Urban%C4%83%2C+Vacan%C8%9Ba+de+var%C4%83+2026%E2%80%9D+deschis%C4%83+%C3%AEn+Parcul+Tineretului&amp;url=https%3A%2F%2Fwww.tvbuzau.ro%2Ftabara-urbana-vacanta-de-vara-2026-deschisa-in-parcul-tineretului%2F&amp;via=TV+Buz%C4%83u\"><\/p>\n<div class=\"td-social-but-text\">Twitter<\/div>\n<p><\/a><\/div>\n<div class=\"td-classic-sharing\">\n<ul>\n<li class=\"td-classic-facebook\"><iframe frameborder src=\"https:\/\/www.facebook.com\/plugins\/like.php?href=https:\/\/www.tvbuzau.ro\/tabara-urbana-vacanta-de-vara-2026-deschisa-in-parcul-tineretului\/&amp;layout=button_count&amp;show_faces=false&amp;width=105&amp;action=like&amp;colorscheme=light&amp;height=21\"><\/iframe><\/li>\n<li class=\"td-classic-twitter\"><a href=\"https:\/\/twitter.com\/share\" class=\"twitter-share-button\" data-url=\"https:\/\/www.tvbuzau.ro\/tabara-urbana-vacanta-de-vara-2026-deschisa-in-parcul-tineretului\/\" data-text=\"\u201eTab\u0103ra Urban\u0103, Vacan\u021ba de var\u0103 2026\u201d deschis\u0103 \u00een Parcul Tineretului\" data-via data-lang=\"en\">tweet<\/a><\/li>\n<\/ul>\n<\/div>\n<\/div>\n<div class=\"td-author-name vcard author\"><span class=\"fn\"><a href=\"https:\/\/www.tvbuzau.ro\/author\/mihai-vasilescu\/\">TV Buz\u0103u<\/a><\/span><\/div>\n<p><span><\/span><span><span><\/span><\/span><span><\/span><\/footer>\n<\/article>\n<div class=\"td_block_wrap td_block_related_posts td_uid_1_6a7ffa2f66a8c_rand td_with_ajax_pagination td-pb-border-top\" data-td-block-uid=\"td_uid_1_6a7ffa2f66a8c\">\n<h4 class=\"td-related-title\"><a id=\"td_uid_2_6a7ffa2f6c008\" class=\"td-related-left td-cur-simple-item\" data-td_filter_value data-td_block_id=\"td_uid_1_6a7ffa2f66a8c\" href=\"https:\/\/www.tvbuzau.ro\/tabara-urbana-vacanta-de-vara-2026-deschisa-in-parcul-tineretului\/\">ARTICOLE SIMILARE<\/a><a id=\"td_uid_3_6a7ffa2f6c042\" class=\"td-related-right\" data-td_filter_value=\"td_related_more_from_author\" data-td_block_id=\"td_uid_1_6a7ffa2f66a8c\" href=\"https:\/\/www.tvbuzau.ro\/tabara-urbana-vacanta-de-vara-2026-deschisa-in-parcul-tineretului\/\">DE LA ACELA\u0218I AUTOR<\/a><\/h4>\n<div id=\"td_uid_1_6a7ffa2f66a8c\" class=\"td_block_inner\">\n<div class=\"td-related-row\">\n<div class=\"td-related-span4\">\n<div class=\"td_module_related_posts td-animation-stack td_mod_related_posts\">\n<div class=\"td-module-image\">\n<div class=\"td-module-thumb\"><a href=\"https:\/\/www.tvbuzau.ro\/sezon-impresionant-pentru-echipa-heart-of-robots\/\" rel=\"bookmark\" title=\"Sezon impresionant pentru echipa Heart of Robots\"><img loading=\"lazy\" decoding=\"async\" width=\"218\" height=\"150\" class=\"entry-thumb\" src=\"https:\/\/www.tvbuzau.ro\/wp-content\/uploads\/2026\/08\/hqdefault-18-218x150.jpg\" alt title=\"Sezon impresionant pentru echipa Heart of Robots\"><span class=\"td-video-play-ico\"><img loading=\"lazy\" decoding=\"async\" width=\"40\" height=\"40\" class=\"td-retina\" src=\"https:\/\/www.tvbuzau.ro\/wp-content\/themes\/Newspaper\/images\/icons\/ico-video-large.png\" alt=\"video\"><\/span><\/a><\/div>\n<p><a href=\"https:\/\/www.tvbuzau.ro\/category\/actualitate\/\" class=\"td-post-category\">Actualitate<\/a><\/div>\n<div class=\"item-details\">\n<h3 class=\"entry-title td-module-title\"><a href=\"https:\/\/www.tvbuzau.ro\/sezon-impresionant-pentru-echipa-heart-of-robots\/\" rel=\"bookmark\" title=\"Sezon impresionant pentru echipa Heart of Robots\">Sezon impresionant pentru echipa Heart of Robots<\/a><\/h3>\n<\/div>\n<\/div>\n<\/div>\n<div class=\"td-related-span4\">\n<div class=\"td_module_related_posts td-animation-stack td_mod_related_posts\">\n<div class=\"td-module-image\">\n<div class=\"td-module-thumb\"><a href=\"https:\/\/www.tvbuzau.ro\/20-000-de-buzoieni-au-ales-factura-verde-la-apa\/\" rel=\"bookmark\" title=\"20.000 de buzoieni au ales Factura Verde la ap\u0103\"><img loading=\"lazy\" decoding=\"async\" width=\"218\" height=\"150\" class=\"entry-thumb\" src=\"https:\/\/www.tvbuzau.ro\/wp-content\/uploads\/2026\/08\/hqdefault-17-218x150.jpg\" alt title=\"20.000 de buzoieni au ales Factura Verde la ap\u0103\"><span class=\"td-video-play-ico\"><img loading=\"lazy\" decoding=\"async\" width=\"40\" height=\"40\" class=\"td-retina\" src=\"https:\/\/www.tvbuzau.ro\/wp-content\/themes\/Newspaper\/images\/icons\/ico-video-large.png\" alt=\"video\"><\/span><\/a><\/div>\n<p><a href=\"https:\/\/www.tvbuzau.ro\/category\/actualitate\/\" class=\"td-post-category\">Actualitate<\/a><\/div>\n<div class=\"item-details\">\n<h3 class=\"entry-title td-module-title\"><a href=\"https:\/\/www.tvbuzau.ro\/20-000-de-buzoieni-au-ales-factura-verde-la-apa\/\" rel=\"bookmark\" title=\"20.000 de buzoieni au ales Factura Verde la ap\u0103\">20.000 de buzoieni au ales Factura Verde la ap\u0103<\/a><\/h3>\n<\/div>\n<\/div>\n<\/div>\n<div class=\"td-related-span4\">\n<div class=\"td_module_related_posts td-animation-stack td_mod_related_posts\">\n<div class=\"td-module-image\">\n<div class=\"td-module-thumb\"><a href=\"https:\/\/www.tvbuzau.ro\/cnair-a-dat-startul-campaniei-generatia-zero-accidente\/\" rel=\"bookmark\" title=\"CNAIR a dat startul campaniei \u201eGenera\u021bia Zero Accidente!\u201d\"><img loading=\"lazy\" decoding=\"async\" width=\"218\" height=\"150\" class=\"entry-thumb\" src=\"https:\/\/www.tvbuzau.ro\/wp-content\/uploads\/2026\/08\/sddefault-31-218x150.jpg\" alt title=\"CNAIR a dat startul campaniei \u201eGenera\u021bia Zero Accidente!\u201d\"><span class=\"td-video-play-ico\"><img loading=\"lazy\" decoding=\"async\" width=\"40\" height=\"40\" class=\"td-retina\" src=\"https:\/\/www.tvbuzau.ro\/wp-content\/themes\/Newspaper\/images\/icons\/ico-video-large.png\" alt=\"video\"><\/span><\/a><\/div>\n<p><a href=\"https:\/\/www.tvbuzau.ro\/category\/actualitate\/\" class=\"td-post-category\">Actualitate<\/a><\/div>\n<div class=\"item-details\">\n<h3 class=\"entry-title td-module-title\"><a href=\"https:\/\/www.tvbuzau.ro\/cnair-a-dat-startul-campaniei-generatia-zero-accidente\/\" rel=\"bookmark\" title=\"CNAIR a dat startul campaniei \u201eGenera\u021bia Zero Accidente!\u201d\">CNAIR a dat startul campaniei \u201eGenera\u021bia Zero Accidente!\u201d<\/a><\/h3>\n<\/div>\n<\/div>\n<\/div>\n<\/div>\n<div class=\"td-related-row\">\n<div class=\"td-related-span4\">\n<div class=\"td_module_related_posts td-animation-stack td_mod_related_posts\">\n<div class=\"td-module-image\">\n<div class=\"td-module-thumb\"><a href=\"https:\/\/www.tvbuzau.ro\/sute-de-buzoieni-au-mers-sa-vada-perseidele-2\/\" rel=\"bookmark\" title=\"Sute de buzoieni au mers s\u0103 vad\u0103 Perseidele\"><img loading=\"lazy\" decoding=\"async\" width=\"218\" height=\"150\" class=\"entry-thumb\" src=\"https:\/\/www.tvbuzau.ro\/wp-content\/uploads\/2026\/08\/maxresdefault-2-218x150.jpg\" alt title=\"Sute de buzoieni au mers s\u0103 vad\u0103 Perseidele\"><span class=\"td-video-play-ico\"><img loading=\"lazy\" decoding=\"async\" width=\"40\" height=\"40\" class=\"td-retina\" src=\"https:\/\/www.tvbuzau.ro\/wp-content\/themes\/Newspaper\/images\/icons\/ico-video-large.png\" alt=\"video\"><\/span><\/a><\/div>\n<p><a href=\"https:\/\/www.tvbuzau.ro\/category\/actualitate\/\" class=\"td-post-category\">Actualitate<\/a><\/div>\n<div class=\"item-details\">\n<h3 class=\"entry-title td-module-title\"><a href=\"https:\/\/www.tvbuzau.ro\/sute-de-buzoieni-au-mers-sa-vada-perseidele-2\/\" rel=\"bookmark\" title=\"Sute de buzoieni au mers s\u0103 vad\u0103 Perseidele\">Sute de buzoieni au mers s\u0103 vad\u0103 Perseidele<\/a><\/h3>\n<\/div>\n<\/div>\n<\/div>\n<div class=\"td-related-span4\">\n<div class=\"td_module_related_posts td-animation-stack td_mod_related_posts\">\n<div class=\"td-module-image\">\n<div class=\"td-module-thumb\"><a href=\"https:\/\/www.tvbuzau.ro\/sute-de-buzoieni-au-mers-sa-vada-perseidele\/\" rel=\"bookmark\" title=\"La Maternitatea Buz\u0103u al\u0103ptarea este sus\u021binut\u0103 de \u00eentreg colectivul de medici\"><img loading=\"lazy\" decoding=\"async\" width=\"218\" height=\"150\" class=\"entry-thumb\" src=\"https:\/\/www.tvbuzau.ro\/wp-content\/uploads\/2026\/08\/sddefault-30-218x150.jpg\" alt title=\"La Maternitatea Buz\u0103u al\u0103ptarea este sus\u021binut\u0103 de \u00eentreg colectivul de medici\"><span class=\"td-video-play-ico\"><img loading=\"lazy\" decoding=\"async\" width=\"40\" height=\"40\" class=\"td-retina\" src=\"https:\/\/www.tvbuzau.ro\/wp-content\/themes\/Newspaper\/images\/icons\/ico-video-large.png\" alt=\"video\"><\/span><\/a><\/div>\n<p><a href=\"https:\/\/www.tvbuzau.ro\/category\/actualitate\/\" class=\"td-post-category\">Actualitate<\/a><\/div>\n<div class=\"item-details\">\n<h3 class=\"entry-title td-module-title\"><a href=\"https:\/\/www.tvbuzau.ro\/sute-de-buzoieni-au-mers-sa-vada-perseidele\/\" rel=\"bookmark\" title=\"La Maternitatea Buz\u0103u al\u0103ptarea este sus\u021binut\u0103 de \u00eentreg colectivul de medici\">La Maternitatea Buz\u0103u al\u0103ptarea este sus\u021binut\u0103 de \u00eentreg colectivul de medici<\/a><\/h3>\n<\/div>\n<\/div>\n<\/div>\n<div class=\"td-related-span4\">\n<div class=\"td_module_related_posts td-animation-stack td_mod_related_posts\">\n<div class=\"td-module-image\">\n<div class=\"td-module-thumb\"><a href=\"https:\/\/www.tvbuzau.ro\/divizia-2-infanterie-getica-la-ceas-aniversar\/\" rel=\"bookmark\" title=\"Divizia 2 Infanterie \u201eGetica\u201d  la ceas aniversar\"><img loading=\"lazy\" decoding=\"async\" width=\"218\" height=\"150\" class=\"entry-thumb\" src=\"https:\/\/www.tvbuzau.ro\/wp-content\/uploads\/2026\/08\/maxresdefault-1-218x150.jpg\" alt title=\"Divizia 2 Infanterie \u201eGetica\u201d  la ceas aniversar\"><span class=\"td-video-play-ico\"><img loading=\"lazy\" decoding=\"async\" width=\"40\" height=\"40\" class=\"td-retina\" src=\"https:\/\/www.tvbuzau.ro\/wp-content\/themes\/Newspaper\/images\/icons\/ico-video-large.png\" alt=\"video\"><\/span><\/a><\/div>\n<p><a href=\"https:\/\/www.tvbuzau.ro\/category\/actualitate\/\" class=\"td-post-category\">Actualitate<\/a><\/div>\n<div class=\"item-details\">\n<h3 class=\"entry-title td-module-title\"><a href=\"https:\/\/www.tvbuzau.ro\/divizia-2-infanterie-getica-la-ceas-aniversar\/\" rel=\"bookmark\" title=\"Divizia 2 Infanterie \u201eGetica\u201d  la ceas aniversar\">Divizia 2 Infanterie \u201eGetica\u201d  la ceas aniversar<\/a><\/h3>\n<\/div>\n<\/div>\n<\/div>\n<\/div>\n<\/div>\n<\/div>\n<div class=\"comments\" id=\"comments\">\n<div id=\"respond\" class=\"comment-respond\">\n<h3 id=\"reply-title\" class=\"comment-reply-title\">L\u0102SA\u021aI UN MESAJ <small><a rel=\"nofollow\" id=\"cancel-comment-reply-link\" href=\"https:\/\/www.tvbuzau.ro\/tabara-urbana-vacanta-de-vara-2026-deschisa-in-parcul-tineretului\/#respond\">Renun\u021ba\u021bi la r\u0103spuns<\/a><\/small><\/h3>\n<\/div>\n<\/div>\n<\/div>\n<div class=\"td-post-content\">\n<div class=\"td-featured-image-rec\">\n<div class=\"wpb_video_wrapper\">\n                    <iframe loading=\"lazy\" id=\"td_youtube_player\" width=\"600\" height=\"560\" src=\"https:\/\/www.youtube.com\/embed\/dPubsEYFqNA?enablejsapi=1&amp;feature=oembed&amp;wmode=opaque&amp;vq=hd720\" frameborder allowfullscreen><\/iframe><\/p><\/div>\n<\/div>\n<p>Despre permacultur\u0103 \u015fi hran\u0103 s\u0103n\u0103toas\u0103<br \/>\nLa Buz\u0103u, \u00een Parcul Marghiloman, la Centrul Educa\u021bional pentru Permacultur\u0103 \u0219i Hran\u0103 S\u0103n\u0103toas\u0103 s-au deschis ,,Casa Gr\u0103dinarului\u201d \u015fi ,,Tab\u0103ra Urban\u0103, Vacan\u021ba de var\u0103 2026\u201d, ce se va desf\u0103\u0219ura p\u00e2n\u0103 \u00een data de 4 septembrie.<br \/>\nCei 200 de copii \u00eenscri\u0219i vor \u00eenv\u0103\u021ba s\u0103 descopere natura, s\u0103 \u00eenve\u021be prin experien\u021b\u0103 \u0219i s\u0103 creeze un viitor verde.<br \/>\nPrim\u0103ria Buz\u0103u a ini\u021biat de mai mul\u021bi ani, proiecte \u00een domeniul educa\u021biei, care s\u0103 completeze ceea ce deruleaz\u0103 oficial Ministerul Educa\u021biei \u0219i Cercet\u0103rii. Printre ele ,,\u0218coala din Parc\u201d, ,,Buz\u0103ul cite\u0219te\u201d, ,,Back to school\u201d, ,,Personalit\u0103\u021bi buzoiene de ieri \u0219i de azi\u201d, ,,Adservio \u2013 platforma complet\u0103 pentru manangement \u0219colar\u201d.<br \/>\nProiectul a fost inaugurat \u00een acest an, pe 25 martie, \u00een prezen\u021ba fostul pre\u0219edinte al Academiei Rom\u00e2ne, academicianul Ioan Aurel Pop \u0219i a actualului pre\u0219edinte al Academiei Rom\u00e2ne, academicianul Marius Andruh.<\/p>\n<div class=\"post-views post-120048 entry-meta\"><span class=\"post-views-label\">Post Views: <\/span><span class=\"post-views-count\">121<\/span><\/div>\n<\/div>\n<p>[analyse_source url=&#8221;https:\/\/www.tvbuzau.ro\/tabara-urbana-vacanta-de-vara-2026-deschisa-in-parcul-tineretului\/&#8221;]<\/p>\n","protected":false},"excerpt":{"rendered":"<p>[analyse_image type=&#8221;featured&#8221; src=&#8221;https:\/\/www.tvbuzau.ro\/wp-content\/uploads\/2026\/08\/maxresdefault-3.jpghttps:\/\/www.tvbuzau.ro\/wp-content\/uploads\/2026\/08\/maxresdefault-3.jpg&#8221;] Actualitate \u201eTab\u0103ra Urban\u0103, Vacan\u021ba de var\u0103 2026\u201d deschis\u0103 \u00een Parcul Tineretului De c\u0103tre TV Buz\u0103u &#8211; august 14, 2026 0 13 Distribui\u021bi pe Facebook Distribui\u021bi pe Twitter tweet Despre permacultur\u0103 \u015fi hran\u0103 s\u0103n\u0103toas\u0103 La Buz\u0103u, \u00een Parcul Marghiloman, la Centrul Educa\u021bional pentru Permacultur\u0103 \u0219i Hran\u0103 S\u0103n\u0103toas\u0103 s-au deschis ,,Casa Gr\u0103dinarului\u201d \u015fi ,,Tab\u0103ra [&hellip;]<\/p>\n","protected":false},"author":1,"featured_media":0,"comment_status":"open","ping_status":"","sticky":false,"template":"","format":"standard","meta":{"footnotes":""},"categories":[2],"tags":[226,116],"class_list":["post-2094525","post","type-post","status-publish","format-standard","hentry","category-politics","tag-crawlmanager","tag-tvbuzau-ro"],"_links":{"self":[{"href":"https:\/\/analyse.optim.biz\/index.php?rest_route=\/wp\/v2\/posts\/2094525","targetHints":{"allow":["GET"]}}],"collection":[{"href":"https:\/\/analyse.optim.biz\/index.php?rest_route=\/wp\/v2\/posts"}],"about":[{"href":"https:\/\/analyse.optim.biz\/index.php?rest_route=\/wp\/v2\/types\/post"}],"author":[{"embeddable":true,"href":"https:\/\/analyse.optim.biz\/index.php?rest_route=\/wp\/v2\/users\/1"}],"replies":[{"embeddable":true,"href":"https:\/\/analyse.optim.biz\/index.php?rest_route=%2Fwp%2Fv2%2Fcomments&post=2094525"}],"version-history":[{"count":0,"href":"https:\/\/analyse.optim.biz\/index.php?rest_route=\/wp\/v2\/posts\/2094525\/revisions"}],"wp:attachment":[{"href":"https:\/\/analyse.optim.biz\/index.php?rest_route=%2Fwp%2Fv2%2Fmedia&parent=2094525"}],"wp:term":[{"taxonomy":"category","embeddable":true,"href":"https:\/\/analyse.optim.biz\/index.php?rest_route=%2Fwp%2Fv2%2Fcategories&post=2094525"},{"taxonomy":"post_tag","embeddable":true,"href":"https:\/\/analyse.optim.biz\/index.php?rest_route=%2Fwp%2Fv2%2Ftags&post=2094525"}],"curies":[{"name":"wp","href":"https:\/\/api.w.org\/{rel}","templated":true}]}}