{"id":2094519,"date":"2026-08-14T18:53:50","date_gmt":"2026-08-14T15:53:50","guid":{"rendered":"https:\/\/analyse.optim.biz\/?p=2094519"},"modified":"2026-08-14T18:53:50","modified_gmt":"2026-08-14T15:53:50","slug":"sezon-impresionant-pentru-echipa-heart-of-robots","status":"publish","type":"post","link":"https:\/\/analyse.optim.biz\/?p=2094519","title":{"rendered":"Sezon impresionant pentru echipa Heart of Robots"},"content":{"rendered":"<p>[analyse_image type=&#8221;featured&#8221; src=&#8221;https:\/\/www.tvbuzau.ro\/wp-content\/uploads\/2026\/08\/hqdefault-18.jpghttps:\/\/www.tvbuzau.ro\/wp-content\/uploads\/2026\/08\/hqdefault-18.jpg&#8221;]<\/p>\n<div class=\"td-ss-main-content\">\n<article id=\"post-120045\" class=\"post-120045 post type-post status-publish format-video has-post-thumbnail hentry category-actualitate post_format-post-format-video\">\n<div class=\"td-post-header\">\n<ul class=\"td-category\">\n<li class=\"entry-category\"><a href=\"https:\/\/www.tvbuzau.ro\/category\/actualitate\/\">Actualitate<\/a><\/li>\n<\/ul>\n<header class=\"td-post-title\">\n<h1 class=\"entry-title\">Sezon impresionant pentru echipa Heart of Robots<\/h1>\n<div class=\"td-module-meta-info\">\n<div class=\"td-post-author-name\">De c\u0103tre <a href=\"https:\/\/www.tvbuzau.ro\/author\/mihai-vasilescu\/\">TV Buz\u0103u<\/a> &#8211; <\/div>\n<p><span class=\"td-post-date\"><time class=\"entry-date updated td-module-date\" datetime=\"2026-08-14T18:53:50+00:00\">august 14, 2026<\/time><\/span><\/p>\n<div class=\"td-post-comments\"><a href=\"https:\/\/www.tvbuzau.ro\/sezon-impresionant-pentru-echipa-heart-of-robots\/#respond\">0<\/a><\/div>\n<div class=\"td-post-views\"><span class=\"td-nr-views-120045\">10<\/span><\/div>\n<\/div>\n<\/header>\n<\/div>\n<div class=\"td-post-sharing td-post-sharing-top td-with-like\">\n<div class=\"td-default-sharing\"><a class=\"td-social-sharing-buttons td-social-facebook\" href=\"http:\/\/www.facebook.com\/sharer.php?u=https%3A%2F%2Fwww.tvbuzau.ro%2Fsezon-impresionant-pentru-echipa-heart-of-robots%2F\"><\/p>\n<div class=\"td-social-but-text\">Distribui\u021bi pe Facebook<\/div>\n<p><\/a><a class=\"td-social-sharing-buttons td-social-twitter\" href=\"https:\/\/twitter.com\/intent\/tweet?text=Sezon+impresionant+pentru+echipa+Heart+of+Robots&amp;url=https%3A%2F%2Fwww.tvbuzau.ro%2Fsezon-impresionant-pentru-echipa-heart-of-robots%2F&amp;via=TV+Buz%C4%83u\"><\/p>\n<div class=\"td-social-but-text\">Distribui\u021bi pe Twitter<\/div>\n<p><\/a><\/div>\n<div class=\"td-classic-sharing\">\n<ul>\n<li class=\"td-classic-facebook\"><iframe frameborder src=\"https:\/\/www.facebook.com\/plugins\/like.php?href=https:\/\/www.tvbuzau.ro\/sezon-impresionant-pentru-echipa-heart-of-robots\/&amp;layout=button_count&amp;show_faces=false&amp;width=105&amp;action=like&amp;colorscheme=light&amp;height=21\"><\/iframe><\/li>\n<li class=\"td-classic-twitter\"><a href=\"https:\/\/twitter.com\/share\" class=\"twitter-share-button\" data-url=\"https:\/\/www.tvbuzau.ro\/sezon-impresionant-pentru-echipa-heart-of-robots\/\" data-text=\"Sezon impresionant pentru echipa Heart of Robots\" data-via data-lang=\"en\">tweet<\/a><\/li>\n<\/ul>\n<\/div>\n<\/div>\n<div class=\"td-post-content\">\n<div class=\"td-featured-image-rec\">\n<div class=\"wpb_video_wrapper\">\n                    <iframe loading=\"lazy\" id=\"td_youtube_player\" width=\"600\" height=\"560\" src=\"https:\/\/www.youtube.com\/embed\/PBmFDCvYBog?enablejsapi=1&amp;feature=oembed&amp;wmode=opaque&amp;vq=hd720\" frameborder allowfullscreen><\/iframe><\/p><\/div>\n<\/div>\n<p>Patru recorduri mondiale<br \/>\nEchipa de robotic\u0103 a Colegiului Na\u0163ional \u201cB.P.Hasdeu\u201d Buz\u0103u a avut parte de un<br \/>\nsezon plin de competi\u021bii importante, meciuri intense \u0219i mult\u0103 munc\u0103. Performan\u0163a tinerilor s-a reflectat \u00een competi\u0163iile c\u00e2\u015ftigate pe parcursul acestui an \u015fi locurile pe care s-au plasat pasiona\u0163ii de robotic\u0103.<\/p>\n<p>\u201cLotul 1 \u00een clasamentul mondial OPR,<br \/>\n 4 dintre primele 10 scoruri din lume<br \/>\nSouth East Regional Tournament: Inspire Award \u2013 2nd Place,Winning Alliance Captain, World Record \u00een Grand Final \u2013 421 puncte<br \/>\nNational Championship: Inspire Award \u2013 3rd Place,  Event Winning Alliance, Division Winning Alliance, World Record \u00een Grand Final \u2013 463 puncte<br \/>\nWorld Championship: Inspire Award \u2013 3rd Place, Division Winning Alliance,  DaVinci Division \u2013 1st Place,  Event Finalist Alliance, Multinational Tech Invitational, Event Finalist Alliance, World Record \u2013 650 puncte<br \/>\nBucharest Twin Cup: Event Winning Alliance \u015fi Strategy &amp; Synergy Auto Award\u201d.<br \/>\nAstfel, rezultatele echipei Heart of Robots confirm\u0103 nivelului ridicat de preg\u0103tire at\u00e2t al elevilor c\u00e2t \u015fi cel al cadrelor didactice.<\/p>\n<div class=\"post-views post-120045 entry-meta\"><span class=\"post-views-label\">Post Views: <\/span><span class=\"post-views-count\">112<\/span><\/div>\n<\/div>\n<footer>\n<div class=\"td-post-sharing td-post-sharing-bottom td-with-like\"><span class=\"td-post-share-title\">DISTRIBUI\u021aI<\/span><\/p>\n<div class=\"td-default-sharing\"><a class=\"td-social-sharing-buttons td-social-facebook\" href=\"http:\/\/www.facebook.com\/sharer.php?u=https%3A%2F%2Fwww.tvbuzau.ro%2Fsezon-impresionant-pentru-echipa-heart-of-robots%2F\"><\/p>\n<div class=\"td-social-but-text\">Facebook<\/div>\n<p><\/a><a class=\"td-social-sharing-buttons td-social-twitter\" href=\"https:\/\/twitter.com\/intent\/tweet?text=Sezon+impresionant+pentru+echipa+Heart+of+Robots&amp;url=https%3A%2F%2Fwww.tvbuzau.ro%2Fsezon-impresionant-pentru-echipa-heart-of-robots%2F&amp;via=TV+Buz%C4%83u\"><\/p>\n<div class=\"td-social-but-text\">Twitter<\/div>\n<p><\/a><\/div>\n<div class=\"td-classic-sharing\">\n<ul>\n<li class=\"td-classic-facebook\"><iframe frameborder src=\"https:\/\/www.facebook.com\/plugins\/like.php?href=https:\/\/www.tvbuzau.ro\/sezon-impresionant-pentru-echipa-heart-of-robots\/&amp;layout=button_count&amp;show_faces=false&amp;width=105&amp;action=like&amp;colorscheme=light&amp;height=21\"><\/iframe><\/li>\n<li class=\"td-classic-twitter\"><a href=\"https:\/\/twitter.com\/share\" class=\"twitter-share-button\" data-url=\"https:\/\/www.tvbuzau.ro\/sezon-impresionant-pentru-echipa-heart-of-robots\/\" data-text=\"Sezon impresionant pentru echipa Heart of Robots\" data-via data-lang=\"en\">tweet<\/a><\/li>\n<\/ul>\n<\/div>\n<\/div>\n<div class=\"td-author-name vcard author\"><span class=\"fn\"><a href=\"https:\/\/www.tvbuzau.ro\/author\/mihai-vasilescu\/\">TV Buz\u0103u<\/a><\/span><\/div>\n<p><span><\/span><span><span><\/span><\/span><span><\/span><\/footer>\n<\/article>\n<div class=\"td_block_wrap td_block_related_posts td_uid_1_6a7ff94287fe3_rand td_with_ajax_pagination td-pb-border-top\" data-td-block-uid=\"td_uid_1_6a7ff94287fe3\">\n<h4 class=\"td-related-title\"><a id=\"td_uid_2_6a7ff9428d5cc\" class=\"td-related-left td-cur-simple-item\" data-td_filter_value data-td_block_id=\"td_uid_1_6a7ff94287fe3\" href=\"https:\/\/www.tvbuzau.ro\/sezon-impresionant-pentru-echipa-heart-of-robots\/\">ARTICOLE SIMILARE<\/a><a id=\"td_uid_3_6a7ff9428d609\" class=\"td-related-right\" data-td_filter_value=\"td_related_more_from_author\" data-td_block_id=\"td_uid_1_6a7ff94287fe3\" href=\"https:\/\/www.tvbuzau.ro\/sezon-impresionant-pentru-echipa-heart-of-robots\/\">DE LA ACELA\u0218I AUTOR<\/a><\/h4>\n<div id=\"td_uid_1_6a7ff94287fe3\" class=\"td_block_inner\">\n<div class=\"td-related-row\">\n<div class=\"td-related-span4\">\n<div class=\"td_module_related_posts td-animation-stack td_mod_related_posts\">\n<div class=\"td-module-image\">\n<div class=\"td-module-thumb\"><a href=\"https:\/\/www.tvbuzau.ro\/tabara-urbana-vacanta-de-vara-2026-deschisa-in-parcul-tineretului\/\" rel=\"bookmark\" title=\"\u201eTab\u0103ra Urban\u0103, Vacan\u021ba de var\u0103 2026\u201d deschis\u0103 \u00een Parcul Tineretului\"><img loading=\"lazy\" decoding=\"async\" width=\"218\" height=\"150\" class=\"entry-thumb\" src=\"https:\/\/www.tvbuzau.ro\/wp-content\/uploads\/2026\/08\/maxresdefault-3-218x150.jpg\" alt title=\"\u201eTab\u0103ra Urban\u0103, Vacan\u021ba de var\u0103 2026\u201d deschis\u0103 \u00een Parcul Tineretului\"><span class=\"td-video-play-ico\"><img loading=\"lazy\" decoding=\"async\" width=\"40\" height=\"40\" class=\"td-retina\" src=\"https:\/\/www.tvbuzau.ro\/wp-content\/themes\/Newspaper\/images\/icons\/ico-video-large.png\" alt=\"video\"><\/span><\/a><\/div>\n<p><a href=\"https:\/\/www.tvbuzau.ro\/category\/actualitate\/\" class=\"td-post-category\">Actualitate<\/a><\/div>\n<div class=\"item-details\">\n<h3 class=\"entry-title td-module-title\"><a href=\"https:\/\/www.tvbuzau.ro\/tabara-urbana-vacanta-de-vara-2026-deschisa-in-parcul-tineretului\/\" rel=\"bookmark\" title=\"\u201eTab\u0103ra Urban\u0103, Vacan\u021ba de var\u0103 2026\u201d deschis\u0103 \u00een Parcul Tineretului\">\u201eTab\u0103ra Urban\u0103, Vacan\u021ba de var\u0103 2026\u201d deschis\u0103 \u00een Parcul Tineretului<\/a><\/h3>\n<\/div>\n<\/div>\n<\/div>\n<div class=\"td-related-span4\">\n<div class=\"td_module_related_posts td-animation-stack td_mod_related_posts\">\n<div class=\"td-module-image\">\n<div class=\"td-module-thumb\"><a href=\"https:\/\/www.tvbuzau.ro\/20-000-de-buzoieni-au-ales-factura-verde-la-apa\/\" rel=\"bookmark\" title=\"20.000 de buzoieni au ales Factura Verde la ap\u0103\"><img loading=\"lazy\" decoding=\"async\" width=\"218\" height=\"150\" class=\"entry-thumb\" src=\"https:\/\/www.tvbuzau.ro\/wp-content\/uploads\/2026\/08\/hqdefault-17-218x150.jpg\" alt title=\"20.000 de buzoieni au ales Factura Verde la ap\u0103\"><span class=\"td-video-play-ico\"><img loading=\"lazy\" decoding=\"async\" width=\"40\" height=\"40\" class=\"td-retina\" src=\"https:\/\/www.tvbuzau.ro\/wp-content\/themes\/Newspaper\/images\/icons\/ico-video-large.png\" alt=\"video\"><\/span><\/a><\/div>\n<p><a href=\"https:\/\/www.tvbuzau.ro\/category\/actualitate\/\" class=\"td-post-category\">Actualitate<\/a><\/div>\n<div class=\"item-details\">\n<h3 class=\"entry-title td-module-title\"><a href=\"https:\/\/www.tvbuzau.ro\/20-000-de-buzoieni-au-ales-factura-verde-la-apa\/\" rel=\"bookmark\" title=\"20.000 de buzoieni au ales Factura Verde la ap\u0103\">20.000 de buzoieni au ales Factura Verde la ap\u0103<\/a><\/h3>\n<\/div>\n<\/div>\n<\/div>\n<div class=\"td-related-span4\">\n<div class=\"td_module_related_posts td-animation-stack td_mod_related_posts\">\n<div class=\"td-module-image\">\n<div class=\"td-module-thumb\"><a href=\"https:\/\/www.tvbuzau.ro\/cnair-a-dat-startul-campaniei-generatia-zero-accidente\/\" rel=\"bookmark\" title=\"CNAIR a dat startul campaniei \u201eGenera\u021bia Zero Accidente!\u201d\"><img loading=\"lazy\" decoding=\"async\" width=\"218\" height=\"150\" class=\"entry-thumb\" src=\"https:\/\/www.tvbuzau.ro\/wp-content\/uploads\/2026\/08\/sddefault-31-218x150.jpg\" alt title=\"CNAIR a dat startul campaniei \u201eGenera\u021bia Zero Accidente!\u201d\"><span class=\"td-video-play-ico\"><img loading=\"lazy\" decoding=\"async\" width=\"40\" height=\"40\" class=\"td-retina\" src=\"https:\/\/www.tvbuzau.ro\/wp-content\/themes\/Newspaper\/images\/icons\/ico-video-large.png\" alt=\"video\"><\/span><\/a><\/div>\n<p><a href=\"https:\/\/www.tvbuzau.ro\/category\/actualitate\/\" class=\"td-post-category\">Actualitate<\/a><\/div>\n<div class=\"item-details\">\n<h3 class=\"entry-title td-module-title\"><a href=\"https:\/\/www.tvbuzau.ro\/cnair-a-dat-startul-campaniei-generatia-zero-accidente\/\" rel=\"bookmark\" title=\"CNAIR a dat startul campaniei \u201eGenera\u021bia Zero Accidente!\u201d\">CNAIR a dat startul campaniei \u201eGenera\u021bia Zero Accidente!\u201d<\/a><\/h3>\n<\/div>\n<\/div>\n<\/div>\n<\/div>\n<div class=\"td-related-row\">\n<div class=\"td-related-span4\">\n<div class=\"td_module_related_posts td-animation-stack td_mod_related_posts\">\n<div class=\"td-module-image\">\n<div class=\"td-module-thumb\"><a href=\"https:\/\/www.tvbuzau.ro\/sute-de-buzoieni-au-mers-sa-vada-perseidele-2\/\" rel=\"bookmark\" title=\"Sute de buzoieni au mers s\u0103 vad\u0103 Perseidele\"><img loading=\"lazy\" decoding=\"async\" width=\"218\" height=\"150\" class=\"entry-thumb\" src=\"https:\/\/www.tvbuzau.ro\/wp-content\/uploads\/2026\/08\/maxresdefault-2-218x150.jpg\" alt title=\"Sute de buzoieni au mers s\u0103 vad\u0103 Perseidele\"><span class=\"td-video-play-ico\"><img loading=\"lazy\" decoding=\"async\" width=\"40\" height=\"40\" class=\"td-retina\" src=\"https:\/\/www.tvbuzau.ro\/wp-content\/themes\/Newspaper\/images\/icons\/ico-video-large.png\" alt=\"video\"><\/span><\/a><\/div>\n<p><a href=\"https:\/\/www.tvbuzau.ro\/category\/actualitate\/\" class=\"td-post-category\">Actualitate<\/a><\/div>\n<div class=\"item-details\">\n<h3 class=\"entry-title td-module-title\"><a href=\"https:\/\/www.tvbuzau.ro\/sute-de-buzoieni-au-mers-sa-vada-perseidele-2\/\" rel=\"bookmark\" title=\"Sute de buzoieni au mers s\u0103 vad\u0103 Perseidele\">Sute de buzoieni au mers s\u0103 vad\u0103 Perseidele<\/a><\/h3>\n<\/div>\n<\/div>\n<\/div>\n<div class=\"td-related-span4\">\n<div class=\"td_module_related_posts td-animation-stack td_mod_related_posts\">\n<div class=\"td-module-image\">\n<div class=\"td-module-thumb\"><a href=\"https:\/\/www.tvbuzau.ro\/sute-de-buzoieni-au-mers-sa-vada-perseidele\/\" rel=\"bookmark\" title=\"La Maternitatea Buz\u0103u al\u0103ptarea este sus\u021binut\u0103 de \u00eentreg colectivul de medici\"><img loading=\"lazy\" decoding=\"async\" width=\"218\" height=\"150\" class=\"entry-thumb\" src=\"https:\/\/www.tvbuzau.ro\/wp-content\/uploads\/2026\/08\/sddefault-30-218x150.jpg\" alt title=\"La Maternitatea Buz\u0103u al\u0103ptarea este sus\u021binut\u0103 de \u00eentreg colectivul de medici\"><span class=\"td-video-play-ico\"><img loading=\"lazy\" decoding=\"async\" width=\"40\" height=\"40\" class=\"td-retina\" src=\"https:\/\/www.tvbuzau.ro\/wp-content\/themes\/Newspaper\/images\/icons\/ico-video-large.png\" alt=\"video\"><\/span><\/a><\/div>\n<p><a href=\"https:\/\/www.tvbuzau.ro\/category\/actualitate\/\" class=\"td-post-category\">Actualitate<\/a><\/div>\n<div class=\"item-details\">\n<h3 class=\"entry-title td-module-title\"><a href=\"https:\/\/www.tvbuzau.ro\/sute-de-buzoieni-au-mers-sa-vada-perseidele\/\" rel=\"bookmark\" title=\"La Maternitatea Buz\u0103u al\u0103ptarea este sus\u021binut\u0103 de \u00eentreg colectivul de medici\">La Maternitatea Buz\u0103u al\u0103ptarea este sus\u021binut\u0103 de \u00eentreg colectivul de medici<\/a><\/h3>\n<\/div>\n<\/div>\n<\/div>\n<div class=\"td-related-span4\">\n<div class=\"td_module_related_posts td-animation-stack td_mod_related_posts\">\n<div class=\"td-module-image\">\n<div class=\"td-module-thumb\"><a href=\"https:\/\/www.tvbuzau.ro\/divizia-2-infanterie-getica-la-ceas-aniversar\/\" rel=\"bookmark\" title=\"Divizia 2 Infanterie \u201eGetica\u201d  la ceas aniversar\"><img loading=\"lazy\" decoding=\"async\" width=\"218\" height=\"150\" class=\"entry-thumb\" src=\"https:\/\/www.tvbuzau.ro\/wp-content\/uploads\/2026\/08\/maxresdefault-1-218x150.jpg\" alt title=\"Divizia 2 Infanterie \u201eGetica\u201d  la ceas aniversar\"><span class=\"td-video-play-ico\"><img loading=\"lazy\" decoding=\"async\" width=\"40\" height=\"40\" class=\"td-retina\" src=\"https:\/\/www.tvbuzau.ro\/wp-content\/themes\/Newspaper\/images\/icons\/ico-video-large.png\" alt=\"video\"><\/span><\/a><\/div>\n<p><a href=\"https:\/\/www.tvbuzau.ro\/category\/actualitate\/\" class=\"td-post-category\">Actualitate<\/a><\/div>\n<div class=\"item-details\">\n<h3 class=\"entry-title td-module-title\"><a href=\"https:\/\/www.tvbuzau.ro\/divizia-2-infanterie-getica-la-ceas-aniversar\/\" rel=\"bookmark\" title=\"Divizia 2 Infanterie \u201eGetica\u201d  la ceas aniversar\">Divizia 2 Infanterie \u201eGetica\u201d  la ceas aniversar<\/a><\/h3>\n<\/div>\n<\/div>\n<\/div>\n<\/div>\n<\/div>\n<\/div>\n<div class=\"comments\" id=\"comments\">\n<div id=\"respond\" class=\"comment-respond\">\n<h3 id=\"reply-title\" class=\"comment-reply-title\">L\u0102SA\u021aI UN MESAJ <small><a rel=\"nofollow\" id=\"cancel-comment-reply-link\" href=\"https:\/\/www.tvbuzau.ro\/sezon-impresionant-pentru-echipa-heart-of-robots\/#respond\">Renun\u021ba\u021bi la r\u0103spuns<\/a><\/small><\/h3>\n<\/div>\n<\/div>\n<\/div>\n<div class=\"td-post-content\">\n<div class=\"td-featured-image-rec\">\n<div class=\"wpb_video_wrapper\">\n                    <iframe loading=\"lazy\" id=\"td_youtube_player\" width=\"600\" height=\"560\" src=\"https:\/\/www.youtube.com\/embed\/PBmFDCvYBog?enablejsapi=1&amp;feature=oembed&amp;wmode=opaque&amp;vq=hd720\" frameborder allowfullscreen><\/iframe><\/p><\/div>\n<\/div>\n<p>Patru recorduri mondiale<br \/>\nEchipa de robotic\u0103 a Colegiului Na\u0163ional \u201cB.P.Hasdeu\u201d Buz\u0103u a avut parte de un<br \/>\nsezon plin de competi\u021bii importante, meciuri intense \u0219i mult\u0103 munc\u0103. Performan\u0163a tinerilor s-a reflectat \u00een competi\u0163iile c\u00e2\u015ftigate pe parcursul acestui an \u015fi locurile pe care s-au plasat pasiona\u0163ii de robotic\u0103.<\/p>\n<p>\u201cLotul 1 \u00een clasamentul mondial OPR,<br \/>\n 4 dintre primele 10 scoruri din lume<br \/>\nSouth East Regional Tournament: Inspire Award \u2013 2nd Place,Winning Alliance Captain, World Record \u00een Grand Final \u2013 421 puncte<br \/>\nNational Championship: Inspire Award \u2013 3rd Place,  Event Winning Alliance, Division Winning Alliance, World Record \u00een Grand Final \u2013 463 puncte<br \/>\nWorld Championship: Inspire Award \u2013 3rd Place, Division Winning Alliance,  DaVinci Division \u2013 1st Place,  Event Finalist Alliance, Multinational Tech Invitational, Event Finalist Alliance, World Record \u2013 650 puncte<br \/>\nBucharest Twin Cup: Event Winning Alliance \u015fi Strategy &amp; Synergy Auto Award\u201d.<br \/>\nAstfel, rezultatele echipei Heart of Robots confirm\u0103 nivelului ridicat de preg\u0103tire at\u00e2t al elevilor c\u00e2t \u015fi cel al cadrelor didactice.<\/p>\n<div class=\"post-views post-120045 entry-meta\"><span class=\"post-views-label\">Post Views: <\/span><span class=\"post-views-count\">112<\/span><\/div>\n<\/div>\n<p>[analyse_source url=&#8221;https:\/\/www.tvbuzau.ro\/sezon-impresionant-pentru-echipa-heart-of-robots\/&#8221;]<\/p>\n","protected":false},"excerpt":{"rendered":"<p>[analyse_image type=&#8221;featured&#8221; src=&#8221;https:\/\/www.tvbuzau.ro\/wp-content\/uploads\/2026\/08\/hqdefault-18.jpghttps:\/\/www.tvbuzau.ro\/wp-content\/uploads\/2026\/08\/hqdefault-18.jpg&#8221;] Actualitate Sezon impresionant pentru echipa Heart of Robots De c\u0103tre TV Buz\u0103u &#8211; august 14, 2026 0 10 Distribui\u021bi pe Facebook Distribui\u021bi pe Twitter tweet Patru recorduri mondiale Echipa de robotic\u0103 a Colegiului Na\u0163ional \u201cB.P.Hasdeu\u201d Buz\u0103u a avut parte de un sezon plin de competi\u021bii importante, meciuri intense \u0219i mult\u0103 munc\u0103. Performan\u0163a [&hellip;]<\/p>\n","protected":false},"author":1,"featured_media":0,"comment_status":"open","ping_status":"","sticky":false,"template":"","format":"standard","meta":{"footnotes":""},"categories":[2],"tags":[226,116],"class_list":["post-2094519","post","type-post","status-publish","format-standard","hentry","category-politics","tag-crawlmanager","tag-tvbuzau-ro"],"_links":{"self":[{"href":"https:\/\/analyse.optim.biz\/index.php?rest_route=\/wp\/v2\/posts\/2094519","targetHints":{"allow":["GET"]}}],"collection":[{"href":"https:\/\/analyse.optim.biz\/index.php?rest_route=\/wp\/v2\/posts"}],"about":[{"href":"https:\/\/analyse.optim.biz\/index.php?rest_route=\/wp\/v2\/types\/post"}],"author":[{"embeddable":true,"href":"https:\/\/analyse.optim.biz\/index.php?rest_route=\/wp\/v2\/users\/1"}],"replies":[{"embeddable":true,"href":"https:\/\/analyse.optim.biz\/index.php?rest_route=%2Fwp%2Fv2%2Fcomments&post=2094519"}],"version-history":[{"count":0,"href":"https:\/\/analyse.optim.biz\/index.php?rest_route=\/wp\/v2\/posts\/2094519\/revisions"}],"wp:attachment":[{"href":"https:\/\/analyse.optim.biz\/index.php?rest_route=%2Fwp%2Fv2%2Fmedia&parent=2094519"}],"wp:term":[{"taxonomy":"category","embeddable":true,"href":"https:\/\/analyse.optim.biz\/index.php?rest_route=%2Fwp%2Fv2%2Fcategories&post=2094519"},{"taxonomy":"post_tag","embeddable":true,"href":"https:\/\/analyse.optim.biz\/index.php?rest_route=%2Fwp%2Fv2%2Ftags&post=2094519"}],"curies":[{"name":"wp","href":"https:\/\/api.w.org\/{rel}","templated":true}]}}