{"id":209443,"date":"2014-03-16T14:41:55","date_gmt":"2014-03-16T11:41:55","guid":{"rendered":"https:\/\/analyse.optim.biz\/?p=209443"},"modified":"2014-03-16T14:41:55","modified_gmt":"2014-03-16T11:41:55","slug":"liviu-dragnea-nu-doresc-sa-preiau-sefia-psd-obiectivul-meu-e-ca-usl-sa-se-refaca","status":"publish","type":"post","link":"https:\/\/analyse.optim.biz\/?p=209443","title":{"rendered":"Liviu Dragnea: Nu doresc s\u0103 preiau \u015fefia PSD. Obiectivul meu e ca USL s\u0103 se refac\u0103"},"content":{"rendered":"<div class=\"entry data-app-meta data-app-meta-article\" data-embed-base-url-canonical=\"https:\/\/www.digi24.ro\/embed\/stiri\/actualitate\/politica\/liviu-dragnea-nu-doresc-sa-preiau-sefia-psd-obiectivul-meu-e-ca-usl-sa-se-refaca-215168\">\n<p data-index=\"1\"><strong>Liviu Dragnea<\/strong> a refuzat \u00eens\u0103 s\u0103 precizeze care sunt condi\u0163iile pentru a relansa USL. Cu alte cuvinte, a evitat s\u0103 spun\u0103 dac\u0103 social-democra\u0163ii vor mai accepta ca la v\u00e2rful PNL s\u0103 se afle \u00een continuare Crin Antonescu.<\/p>\n<p data-index=\"2\">\u00cen plus, Liviu Dragnea a dezv\u0103luit c\u0103 a aflat de la colegii s\u0103i c\u0103 decizia de ie\u015fire a PNL de la guvernare a fost luat\u0103 de liderul partidului \u00eenc\u0103 din decembrie anul trecut, din momentul \u00een care acesta a \u00eenceput s\u0103-i atace pe liderii PSD.<\/p>\n<p data-index=\"3\">\u201e<span>O<\/span><strong>biectivul meu nu e s\u0103 fiu pre\u015fedintele PSD sau premier, obiectivul meu este ca USL s\u0103 se refac\u0103.<\/strong> Dac\u0103 or s\u0103 constate c\u0103 la europarlamentare nu au un rezultat bun \u015fi una din cauze poate s\u0103 fie &#8211; \u00een analiza lor &#8211; ie\u015firea din USL, poate vor reveni \u00een USL\u201d, a declarat Liviu Dragnea.<\/p>\n<\/div>\n<p> Source URL: https:\/\/www.digi24.ro\/stiri\/actualitate\/politica\/liviu-dragnea-nu-doresc-sa-preiau-sefia-psd-obiectivul-meu-e-ca-usl-sa-se-refaca-215168<\/p>\n","protected":false},"excerpt":{"rendered":"<p>Liviu Dragnea a refuzat \u00eens\u0103 s\u0103 precizeze care sunt condi\u0163iile pentru a relansa USL. Cu alte cuvinte, a evitat s\u0103 spun\u0103 dac\u0103 social-democra\u0163ii vor mai accepta ca la v\u00e2rful PNL s\u0103 se afle \u00een continuare Crin Antonescu. \u00cen plus, Liviu Dragnea a dezv\u0103luit c\u0103 a aflat de la colegii s\u0103i c\u0103 decizia de ie\u015fire a [&hellip;]<\/p>\n","protected":false},"author":1,"featured_media":209444,"comment_status":"open","ping_status":"","sticky":false,"template":"","format":"standard","meta":{"footnotes":""},"categories":[2],"tags":[11],"class_list":["post-209443","post","type-post","status-publish","format-standard","has-post-thumbnail","hentry","category-politics","tag-digi24"],"_links":{"self":[{"href":"https:\/\/analyse.optim.biz\/index.php?rest_route=\/wp\/v2\/posts\/209443","targetHints":{"allow":["GET"]}}],"collection":[{"href":"https:\/\/analyse.optim.biz\/index.php?rest_route=\/wp\/v2\/posts"}],"about":[{"href":"https:\/\/analyse.optim.biz\/index.php?rest_route=\/wp\/v2\/types\/post"}],"author":[{"embeddable":true,"href":"https:\/\/analyse.optim.biz\/index.php?rest_route=\/wp\/v2\/users\/1"}],"replies":[{"embeddable":true,"href":"https:\/\/analyse.optim.biz\/index.php?rest_route=%2Fwp%2Fv2%2Fcomments&post=209443"}],"version-history":[{"count":0,"href":"https:\/\/analyse.optim.biz\/index.php?rest_route=\/wp\/v2\/posts\/209443\/revisions"}],"wp:featuredmedia":[{"embeddable":true,"href":"https:\/\/analyse.optim.biz\/index.php?rest_route=\/wp\/v2\/media\/209444"}],"wp:attachment":[{"href":"https:\/\/analyse.optim.biz\/index.php?rest_route=%2Fwp%2Fv2%2Fmedia&parent=209443"}],"wp:term":[{"taxonomy":"category","embeddable":true,"href":"https:\/\/analyse.optim.biz\/index.php?rest_route=%2Fwp%2Fv2%2Fcategories&post=209443"},{"taxonomy":"post_tag","embeddable":true,"href":"https:\/\/analyse.optim.biz\/index.php?rest_route=%2Fwp%2Fv2%2Ftags&post=209443"}],"curies":[{"name":"wp","href":"https:\/\/api.w.org\/{rel}","templated":true}]}}