{"id":2094331,"date":"2026-08-14T14:18:15","date_gmt":"2026-08-14T11:18:15","guid":{"rendered":"https:\/\/analyse.optim.biz\/?p=2094331"},"modified":"2026-08-14T14:18:15","modified_gmt":"2026-08-14T11:18:15","slug":"alfred-simonis-constructia-noului-stadion-dan-paltinisanu-a-fost-deblocata-de-guvern-cand-pot-incepe","status":"publish","type":"post","link":"https:\/\/analyse.optim.biz\/?p=2094331","title":{"rendered":"Alfred Simonis: construc\u021bia noului stadion \u201eDan P\u0103ltini\u0219anu\u201d a fost deblocat\u0103 de Guvern. C\u00e2nd pot \u00eencepe"},"content":{"rendered":"<p>[analyse_image type=&#8221;featured&#8221; src=&#8221;https:\/\/orasul-timisoara.ro\/wp-content\/uploads\/2024\/03\/staduib-paltinisanu-proiectie-3.jpg&#8221;]<\/p>\n<article id=\"post-40277\" class=\"td-post-template-7 post-40277 post type-post status-publish format-standard has-post-thumbnail category-administratie category-featured category-investitii-in-timisoara category-stiri-timisoara tag-alfred-simonis tag-cni tag-compania-nationala-de-investitii-2 tag-consiliul-judetean-timis-2 tag-finantare-stadion tag-guvernul-romaniei-2 tag-infrastructura-sportiva tag-investitii-timis-2 tag-noul-stadion-timisoara tag-sport-timisoara-2 tag-stadion-timisoara-2 tag-stadionul-dan-paltinisanu-2 tag-timisoara-2 td-container-wrap\">\n<div class=\"td-full-screen-header-image-wrap\">\n<div class=\"td-container td-post-header\">\n<div class=\"td-crumb-container\">\n<div class=\"entry-crumbs\"><span><a title=\"Vede\u021bi toate articolele \u00een Administra\u021bie local\u0103\" class=\"entry-crumb\" href=\"https:\/\/orasul-timisoara.ro\/local-category\/administratie\/\">Administra\u021bie local\u0103<\/a><\/span><span class=\"td-bred-no-url-last\">Alfred Simonis: construc\u021bia noului stadion \u201eDan P\u0103ltini\u0219anu\u201d a fost deblocat\u0103 de Guvern&#8230;.<\/span><\/div>\n<\/div>\n<div class=\"td-post-header-holder\">\n<div class=\"td-parallax-header\">\n<header class=\"td-post-title\">\n<ul class=\"td-category\">\n<li class=\"entry-category\"><a href=\"https:\/\/orasul-timisoara.ro\/local-category\/administratie\/\">Administra\u021bie local\u0103<\/a><\/li>\n<li class=\"entry-category\"><a href=\"https:\/\/orasul-timisoara.ro\/local-category\/investitii-in-timisoara\/\">Investitii in Timisoara<\/a><\/li>\n<li class=\"entry-category\"><a href=\"https:\/\/orasul-timisoara.ro\/local-category\/stiri-timisoara\/\">\u0218tiri Locale<\/a><\/li>\n<\/ul>\n<h1 class=\"entry-title\">Alfred Simonis: construc\u021bia noului stadion \u201eDan P\u0103ltini\u0219anu\u201d a fost deblocat\u0103 de Guvern. C\u00e2nd pot \u00eencepe lucr\u0103rile?<\/h1>\n<div class=\"td-module-meta-info\">\n<div class=\"td-post-author-name\">\n<div class=\"td-author-by\">De c\u0103tre<\/div>\n<p><a href=\"https:\/\/orasul-timisoara.ro\/author\/timisoara\/\">redactia<\/a><\/p>\n<div class=\"td-author-line\"> &#8211; <\/div>\n<\/div>\n<p><span class=\"td-post-date\"><time class=\"entry-date updated td-module-date\" datetime=\"2026-08-14T17:18:15+03:00\">14\/08\/2026<\/time><\/span><\/div>\n<\/header>\n<\/div>\n<\/div>\n<\/div>\n<div id=\"td-full-screen-header-image\" class=\"td-image-gradient-style7\"><img decoding=\"async\" class=\"td-backstretch\" src=\"https:\/\/orasul-timisoara.ro\/wp-content\/uploads\/2024\/03\/staduib-paltinisanu-proiectie-3.jpg\"><\/div>\n<\/div>\n<div class=\"td-container\">\n<div class=\"td-pb-row\">\n<div class=\"td-pb-span8 td-main-content\" role=\"main\">\n<div class=\"td-ss-main-content\">\n<div class=\"td-post-sharing-top\">\n<div class=\"td-post-sharing-classic\"><iframe title=\"topFacebookLike\" frameborder src=\"https:\/\/www.facebook.com\/plugins\/like.php?href=https:\/\/orasul-timisoara.ro\/local-40277\/&amp;layout=button_count&amp;show_faces=false&amp;width=105&amp;action=like&amp;colorscheme=light&amp;height=21\"><\/iframe><\/div>\n<div id=\"td_social_sharing_article_top\" class=\"td-post-sharing td-ps-bg td-ps-notext td-post-sharing-style1 \">\n<div class=\"td-post-sharing-visible\"><a class=\"td-social-sharing-button td-social-sharing-button-js td-social-network td-social-facebook\" href=\"https:\/\/www.facebook.com\/sharer.php?u=https%3A%2F%2Forasul-timisoara.ro%2Flocal-40277%2F\" title=\"Facebook\"><\/p>\n<div class=\"td-social-but-text\">Facebook<\/div>\n<p><\/a><a class=\"td-social-sharing-button td-social-sharing-button-js td-social-network td-social-twitter\" href=\"https:\/\/twitter.com\/intent\/tweet?text=Alfred+Simonis%3A+construc%C8%9Bia+noului+stadion+%E2%80%9EDan+P%C4%83ltini%C8%99anu%E2%80%9D+a+fost+deblocat%C4%83+de+Guvern.+C%C3%A2nd+pot+%C3%AEncepe+lucr%C4%83rile%3F&amp;url=https%3A%2F%2Forasul-timisoara.ro%2Flocal-40277%2F&amp;via=orasultm\" title=\"Twitter\"><\/p>\n<div class=\"td-social-but-text\">Twitter<\/div>\n<p><\/a><a class=\"td-social-sharing-button td-social-sharing-button-js td-social-network td-social-whatsapp\" href=\"https:\/\/api.whatsapp.com\/send?text=Alfred+Simonis%3A+construc%C8%9Bia+noului+stadion+%E2%80%9EDan+P%C4%83ltini%C8%99anu%E2%80%9D+a+fost+deblocat%C4%83+de+Guvern.+C%C3%A2nd+pot+%C3%AEncepe+lucr%C4%83rile%3F%20%0A%0A%20https:\/\/orasul-timisoara.ro\/local-40277\/\" title=\"WhatsApp\"><\/p>\n<div class=\"td-social-but-text\">WhatsApp<\/div>\n<p><\/a><a class=\"td-social-sharing-button td-social-sharing-button-js td-social-network td-social-linkedin\" href=\"https:\/\/www.linkedin.com\/shareArticle?mini=true&amp;url=https:\/\/orasul-timisoara.ro\/local-40277\/&amp;title=Alfred+Simonis%3A+construc%C8%9Bia+noului+stadion+%E2%80%9EDan+P%C4%83ltini%C8%99anu%E2%80%9D+a+fost+deblocat%C4%83+de+Guvern.+C%C3%A2nd+pot+%C3%AEncepe+lucr%C4%83rile%3F\" title=\"Linkedin\"><\/p>\n<div class=\"td-social-but-text\">Linkedin<\/div>\n<p><\/a><a class=\"td-social-sharing-button td-social-sharing-button-js td-social-network td-social-reddit\" href=\"https:\/\/reddit.com\/submit?url=https:\/\/orasul-timisoara.ro\/local-40277\/&amp;title=Alfred+Simonis%3A+construc%C8%9Bia+noului+stadion+%E2%80%9EDan+P%C4%83ltini%C8%99anu%E2%80%9D+a+fost+deblocat%C4%83+de+Guvern.+C%C3%A2nd+pot+%C3%AEncepe+lucr%C4%83rile%3F\" title=\"ReddIt\"><\/p>\n<div class=\"td-social-but-text\">ReddIt<\/div>\n<p><\/a><a class=\"td-social-sharing-button td-social-sharing-button-js td-social-network td-social-mail\" href=\"mailto:?subject=Alfred%20Simonis:%20construc%C8%9Bia%20noului%20stadion%20%E2%80%9EDan%20P%C4%83ltini%C8%99anu%E2%80%9D%20a%20fost%20deblocat%C4%83%20de%20Guvern.%20C%C3%A2nd%20pot%20%C3%AEncepe%20lucr%C4%83rile?&amp;body=https:\/\/orasul-timisoara.ro\/local-40277\/\" title=\"Email\"><\/p>\n<div class=\"td-social-but-text\">Email<\/div>\n<p><\/a><a class=\"td-social-sharing-button td-social-sharing-button-js td-social-network td-social-print\" href=\"https:\/\/orasul-timisoara.ro\/local-40277\/\" title=\"Imprimare\"><\/p>\n<div class=\"td-social-but-text\">Imprimare<\/div>\n<p><\/a><\/div>\n<\/div>\n<\/div>\n<div class=\"td-post-content tagdiv-type\">\n<p class=\"wp-block-paragraph\">Construc\u021bia noului stadion Dan P\u0103ltini\u0219anu din Timi\u0219oara a fost deblocat\u0103 de Guvern, potrivit anun\u021bului f\u0103cut de pre\u0219edintele Consiliului Jude\u021bean Timi\u0219, Alfred Simonis. Decizia prevede ca lucr\u0103rile realizate p\u00e2n\u0103 la finalul anului 2027 s\u0103 fie finan\u021bate din bugetul Consiliului Jude\u021bean Timi\u0219, urm\u00e2nd ca diferen\u021ba p\u00e2n\u0103 la valoarea de 603 milioane de lei s\u0103 fie suportat\u0103 de Compania Na\u021bional\u0103 de Investi\u021bii \u00eencep\u00e2nd din 2028.<\/p>\n<p class=\"wp-block-paragraph\">Alfred Simonis sus\u021bine c\u0103, dup\u0103 aprobarea documentului de c\u0103tre Guvern, Compania Na\u021bional\u0103 de Investi\u021bii va putea semna contractul pentru proiectarea \u0219i execu\u021bia noului stadion cu firma desemnat\u0103 c\u00e2\u0219tig\u0103toare \u00een urma licita\u021biei. Consiliul Jude\u021bean Timi\u0219 spune c\u0103 este preg\u0103tit s\u0103 asigure finan\u021barea necesar\u0103 pentru etapa urm\u0103toare a investi\u021biei.<\/p>\n<h2 class=\"wp-block-heading\">Stadionul Dan P\u0103ltini\u0219anu, deblocat de Guvern<\/h2>\n<p class=\"wp-block-paragraph\">Potrivit pre\u0219edintelui CJ Timi\u0219, Guvernul Rom\u00e2niei \u0219i-a asumat deblocarea proiectului noului stadion din Timi\u0219oara \u00een \u0219edin\u021ba \u00een care a fost discutat\u0103 finan\u021barea investi\u021biei.<\/p>\n<p class=\"wp-block-paragraph\">Condi\u021bia stabilit\u0103 este ca lucr\u0103rile care se vor desf\u0103\u0219ura p\u00e2n\u0103 la sf\u00e2r\u0219itul anului 2027 s\u0103 fie suportate din bugetul Consiliului Jude\u021bean Timi\u0219. Ulterior, \u00eencep\u00e2nd din 2028, finan\u021barea va reveni Companiei Na\u021bionale de Investi\u021bii.<\/p>\n<p class=\"wp-block-paragraph\">Anun\u021bul reprezint\u0103 un pas important pentru proiectul noului stadion, a c\u0103rui realizare a fost am\u00e2nat\u0103 \u00een contextul discu\u021biilor privind finan\u021barea \u0219i asumarea cheltuielilor pentru perioada urm\u0103toare.<\/p>\n<h2 class=\"wp-block-heading\">CJ Timi\u0219 va pune la dispozi\u021bie 126 de milioane de lei<\/h2>\n<p class=\"wp-block-paragraph\">Consiliul Jude\u021bean Timi\u0219 urmeaz\u0103 s\u0103 aloce 126 de milioane de lei pentru lucr\u0103rile care vor fi realizate p\u00e2n\u0103 la finalul anului 2027.<\/p>\n<p class=\"wp-block-paragraph\">Alfred Simonis afirm\u0103 c\u0103 institu\u021bia jude\u021bean\u0103 dispune de banii necesari pentru aceast\u0103 etap\u0103 \u0219i c\u0103 administra\u021bia jude\u021bean\u0103 este preg\u0103tit\u0103 s\u0103 \u00eenceap\u0103 lucr\u0103rile dup\u0103 \u00eendeplinirea etapelor administrative.<\/p>\n<p class=\"wp-block-paragraph\">\u201eAvem banii, \u0219tim exact ce avem de f\u0103cut \u0219i vom face!\u201d, a transmis pre\u0219edintele CJ Timi\u0219.<\/p>\n<p class=\"wp-block-paragraph\">Contribu\u021bia de 126 de milioane de lei reprezint\u0103 partea de finan\u021bare asumat\u0103 de Consiliul Jude\u021bean p\u00e2n\u0103 la sf\u00e2r\u0219itul anului viitor, \u00een timp ce finan\u021barea total\u0103 a investi\u021biei ajunge la 603 milioane de lei.<\/p>\n<h2 class=\"wp-block-heading\">CNI poate semna contractul pentru proiectarea \u0219i execu\u021bia stadionului<\/h2>\n<p class=\"wp-block-paragraph\">Dup\u0103 aprobarea documentului guvernamental, urm\u0103torul pas \u00eel reprezint\u0103 semnarea contractului de c\u0103tre Compania Na\u021bional\u0103 de Investi\u021bii.<\/p>\n<p class=\"wp-block-paragraph\">Contractul vizeaz\u0103 at\u00e2t proiectarea, c\u00e2t \u0219i execu\u021bia noului stadion Dan P\u0103ltini\u0219anu \u0219i urmeaz\u0103 s\u0103 fie semnat cu societatea care a c\u00e2\u0219tigat licita\u021bia.<\/p>\n<p class=\"wp-block-paragraph\">Potrivit lui Alfred Simonis, dup\u0103 finalizarea acestei etape administrative, lucr\u0103rile pot \u00eencepe efectiv. Consiliul Jude\u021bean Timi\u0219 sus\u021bine c\u0103 este preg\u0103tit pentru partea de finan\u021bare care \u00eei revine \u00een perioada 2026\u20132027.<\/p>\n<h2 class=\"wp-block-heading\">Investi\u021bia \u00een noul stadion ajunge la 603 milioane de lei<\/h2>\n<p class=\"wp-block-paragraph\">Valoarea men\u021bionat\u0103 pentru investi\u021bia \u00een noul stadion este de 603 milioane de lei. Din aceast\u0103 sum\u0103, 126 de milioane de lei vor fi asigurate de Consiliul Jude\u021bean Timi\u0219 pentru lucr\u0103rile desf\u0103\u0219urate p\u00e2n\u0103 la sf\u00e2r\u0219itul anului 2027.<\/p>\n<p class=\"wp-block-paragraph\">Diferen\u021ba de finan\u021bare, p\u00e2n\u0103 la valoarea total\u0103 de 603 milioane de lei, ar urma s\u0103 fie suportat\u0103 de Compania Na\u021bional\u0103 de Investi\u021bii \u00eencep\u00e2nd din 2028.<\/p>\n<p class=\"wp-block-paragraph\">Structura de finan\u021bare stabilit\u0103 de Guvern permite astfel continuarea proiectului f\u0103r\u0103 ca \u00eentreaga valoare a investi\u021biei s\u0103 fie suportat\u0103 \u00een aceast\u0103 etap\u0103 din bugetul jude\u021bului.<\/p>\n<h2 class=\"wp-block-heading\">Alfred Simonis: proiectul nu mai trebuie s\u0103 fie oprit<\/h2>\n<p class=\"wp-block-paragraph\">Pre\u0219edintele Consiliului Jude\u021bean Timi\u0219 spune c\u0103 noul stadion reprezint\u0103 o investi\u021bie care trebuie dus\u0103 p\u00e2n\u0103 la cap\u0103t, indiferent de schimb\u0103rile politice la nivel na\u021bional.<\/p>\n<p class=\"wp-block-paragraph\">Simonis a recunoscut c\u0103 proiectul a fost \u00eent\u00e2rziat \u0219i c\u0103 situa\u021bia a generat tensiuni \u00een jurul finan\u021b\u0103rii \u0219i al etapelor administrative. \u00cen opinia sa, decizia luat\u0103 de Guvern permite revenirea proiectului pe un parcurs normal.<\/p>\n<p class=\"wp-block-paragraph\">\u201eAm spus \u00een repetate r\u00e2nduri c\u0103 aceast\u0103 investi\u021bie nu mai poate fi oprit\u0103, indiferent de numele sau culoarea politic\u0103 a deciden\u021bilor na\u021bionali\u201d, a transmis Alfred Simonis.<\/p>\n<p class=\"wp-block-paragraph\">Pre\u0219edintele CJ Timi\u0219 consider\u0103 c\u0103, odat\u0103 cu aprobarea documentului guvernamental, sunt create condi\u021biile pentru trecerea la etapa de proiectare \u0219i execu\u021bie.<\/p>\n<h2 class=\"wp-block-heading\">Lucr\u0103rile pot intra \u00een etapa de execu\u021bie<\/h2>\n<p class=\"wp-block-paragraph\">Dup\u0103 aprobarea finan\u021b\u0103rii \u0219i semnarea contractului de c\u0103tre CNI, proiectul va putea trece c\u0103tre etapa de proiectare \u0219i execu\u021bie.<\/p>\n<p class=\"wp-block-paragraph\">Consiliul Jude\u021bean Timi\u0219 va trebui s\u0103 asigure finan\u021barea lucr\u0103rilor prev\u0103zute pentru perioada p\u00e2n\u0103 la sf\u00e2r\u0219itul lui 2027, \u00een limita celor 126 de milioane de lei asumate.<\/p>\n<p class=\"wp-block-paragraph\">Pentru perioada urm\u0103toare, responsabilitatea financiar\u0103 revine Companiei Na\u021bionale de Investi\u021bii, care ar urma s\u0103 asigure diferen\u021ba p\u00e2n\u0103 la valoarea total\u0103 a proiectului \u00eencep\u00e2nd din 2028.<\/p>\n<h2 class=\"wp-block-heading\">Timi\u0219oara urmeaz\u0103 s\u0103 aib\u0103 un nou stadion<\/h2>\n<p class=\"wp-block-paragraph\">Proiectul noului stadion Dan P\u0103ltini\u0219anu este unul dintre cele mai importante obiective de infrastructur\u0103 sportiv\u0103 preg\u0103tite pentru Timi\u0219oara \u0219i jude\u021bul Timi\u0219.<\/p>\n<p class=\"wp-block-paragraph\">Prin decizia privind finan\u021barea lucr\u0103rilor din urm\u0103torii ani, proiectul intr\u0103 \u00eentr-o nou\u0103 etap\u0103. CJ Timi\u0219 anun\u021b\u0103 c\u0103 dispune de resursele necesare pentru contribu\u021bia asumat\u0103 \u0219i a\u0219teapt\u0103 finalizarea procedurilor care permit \u00eenceperea lucr\u0103rilor.<\/p>\n<p class=\"wp-block-paragraph\">\u201eTimi\u0219ul \u0219i Timi\u0219oara merit\u0103 un stadion adev\u0103rat. \u0218i \u00eel vor avea!\u201d, a transmis Alfred Simonis.<\/p>\n<\/div>\n<footer>\n<div class=\"td-post-source-tags\">\n<ul class=\"td-tags td-post-small-box clearfix\">\n<li><span>ETICHETE<\/span><\/li>\n<li><a href=\"https:\/\/orasul-timisoara.ro\/local-tag\/alfred-simonis\/\">alfred simonis<\/a><\/li>\n<li><a href=\"https:\/\/orasul-timisoara.ro\/local-tag\/cni\/\">cni<\/a><\/li>\n<li><a href=\"https:\/\/orasul-timisoara.ro\/local-tag\/compania-nationala-de-investitii-2\/\">Compania Na\u021bional\u0103 de Investi\u021bii<\/a><\/li>\n<li><a href=\"https:\/\/orasul-timisoara.ro\/local-tag\/consiliul-judetean-timis-2\/\">Consiliul Jude\u021bean Timi\u0219<\/a><\/li>\n<li><a href=\"https:\/\/orasul-timisoara.ro\/local-tag\/finantare-stadion\/\">finan\u021bare stadion<\/a><\/li>\n<li><a href=\"https:\/\/orasul-timisoara.ro\/local-tag\/guvernul-romaniei-2\/\">Guvernul Rom\u00e2niei<\/a><\/li>\n<li><a href=\"https:\/\/orasul-timisoara.ro\/local-tag\/infrastructura-sportiva\/\">infrastructur\u0103 sportiv\u0103<\/a><\/li>\n<li><a href=\"https:\/\/orasul-timisoara.ro\/local-tag\/investitii-timis-2\/\">investi\u021bii Timi\u0219<\/a><\/li>\n<li><a href=\"https:\/\/orasul-timisoara.ro\/local-tag\/noul-stadion-timisoara\/\">noul stadion Timi\u0219oara<\/a><\/li>\n<li><a href=\"https:\/\/orasul-timisoara.ro\/local-tag\/sport-timisoara-2\/\">sport Timi\u0219oara<\/a><\/li>\n<li><a href=\"https:\/\/orasul-timisoara.ro\/local-tag\/stadion-timisoara-2\/\">stadion Timi\u0219oara<\/a><\/li>\n<li><a href=\"https:\/\/orasul-timisoara.ro\/local-tag\/stadionul-dan-paltinisanu-2\/\">Stadionul Dan P\u0103ltini\u0219anu<\/a><\/li>\n<li><a href=\"https:\/\/orasul-timisoara.ro\/local-tag\/timisoara-2\/\">timi\u0219oara<\/a><\/li>\n<\/ul>\n<\/div>\n<div class=\"td-post-sharing-bottom\">\n<div class=\"td-post-sharing-classic\"><iframe title=\"bottomFacebookLike\" frameborder src=\"https:\/\/www.facebook.com\/plugins\/like.php?href=https:\/\/orasul-timisoara.ro\/local-40277\/&amp;layout=button_count&amp;show_faces=false&amp;width=105&amp;action=like&amp;colorscheme=light&amp;height=21\"><\/iframe><\/div>\n<div id=\"td_social_sharing_article_bottom\" class=\"td-post-sharing td-ps-bg td-ps-notext td-post-sharing-style1 \">\n<div class=\"td-post-sharing-visible\"><a class=\"td-social-sharing-button td-social-sharing-button-js td-social-network td-social-facebook\" href=\"https:\/\/www.facebook.com\/sharer.php?u=https%3A%2F%2Forasul-timisoara.ro%2Flocal-40277%2F\" title=\"Facebook\"><\/p>\n<div class=\"td-social-but-text\">Facebook<\/div>\n<p><\/a><a class=\"td-social-sharing-button td-social-sharing-button-js td-social-network td-social-twitter\" href=\"https:\/\/twitter.com\/intent\/tweet?text=Alfred+Simonis%3A+construc%C8%9Bia+noului+stadion+%E2%80%9EDan+P%C4%83ltini%C8%99anu%E2%80%9D+a+fost+deblocat%C4%83+de+Guvern.+C%C3%A2nd+pot+%C3%AEncepe+lucr%C4%83rile%3F&amp;url=https%3A%2F%2Forasul-timisoara.ro%2Flocal-40277%2F&amp;via=orasultm\" title=\"Twitter\"><\/p>\n<div class=\"td-social-but-text\">Twitter<\/div>\n<p><\/a><a class=\"td-social-sharing-button td-social-sharing-button-js td-social-network td-social-whatsapp\" href=\"https:\/\/api.whatsapp.com\/send?text=Alfred+Simonis%3A+construc%C8%9Bia+noului+stadion+%E2%80%9EDan+P%C4%83ltini%C8%99anu%E2%80%9D+a+fost+deblocat%C4%83+de+Guvern.+C%C3%A2nd+pot+%C3%AEncepe+lucr%C4%83rile%3F%20%0A%0A%20https:\/\/orasul-timisoara.ro\/local-40277\/\" title=\"WhatsApp\"><\/p>\n<div class=\"td-social-but-text\">WhatsApp<\/div>\n<p><\/a><a class=\"td-social-sharing-button td-social-sharing-button-js td-social-network td-social-linkedin\" href=\"https:\/\/www.linkedin.com\/shareArticle?mini=true&amp;url=https:\/\/orasul-timisoara.ro\/local-40277\/&amp;title=Alfred+Simonis%3A+construc%C8%9Bia+noului+stadion+%E2%80%9EDan+P%C4%83ltini%C8%99anu%E2%80%9D+a+fost+deblocat%C4%83+de+Guvern.+C%C3%A2nd+pot+%C3%AEncepe+lucr%C4%83rile%3F\" title=\"Linkedin\"><\/p>\n<div class=\"td-social-but-text\">Linkedin<\/div>\n<p><\/a><a class=\"td-social-sharing-button td-social-sharing-button-js td-social-network td-social-reddit\" href=\"https:\/\/reddit.com\/submit?url=https:\/\/orasul-timisoara.ro\/local-40277\/&amp;title=Alfred+Simonis%3A+construc%C8%9Bia+noului+stadion+%E2%80%9EDan+P%C4%83ltini%C8%99anu%E2%80%9D+a+fost+deblocat%C4%83+de+Guvern.+C%C3%A2nd+pot+%C3%AEncepe+lucr%C4%83rile%3F\" title=\"ReddIt\"><\/p>\n<div class=\"td-social-but-text\">ReddIt<\/div>\n<p><\/a><a class=\"td-social-sharing-button td-social-sharing-button-js td-social-network td-social-mail\" href=\"mailto:?subject=Alfred%20Simonis:%20construc%C8%9Bia%20noului%20stadion%20%E2%80%9EDan%20P%C4%83ltini%C8%99anu%E2%80%9D%20a%20fost%20deblocat%C4%83%20de%20Guvern.%20C%C3%A2nd%20pot%20%C3%AEncepe%20lucr%C4%83rile?&amp;body=https:\/\/orasul-timisoara.ro\/local-40277\/\" title=\"Email\"><\/p>\n<div class=\"td-social-but-text\">Email<\/div>\n<p><\/a><a class=\"td-social-sharing-button td-social-sharing-button-js td-social-network td-social-print\" href=\"https:\/\/orasul-timisoara.ro\/local-40277\/\" title=\"Imprimare\"><\/p>\n<div class=\"td-social-but-text\">Imprimare<\/div>\n<p><\/a><\/div>\n<\/div>\n<\/div>\n<div class=\"td-block-row td-post-next-prev\">\n<div class=\"td-block-span6 td-post-prev-post\">\n<div class=\"td-post-next-prev-content\"><span>Articolul precedent<\/span><a href=\"https:\/\/orasul-timisoara.ro\/local-40275\/\">\u00centrerupere de ap\u0103 \u00een Blajova, luni, 17 august. Intervalul anun\u021bat de Aquatim<\/a><\/div>\n<\/div>\n<\/div>\n<div class=\"td-author-name vcard author\"><span class=\"fn\"><a href=\"https:\/\/orasul-timisoara.ro\/author\/timisoara\/\">redactia<\/a><\/span><\/div>\n<p><span class=\"td-page-meta\"><\/span><span class=\"td-page-meta\"><span class=\"td-page-meta\"><\/span><\/span><span class=\"td-page-meta\"><\/span><\/footer>\n<div class=\"td_block_wrap td_block_related_posts tdi_3 td_with_ajax_pagination td-pb-border-top td_block_template_8\" data-td-block-uid=\"tdi_3\">\n<h4 class=\"td-related-title td-block-title\"><a id=\"tdi_4\" class=\"td-related-left td-cur-simple-item\" data-td_filter_value data-td_block_id=\"tdi_3\" href=\"https:\/\/orasul-timisoara.ro\/local-40277\/\">ARTICOLE SIMILARE<\/a><a id=\"tdi_5\" class=\"td-related-right\" data-td_filter_value=\"td_related_more_from_author\" data-td_block_id=\"tdi_3\" href=\"https:\/\/orasul-timisoara.ro\/local-40277\/\">DE LA ACELA\u0218I AUTOR<\/a><\/h4>\n<div id=\"tdi_3\" class=\"td_block_inner\">\n<div class=\"td-related-row\">\n<div class=\"td-related-span4\">\n<div class=\"td_module_related_posts td-animation-stack td_mod_related_posts\">\n<div class=\"td-module-image\">\n<div class=\"td-module-thumb\"><a href=\"https:\/\/orasul-timisoara.ro\/local-40250\/\" rel=\"bookmark\" class=\"td-image-wrap \" title=\"\u0218coala din Dude\u0219tii Noi intr\u0103 \u00een noul an \u0219colar complet modernizat\u0103\"><img loading=\"lazy\" decoding=\"async\" class=\"entry-thumb\" src=\"https:\/\/orasul-timisoara.ro\/wp-content\/uploads\/2026\/08\/scoala-dudesti-436x300.jpg\" alt title=\"\u0218coala din Dude\u0219tii Noi intr\u0103 \u00een noul an \u0219colar complet modernizat\u0103\" width=\"218\" height=\"150\"><\/a><\/div>\n<\/div>\n<div class=\"item-details\">\n<h3 class=\"entry-title td-module-title\"><a href=\"https:\/\/orasul-timisoara.ro\/local-40250\/\" rel=\"bookmark\" title=\"\u0218coala din Dude\u0219tii Noi intr\u0103 \u00een noul an \u0219colar complet modernizat\u0103\">\u0218coala din Dude\u0219tii Noi intr\u0103 \u00een noul an \u0219colar complet modernizat\u0103<\/a><\/h3>\n<\/div>\n<\/div>\n<\/div>\n<div class=\"td-related-span4\">\n<div class=\"td_module_related_posts td-animation-stack td_mod_related_posts\">\n<div class=\"td-module-image\">\n<div class=\"td-module-thumb\"><a href=\"https:\/\/orasul-timisoara.ro\/local-40229\/\" rel=\"bookmark\" class=\"td-image-wrap \" title=\"Aquapark de patru hectare la S\u00e2nnicolau Mare. C\u00e2nd ar putea fi gata\"><img loading=\"lazy\" decoding=\"async\" class=\"entry-thumb\" src=\"https:\/\/orasul-timisoara.ro\/wp-content\/uploads\/2026\/08\/primar-sannicolau-436x300.jpg\" alt title=\"Aquapark de patru hectare la S\u00e2nnicolau Mare. C\u00e2nd ar putea fi gata\" width=\"218\" height=\"150\"><\/a><\/div>\n<\/div>\n<div class=\"item-details\">\n<h3 class=\"entry-title td-module-title\"><a href=\"https:\/\/orasul-timisoara.ro\/local-40229\/\" rel=\"bookmark\" title=\"Aquapark de patru hectare la S\u00e2nnicolau Mare. C\u00e2nd ar putea fi gata\">Aquapark de patru hectare la S\u00e2nnicolau Mare. C\u00e2nd ar putea fi gata<\/a><\/h3>\n<\/div>\n<\/div>\n<\/div>\n<div class=\"td-related-span4\">\n<div class=\"td_module_related_posts td-animation-stack td_mod_related_posts\">\n<div class=\"td-module-image\">\n<div class=\"td-module-thumb\"><a href=\"https:\/\/orasul-timisoara.ro\/local-40199\/\" rel=\"bookmark\" class=\"td-image-wrap \" title=\"CJ Timi\u0219 preg\u0103te\u0219te construirea unei \u201ecl\u0103diri iconice\u201d \u00een centrul Timi\u0219oarei. Investi\u021bie de 40 milioane de euro\"><img loading=\"lazy\" decoding=\"async\" class=\"entry-thumb\" src=\"https:\/\/orasul-timisoara.ro\/wp-content\/uploads\/2026\/08\/parcare-centru-tm-436x300.jpg\" alt title=\"CJ Timi\u0219 preg\u0103te\u0219te construirea unei \u201ecl\u0103diri iconice\u201d \u00een centrul Timi\u0219oarei. Investi\u021bie de 40 milioane de euro\" width=\"218\" height=\"150\"><\/a><\/div>\n<\/div>\n<div class=\"item-details\">\n<h3 class=\"entry-title td-module-title\"><a href=\"https:\/\/orasul-timisoara.ro\/local-40199\/\" rel=\"bookmark\" title=\"CJ Timi\u0219 preg\u0103te\u0219te construirea unei \u201ecl\u0103diri iconice\u201d \u00een centrul Timi\u0219oarei. Investi\u021bie de 40 milioane de euro\">CJ Timi\u0219 preg\u0103te\u0219te construirea unei \u201ecl\u0103diri iconice\u201d \u00een centrul Timi\u0219oarei. Investi\u021bie de 40 milioane de euro<\/a><\/h3>\n<\/div>\n<\/div>\n<\/div>\n<\/div>\n<\/div>\n<\/div>\n<div class=\"comments\" id=\"comments\">\n<div id=\"respond\" class=\"comment-respond\">\n<h3 id=\"reply-title\" class=\"comment-reply-title\">L\u0102SA\u021aI UN MESAJ<\/h3>\n<div class=\"comment-form-input-wrap td-form-comment\">\n<div class=\"td-warning-comment\">V\u0103 rug\u0103m s\u0103 introduce\u021bi comentariul dvs.!<\/div>\n<\/div>\n<div class=\"comment-form-input-wrap td-form-author\">\n<div class=\"td-warning-author\">Introduce\u021bi aici numele dvs.<\/div>\n<\/div>\n<div class=\"comment-form-input-wrap td-form-email\">\n<div class=\"td-warning-email-error\">A\u021bi introdus o adres\u0103 de e-mail incorect\u0103!<\/div>\n<div class=\"td-warning-email\">V\u0103 rug\u0103m s\u0103 introduce\u021bi adresa dvs. de e-mail aici<\/div>\n<\/div>\n<\/div>\n<p class=\"akismet_comment_form_privacy_notice\">Acest site folose\u0219te Akismet pentru a reduce spamul. <a href=\"https:\/\/akismet.com\/privacy\/\" target=\"_blank\" rel=\"nofollow noopener\">Afl\u0103 cum sunt procesate datele comentariilor tale<\/a>.<\/p>\n<\/div>\n<\/div>\n<\/div>\n<div class=\"td-pb-span4 td-main-sidebar\" role=\"complementary\">\n<div class=\"td-ss-main-sidebar\">\n<aside id=\"block-4\" class=\"td_block_template_8 widget block-4 widget_block widget_media_image\">\n<figure class=\"wp-block-image size-full\"><img loading=\"lazy\" decoding=\"async\" width=\"336\" height=\"280\" src=\"https:\/\/orasul-timisoara.ro\/wp-content\/uploads\/2024\/11\/ReTIM-Abonamentul-Verde-Google-Ads-336x280px.gif\" alt class=\"wp-image-29257\"><\/figure>\n<\/aside>\n<div class=\"td_block_wrap td_block_social_counter td_block_widget tdi_6 td-social-style5 td-social-boxed td-pb-border-top td_block_template_8\">\n<div class=\"td-block-title-wrap\">\n<h4 class=\"td-block-title\"><span>Urm\u0103re\u0219te-ne pe Social Media<\/span><\/h4>\n<\/div>\n<div class=\"td-social-list\">\n<div class=\"td_social_type td-pb-margin-side td_social_facebook\">\n<div class=\"td-social-box\"><span class=\"td_social_info td_social_info_counter\">344,595<\/span><span class=\"td_social_info td_social_info_name\">Fani<\/span><span class=\"td_social_button\"><a href=\"https:\/\/www.facebook.com\/247timisoara\" target=\"_blank\" rel=\"nofollow\">\u00cemi place<\/a><\/span><\/div>\n<\/div>\n<div class=\"td_social_type td-pb-margin-side td_social_instagram\">\n<div class=\"td-social-box\"><span class=\"td_social_info td_social_info_counter\">4,416<\/span><span class=\"td_social_info td_social_info_name\">Cititori<\/span><span class=\"td_social_button\"><a href=\"https:\/\/instagram.com\/orasultimisoararo\/\" target=\"_blank\" rel=\"nofollow\">Conecta\u021bi-v\u0103<\/a><\/span><\/div>\n<\/div>\n<div class=\"td_social_type td-pb-margin-side td_social_rss\">\n<div class=\"td-social-box\"><span class=\"td_social_info td_social_info_counter\">12,506<\/span><span class=\"td_social_info td_social_info_name\">Cititori<\/span><span class=\"td_social_button\"><a href=\"https:\/\/orasul-timisoara.ro\/feed\/\" target=\"_blank\" rel=\"nofollow\">Conecta\u021bi-v\u0103<\/a><\/span><\/div>\n<\/div>\n<div class=\"td_social_type td-pb-margin-side td_social_tiktok\">\n<div class=\"td-social-box\"><span class=\"td_social_info td_social_info_counter\">1,500<\/span><span class=\"td_social_info td_social_info_name\">Cititori<\/span><span class=\"td_social_button\"><a href=\"https:\/\/www.tiktok.com\/@orasultimisoara\" target=\"_blank\" rel=\"nofollow\">Conecta\u021bi-v\u0103<\/a><\/span><\/div>\n<\/div>\n<div class=\"td_social_type td-pb-margin-side td_social_twitter\">\n<div class=\"td-social-box\"><span class=\"td_social_info td_social_info_counter\">1,595<\/span><span class=\"td_social_info td_social_info_name\">Cititori<\/span><span class=\"td_social_button\"><a href=\"https:\/\/twitter.com\/orasultm\" target=\"_blank\" rel=\"nofollow\">Conecta\u021bi-v\u0103<\/a><\/span><\/div>\n<\/div>\n<div class=\"td_social_type td-pb-margin-side td_social_youtube\">\n<div class=\"td-social-box\"><span class=\"td_social_info td_social_info_counter\">3,506<\/span><span class=\"td_social_info td_social_info_name\">Abona\u021bi<\/span><span class=\"td_social_button\"><a href=\"https:\/\/www.youtube.com\/channel\/UCQNsQvs2XCSIm1Z-AHRturw?sub_confirmation=1\" target=\"_blank\" rel=\"nofollow\">Abona\u021bi-v\u0103<\/a><\/span><\/div>\n<\/div>\n<\/div>\n<\/div>\n<aside id=\"text-7\" class=\"td_block_template_8 widget text-7 widget_text\">\n<h4 class=\"td-block-title\"><span>C\u0103ut\u0103ri populare pe OTM<\/span><\/h4>\n<div class=\"textwidget\"><a href=\"https:\/\/orasul-timisoara.ro\/?s=timisoara\"><span>Timisoara<\/span><\/a><a href=\"https:\/\/orasul-timisoara.ro\/?s=calin+dobra\"><span>Calin Dobra<\/span><\/a><a href=\"https:\/\/orasul-timisoara.ro\/?s=primaria+timisoara\"><span>Primaria Timisoara<\/span><\/a><a href=\"https:\/\/orasul-timisoara.ro\/?s=dominic+fritz\"><span>Dominic Fritz<\/span><\/a><a href=\"https:\/\/orasul-timisoara.ro\/?s=nicolae+robu\"><span>Nicolae Robu<\/span><\/a><a href=\"https:\/\/orasul-timisoara.ro\/?s=consiliul+local+timisoara\">Consiliul Local Timisoara<\/a><a href=\"https:\/\/orasul-timisoara.ro\/?s=consiliul+judetean+timis\"><span>Consiliul Judetean Timis<\/span><\/a><a href=\"https:\/\/orasul-timisoara.ro\/?s=cjt\"><span>CJT<\/span><\/a><a href=\"https:\/\/orasul-timisoara.ro\/?s=Alfred+Simonis\"><span>Alfred Simonis<\/span><\/a><a href=\"https:\/\/orasul-timisoara.ro\/?s=PNL\"><span>PNL<\/span><\/a><a href=\"https:\/\/orasul-timisoara.ro\/?s=coronavirus\"><span>coronavirus<\/span><\/a><a href=\"https:\/\/orasul-timisoara.ro\/?s=teatru+timisoara\">teatru Timisoara<\/a><a href=\"https:\/\/orasul-timisoara.ro\/?s=restaurante\"><span>restaurante Timisoara<\/span><\/a><a href=\"https:\/\/orasul-timisoara.ro\/?s=diskoteka\"><span>Diskoteka<\/span><\/a><a href=\"https:\/\/orasul-timisoara.ro\/?s=iulius+town\"><span>Iulius Town<\/span><\/a><a href=\"https:\/\/orasul-timisoara.ro\/?s=iulius+mall\"><span>Iulius Mall<\/span><\/a><a href=\"https:\/\/orasul-timisoara.ro\/?s=stpt\"><span>STPT<\/span><\/a><a href=\"https:\/\/orasul-timisoara.ro\/?s=alin+nica\"><span>Alin Nica<\/span><\/a><a href=\"https:\/\/orasul-timisoara.ro\/?s=psd\"><span>PSD<\/span><\/a><a href=\"https:\/\/orasul-timisoara.ro\/?s=aeroport\"><span>Aeroportul International Timisoara<\/span><\/a><a href=\"https:\/\/orasul-timisoara.ro\/?s=babes\"><span>Spitalul Victor Babes Timisoara<\/span><\/a><a href=\"https:\/\/orasul-timisoara.ro\/?s=poli\"><span>Poli Timi\u0219oara<\/span><\/a><a href=\"https:\/\/orasul-timisoara.ro\/?s=carantina\"><span>carantina<\/span><\/a><a href=\"https:\/\/orasul-timisoara.ro\/?s=aquatim\"><span>Aquatim<\/span><\/a><a href=\"https:\/\/orasul-timisoara.ro\/local-category\/stiri-timisoara\/\"><span>Stiri Timisoara<\/span><\/a><a href=\"https:\/\/orasul-timisoara.ro\/local-category\/investitii-in-timisoara\/\"><span>Investi\u021bii in Timi\u0219oara<\/span><\/a><a href=\"https:\/\/orasul-timisoara.ro\/local-9463\/\"><span>shaorma<\/span><\/a><a href=\"https:\/\/orasul-timisoara.ro\/?s=trafic\"><span>trafic rutier<\/span><\/a><a href=\"https:\/\/orasul-timisoara.ro\/?s=politia\"><span>politia locala timisoara<\/span><\/a><a href=\"https:\/\/orasul-timisoara.ro\/?s=roxana\"><span>Roxana Iliescu<\/span><\/a><a href=\"https:\/\/orasul-timisoara.ro\/?s=colterm\"><span>Colterm<\/span><\/a><a href=\"https:\/\/orasul-timisoara.ro\/?s=latcau\"><span>Ruben La\u021bc\u0103u<\/span><\/a><a href=\"https:\/\/orasul-timisoara.ro\/?s=timis\"><span>\u0218tiri din Timi\u0219<\/span><\/a><a href=\"https:\/\/orasul-timisoara.ro\/?s=spital\"><span>Spitale din Timi\u0219oara<\/span><\/a><a href=\"https:\/\/orasul-timisoara.ro\/?s=tabara\"><span>Cosmin Tab\u0103r\u0103<\/span><\/a><\/div>\n<\/aside>\n<aside id=\"rss-2\" class=\"td_block_template_8 widget rss-2 widget_rss\">\n<h4 class=\"td-block-title\"><span><a class=\"rsswidget rss-widget-feed\" href=\"https:\/\/fashionfridays.ro\/feed\"><img decoding=\"async\" class=\"rss-widget-icon\" width=\"14\" height=\"14\" src=\"https:\/\/orasul-timisoara.ro\/wp-includes\/images\/rss.png\" alt=\"RSS\" loading=\"lazy\"><\/a><a class=\"rsswidget rss-widget-title\" href=\"https:\/\/fashionfridays.ro\/\">Fashion Fridays<\/a><\/span><\/h4>\n<ul>\n<li><a class=\"rsswidget\" href=\"https:\/\/fashionfridays.ro\/romania-devine-a-29-a-piata-vogue-o-noua-era-pentru-industria-locala-de-moda\/\">Rom\u00e2nia devine a 29-a pia\u021b\u0103 Vogue: o nou\u0103 er\u0103 pentru industria local\u0103 de mod\u0103<\/a>\n<div class=\"rssSummary\">Revista Vogue \u00ee\u0219i extinde prezen\u021ba global\u0103 \u0219i va fi lansat\u0103 oficial \u00een Rom\u00e2nia \u00een prim\u0103vara anului 2027, marc\u00e2nd intrarea pe cea de-a 29-a pia\u021b\u0103 interna\u021bional\u0103. Proiectul este realizat \u00een parteneriat cu AEMME Publishing, o companie media recent \u00eenfiin\u021bat\u0103, care va publica edi\u021bia local\u0103 sub licen\u021b\u0103. Noua edi\u021bie, Vogue Rom\u00e2nia, \u00ee\u0219i propune s\u0103 combine autoritatea global\u0103 [\u2026]<\/div>\n<\/li>\n<\/ul>\n<\/aside>\n<aside id=\"rss-4\" class=\"td_block_template_8 widget rss-4 widget_rss\">\n<h4 class=\"td-block-title\"><span><a class=\"rsswidget rss-widget-feed\" href=\"https:\/\/emasini.ro\/feed\"><img decoding=\"async\" class=\"rss-widget-icon\" width=\"14\" height=\"14\" src=\"https:\/\/orasul-timisoara.ro\/wp-includes\/images\/rss.png\" alt=\"RSS\" loading=\"lazy\"><\/a><a class=\"rsswidget rss-widget-title\" href=\"https:\/\/emasini.ro\/\">eMasini<\/a><\/span><\/h4>\n<ul>\n<li><a class=\"rsswidget\" href=\"https:\/\/emasini.ro\/bmw-testeaza-noul-i4-convertible-primul-cabrio-electric-accesibil-al-marcii\/\">BMW testeaz\u0103 noul i4 Convertible, primul cabrio electric accesibil al m\u0103rcii<\/a>\n<div class=\"rssSummary\">BMW accelereaz\u0103 dezvoltarea noii genera\u021bii de modele electrice bazate pe platforma Neue Klasse, iar unul dintre cele mai interesante proiecte aflate \u00een teste este viitorul BMW i4 Convertible. Prototipul camuflat a fost surprins pe \u0219osele, confirm\u00e2nd c\u0103 produc\u0103torul german preg\u0103te\u0219te o decapotabil\u0103 electric\u0103 destinat\u0103 unui segment \u00een care oferta este, \u00een prezent, extrem de limitat\u0103. [\u2026]<\/div>\n<\/li>\n<\/ul>\n<\/aside>\n<\/div>\n<\/div>\n<\/div>\n<\/div>\n<\/article>\n<div class=\"td-post-content tagdiv-type\">\n<p class=\"wp-block-paragraph\">Construc\u021bia noului stadion Dan P\u0103ltini\u0219anu din Timi\u0219oara a fost deblocat\u0103 de Guvern, potrivit anun\u021bului f\u0103cut de pre\u0219edintele Consiliului Jude\u021bean Timi\u0219, Alfred Simonis. Decizia prevede ca lucr\u0103rile realizate p\u00e2n\u0103 la finalul anului 2027 s\u0103 fie finan\u021bate din bugetul Consiliului Jude\u021bean Timi\u0219, urm\u00e2nd ca diferen\u021ba p\u00e2n\u0103 la valoarea de 603 milioane de lei s\u0103 fie suportat\u0103 de Compania Na\u021bional\u0103 de Investi\u021bii \u00eencep\u00e2nd din 2028.<\/p>\n<p class=\"wp-block-paragraph\">Alfred Simonis sus\u021bine c\u0103, dup\u0103 aprobarea documentului de c\u0103tre Guvern, Compania Na\u021bional\u0103 de Investi\u021bii va putea semna contractul pentru proiectarea \u0219i execu\u021bia noului stadion cu firma desemnat\u0103 c\u00e2\u0219tig\u0103toare \u00een urma licita\u021biei. Consiliul Jude\u021bean Timi\u0219 spune c\u0103 este preg\u0103tit s\u0103 asigure finan\u021barea necesar\u0103 pentru etapa urm\u0103toare a investi\u021biei.<\/p>\n<h2 class=\"wp-block-heading\">Stadionul Dan P\u0103ltini\u0219anu, deblocat de Guvern<\/h2>\n<p class=\"wp-block-paragraph\">Potrivit pre\u0219edintelui CJ Timi\u0219, Guvernul Rom\u00e2niei \u0219i-a asumat deblocarea proiectului noului stadion din Timi\u0219oara \u00een \u0219edin\u021ba \u00een care a fost discutat\u0103 finan\u021barea investi\u021biei.<\/p>\n<p class=\"wp-block-paragraph\">Condi\u021bia stabilit\u0103 este ca lucr\u0103rile care se vor desf\u0103\u0219ura p\u00e2n\u0103 la sf\u00e2r\u0219itul anului 2027 s\u0103 fie suportate din bugetul Consiliului Jude\u021bean Timi\u0219. Ulterior, \u00eencep\u00e2nd din 2028, finan\u021barea va reveni Companiei Na\u021bionale de Investi\u021bii.<\/p>\n<p class=\"wp-block-paragraph\">Anun\u021bul reprezint\u0103 un pas important pentru proiectul noului stadion, a c\u0103rui realizare a fost am\u00e2nat\u0103 \u00een contextul discu\u021biilor privind finan\u021barea \u0219i asumarea cheltuielilor pentru perioada urm\u0103toare.<\/p>\n<h2 class=\"wp-block-heading\">CJ Timi\u0219 va pune la dispozi\u021bie 126 de milioane de lei<\/h2>\n<p class=\"wp-block-paragraph\">Consiliul Jude\u021bean Timi\u0219 urmeaz\u0103 s\u0103 aloce 126 de milioane de lei pentru lucr\u0103rile care vor fi realizate p\u00e2n\u0103 la finalul anului 2027.<\/p>\n<p class=\"wp-block-paragraph\">Alfred Simonis afirm\u0103 c\u0103 institu\u021bia jude\u021bean\u0103 dispune de banii necesari pentru aceast\u0103 etap\u0103 \u0219i c\u0103 administra\u021bia jude\u021bean\u0103 este preg\u0103tit\u0103 s\u0103 \u00eenceap\u0103 lucr\u0103rile dup\u0103 \u00eendeplinirea etapelor administrative.<\/p>\n<p class=\"wp-block-paragraph\">\u201eAvem banii, \u0219tim exact ce avem de f\u0103cut \u0219i vom face!\u201d, a transmis pre\u0219edintele CJ Timi\u0219.<\/p>\n<p class=\"wp-block-paragraph\">Contribu\u021bia de 126 de milioane de lei reprezint\u0103 partea de finan\u021bare asumat\u0103 de Consiliul Jude\u021bean p\u00e2n\u0103 la sf\u00e2r\u0219itul anului viitor, \u00een timp ce finan\u021barea total\u0103 a investi\u021biei ajunge la 603 milioane de lei.<\/p>\n<h2 class=\"wp-block-heading\">CNI poate semna contractul pentru proiectarea \u0219i execu\u021bia stadionului<\/h2>\n<p class=\"wp-block-paragraph\">Dup\u0103 aprobarea documentului guvernamental, urm\u0103torul pas \u00eel reprezint\u0103 semnarea contractului de c\u0103tre Compania Na\u021bional\u0103 de Investi\u021bii.<\/p>\n<p class=\"wp-block-paragraph\">Contractul vizeaz\u0103 at\u00e2t proiectarea, c\u00e2t \u0219i execu\u021bia noului stadion Dan P\u0103ltini\u0219anu \u0219i urmeaz\u0103 s\u0103 fie semnat cu societatea care a c\u00e2\u0219tigat licita\u021bia.<\/p>\n<p class=\"wp-block-paragraph\">Potrivit lui Alfred Simonis, dup\u0103 finalizarea acestei etape administrative, lucr\u0103rile pot \u00eencepe efectiv. Consiliul Jude\u021bean Timi\u0219 sus\u021bine c\u0103 este preg\u0103tit pentru partea de finan\u021bare care \u00eei revine \u00een perioada 2026\u20132027.<\/p>\n<h2 class=\"wp-block-heading\">Investi\u021bia \u00een noul stadion ajunge la 603 milioane de lei<\/h2>\n<p class=\"wp-block-paragraph\">Valoarea men\u021bionat\u0103 pentru investi\u021bia \u00een noul stadion este de 603 milioane de lei. Din aceast\u0103 sum\u0103, 126 de milioane de lei vor fi asigurate de Consiliul Jude\u021bean Timi\u0219 pentru lucr\u0103rile desf\u0103\u0219urate p\u00e2n\u0103 la sf\u00e2r\u0219itul anului 2027.<\/p>\n<p class=\"wp-block-paragraph\">Diferen\u021ba de finan\u021bare, p\u00e2n\u0103 la valoarea total\u0103 de 603 milioane de lei, ar urma s\u0103 fie suportat\u0103 de Compania Na\u021bional\u0103 de Investi\u021bii \u00eencep\u00e2nd din 2028.<\/p>\n<p class=\"wp-block-paragraph\">Structura de finan\u021bare stabilit\u0103 de Guvern permite astfel continuarea proiectului f\u0103r\u0103 ca \u00eentreaga valoare a investi\u021biei s\u0103 fie suportat\u0103 \u00een aceast\u0103 etap\u0103 din bugetul jude\u021bului.<\/p>\n<h2 class=\"wp-block-heading\">Alfred Simonis: proiectul nu mai trebuie s\u0103 fie oprit<\/h2>\n<p class=\"wp-block-paragraph\">Pre\u0219edintele Consiliului Jude\u021bean Timi\u0219 spune c\u0103 noul stadion reprezint\u0103 o investi\u021bie care trebuie dus\u0103 p\u00e2n\u0103 la cap\u0103t, indiferent de schimb\u0103rile politice la nivel na\u021bional.<\/p>\n<p class=\"wp-block-paragraph\">Simonis a recunoscut c\u0103 proiectul a fost \u00eent\u00e2rziat \u0219i c\u0103 situa\u021bia a generat tensiuni \u00een jurul finan\u021b\u0103rii \u0219i al etapelor administrative. \u00cen opinia sa, decizia luat\u0103 de Guvern permite revenirea proiectului pe un parcurs normal.<\/p>\n<p class=\"wp-block-paragraph\">\u201eAm spus \u00een repetate r\u00e2nduri c\u0103 aceast\u0103 investi\u021bie nu mai poate fi oprit\u0103, indiferent de numele sau culoarea politic\u0103 a deciden\u021bilor na\u021bionali\u201d, a transmis Alfred Simonis.<\/p>\n<p class=\"wp-block-paragraph\">Pre\u0219edintele CJ Timi\u0219 consider\u0103 c\u0103, odat\u0103 cu aprobarea documentului guvernamental, sunt create condi\u021biile pentru trecerea la etapa de proiectare \u0219i execu\u021bie.<\/p>\n<h2 class=\"wp-block-heading\">Lucr\u0103rile pot intra \u00een etapa de execu\u021bie<\/h2>\n<p class=\"wp-block-paragraph\">Dup\u0103 aprobarea finan\u021b\u0103rii \u0219i semnarea contractului de c\u0103tre CNI, proiectul va putea trece c\u0103tre etapa de proiectare \u0219i execu\u021bie.<\/p>\n<p class=\"wp-block-paragraph\">Consiliul Jude\u021bean Timi\u0219 va trebui s\u0103 asigure finan\u021barea lucr\u0103rilor prev\u0103zute pentru perioada p\u00e2n\u0103 la sf\u00e2r\u0219itul lui 2027, \u00een limita celor 126 de milioane de lei asumate.<\/p>\n<p class=\"wp-block-paragraph\">Pentru perioada urm\u0103toare, responsabilitatea financiar\u0103 revine Companiei Na\u021bionale de Investi\u021bii, care ar urma s\u0103 asigure diferen\u021ba p\u00e2n\u0103 la valoarea total\u0103 a proiectului \u00eencep\u00e2nd din 2028.<\/p>\n<h2 class=\"wp-block-heading\">Timi\u0219oara urmeaz\u0103 s\u0103 aib\u0103 un nou stadion<\/h2>\n<p class=\"wp-block-paragraph\">Proiectul noului stadion Dan P\u0103ltini\u0219anu este unul dintre cele mai importante obiective de infrastructur\u0103 sportiv\u0103 preg\u0103tite pentru Timi\u0219oara \u0219i jude\u021bul Timi\u0219.<\/p>\n<p class=\"wp-block-paragraph\">Prin decizia privind finan\u021barea lucr\u0103rilor din urm\u0103torii ani, proiectul intr\u0103 \u00eentr-o nou\u0103 etap\u0103. CJ Timi\u0219 anun\u021b\u0103 c\u0103 dispune de resursele necesare pentru contribu\u021bia asumat\u0103 \u0219i a\u0219teapt\u0103 finalizarea procedurilor care permit \u00eenceperea lucr\u0103rilor.<\/p>\n<p class=\"wp-block-paragraph\">\u201eTimi\u0219ul \u0219i Timi\u0219oara merit\u0103 un stadion adev\u0103rat. \u0218i \u00eel vor avea!\u201d, a transmis Alfred Simonis.<\/p>\n<\/div>\n<p>[analyse_source url=&#8221;https:\/\/orasul-timisoara.ro\/local-40277\/&#8221;]<\/p>\n","protected":false},"excerpt":{"rendered":"<p>[analyse_image type=&#8221;featured&#8221; src=&#8221;https:\/\/orasul-timisoara.ro\/wp-content\/uploads\/2024\/03\/staduib-paltinisanu-proiectie-3.jpg&#8221;] Administra\u021bie local\u0103Alfred Simonis: construc\u021bia noului stadion \u201eDan P\u0103ltini\u0219anu\u201d a fost deblocat\u0103 de Guvern&#8230;. Administra\u021bie local\u0103 Investitii in Timisoara \u0218tiri Locale Alfred Simonis: construc\u021bia noului stadion \u201eDan P\u0103ltini\u0219anu\u201d a fost deblocat\u0103 de Guvern. C\u00e2nd pot \u00eencepe lucr\u0103rile? De c\u0103tre redactia &#8211; 14\/08\/2026 Facebook Twitter WhatsApp Linkedin ReddIt Email Imprimare Construc\u021bia noului stadion Dan [&hellip;]<\/p>\n","protected":false},"author":1,"featured_media":0,"comment_status":"open","ping_status":"","sticky":false,"template":"","format":"standard","meta":{"footnotes":""},"categories":[89],"tags":[226,189],"class_list":["post-2094331","post","type-post","status-publish","format-standard","hentry","category-romania","tag-crawlmanager","tag-orasul-timisoara-ro"],"_links":{"self":[{"href":"https:\/\/analyse.optim.biz\/index.php?rest_route=\/wp\/v2\/posts\/2094331","targetHints":{"allow":["GET"]}}],"collection":[{"href":"https:\/\/analyse.optim.biz\/index.php?rest_route=\/wp\/v2\/posts"}],"about":[{"href":"https:\/\/analyse.optim.biz\/index.php?rest_route=\/wp\/v2\/types\/post"}],"author":[{"embeddable":true,"href":"https:\/\/analyse.optim.biz\/index.php?rest_route=\/wp\/v2\/users\/1"}],"replies":[{"embeddable":true,"href":"https:\/\/analyse.optim.biz\/index.php?rest_route=%2Fwp%2Fv2%2Fcomments&post=2094331"}],"version-history":[{"count":0,"href":"https:\/\/analyse.optim.biz\/index.php?rest_route=\/wp\/v2\/posts\/2094331\/revisions"}],"wp:attachment":[{"href":"https:\/\/analyse.optim.biz\/index.php?rest_route=%2Fwp%2Fv2%2Fmedia&parent=2094331"}],"wp:term":[{"taxonomy":"category","embeddable":true,"href":"https:\/\/analyse.optim.biz\/index.php?rest_route=%2Fwp%2Fv2%2Fcategories&post=2094331"},{"taxonomy":"post_tag","embeddable":true,"href":"https:\/\/analyse.optim.biz\/index.php?rest_route=%2Fwp%2Fv2%2Ftags&post=2094331"}],"curies":[{"name":"wp","href":"https:\/\/api.w.org\/{rel}","templated":true}]}}