{"id":2094185,"date":"2026-08-13T10:53:39","date_gmt":"2026-08-13T07:53:39","guid":{"rendered":"https:\/\/analyse.optim.biz\/?p=2094185"},"modified":"2026-08-13T10:53:39","modified_gmt":"2026-08-13T07:53:39","slug":"incendiu-intr-un-spatiu-al-primariei-gura-humorului-provocat-de-o-candela-lasata-aprinsa","status":"publish","type":"post","link":"https:\/\/analyse.optim.biz\/?p=2094185","title":{"rendered":"Incendiu \u00eentr-un spa\u021biu al prim\u0103riei Gura Humorului, provocat de o candel\u0103 l\u0103sat\u0103 aprins\u0103"},"content":{"rendered":"<p>[analyse_image type=&#8221;featured&#8221; src=&#8221;https:\/\/ziardesuceava.ro\/wp-content\/uploads\/2026\/08\/incendiu-spital-humor-768&#215;1024.jpeg&#8221;]<\/p>\n<div class=\"post-content clearfix\">\n<div class=\"blog-post-thumb\"><img loading=\"lazy\" decoding=\"async\" width=\"1140\" height=\"694\" src=\"https:\/\/ziardesuceava.ro\/wp-content\/uploads\/2026\/08\/incendiu-spital-humor-1140x694.jpeg\" class=\"attachment-inhype-blog-thumb size-inhype-blog-thumb wp-post-image\" alt><\/div>\n<div class=\"entry-content\">\n<p>\u00a0<\/p>\n<div data-td-block-uid=\"tdi_88\">\n<div class=\"tdb-block-inner td-fix-index\">\n<p class=\"PDq2pG_selectionAnchorContainer\" data-start=\"105\" data-end=\"306\"><span>Un incendiu a izbucnit miercuri, 12 august 2026, \u00eentr-un spa\u021biu apar\u021bin\u00e2nd administra\u021biei locale din Gura Humorului. Focul a fost lichidat \u00eenainte s\u0103 se extind\u0103, \u00eens\u0103 mai multe bunuri au fost distruse.<\/span><\/p>\n<p data-start=\"308\" data-end=\"435\"><span>Alarma a fost dat\u0103 prin 112 \u00een jurul orei 14:43. Incendiul a izbucnit \u00eentr-o camer\u0103 tehnic\u0103 situat\u0103 pe strada Pia\u021ba Republicii.<\/span><\/p>\n<p data-start=\"437\" data-end=\"758\"><span>Din verific\u0103rile poli\u021bi\u0219tilor a rezultat c\u0103 spa\u021biul este administrat de un angajat al Prim\u0103riei Gura Humorului \u0219i era folosit ca magazie pentru uneltele \u0219i materialele utilizate de persoanele care presteaz\u0103 munc\u0103 \u00een folosul comunit\u0103\u021bii. Angajatul p\u0103r\u0103sise \u00eenc\u0103perea cu aproximativ o or\u0103 \u00eenainte de izbucnirea incendiului.<\/span><\/p>\n<p data-start=\"760\" data-end=\"988\"><span>Pompierii Deta\u0219amentului Gura Humorului au intervenit cu o autospecial\u0103 de stingere \u0219i au reu\u0219it s\u0103 lichideze focul \u00eenainte ca acesta s\u0103 se extind\u0103. Construc\u021bia din beton a \u00eempiedicat propagarea fl\u0103c\u0103rilor c\u0103tre restul cl\u0103dirii.<\/span><\/p>\n<p data-start=\"990\" data-end=\"1130\"><span>\u00cen urma incendiului au fost distruse un birou din lemn, mai multe baxuri cu saci menajeri \u0219i alte materiale \u0219i consumabile pentru cur\u0103\u021benie.<\/span><\/p>\n<p data-start=\"1132\" data-end=\"1274\"><span>Primele cercet\u0103ri efectuate de pompierii ISU Bucovina indic\u0103 drept cauz\u0103 probabil\u0103 o lum\u00e2nare sau o candel\u0103 aprins\u0103 \u0219i l\u0103sat\u0103 nesupravegheat\u0103.<\/span><\/p>\n<p data-start=\"1276\" data-end=\"1436\" data-is-last-node data-is-only-node><span>Poli\u021bi\u0219tii au deschis un dosar penal pentru distrugere din culp\u0103. Prim\u0103ria Gura Humorului urmeaz\u0103 s\u0103 stabileasc\u0103 valoarea pagubelor produse \u00een urma incendiului.<\/span><\/p>\n<p>\u00a0<\/p>\n<\/div>\n<\/div>\n<\/div>\n<div class=\"inhype-social-share-fixed sidebar-position-right\">\n<div class=\"post-social-wrapper\">\n<div class=\"post-social-title\"><span class=\"post-social-title-text\">Share<\/span><\/div>\n<\/div>\n<\/div>\n<\/div>\n<p>[analyse_source url=&#8221;https:\/\/ziardesuceava.ro\/incendiul-intr-un-spatiu-al-primariei-gura-humorului-provocat-de-o-candela-lasata-aprinsa\/&#8221;]<\/p>\n","protected":false},"excerpt":{"rendered":"<p>[analyse_image type=&#8221;featured&#8221; src=&#8221;https:\/\/ziardesuceava.ro\/wp-content\/uploads\/2026\/08\/incendiu-spital-humor-768&#215;1024.jpeg&#8221;] \u00a0 Un incendiu a izbucnit miercuri, 12 august 2026, \u00eentr-un spa\u021biu apar\u021bin\u00e2nd administra\u021biei locale din Gura Humorului. Focul a fost lichidat \u00eenainte s\u0103 se extind\u0103, \u00eens\u0103 mai multe bunuri au fost distruse. Alarma a fost dat\u0103 prin 112 \u00een jurul orei 14:43. Incendiul a izbucnit \u00eentr-o camer\u0103 tehnic\u0103 situat\u0103 pe strada Pia\u021ba [&hellip;]<\/p>\n","protected":false},"author":1,"featured_media":0,"comment_status":"open","ping_status":"","sticky":false,"template":"","format":"standard","meta":{"footnotes":""},"categories":[89],"tags":[226,171],"class_list":["post-2094185","post","type-post","status-publish","format-standard","hentry","category-romania","tag-crawlmanager","tag-ziardesuceava-ro"],"_links":{"self":[{"href":"https:\/\/analyse.optim.biz\/index.php?rest_route=\/wp\/v2\/posts\/2094185","targetHints":{"allow":["GET"]}}],"collection":[{"href":"https:\/\/analyse.optim.biz\/index.php?rest_route=\/wp\/v2\/posts"}],"about":[{"href":"https:\/\/analyse.optim.biz\/index.php?rest_route=\/wp\/v2\/types\/post"}],"author":[{"embeddable":true,"href":"https:\/\/analyse.optim.biz\/index.php?rest_route=\/wp\/v2\/users\/1"}],"replies":[{"embeddable":true,"href":"https:\/\/analyse.optim.biz\/index.php?rest_route=%2Fwp%2Fv2%2Fcomments&post=2094185"}],"version-history":[{"count":0,"href":"https:\/\/analyse.optim.biz\/index.php?rest_route=\/wp\/v2\/posts\/2094185\/revisions"}],"wp:attachment":[{"href":"https:\/\/analyse.optim.biz\/index.php?rest_route=%2Fwp%2Fv2%2Fmedia&parent=2094185"}],"wp:term":[{"taxonomy":"category","embeddable":true,"href":"https:\/\/analyse.optim.biz\/index.php?rest_route=%2Fwp%2Fv2%2Fcategories&post=2094185"},{"taxonomy":"post_tag","embeddable":true,"href":"https:\/\/analyse.optim.biz\/index.php?rest_route=%2Fwp%2Fv2%2Ftags&post=2094185"}],"curies":[{"name":"wp","href":"https:\/\/api.w.org\/{rel}","templated":true}]}}