{"id":2094183,"date":"2026-08-14T08:11:07","date_gmt":"2026-08-14T05:11:07","guid":{"rendered":"https:\/\/analyse.optim.biz\/?p=2094183"},"modified":"2026-08-14T08:11:07","modified_gmt":"2026-08-14T05:11:07","slug":"inscrierile-in-programul-fiv-pentru-cresterea-natalitatii-incep-luni","status":"publish","type":"post","link":"https:\/\/analyse.optim.biz\/?p=2094183","title":{"rendered":"\u00censcrierile \u00een Programul FIV pentru cre\u0219terea natalit\u0103\u021bii \u00eencep luni"},"content":{"rendered":"<p>[analyse_image type=&#8221;featured&#8221; src=&#8221;https:\/\/ziardesuceava.ro\/wp-content\/uploads\/2026\/08\/sarcina.webp&#8221;]<\/p>\n<div class=\"post-content clearfix\">\n<div class=\"blog-post-thumb\"><img loading=\"lazy\" decoding=\"async\" width=\"1000\" height=\"667\" src=\"https:\/\/ziardesuceava.ro\/wp-content\/uploads\/2026\/08\/sarcina.webp\" class=\"attachment-inhype-blog-thumb size-inhype-blog-thumb wp-post-image\" alt><\/div>\n<div class=\"entry-content\">\n<p><strong>\u00censcrierile \u00een Programul social de interes na\u021bional de sus\u021binere a cuplurilor \u0219i a femeilor singure pentru cre\u0219terea natalit\u0103\u021bii (FIV), edi\u021bia 2026, vor \u00eencepe luni, ora 10:00, \u0219i se vor desf\u0103\u0219ura p\u00e2n\u0103 la 15 noiembrie, informeaz\u0103 vineri Ministerul Muncii, Familiei, Tineretului \u0219i Solidarit\u0103\u021bii Sociale (MMFTSS).<\/strong><\/p>\n<p>Potrivit unui comunicat al MMFTSS, dosarele vor putea fi depuse exclusiv online, prin intermediul platformei https:\/\/up-comunitate.ro\/, care va fi activ\u0103 din ziua \u0219i ora men\u021bionate anterior.<\/p>\n<p>Pot aplica cuplurile c\u0103s\u0103torite\/nec\u0103s\u0103torite sau femeile singure care \u00eendeplinesc condi\u021biile de eligibilitate prev\u0103zute la art.4 din normele metodologice de aplicare, respectiv: cel pu\u021bin unul dintre cei doi membri ai cuplului ori femeia singur\u0103 s\u0103 fie cet\u0103\u021bean rom\u00e2n \u0219i s\u0103 aib\u0103 domiciliul \u00een Rom\u00e2nia; cei doi membri ai cuplului ori femeia singur\u0103 s\u0103 aib\u0103 calitatea de asigura\u021bi\/asigurat \u00een sistemul de asigur\u0103ri sociale de s\u0103n\u0103tate din Rom\u00e2nia; prin cererea prev\u0103zut\u0103 \u00een anexa nr. 1, solicitanta\/solicitan\u021bii se angajeaz\u0103 ca procedurile medicale de specialitate recomandate s\u0103 se desf\u0103\u0219oare \u00eentr-o unitate sanitar\u0103, public\u0103 sau privat\u0103, de pe teritoriul Rom\u00e2niei, partener\u0103 a Programului, acreditat\u0103 s\u0103 desf\u0103\u0219oare acest tip de activit\u0103\u021bi.<\/p>\n<p>V\u00e2rsta femeii solicitante trebuie s\u0103 fie cuprins\u0103 \u00eentre 24 \u0219i 42 de ani \u00eemplini\u021bi la data depunerii cererii de \u00eenscriere \u00een program.<\/p>\n<p>\u2018Aceste condi\u021bii trebuie \u00eentrunite cumulativ. Nu pot depune dosar de \u00eenscriere persoanele care, \u00een anul \u00een curs, au beneficiat de sprijin financiar \u00een cadrul unor programe similare, derulate de alte autorit\u0103\u021bi\/institu\u021bii publice\u2019, subliniaz\u0103 reprezentan\u021bii ministerului.<\/p>\n<p>Beneficiarii Programului FIV 2026 se pot \u00eenscrie \u00een noua sesiune numai dup\u0103 finalizarea procesului de decontare aferent procedurii realizate cu voucherele acordate \u00een cadrul edi\u021biei anterioare, iar decontul trebuie s\u0103 fie \u00eenregistrat \u0219i validat \u00een platforma digital\u0103.<\/p>\n<p>Pe \u00eentreaga perioad\u0103 de implementare a Programului, respectiv 2026 \u2013 2030, acela\u0219i beneficiar eligibil poate beneficia de sprijin financiar de maximum trei ori.<\/p>\n<p>Normele metodologice de aplicare a programului social de interes na\u021bional de sus\u021binere a cuplurilor \u0219i a femeilor singure pentru cre\u0219terea natalit\u0103\u021bii 2026 \u2013 2030, precum \u0219i informa\u021bii actualizate pot fi consultate integral pe site-ul MMFTSS.<\/p>\n<\/div>\n<div class=\"inhype-social-share-fixed sidebar-position-right\">\n<div class=\"post-social-wrapper\">\n<div class=\"post-social-title\"><span class=\"post-social-title-text\">Share<\/span><\/div>\n<\/div>\n<\/div>\n<\/div>\n<p>[analyse_source url=&#8221;https:\/\/ziardesuceava.ro\/inscrierile-in-programul-fiv-pentru-cresterea-natalitatii-incep-luni\/&#8221;]<\/p>\n","protected":false},"excerpt":{"rendered":"<p>[analyse_image type=&#8221;featured&#8221; src=&#8221;https:\/\/ziardesuceava.ro\/wp-content\/uploads\/2026\/08\/sarcina.webp&#8221;] \u00censcrierile \u00een Programul social de interes na\u021bional de sus\u021binere a cuplurilor \u0219i a femeilor singure pentru cre\u0219terea natalit\u0103\u021bii (FIV), edi\u021bia 2026, vor \u00eencepe luni, ora 10:00, \u0219i se vor desf\u0103\u0219ura p\u00e2n\u0103 la 15 noiembrie, informeaz\u0103 vineri Ministerul Muncii, Familiei, Tineretului \u0219i Solidarit\u0103\u021bii Sociale (MMFTSS). Potrivit unui comunicat al MMFTSS, dosarele vor putea [&hellip;]<\/p>\n","protected":false},"author":1,"featured_media":0,"comment_status":"open","ping_status":"","sticky":false,"template":"","format":"standard","meta":{"footnotes":""},"categories":[89],"tags":[226,171],"class_list":["post-2094183","post","type-post","status-publish","format-standard","hentry","category-romania","tag-crawlmanager","tag-ziardesuceava-ro"],"_links":{"self":[{"href":"https:\/\/analyse.optim.biz\/index.php?rest_route=\/wp\/v2\/posts\/2094183","targetHints":{"allow":["GET"]}}],"collection":[{"href":"https:\/\/analyse.optim.biz\/index.php?rest_route=\/wp\/v2\/posts"}],"about":[{"href":"https:\/\/analyse.optim.biz\/index.php?rest_route=\/wp\/v2\/types\/post"}],"author":[{"embeddable":true,"href":"https:\/\/analyse.optim.biz\/index.php?rest_route=\/wp\/v2\/users\/1"}],"replies":[{"embeddable":true,"href":"https:\/\/analyse.optim.biz\/index.php?rest_route=%2Fwp%2Fv2%2Fcomments&post=2094183"}],"version-history":[{"count":0,"href":"https:\/\/analyse.optim.biz\/index.php?rest_route=\/wp\/v2\/posts\/2094183\/revisions"}],"wp:attachment":[{"href":"https:\/\/analyse.optim.biz\/index.php?rest_route=%2Fwp%2Fv2%2Fmedia&parent=2094183"}],"wp:term":[{"taxonomy":"category","embeddable":true,"href":"https:\/\/analyse.optim.biz\/index.php?rest_route=%2Fwp%2Fv2%2Fcategories&post=2094183"},{"taxonomy":"post_tag","embeddable":true,"href":"https:\/\/analyse.optim.biz\/index.php?rest_route=%2Fwp%2Fv2%2Ftags&post=2094183"}],"curies":[{"name":"wp","href":"https:\/\/api.w.org\/{rel}","templated":true}]}}